{"id":92000,"date":"2020-12-07T11:02:40","date_gmt":"2020-12-07T10:02:40","guid":{"rendered":"https:\/\/dicodusport.fr\/blog\/?p=92000&#038;preview=true&#038;preview_id=92000"},"modified":"2020-12-07T11:02:40","modified_gmt":"2020-12-07T10:02:40","slug":"sebastien-ogier-quel-que-soit-mon-niveau-l-an-prochain-2021-sera-ma-derniere-saison","status":"publish","type":"post","link":"https:\/\/dicodusport.fr\/blog\/sebastien-ogier-quel-que-soit-mon-niveau-l-an-prochain-2021-sera-ma-derniere-saison\/","title":{"rendered":"S\u00e9bastien Ogier : \u00ab\u00a0Quel que soit mon niveau l&rsquo;an prochain, 2021 sera ma derni\u00e8re saison\u00a0\u00bb"},"content":{"rendered":"<p style=\"text-align: justify;\"><em><b>WRC &#8211; Dans un long entretien accord\u00e9 \u00e0 nos confr\u00e8res de <a href=\"https:\/\/www.lequipe.fr\/Rallye\/Article\/Sebastien-ogier-champion-du-monde-des-rallyes-pour-la-septieme-fois-on-ne-l-a-pas-vole\/1202586\" target=\"_blank\" rel=\"noopener noreferrer\">L&rsquo;\u00c9quipe<\/a>, S\u00e9bastien Ogier est revenu sur <a href=\"https:\/\/dicodusport.fr\/blog\/wrc-sebastien-ogier-remporte-un-7eme-titre-de-champion-du-monde\/\" target=\"_blank\" rel=\"noopener noreferrer\">son septi\u00e8me titre de champion du monde<\/a>. La Gapen\u00e7ais a \u00e9galement \u00e9voqu\u00e9 la suite de sa carri\u00e8re.<\/b><\/em><\/p>\n<p style=\"text-align: justify;\"><strong>S\u00e9bastien Ogier<\/strong> est logiquement heureux de ce nouveau triomphe en WRC, le septi\u00e8me avec un troisi\u00e8me constructeur diff\u00e9rent. Le natif de Gap ne place pas pour autant ce titre \u00e0 la m\u00eame hauteur que les autres, \u00e0 cause de la saison bizarre li\u00e9e \u00e0 la crise sanitaire. Le pilote Toyota a aussi \u00e9voqu\u00e9 la suite, confirmant que 2021 serait quoi qu&rsquo;il arrive sa derni\u00e8re ann\u00e9e en WRC.<\/p>\n<blockquote>\n<p style=\"text-align: justify;\">Ma carri\u00e8re devait s&rsquo;arr\u00eater cette ann\u00e9e. C&rsquo;est vraiment \u00e0 cause du Covid et du fait d&rsquo;avoir pass\u00e9 six mois \u00e0 la maison que j&rsquo;ai voulu faire une ann\u00e9e de plus, pour finir ma carri\u00e8re sur quelque chose de plus int\u00e9ressant sur le plan sportif et dans un contexte plus normal. Je ne dis pas que je ne ferai plus jamais de rallye apr\u00e8s, je n&rsquo;exclus pas la possibilit\u00e9 de refaire un ou deux rallyes de temps en temps mais je ne referai pas une saison compl\u00e8te. J&rsquo;ai envie de passer \u00e0 autre chose. Je n&rsquo;envisage pas du tout de prolonger. Quel que soit mon niveau de performance l&rsquo;an prochain, 2021 sera ma derni\u00e8re saison.<\/p>\n<\/blockquote>\n<p style=\"text-align: justify;\">Les pilotes <strong>WRC<\/strong> vont avoir peu de repos avant la reprise de la nouvelle saison, puisque le premier rallye 2021 est programm\u00e9 \u00e0 Monte Carlo, du 21 au 24 janvier 2021.<\/p>\n<blockquote class=\"twitter-tweet\">\n<p dir=\"ltr\" lang=\"fr\">S\u00e9bastien Ogier, champion du monde des rallyes pour la septi\u00e8me fois : \u00ab On ne l&rsquo;a pas vol\u00e9 \u00bb <a href=\"https:\/\/t.co\/wjeTGRvWfU\">https:\/\/t.co\/wjeTGRvWfU<\/a> via <a href=\"https:\/\/twitter.com\/lequipe?ref_src=twsrc%5Etfw\">@lequipe<\/a><\/p>\n<p>\u2014 DESCLOUX (@DESCLOUX3) <a href=\"https:\/\/twitter.com\/DESCLOUX3\/status\/1335640594702602241?ref_src=twsrc%5Etfw\">December 6, 2020<\/a><\/p><\/blockquote>\n<p><script async src=\"https:\/\/platform.twitter.com\/widgets.js\" charset=\"utf-8\"><\/script><\/p>\n<p><strong><em>Dicodusport<br \/>\n<a href=\"https:\/\/www.facebook.com\/dicodusport\/\" target=\"_blank\" rel=\"noopener noreferrer\"><img loading=\"lazy\" decoding=\"async\" class=\"alignnone wp-image-2909\" src=\"http:\/\/dicodusport.fr\/blog\/wp-content\/uploads\/2017\/07\/logo-facebook-150x150.png\" alt=\"\" width=\"40\" height=\"40\" \/><\/a><a href=\"https:\/\/twitter.com\/dicodusport\" target=\"_blank\" rel=\"noopener noreferrer\"><img loading=\"lazy\" decoding=\"async\" class=\"alignnone wp-image-2908\" src=\"http:\/\/dicodusport.fr\/blog\/wp-content\/uploads\/2017\/07\/logo-twitter-150x150.png\" alt=\"\" width=\"39\" height=\"39\" \/><\/a><\/em><\/strong><\/p>\n","protected":false},"excerpt":{"rendered":"<p>WRC &#8211; Dans un long entretien accord\u00e9 \u00e0 nos confr\u00e8res de L&rsquo;\u00c9quipe, S\u00e9bastien Ogier est revenu sur son septi\u00e8me titre de champion du monde. La Gapen\u00e7ais a \u00e9galement \u00e9voqu\u00e9 la suite de sa carri\u00e8re.<\/p>\n","protected":false},"author":1,"featured_media":92006,"comment_status":"open","ping_status":"closed","sticky":false,"template":"","format":"standard","meta":{"_acf_changed":false,"_daextam_enable_autolinks":"","footnotes":""},"categories":[9237],"tags":[3858,2234,2235],"class_list":["post-92000","post","type-post","status-publish","format-standard","has-post-thumbnail","hentry","category-rallye","tag-rallye","tag-sebastien-ogier","tag-wrc"],"acf":[],"yoast_head":"<!-- This site is optimized with the Yoast SEO Premium plugin v26.7 (Yoast SEO v26.7) - https:\/\/yoast.com\/wordpress\/plugins\/seo\/ -->\n<title>S\u00e9bastien Ogier : &quot;Quel que soit mon niveau l&#039;an prochain, 2021 sera ma derni\u00e8re saison&quot;<\/title>\n<meta name=\"description\" content=\"WRC - Dans un long entretien accord\u00e9 \u00e0 nos confr\u00e8res de L&#039;\u00c9quipe, S\u00e9bastien Ogier est revenu sur son septi\u00e8me titre de champion du monde.\" \/>\n<meta name=\"robots\" content=\"index, follow, max-snippet:-1, max-image-preview:large, max-video-preview:-1\" \/>\n<link rel=\"canonical\" href=\"https:\/\/dicodusport.fr\/blog\/sebastien-ogier-quel-que-soit-mon-niveau-l-an-prochain-2021-sera-ma-derniere-saison\/\" \/>\n<meta property=\"og:locale\" content=\"fr_FR\" \/>\n<meta property=\"og:type\" content=\"article\" \/>\n<meta property=\"og:title\" content=\"S\u00e9bastien Ogier : &quot;Quel que soit mon niveau l&#039;an prochain, 2021 sera ma derni\u00e8re saison&quot;\" \/>\n<meta property=\"og:description\" content=\"WRC - Dans un long entretien accord\u00e9 \u00e0 nos confr\u00e8res de L&#039;\u00c9quipe, S\u00e9bastien Ogier est revenu sur son septi\u00e8me titre de champion du monde.\" \/>\n<meta property=\"og:url\" content=\"https:\/\/dicodusport.fr\/blog\/sebastien-ogier-quel-que-soit-mon-niveau-l-an-prochain-2021-sera-ma-derniere-saison\/\" \/>\n<meta property=\"og:site_name\" content=\"Dicodusport\" \/>\n<meta property=\"article:publisher\" content=\"https:\/\/www.facebook.com\/dicodusport\" \/>\n<meta property=\"article:author\" content=\"https:\/\/www.facebook.com\/dicodusport\" \/>\n<meta property=\"article:published_time\" content=\"2020-12-07T10:02:40+00:00\" \/>\n<meta property=\"og:image\" content=\"https:\/\/dicodusport.fr\/blog\/wp-content\/uploads\/2020\/12\/S\u00e9bastien-Ogier-Quel-que-soit-mon-niveau-lan-prochain-2021-sera-ma-derni\u00e8re-saison.png\" \/>\n\t<meta property=\"og:image:width\" content=\"800\" \/>\n\t<meta property=\"og:image:height\" content=\"445\" \/>\n\t<meta property=\"og:image:type\" content=\"image\/png\" \/>\n<meta name=\"author\" content=\"Nicolas Jacquemard\" \/>\n<meta name=\"twitter:card\" content=\"summary_large_image\" \/>\n<meta name=\"twitter:title\" content=\"S\u00e9bastien Ogier : &quot;Quel que soit mon niveau l&#039;an prochain, 2021 sera ma derni\u00e8re saison&quot;\" \/>\n<meta name=\"twitter:creator\" content=\"@https:\/\/twitter.com\/Nico_Jacquemard\" \/>\n<meta name=\"twitter:site\" content=\"@dicodusport\" \/>\n<script type=\"application\/ld+json\" class=\"yoast-schema-graph\">{\"@context\":\"https:\/\/schema.org\",\"@graph\":[{\"@type\":\"NewsArticle\",\"@id\":\"https:\/\/dicodusport.fr\/blog\/sebastien-ogier-quel-que-soit-mon-niveau-l-an-prochain-2021-sera-ma-derniere-saison\/#article\",\"isPartOf\":{\"@id\":\"https:\/\/dicodusport.fr\/blog\/sebastien-ogier-quel-que-soit-mon-niveau-l-an-prochain-2021-sera-ma-derniere-saison\/\"},\"author\":{\"name\":\"Nicolas Jacquemard\",\"@id\":\"https:\/\/dicodusport.fr\/blog\/#\/schema\/person\/55dcb50ad410894e431ed812bbb70191\"},\"headline\":\"S\u00e9bastien Ogier : \u00ab\u00a0Quel que soit mon niveau l&rsquo;an prochain, 2021 sera ma derni\u00e8re saison\u00a0\u00bb\",\"datePublished\":\"2020-12-07T10:02:40+00:00\",\"mainEntityOfPage\":{\"@id\":\"https:\/\/dicodusport.fr\/blog\/sebastien-ogier-quel-que-soit-mon-niveau-l-an-prochain-2021-sera-ma-derniere-saison\/\"},\"wordCount\":309,\"commentCount\":0,\"publisher\":{\"@id\":\"https:\/\/dicodusport.fr\/blog\/#organization\"},\"image\":{\"@id\":\"https:\/\/dicodusport.fr\/blog\/sebastien-ogier-quel-que-soit-mon-niveau-l-an-prochain-2021-sera-ma-derniere-saison\/#primaryimage\"},\"thumbnailUrl\":\"https:\/\/dicodusport.fr\/blog\/wp-content\/uploads\/2020\/12\/S\u00e9bastien-Ogier-Quel-que-soit-mon-niveau-lan-prochain-2021-sera-ma-derni\u00e8re-saison.png\",\"keywords\":[\"Rallye\",\"S\u00e9bastien Ogier\",\"WRC\"],\"articleSection\":[\"Rallye\"],\"inLanguage\":\"fr-FR\",\"potentialAction\":[{\"@type\":\"CommentAction\",\"name\":\"Comment\",\"target\":[\"https:\/\/dicodusport.fr\/blog\/sebastien-ogier-quel-que-soit-mon-niveau-l-an-prochain-2021-sera-ma-derniere-saison\/#respond\"]}],\"copyrightYear\":\"2020\",\"copyrightHolder\":{\"@id\":\"https:\/\/dicodusport.fr\/blog\/#organization\"}},{\"@type\":\"WebPage\",\"@id\":\"https:\/\/dicodusport.fr\/blog\/sebastien-ogier-quel-que-soit-mon-niveau-l-an-prochain-2021-sera-ma-derniere-saison\/\",\"url\":\"https:\/\/dicodusport.fr\/blog\/sebastien-ogier-quel-que-soit-mon-niveau-l-an-prochain-2021-sera-ma-derniere-saison\/\",\"name\":\"S\u00e9bastien Ogier : \\\"Quel que soit mon niveau l'an prochain, 2021 sera ma derni\u00e8re saison\\\"\",\"isPartOf\":{\"@id\":\"https:\/\/dicodusport.fr\/blog\/#website\"},\"primaryImageOfPage\":{\"@id\":\"https:\/\/dicodusport.fr\/blog\/sebastien-ogier-quel-que-soit-mon-niveau-l-an-prochain-2021-sera-ma-derniere-saison\/#primaryimage\"},\"image\":{\"@id\":\"https:\/\/dicodusport.fr\/blog\/sebastien-ogier-quel-que-soit-mon-niveau-l-an-prochain-2021-sera-ma-derniere-saison\/#primaryimage\"},\"thumbnailUrl\":\"https:\/\/dicodusport.fr\/blog\/wp-content\/uploads\/2020\/12\/S\u00e9bastien-Ogier-Quel-que-soit-mon-niveau-lan-prochain-2021-sera-ma-derni\u00e8re-saison.png\",\"datePublished\":\"2020-12-07T10:02:40+00:00\",\"description\":\"WRC - Dans un long entretien accord\u00e9 \u00e0 nos confr\u00e8res de L'\u00c9quipe, S\u00e9bastien Ogier est revenu sur son septi\u00e8me titre de champion du monde.\",\"breadcrumb\":{\"@id\":\"https:\/\/dicodusport.fr\/blog\/sebastien-ogier-quel-que-soit-mon-niveau-l-an-prochain-2021-sera-ma-derniere-saison\/#breadcrumb\"},\"inLanguage\":\"fr-FR\",\"potentialAction\":[{\"@type\":\"ReadAction\",\"target\":[\"https:\/\/dicodusport.fr\/blog\/sebastien-ogier-quel-que-soit-mon-niveau-l-an-prochain-2021-sera-ma-derniere-saison\/\"]}]},{\"@type\":\"ImageObject\",\"inLanguage\":\"fr-FR\",\"@id\":\"https:\/\/dicodusport.fr\/blog\/sebastien-ogier-quel-que-soit-mon-niveau-l-an-prochain-2021-sera-ma-derniere-saison\/#primaryimage\",\"url\":\"https:\/\/dicodusport.fr\/blog\/wp-content\/uploads\/2020\/12\/S\u00e9bastien-Ogier-Quel-que-soit-mon-niveau-lan-prochain-2021-sera-ma-derni\u00e8re-saison.png\",\"contentUrl\":\"https:\/\/dicodusport.fr\/blog\/wp-content\/uploads\/2020\/12\/S\u00e9bastien-Ogier-Quel-que-soit-mon-niveau-lan-prochain-2021-sera-ma-derni\u00e8re-saison.png\",\"width\":800,\"height\":445,\"caption\":\"S\u00e9bastien Ogier : \\\"Quel que soit mon niveau l'an prochain, 2021 sera ma derni\u00e8re saison\\\"\"},{\"@type\":\"BreadcrumbList\",\"@id\":\"https:\/\/dicodusport.fr\/blog\/sebastien-ogier-quel-que-soit-mon-niveau-l-an-prochain-2021-sera-ma-derniere-saison\/#breadcrumb\",\"itemListElement\":[{\"@type\":\"ListItem\",\"position\":1,\"name\":\"Accueil\",\"item\":\"https:\/\/dicodusport.fr\/blog\/\"},{\"@type\":\"ListItem\",\"position\":2,\"name\":\"S\u00e9bastien Ogier : \u00ab\u00a0Quel que soit mon niveau l&rsquo;an prochain, 2021 sera ma derni\u00e8re saison\u00a0\u00bb\"}]},{\"@type\":\"WebSite\",\"@id\":\"https:\/\/dicodusport.fr\/blog\/#website\",\"url\":\"https:\/\/dicodusport.fr\/blog\/\",\"name\":\"Dicodusport\",\"description\":\"L&#039;encyclop\u00e9die de l&#039;actualit\u00e9 sportive\",\"publisher\":{\"@id\":\"https:\/\/dicodusport.fr\/blog\/#organization\"},\"potentialAction\":[{\"@type\":\"SearchAction\",\"target\":{\"@type\":\"EntryPoint\",\"urlTemplate\":\"https:\/\/dicodusport.fr\/blog\/?s={search_term_string}\"},\"query-input\":{\"@type\":\"PropertyValueSpecification\",\"valueRequired\":true,\"valueName\":\"search_term_string\"}}],\"inLanguage\":\"fr-FR\"},{\"@type\":\"NewsMediaOrganization\",\"@id\":\"https:\/\/dicodusport.fr\/blog\/#organization\",\"name\":\"Dicodusport\",\"url\":\"https:\/\/dicodusport.fr\/blog\/\",\"logo\":{\"@type\":\"ImageObject\",\"inLanguage\":\"fr-FR\",\"@id\":\"https:\/\/dicodusport.fr\/blog\/#\/schema\/logo\/image\/\",\"url\":\"https:\/\/dicodusport.fr\/blog\/wp-content\/uploads\/2020\/06\/cropped-LOGO-DICODUSPORT-2020-SANS-FOND-SANS-TEXTE.png\",\"contentUrl\":\"https:\/\/dicodusport.fr\/blog\/wp-content\/uploads\/2020\/06\/cropped-LOGO-DICODUSPORT-2020-SANS-FOND-SANS-TEXTE.png\",\"width\":512,\"height\":512,\"caption\":\"Dicodusport\"},\"image\":{\"@id\":\"https:\/\/dicodusport.fr\/blog\/#\/schema\/logo\/image\/\"},\"sameAs\":[\"https:\/\/www.facebook.com\/dicodusport\",\"https:\/\/x.com\/dicodusport\",\"https:\/\/www.instagram.com\/dicodusport\/\",\"https:\/\/www.youtube.com\/channel\/UC7V2KZ5sd3htJivAbA4ZG3w\"],\"description\":\"Dicodusport est l'encyclop\u00e9die de l'actualit\u00e9 sportive.\",\"email\":\"bonjour@dicodusport.fr\",\"legalName\":\"DICODUSPORT\",\"foundingDate\":\"2018-01-14\",\"vatID\":\"FR71834470973\",\"taxID\":\"83447097300043\",\"numberOfEmployees\":{\"@type\":\"QuantitativeValue\",\"minValue\":\"1\",\"maxValue\":\"10\"}},{\"@type\":\"Person\",\"@id\":\"https:\/\/dicodusport.fr\/blog\/#\/schema\/person\/55dcb50ad410894e431ed812bbb70191\",\"name\":\"Nicolas Jacquemard\",\"image\":{\"@type\":\"ImageObject\",\"inLanguage\":\"fr-FR\",\"@id\":\"https:\/\/dicodusport.fr\/blog\/#\/schema\/person\/image\/\",\"url\":\"https:\/\/dicodusport.fr\/blog\/wp-content\/uploads\/2021\/05\/Nicolas-Jacquemard-150x150.jpeg\",\"contentUrl\":\"https:\/\/dicodusport.fr\/blog\/wp-content\/uploads\/2021\/05\/Nicolas-Jacquemard-150x150.jpeg\",\"caption\":\"Nicolas Jacquemard\"},\"description\":\"Passionn\u00e9 de sport et entrepreneur depuis mes 18 ans, la cr\u00e9ation de Dicodusport m'a sembl\u00e9 \u00e9vidente pour participer \u00e0 la m\u00e9diatisation d'un plus grand nombre de sports. Le chemin est long mais avec une \u00e9quipe des plus motiv\u00e9es et les Jeux Olympiques de Paris 2024 en point de mire, nous y arriverons ! Journaliste dans le monde du sport depuis plus de 5 ans, je traite aussi bien de football, de rugby, de biathlon que de cyclisme.\",\"sameAs\":[\"https:\/\/www.facebook.com\/dicodusport\",\"https:\/\/x.com\/https:\/\/twitter.com\/Nico_Jacquemard\"],\"url\":\"https:\/\/dicodusport.fr\/blog\/author\/dicodusport\/\"}]}<\/script>\n<!-- \/ Yoast SEO Premium plugin. -->","yoast_head_json":{"title":"S\u00e9bastien Ogier : \"Quel que soit mon niveau l'an prochain, 2021 sera ma derni\u00e8re saison\"","description":"WRC - Dans un long entretien accord\u00e9 \u00e0 nos confr\u00e8res de L'\u00c9quipe, S\u00e9bastien Ogier est revenu sur son septi\u00e8me titre de champion du monde.","robots":{"index":"index","follow":"follow","max-snippet":"max-snippet:-1","max-image-preview":"max-image-preview:large","max-video-preview":"max-video-preview:-1"},"canonical":"https:\/\/dicodusport.fr\/blog\/sebastien-ogier-quel-que-soit-mon-niveau-l-an-prochain-2021-sera-ma-derniere-saison\/","og_locale":"fr_FR","og_type":"article","og_title":"S\u00e9bastien Ogier : \"Quel que soit mon niveau l'an prochain, 2021 sera ma derni\u00e8re saison\"","og_description":"WRC - Dans un long entretien accord\u00e9 \u00e0 nos confr\u00e8res de L'\u00c9quipe, S\u00e9bastien Ogier est revenu sur son septi\u00e8me titre de champion du monde.","og_url":"https:\/\/dicodusport.fr\/blog\/sebastien-ogier-quel-que-soit-mon-niveau-l-an-prochain-2021-sera-ma-derniere-saison\/","og_site_name":"Dicodusport","article_publisher":"https:\/\/www.facebook.com\/dicodusport","article_author":"https:\/\/www.facebook.com\/dicodusport","article_published_time":"2020-12-07T10:02:40+00:00","og_image":[{"width":800,"height":445,"url":"https:\/\/dicodusport.fr\/blog\/wp-content\/uploads\/2020\/12\/S\u00e9bastien-Ogier-Quel-que-soit-mon-niveau-lan-prochain-2021-sera-ma-derni\u00e8re-saison.png","type":"image\/png"}],"author":"Nicolas Jacquemard","twitter_card":"summary_large_image","twitter_title":"S\u00e9bastien Ogier : \"Quel que soit mon niveau l'an prochain, 2021 sera ma derni\u00e8re saison\"","twitter_creator":"@https:\/\/twitter.com\/Nico_Jacquemard","twitter_site":"@dicodusport","schema":{"@context":"https:\/\/schema.org","@graph":[{"@type":"NewsArticle","@id":"https:\/\/dicodusport.fr\/blog\/sebastien-ogier-quel-que-soit-mon-niveau-l-an-prochain-2021-sera-ma-derniere-saison\/#article","isPartOf":{"@id":"https:\/\/dicodusport.fr\/blog\/sebastien-ogier-quel-que-soit-mon-niveau-l-an-prochain-2021-sera-ma-derniere-saison\/"},"author":{"name":"Nicolas Jacquemard","@id":"https:\/\/dicodusport.fr\/blog\/#\/schema\/person\/55dcb50ad410894e431ed812bbb70191"},"headline":"S\u00e9bastien Ogier : \u00ab\u00a0Quel que soit mon niveau l&rsquo;an prochain, 2021 sera ma derni\u00e8re saison\u00a0\u00bb","datePublished":"2020-12-07T10:02:40+00:00","mainEntityOfPage":{"@id":"https:\/\/dicodusport.fr\/blog\/sebastien-ogier-quel-que-soit-mon-niveau-l-an-prochain-2021-sera-ma-derniere-saison\/"},"wordCount":309,"commentCount":0,"publisher":{"@id":"https:\/\/dicodusport.fr\/blog\/#organization"},"image":{"@id":"https:\/\/dicodusport.fr\/blog\/sebastien-ogier-quel-que-soit-mon-niveau-l-an-prochain-2021-sera-ma-derniere-saison\/#primaryimage"},"thumbnailUrl":"https:\/\/dicodusport.fr\/blog\/wp-content\/uploads\/2020\/12\/S\u00e9bastien-Ogier-Quel-que-soit-mon-niveau-lan-prochain-2021-sera-ma-derni\u00e8re-saison.png","keywords":["Rallye","S\u00e9bastien Ogier","WRC"],"articleSection":["Rallye"],"inLanguage":"fr-FR","potentialAction":[{"@type":"CommentAction","name":"Comment","target":["https:\/\/dicodusport.fr\/blog\/sebastien-ogier-quel-que-soit-mon-niveau-l-an-prochain-2021-sera-ma-derniere-saison\/#respond"]}],"copyrightYear":"2020","copyrightHolder":{"@id":"https:\/\/dicodusport.fr\/blog\/#organization"}},{"@type":"WebPage","@id":"https:\/\/dicodusport.fr\/blog\/sebastien-ogier-quel-que-soit-mon-niveau-l-an-prochain-2021-sera-ma-derniere-saison\/","url":"https:\/\/dicodusport.fr\/blog\/sebastien-ogier-quel-que-soit-mon-niveau-l-an-prochain-2021-sera-ma-derniere-saison\/","name":"S\u00e9bastien Ogier : \"Quel que soit mon niveau l'an prochain, 2021 sera ma derni\u00e8re saison\"","isPartOf":{"@id":"https:\/\/dicodusport.fr\/blog\/#website"},"primaryImageOfPage":{"@id":"https:\/\/dicodusport.fr\/blog\/sebastien-ogier-quel-que-soit-mon-niveau-l-an-prochain-2021-sera-ma-derniere-saison\/#primaryimage"},"image":{"@id":"https:\/\/dicodusport.fr\/blog\/sebastien-ogier-quel-que-soit-mon-niveau-l-an-prochain-2021-sera-ma-derniere-saison\/#primaryimage"},"thumbnailUrl":"https:\/\/dicodusport.fr\/blog\/wp-content\/uploads\/2020\/12\/S\u00e9bastien-Ogier-Quel-que-soit-mon-niveau-lan-prochain-2021-sera-ma-derni\u00e8re-saison.png","datePublished":"2020-12-07T10:02:40+00:00","description":"WRC - Dans un long entretien accord\u00e9 \u00e0 nos confr\u00e8res de L'\u00c9quipe, S\u00e9bastien Ogier est revenu sur son septi\u00e8me titre de champion du monde.","breadcrumb":{"@id":"https:\/\/dicodusport.fr\/blog\/sebastien-ogier-quel-que-soit-mon-niveau-l-an-prochain-2021-sera-ma-derniere-saison\/#breadcrumb"},"inLanguage":"fr-FR","potentialAction":[{"@type":"ReadAction","target":["https:\/\/dicodusport.fr\/blog\/sebastien-ogier-quel-que-soit-mon-niveau-l-an-prochain-2021-sera-ma-derniere-saison\/"]}]},{"@type":"ImageObject","inLanguage":"fr-FR","@id":"https:\/\/dicodusport.fr\/blog\/sebastien-ogier-quel-que-soit-mon-niveau-l-an-prochain-2021-sera-ma-derniere-saison\/#primaryimage","url":"https:\/\/dicodusport.fr\/blog\/wp-content\/uploads\/2020\/12\/S\u00e9bastien-Ogier-Quel-que-soit-mon-niveau-lan-prochain-2021-sera-ma-derni\u00e8re-saison.png","contentUrl":"https:\/\/dicodusport.fr\/blog\/wp-content\/uploads\/2020\/12\/S\u00e9bastien-Ogier-Quel-que-soit-mon-niveau-lan-prochain-2021-sera-ma-derni\u00e8re-saison.png","width":800,"height":445,"caption":"S\u00e9bastien Ogier : \"Quel que soit mon niveau l'an prochain, 2021 sera ma derni\u00e8re saison\""},{"@type":"BreadcrumbList","@id":"https:\/\/dicodusport.fr\/blog\/sebastien-ogier-quel-que-soit-mon-niveau-l-an-prochain-2021-sera-ma-derniere-saison\/#breadcrumb","itemListElement":[{"@type":"ListItem","position":1,"name":"Accueil","item":"https:\/\/dicodusport.fr\/blog\/"},{"@type":"ListItem","position":2,"name":"S\u00e9bastien Ogier : \u00ab\u00a0Quel que soit mon niveau l&rsquo;an prochain, 2021 sera ma derni\u00e8re saison\u00a0\u00bb"}]},{"@type":"WebSite","@id":"https:\/\/dicodusport.fr\/blog\/#website","url":"https:\/\/dicodusport.fr\/blog\/","name":"Dicodusport","description":"L&#039;encyclop\u00e9die de l&#039;actualit\u00e9 sportive","publisher":{"@id":"https:\/\/dicodusport.fr\/blog\/#organization"},"potentialAction":[{"@type":"SearchAction","target":{"@type":"EntryPoint","urlTemplate":"https:\/\/dicodusport.fr\/blog\/?s={search_term_string}"},"query-input":{"@type":"PropertyValueSpecification","valueRequired":true,"valueName":"search_term_string"}}],"inLanguage":"fr-FR"},{"@type":"NewsMediaOrganization","@id":"https:\/\/dicodusport.fr\/blog\/#organization","name":"Dicodusport","url":"https:\/\/dicodusport.fr\/blog\/","logo":{"@type":"ImageObject","inLanguage":"fr-FR","@id":"https:\/\/dicodusport.fr\/blog\/#\/schema\/logo\/image\/","url":"https:\/\/dicodusport.fr\/blog\/wp-content\/uploads\/2020\/06\/cropped-LOGO-DICODUSPORT-2020-SANS-FOND-SANS-TEXTE.png","contentUrl":"https:\/\/dicodusport.fr\/blog\/wp-content\/uploads\/2020\/06\/cropped-LOGO-DICODUSPORT-2020-SANS-FOND-SANS-TEXTE.png","width":512,"height":512,"caption":"Dicodusport"},"image":{"@id":"https:\/\/dicodusport.fr\/blog\/#\/schema\/logo\/image\/"},"sameAs":["https:\/\/www.facebook.com\/dicodusport","https:\/\/x.com\/dicodusport","https:\/\/www.instagram.com\/dicodusport\/","https:\/\/www.youtube.com\/channel\/UC7V2KZ5sd3htJivAbA4ZG3w"],"description":"Dicodusport est l'encyclop\u00e9die de l'actualit\u00e9 sportive.","email":"bonjour@dicodusport.fr","legalName":"DICODUSPORT","foundingDate":"2018-01-14","vatID":"FR71834470973","taxID":"83447097300043","numberOfEmployees":{"@type":"QuantitativeValue","minValue":"1","maxValue":"10"}},{"@type":"Person","@id":"https:\/\/dicodusport.fr\/blog\/#\/schema\/person\/55dcb50ad410894e431ed812bbb70191","name":"Nicolas Jacquemard","image":{"@type":"ImageObject","inLanguage":"fr-FR","@id":"https:\/\/dicodusport.fr\/blog\/#\/schema\/person\/image\/","url":"https:\/\/dicodusport.fr\/blog\/wp-content\/uploads\/2021\/05\/Nicolas-Jacquemard-150x150.jpeg","contentUrl":"https:\/\/dicodusport.fr\/blog\/wp-content\/uploads\/2021\/05\/Nicolas-Jacquemard-150x150.jpeg","caption":"Nicolas Jacquemard"},"description":"Passionn\u00e9 de sport et entrepreneur depuis mes 18 ans, la cr\u00e9ation de Dicodusport m'a sembl\u00e9 \u00e9vidente pour participer \u00e0 la m\u00e9diatisation d'un plus grand nombre de sports. Le chemin est long mais avec une \u00e9quipe des plus motiv\u00e9es et les Jeux Olympiques de Paris 2024 en point de mire, nous y arriverons ! Journaliste dans le monde du sport depuis plus de 5 ans, je traite aussi bien de football, de rugby, de biathlon que de cyclisme.","sameAs":["https:\/\/www.facebook.com\/dicodusport","https:\/\/x.com\/https:\/\/twitter.com\/Nico_Jacquemard"],"url":"https:\/\/dicodusport.fr\/blog\/author\/dicodusport\/"}]}},"_links":{"self":[{"href":"https:\/\/dicodusport.fr\/blog\/wp-json\/wp\/v2\/posts\/92000","targetHints":{"allow":["GET"]}}],"collection":[{"href":"https:\/\/dicodusport.fr\/blog\/wp-json\/wp\/v2\/posts"}],"about":[{"href":"https:\/\/dicodusport.fr\/blog\/wp-json\/wp\/v2\/types\/post"}],"author":[{"embeddable":true,"href":"https:\/\/dicodusport.fr\/blog\/wp-json\/wp\/v2\/users\/1"}],"replies":[{"embeddable":true,"href":"https:\/\/dicodusport.fr\/blog\/wp-json\/wp\/v2\/comments?post=92000"}],"version-history":[{"count":0,"href":"https:\/\/dicodusport.fr\/blog\/wp-json\/wp\/v2\/posts\/92000\/revisions"}],"wp:featuredmedia":[{"embeddable":true,"href":"https:\/\/dicodusport.fr\/blog\/wp-json\/wp\/v2\/media\/92006"}],"wp:attachment":[{"href":"https:\/\/dicodusport.fr\/blog\/wp-json\/wp\/v2\/media?parent=92000"}],"wp:term":[{"taxonomy":"category","embeddable":true,"href":"https:\/\/dicodusport.fr\/blog\/wp-json\/wp\/v2\/categories?post=92000"},{"taxonomy":"post_tag","embeddable":true,"href":"https:\/\/dicodusport.fr\/blog\/wp-json\/wp\/v2\/tags?post=92000"}],"curies":[{"name":"wp","href":"https:\/\/api.w.org\/{rel}","templated":true}]}}