{"id":92168,"date":"2020-12-08T12:01:31","date_gmt":"2020-12-08T11:01:31","guid":{"rendered":"https:\/\/dicodusport.fr\/blog\/?p=92168&#038;preview=true&#038;preview_id=92168"},"modified":"2021-10-18T16:39:11","modified_gmt":"2021-10-18T14:39:11","slug":"composez-votre-xv-de-france-de-l-annee-2020","status":"publish","type":"post","link":"https:\/\/dicodusport.fr\/blog\/composez-votre-xv-de-france-de-l-annee-2020\/","title":{"rendered":"Composez votre XV de France de l&rsquo;ann\u00e9e 2020"},"content":{"rendered":"<p style=\"text-align: justify;\"><strong><em>RUGBY &#8211; D\u00e9sormais 4\u00e8me au <a href=\"https:\/\/www.world.rugby\/tournaments\/rankings\/mru\" target=\"_blank\" rel=\"noopener noreferrer\">classement World Rugby<\/a>, le <a href=\"https:\/\/dicodusport.fr\/blog\/tag\/xv-de-france\/\" target=\"_blank\" rel=\"noopener noreferrer\">XV de France<\/a> a franchi un \u00e9norme cap en 2020, avec 8 victoires en 10 matchs au compteur. Nous vous donnons l&rsquo;occasion de composer votre XV de d\u00e9part de l&rsquo;ann\u00e9e, avec les joueurs qui ont marqu\u00e9 2020 dans les rangs bleus.<\/em><\/strong><\/p>\n<p style=\"text-align: justify;\"><strong><em>Fin du sondage le jeudi 10 d\u00e9cembre \u00e0 18h<\/em><\/strong><\/p>\n<h2 style=\"text-align: justify;\">Formez votre pack<\/h2>\n<div class=\"dem-poll-shortcode\">\n<style id=\"democracy-poll\">.democracy:after{content:'';display:table;clear:both}.democracy ul li,.democracy ul{background:0 0;padding:0;margin:0}.democracy ul li:before{display:none}.democracy input[type=radio],.democracy input[type=checkbox]{margin:0;vertical-align:middle}.democracy input[type=radio]:focus,.democracy input[type=checkbox]:focus{outline:none}.democracy ul{list-style:none !important;border:none !important}.democracy ul li{list-style:none !important}input[type=submit].dem-button,a.dem-button,.dem-button{position:relative;display:inline-block;text-decoration:none;line-height:1;border:0;margin:0;padding:0;cursor:pointer;white-space:nowrap;-webkit-user-select:none;-moz-user-select:none;-ms-user-select:none;user-select:none}input[type=submit].dem-button:focus,a.dem-button:focus,.dem-button:focus{outline:none}input[type=submit].dem-button:disabled,a.dem-button:disabled,.dem-button:disabled{opacity:.6;cursor:not-allowed}a.dem-button:hover{text-decoration:none !important}.democracy{position:relative;margin:0 auto}.democracy input[type=radio],.democracy input[type=checkbox]{margin-right:.2em}.dem-screen{position:relative;line-height:1.3}.democracy ul.dem-vote{margin-bottom:1em}.democracy ul.dem-vote li{padding-bottom:0;margin-bottom:0}.democracy ul.dem-vote li>*{margin-bottom:.6em}.democracy ul.dem-answers li{padding-bottom:1em}.dem-answers .dem-label{margin-bottom:.2em;line-height:1.2}.dem-graph{position:relative;color:#555;color:rgba(0,0,0,.6);box-sizing:content-box;width:100%;display:table;height:1.2em;line-height:1.2em}.dem-fill{position:absolute;top:0;left:0;height:100%;background-color:#7cb4dd}.dem-voted-this .dem-fill{background-color:#ffc45a}.dem-votes-txt,.dem-percent-txt{position:relative;display:table-cell;padding-left:.3em;vertical-align:middle;font-size:90%}.dem-poll-info{padding-bottom:1em}.dem-poll-info:after{content:'';display:table;clear:both}.dem-poll-info>*{font-size:85%;display:block;float:right;clear:both;text-align:right;opacity:.7;line-height:1.3}.dem-vote label{float:none;display:block}.dem-results-link{display:inline-block;line-height:1;margin:.8em 1em}.dem-vote .dem-disabled{opacity:.5}.democracy .dem-bottom{padding-bottom:1em}.dem-bottom{text-align:center}.dem-bottom:after{content:'';display:table;clear:both}.dem-poll-title{display:block;margin-bottom:1.5em;margin-top:1.2em;font-size:120%}.dem-notice{z-index:10;position:absolute;top:0;border-radius:2px;width:100%;padding:1.5em 2em;text-align:center;background:rgba(247,241,212,.8);color:#6d6214}.dem-notice-close{position:absolute;top:0;right:0;padding:5px;cursor:pointer;line-height:.6;font-size:150%}.dem-notice-close:hover{color:#d26616}.dem-star{font-size:90%;vertical-align:baseline;padding-left:.3em;color:#ff4e00}.dem-poll-note{font-size:90%;padding:.5em;opacity:.8;line-height:1.3}.democracy .dem-copyright{position:absolute;bottom:-1em;right:0;text-decoration:none;border-bottom:0;color:#b2b2b2;opacity:.5;line-height:1}.democracy .dem-copyright:hover{opacity:1}.dem-add-answer{position:relative}.dem-add-answer>*{display:block}.dem-add-answer a{display:inline-block}input.dem-add-answer-txt{width:100%;box-sizing:border-box}.dem-add-answer-close{position:absolute;right:0;padding:0 .7em;cursor:pointer;color:#333}.dem-add-answer-close:hover{color:#ff2700}.dem-edit-link{display:block;position:absolute;top:0;right:0;line-height:1;text-decoration:none !important;border:none !important}.dem-edit-link svg{width:1.2em!important;fill:#6c6c6c}.dem-edit-link:hover svg{fill:#35a91d}.dem-loader{display:none;position:absolute;top:0;left:0;width:100%;height:100%}.dem-loader>*{display:table-cell;vertical-align:middle;text-align:center}.dem-loader svg{width:20%;max-width:100px;min-width:80px;margin-bottom:15%}.dem-loader [class^=dem-]{margin-bottom:15%!important}.dem__collapser{display:block;cursor:pointer;text-align:center;font-size:150%;line-height:1}.dem__collapser:hover{color:#f31;background:rgba(255,255,255,.3)}.dem__collapser.expanded{position:relative;height:1em}.dem__collapser.collapsed{position:absolute;top:0;bottom:0;right:0;left:0}.dem__collapser .arr{display:block;position:absolute;bottom:0;width:100%}.dem__collapser.collapsed .arr:before{content:\"\u25be\"}.dem__collapser.expanded .arr:before{content:\"\u25b4\"}.dem-poll-shortcode{margin-bottom:1.5em}.dem-archives .dem-elem-wrap{margin-bottom:2em;padding-bottom:20px;border-bottom:1px dashed rgba(0,0,0,.1)}.dem-archives .dem-archive-link{display:none}.dem-paging{text-align:center;margin:1.5em auto}.dem-paging>*{display:inline-block;padding:.3em .8em;border-radius:.2em;background:#e2e2e2;color:#333;text-decoration:none;text-transform:lowercase;user-select:none}.dem-paging>a{color:#333}.dem-paging>a:hover{background:#ccc;color:#333;text-decoration:none}.dem-paging .current{background:#656565;color:#fff}.dem-paging .dots{background:0 0}.democracy{border-color:#ccc;border:1px solid rgba(0,0,0,.1);background-color:#eee;background-color:rgba(0,0,0,.1);background-image:-webkit-linear-gradient(bottom,rgba(0,0,0,.05),transparent);background-image:linear-gradient(to top,rgba(0,0,0,.05),transparent);padding:1em;padding-bottom:.5em;margin-bottom:1em}.dem-poll-title{margin:0;font-size:115%;margin:-.9em;margin-bottom:1em;text-align:center;padding:1em;border-bottom:1px solid rgba(0,0,0,.1)}.dem-percent-txt,.dem-label-percent-txt{display:none}.dem-votes-txt-percent:before{content:'- ';display:inline}.dem-revote-button:before{content:'\u25c2 '}.dem-graph{background-color:rgba(255,255,255,.8)}.dem-results-link{margin-bottom:0}.dem__checkbox,.dem__radio{display:none !important}.dem__checkbox_label,.dem__radio_label{position:relative;box-sizing:content-box}.dem__checkbox_label .dem__spot{border-radius:3px}.dem__radio_label .dem__spot{border-radius:50%}.dem__checkbox_label .dem__spot,.dem__radio_label .dem__spot{position:relative;display:inline-block;vertical-align:baseline;width:.9em;height:.9em;margin-right:.3em;cursor:pointer;background:#fff;border:1px solid #ccc}.dem__checkbox_label .dem__spot:after{width:.9em;height:.32em;top:-.1em;left:.145em;border:.17em solid #333;border-top:none;border-right:none;-webkit-transform:rotate(-45deg);transform:rotate(-45deg);background:0 0}.dem__radio_label .dem__spot:after{width:.5em;height:.5em;border-radius:50%;top:50%;left:50%;-webkit-transform:translate(-50%,-50%);transform:translate(-50%,-50%);background:#333}.dem__checkbox_label .dem__spot:after,.dem__radio_label .dem__spot:after{content:'';position:absolute;opacity:0}.dem__checkbox_label:hover .dem__spot:after,.dem__radio_label:hover .dem__spot:after{opacity:.2}.dem__checkbox:checked+.dem__spot,.dem__radio:checked+.dem__spot{border-color:#999}.dem__checkbox:checked+.dem__spot:after,.dem__radio:checked+.dem__spot:after{opacity:1}.dem__checkbox:disabled+.dem__spot,.dem__radio:disabled+.dem__spot{opacity:.5}.dem__checkbox:not(:checked):disabled+.dem__spot:after,.dem__radio:not(:checked):disabled+.dem__spot:after{opacity:0}input[type=submit].dem-button,a.dem-button,.dem-button{font-size:90%;font-family:tahoma,arial,sans-serif;padding:.8em 1.6em !important;color:#fff;background:#61a9de;text-transform:uppercase}input[type=submit].dem-button:hover,a.dem-button:hover,.dem-button:hover{color:#fff;background:#3b8bc6}a.dem-button:visited{color:#fff}.dem-loader .fill{fill:#0248ed !important}.dem-loader .css-fill{background-color:#0248ed !important}.dem-loader .stroke{stroke:#0248ed !important}.dem-graph{background:#a5a5a5 !important}.dem-fill{background-color:#1c62ed !important}.dem-voted-this .dem-fill{background-color:#30a82a !important}.dem-graph{height:25px;line-height:25px}.dem-button{background-color:#f71339 !important}.dem-button{color:#efefef !important}.democracy{background-color:#fff;color:#000}.dem-poll-info{color:#000}.dem-votes-txt,.dem-percent-txt{color:#fff}<\/style>\n<div id=\"democracy-641\" class=\"democracy\" data-opts='{\"ajax_url\":\"https:\\\/\\\/dicodusport.fr\\\/blog\\\/wp-admin\\\/admin-ajax.php\",\"pid\":641,\"max_answs\":0,\"answs_max_height\":\"-1\",\"anim_speed\":\"400\",\"line_anim_speed\":1500}' ><strong class=\"dem-poll-title\">Choisissez votre pilier gauche de l'ann\u00e9e 2020<\/strong><div class=\"dem-screen voted\"><ul class=\"dem-answers\" data-voted-class=\"dem-voted-this\" data-voted-txt=\"(Votre vote)\">\n\t<li  class=\"dem-winner\" title=\"3835 voix - 81% des votes\" data-aid=\"2951\">\n\t<div class=\"dem-label\">Cyril Baille (Toulouse)  <span class=\"dem-label-percent-txt\">81%, 3835 <span class=\"votxt\">voix<\/span><\/span><\/div>\n\t<div class=\"dem-graph\">\n\t\t<div class=\"dem-fill\" data-width=\"100%\"><\/div>\n\t\t<div class=\"dem-votes-txt\">\n\t\t\t<span class=\"dem-votes-txt-votes\">3835 <span class=\"votxt\">voix<\/span><\/span>\n\t\t\t<span class=\"dem-votes-txt-percent\">81%<\/span>\n\t\t<\/div>\n\t\t<div class=\"dem-percent-txt\">3835 voix - 81% des votes<\/div>\n\t<\/div>\n<\/li><li  title=\"555 voix - 12% des votes\" data-aid=\"2952\">\n\t<div class=\"dem-label\">Jean-Baptiste Gros (Toulon)  <span class=\"dem-label-percent-txt\">12%, 555 <span class=\"votxt\">voix<\/span><\/span><\/div>\n\t<div class=\"dem-graph\">\n\t\t<div class=\"dem-fill\" data-width=\"14%\"><\/div>\n\t\t<div class=\"dem-votes-txt\">\n\t\t\t<span class=\"dem-votes-txt-votes\">555 <span class=\"votxt\">voix<\/span><\/span>\n\t\t\t<span class=\"dem-votes-txt-percent\">12%<\/span>\n\t\t<\/div>\n\t\t<div class=\"dem-percent-txt\">555 voix - 12% des votes<\/div>\n\t<\/div>\n<\/li><li  title=\"337 voix - 7% des votes\" data-aid=\"2953\">\n\t<div class=\"dem-label\">Hassane Kolingar (Racing 92)  <span class=\"dem-label-percent-txt\">7%, 337 <span class=\"votxt\">voix<\/span><\/span><\/div>\n\t<div class=\"dem-graph\">\n\t\t<div class=\"dem-fill\" data-width=\"9%\"><\/div>\n\t\t<div class=\"dem-votes-txt\">\n\t\t\t<span class=\"dem-votes-txt-votes\">337 <span class=\"votxt\">voix<\/span><\/span>\n\t\t\t<span class=\"dem-votes-txt-percent\">7%<\/span>\n\t\t<\/div>\n\t\t<div class=\"dem-percent-txt\">337 voix - 7% des votes<\/div>\n\t<\/div>\n<\/li>\n<\/ul>\n<div class=\"dem-bottom\">\n\t<div class=\"dem-poll-info\">\n\t\t<div class=\"dem-total-votes\">Total des votes : 4727<\/div>\n\t\t\n\t\t<div class=\"dem-date\" title=\"D\u00e9but\">\n\t\t\t<span class=\"dem-begin-date\">8 d\u00e9cembre 2020<\/span> - <span class=\"dem-end-date\" title=\"Fin\">10 d\u00e9cembre 2020<\/span>\n\t\t<\/div>\n\t\t\n\t\t<div>Les votes sont clos<\/div>\n\t\t\n\t<\/div>\n\t\n<\/div><\/div><noscript>Poll Options are limited because JavaScript is disabled in your browser.<\/noscript><div class=\"dem-loader\"><div><style type=\"text\/css\">\n.dem-circle {\n  width:100%;\n  height:100%;\n  min-width:40px;\n  min-height:40px;\n  max-width:70px;\n  max-height:70px;\n\n  position: relative;\n  margin: 0 auto;\n}\n\n.double-bounce1, .double-bounce2 {\n  width: 100%;\n  height: 100%;\n  border-radius: 50%;\n  background-color: #226ec6;\n  opacity: 0.6;\n  position: absolute;\n  top: 0;\n  left: 0;\n  \n  -webkit-animation: bounce 2.0s infinite ease-in-out;\n  animation: bounce 2.0s infinite ease-in-out;\n}\n\n.double-bounce2 {\n  -webkit-animation-delay: -1.0s;\n  animation-delay: -1.0s;\n}\n\n@-webkit-keyframes bounce {\n  0%, 100% { -webkit-transform: scale(0.0) }\n  50% { -webkit-transform: scale(1.0) }\n}\n\n@keyframes bounce {\n  0%, 100% { \n    transform: scale(0.0);\n    -webkit-transform: scale(0.0);\n  } 50% { \n    transform: scale(1.0);\n    -webkit-transform: scale(1.0);\n  }\n}<\/style>\n\n<div class=\"dem-circle\">\n  <div class=\"double-bounce1 css-fill\"><\/div>\n  <div class=\"double-bounce2 css-fill\"><\/div>\n<\/div><\/div><\/div><\/div><!--democracy--><\/div>\n<div class=\"dem-poll-shortcode\"><div id=\"democracy-642\" class=\"democracy\" data-opts='{\"ajax_url\":\"https:\\\/\\\/dicodusport.fr\\\/blog\\\/wp-admin\\\/admin-ajax.php\",\"pid\":642,\"max_answs\":0,\"answs_max_height\":\"-1\",\"anim_speed\":\"400\",\"line_anim_speed\":1500}' ><strong class=\"dem-poll-title\">Choisissez votre talonneur de l'ann\u00e9e 2020<\/strong><div class=\"dem-screen voted\"><ul class=\"dem-answers\" data-voted-class=\"dem-voted-this\" data-voted-txt=\"(Votre vote)\">\n\t<li  class=\"dem-winner\" title=\"2964 voix - 64% des votes\" data-aid=\"2955\">\n\t<div class=\"dem-label\">Julien Marchand (Toulouse)  <span class=\"dem-label-percent-txt\">64%, 2964 <span class=\"votxt\">voix<\/span><\/span><\/div>\n\t<div class=\"dem-graph\">\n\t\t<div class=\"dem-fill\" data-width=\"100%\"><\/div>\n\t\t<div class=\"dem-votes-txt\">\n\t\t\t<span class=\"dem-votes-txt-votes\">2964 <span class=\"votxt\">voix<\/span><\/span>\n\t\t\t<span class=\"dem-votes-txt-percent\">64%<\/span>\n\t\t<\/div>\n\t\t<div class=\"dem-percent-txt\">2964 voix - 64% des votes<\/div>\n\t<\/div>\n<\/li><li  title=\"1582 voix - 34% des votes\" data-aid=\"2954\">\n\t<div class=\"dem-label\">Camille Chat (Racing 92)  <span class=\"dem-label-percent-txt\">34%, 1582 <span class=\"votxt\">voix<\/span><\/span><\/div>\n\t<div class=\"dem-graph\">\n\t\t<div class=\"dem-fill\" data-width=\"53%\"><\/div>\n\t\t<div class=\"dem-votes-txt\">\n\t\t\t<span class=\"dem-votes-txt-votes\">1582 <span class=\"votxt\">voix<\/span><\/span>\n\t\t\t<span class=\"dem-votes-txt-percent\">34%<\/span>\n\t\t<\/div>\n\t\t<div class=\"dem-percent-txt\">1582 voix - 34% des votes<\/div>\n\t<\/div>\n<\/li><li  title=\"58 voix - 1% des votes\" data-aid=\"2956\">\n\t<div class=\"dem-label\">Peato Mauvaka (Toulouse)  <span class=\"dem-label-percent-txt\">1%, 58 <span class=\"votxt\">voix<\/span><\/span><\/div>\n\t<div class=\"dem-graph\">\n\t\t<div class=\"dem-fill\" data-width=\"2%\"><\/div>\n\t\t<div class=\"dem-votes-txt\">\n\t\t\t<span class=\"dem-votes-txt-votes\">58 <span class=\"votxt\">voix<\/span><\/span>\n\t\t\t<span class=\"dem-votes-txt-percent\">1%<\/span>\n\t\t<\/div>\n\t\t<div class=\"dem-percent-txt\">58 voix - 1% des votes<\/div>\n\t<\/div>\n<\/li>\n<\/ul>\n<div class=\"dem-bottom\">\n\t<div class=\"dem-poll-info\">\n\t\t<div class=\"dem-total-votes\">Total des votes : 4604<\/div>\n\t\t\n\t\t<div class=\"dem-date\" title=\"D\u00e9but\">\n\t\t\t<span class=\"dem-begin-date\">8 d\u00e9cembre 2020<\/span> - <span class=\"dem-end-date\" title=\"Fin\">10 d\u00e9cembre 2020<\/span>\n\t\t<\/div>\n\t\t\n\t\t<div>Les votes sont clos<\/div>\n\t\t\n\t<\/div>\n\t\n<\/div><\/div><noscript>Poll Options are limited because JavaScript is disabled in your browser.<\/noscript><\/div><!--democracy--><\/div>\n<div class=\"dem-poll-shortcode\"><div id=\"democracy-643\" class=\"democracy\" data-opts='{\"ajax_url\":\"https:\\\/\\\/dicodusport.fr\\\/blog\\\/wp-admin\\\/admin-ajax.php\",\"pid\":643,\"max_answs\":0,\"answs_max_height\":\"-1\",\"anim_speed\":\"400\",\"line_anim_speed\":1500}' ><strong class=\"dem-poll-title\">Choisissez votre pilier droit de l'ann\u00e9e 2020<\/strong><div class=\"dem-screen voted\"><ul class=\"dem-answers\" data-voted-class=\"dem-voted-this\" data-voted-txt=\"(Votre vote)\">\n\t<li  class=\"dem-winner\" title=\"2579 voix - 57% des votes\" data-aid=\"2959\">\n\t<div class=\"dem-label\">Mohamed Haouas (Montpellier)  <span class=\"dem-label-percent-txt\">57%, 2579 <span class=\"votxt\">voix<\/span><\/span><\/div>\n\t<div class=\"dem-graph\">\n\t\t<div class=\"dem-fill\" data-width=\"100%\"><\/div>\n\t\t<div class=\"dem-votes-txt\">\n\t\t\t<span class=\"dem-votes-txt-votes\">2579 <span class=\"votxt\">voix<\/span><\/span>\n\t\t\t<span class=\"dem-votes-txt-percent\">57%<\/span>\n\t\t<\/div>\n\t\t<div class=\"dem-percent-txt\">2579 voix - 57% des votes<\/div>\n\t<\/div>\n<\/li><li  title=\"1342 voix - 29% des votes\" data-aid=\"2958\">\n\t<div class=\"dem-label\">Demba Bamba (LOU)  <span class=\"dem-label-percent-txt\">29%, 1342 <span class=\"votxt\">voix<\/span><\/span><\/div>\n\t<div class=\"dem-graph\">\n\t\t<div class=\"dem-fill\" data-width=\"52%\"><\/div>\n\t\t<div class=\"dem-votes-txt\">\n\t\t\t<span class=\"dem-votes-txt-votes\">1342 <span class=\"votxt\">voix<\/span><\/span>\n\t\t\t<span class=\"dem-votes-txt-percent\">29%<\/span>\n\t\t<\/div>\n\t\t<div class=\"dem-percent-txt\">1342 voix - 29% des votes<\/div>\n\t<\/div>\n<\/li><li  title=\"637 voix - 14% des votes\" data-aid=\"2957\">\n\t<div class=\"dem-label\">Dorian Aldegheri (Toulouse)  <span class=\"dem-label-percent-txt\">14%, 637 <span class=\"votxt\">voix<\/span><\/span><\/div>\n\t<div class=\"dem-graph\">\n\t\t<div class=\"dem-fill\" data-width=\"25%\"><\/div>\n\t\t<div class=\"dem-votes-txt\">\n\t\t\t<span class=\"dem-votes-txt-votes\">637 <span class=\"votxt\">voix<\/span><\/span>\n\t\t\t<span class=\"dem-votes-txt-percent\">14%<\/span>\n\t\t<\/div>\n\t\t<div class=\"dem-percent-txt\">637 voix - 14% des votes<\/div>\n\t<\/div>\n<\/li>\n<\/ul>\n<div class=\"dem-bottom\">\n\t<div class=\"dem-poll-info\">\n\t\t<div class=\"dem-total-votes\">Total des votes : 4558<\/div>\n\t\t\n\t\t<div class=\"dem-date\" title=\"D\u00e9but\">\n\t\t\t<span class=\"dem-begin-date\">8 d\u00e9cembre 2020<\/span> - <span class=\"dem-end-date\" title=\"Fin\">10 d\u00e9cembre 2020<\/span>\n\t\t<\/div>\n\t\t\n\t\t<div>Les votes sont clos<\/div>\n\t\t\n\t<\/div>\n\t\n<\/div><\/div><noscript>Poll Options are limited because JavaScript is disabled in your browser.<\/noscript><\/div><!--democracy--><\/div>\n<div class=\"dem-poll-shortcode\"><div id=\"democracy-644\" class=\"democracy\" data-opts='{\"ajax_url\":\"https:\\\/\\\/dicodusport.fr\\\/blog\\\/wp-admin\\\/admin-ajax.php\",\"pid\":644,\"max_answs\":2,\"answs_max_height\":\"-1\",\"anim_speed\":\"400\",\"line_anim_speed\":1500}' ><strong class=\"dem-poll-title\">Choisissez votre deuxi\u00e8me ligne de l'ann\u00e9e 2020 (Deux choix possibles)<\/strong><div class=\"dem-screen voted\"><ul class=\"dem-answers\" data-voted-class=\"dem-voted-this\" data-voted-txt=\"(Votre vote)\">\n\t<li  class=\"dem-winner\" title=\"4068 voix - 51% des votes\" data-aid=\"2961\">\n\t<div class=\"dem-label\">Bernard Le Roux (Racing 92)  <span class=\"dem-label-percent-txt\">51%, 4068 <span class=\"votxt\">voix<\/span><\/span><\/div>\n\t<div class=\"dem-graph\">\n\t\t<div class=\"dem-fill\" data-width=\"100%\"><\/div>\n\t\t<div class=\"dem-votes-txt\">\n\t\t\t<span class=\"dem-votes-txt-votes\">4068 <span class=\"votxt\">voix<\/span><\/span>\n\t\t\t<span class=\"dem-votes-txt-percent\">51%<\/span>\n\t\t<\/div>\n\t\t<div class=\"dem-percent-txt\">4068 voix - 51% des votes<\/div>\n\t<\/div>\n<\/li><li  title=\"1884 voix - 24% des votes\" data-aid=\"2963\">\n\t<div class=\"dem-label\">Paul Willemse (Montpellier)  <span class=\"dem-label-percent-txt\">24%, 1884 <span class=\"votxt\">voix<\/span><\/span><\/div>\n\t<div class=\"dem-graph\">\n\t\t<div class=\"dem-fill\" data-width=\"46%\"><\/div>\n\t\t<div class=\"dem-votes-txt\">\n\t\t\t<span class=\"dem-votes-txt-votes\">1884 <span class=\"votxt\">voix<\/span><\/span>\n\t\t\t<span class=\"dem-votes-txt-percent\">24%<\/span>\n\t\t<\/div>\n\t\t<div class=\"dem-percent-txt\">1884 voix - 24% des votes<\/div>\n\t<\/div>\n<\/li><li  title=\"1074 voix - 13% des votes\" data-aid=\"2962\">\n\t<div class=\"dem-label\">Baptiste Pesenti (Pau)  <span class=\"dem-label-percent-txt\">13%, 1074 <span class=\"votxt\">voix<\/span><\/span><\/div>\n\t<div class=\"dem-graph\">\n\t\t<div class=\"dem-fill\" data-width=\"26%\"><\/div>\n\t\t<div class=\"dem-votes-txt\">\n\t\t\t<span class=\"dem-votes-txt-votes\">1074 <span class=\"votxt\">voix<\/span><\/span>\n\t\t\t<span class=\"dem-votes-txt-percent\">13%<\/span>\n\t\t<\/div>\n\t\t<div class=\"dem-percent-txt\">1074 voix - 13% des votes<\/div>\n\t<\/div>\n<\/li><li  title=\"941 voix - 12% des votes\" data-aid=\"2960\">\n\t<div class=\"dem-label\">Killian Geraci (LOU)  <span class=\"dem-label-percent-txt\">12%, 941 <span class=\"votxt\">voix<\/span><\/span><\/div>\n\t<div class=\"dem-graph\">\n\t\t<div class=\"dem-fill\" data-width=\"23%\"><\/div>\n\t\t<div class=\"dem-votes-txt\">\n\t\t\t<span class=\"dem-votes-txt-votes\">941 <span class=\"votxt\">voix<\/span><\/span>\n\t\t\t<span class=\"dem-votes-txt-percent\">12%<\/span>\n\t\t<\/div>\n\t\t<div class=\"dem-percent-txt\">941 voix - 12% des votes<\/div>\n\t<\/div>\n<\/li>\n<\/ul>\n<div class=\"dem-bottom\">\n\t<div class=\"dem-poll-info\">\n\t\t<div class=\"dem-total-votes\">Total des votes : 7967<\/div>\n\t\t<div class=\"dem-users-voted\">Votants : 4548<\/div>\n\t\t<div class=\"dem-date\" title=\"D\u00e9but\">\n\t\t\t<span class=\"dem-begin-date\">8 d\u00e9cembre 2020<\/span> - <span class=\"dem-end-date\" title=\"Fin\">10 d\u00e9cembre 2020<\/span>\n\t\t<\/div>\n\t\t\n\t\t<div>Les votes sont clos<\/div>\n\t\t\n\t<\/div>\n\t\n<\/div><\/div><noscript>Poll Options are limited because JavaScript is disabled in your browser.<\/noscript><\/div><!--democracy--><\/div>\n<div class=\"dem-poll-shortcode\"><div id=\"democracy-645\" class=\"democracy\" data-opts='{\"ajax_url\":\"https:\\\/\\\/dicodusport.fr\\\/blog\\\/wp-admin\\\/admin-ajax.php\",\"pid\":645,\"max_answs\":2,\"answs_max_height\":\"-1\",\"anim_speed\":\"400\",\"line_anim_speed\":1500}' ><strong class=\"dem-poll-title\">Choisissez vos troisi\u00e8mes lignes ailes de l'ann\u00e9e 2020 (Deux choix possibles)<\/strong><div class=\"dem-screen voted\"><ul class=\"dem-answers\" data-voted-class=\"dem-voted-this\" data-voted-txt=\"(Votre vote)\">\n\t<li  class=\"dem-winner\" title=\"4052 voix - 46% des votes\" data-aid=\"2968\">\n\t<div class=\"dem-label\">Charles Ollivon (Toulon)  <span class=\"dem-label-percent-txt\">46%, 4052 <span class=\"votxt\">voix<\/span><\/span><\/div>\n\t<div class=\"dem-graph\">\n\t\t<div class=\"dem-fill\" data-width=\"100%\"><\/div>\n\t\t<div class=\"dem-votes-txt\">\n\t\t\t<span class=\"dem-votes-txt-votes\">4052 <span class=\"votxt\">voix<\/span><\/span>\n\t\t\t<span class=\"dem-votes-txt-percent\">46%<\/span>\n\t\t<\/div>\n\t\t<div class=\"dem-percent-txt\">4052 voix - 46% des votes<\/div>\n\t<\/div>\n<\/li><li  title=\"2301 voix - 26% des votes\" data-aid=\"2965\">\n\t<div class=\"dem-label\">Fran\u00e7ois Cros (Toulouse)  <span class=\"dem-label-percent-txt\">26%, 2301 <span class=\"votxt\">voix<\/span><\/span><\/div>\n\t<div class=\"dem-graph\">\n\t\t<div class=\"dem-fill\" data-width=\"57%\"><\/div>\n\t\t<div class=\"dem-votes-txt\">\n\t\t\t<span class=\"dem-votes-txt-votes\">2301 <span class=\"votxt\">voix<\/span><\/span>\n\t\t\t<span class=\"dem-votes-txt-percent\">26%<\/span>\n\t\t<\/div>\n\t\t<div class=\"dem-percent-txt\">2301 voix - 26% des votes<\/div>\n\t<\/div>\n<\/li><li  title=\"1127 voix - 13% des votes\" data-aid=\"2966\">\n\t<div class=\"dem-label\">Anthony Jelonch (Castres)  <span class=\"dem-label-percent-txt\">13%, 1127 <span class=\"votxt\">voix<\/span><\/span><\/div>\n\t<div class=\"dem-graph\">\n\t\t<div class=\"dem-fill\" data-width=\"28%\"><\/div>\n\t\t<div class=\"dem-votes-txt\">\n\t\t\t<span class=\"dem-votes-txt-votes\">1127 <span class=\"votxt\">voix<\/span><\/span>\n\t\t\t<span class=\"dem-votes-txt-percent\">13%<\/span>\n\t\t<\/div>\n\t\t<div class=\"dem-percent-txt\">1127 voix - 13% des votes<\/div>\n\t<\/div>\n<\/li><li  title=\"673 voix - 8% des votes\" data-aid=\"2969\">\n\t<div class=\"dem-label\">Cameron Woki (UBB)  <span class=\"dem-label-percent-txt\">8%, 673 <span class=\"votxt\">voix<\/span><\/span><\/div>\n\t<div class=\"dem-graph\">\n\t\t<div class=\"dem-fill\" data-width=\"17%\"><\/div>\n\t\t<div class=\"dem-votes-txt\">\n\t\t\t<span class=\"dem-votes-txt-votes\">673 <span class=\"votxt\">voix<\/span><\/span>\n\t\t\t<span class=\"dem-votes-txt-percent\">8%<\/span>\n\t\t<\/div>\n\t\t<div class=\"dem-percent-txt\">673 voix - 8% des votes<\/div>\n\t<\/div>\n<\/li><li  title=\"425 voix - 5% des votes\" data-aid=\"2967\">\n\t<div class=\"dem-label\">Sekou Macalou (Stade Fran\u00e7ais)  <span class=\"dem-label-percent-txt\">5%, 425 <span class=\"votxt\">voix<\/span><\/span><\/div>\n\t<div class=\"dem-graph\">\n\t\t<div class=\"dem-fill\" data-width=\"10%\"><\/div>\n\t\t<div class=\"dem-votes-txt\">\n\t\t\t<span class=\"dem-votes-txt-votes\">425 <span class=\"votxt\">voix<\/span><\/span>\n\t\t\t<span class=\"dem-votes-txt-percent\">5%<\/span>\n\t\t<\/div>\n\t\t<div class=\"dem-percent-txt\">425 voix - 5% des votes<\/div>\n\t<\/div>\n<\/li><li  title=\"160 voix - 2% des votes\" data-aid=\"2964\">\n\t<div class=\"dem-label\">Dylan Cretin (LOU)  <span class=\"dem-label-percent-txt\">2%, 160 <span class=\"votxt\">voix<\/span><\/span><\/div>\n\t<div class=\"dem-graph\">\n\t\t<div class=\"dem-fill\" data-width=\"4%\"><\/div>\n\t\t<div class=\"dem-votes-txt\">\n\t\t\t<span class=\"dem-votes-txt-votes\">160 <span class=\"votxt\">voix<\/span><\/span>\n\t\t\t<span class=\"dem-votes-txt-percent\">2%<\/span>\n\t\t<\/div>\n\t\t<div class=\"dem-percent-txt\">160 voix - 2% des votes<\/div>\n\t<\/div>\n<\/li>\n<\/ul>\n<div class=\"dem-bottom\">\n\t<div class=\"dem-poll-info\">\n\t\t<div class=\"dem-total-votes\">Total des votes : 8738<\/div>\n\t\t<div class=\"dem-users-voted\">Votants : 4520<\/div>\n\t\t<div class=\"dem-date\" title=\"D\u00e9but\">\n\t\t\t<span class=\"dem-begin-date\">8 d\u00e9cembre 2020<\/span> - <span class=\"dem-end-date\" title=\"Fin\">10 d\u00e9cembre 2020<\/span>\n\t\t<\/div>\n\t\t\n\t\t<div>Les votes sont clos<\/div>\n\t\t\n\t<\/div>\n\t\n<\/div><\/div><noscript>Poll Options are limited because JavaScript is disabled in your browser.<\/noscript><\/div><!--democracy--><\/div>\n<div class=\"dem-poll-shortcode\"><div id=\"democracy-646\" class=\"democracy\" data-opts='{\"ajax_url\":\"https:\\\/\\\/dicodusport.fr\\\/blog\\\/wp-admin\\\/admin-ajax.php\",\"pid\":646,\"max_answs\":0,\"answs_max_height\":\"-1\",\"anim_speed\":\"400\",\"line_anim_speed\":1500}' ><strong class=\"dem-poll-title\">Choisissez votre troisi\u00e8me ligne centre de l'ann\u00e9e 2020<\/strong><div class=\"dem-screen voted\"><ul class=\"dem-answers\" data-voted-class=\"dem-voted-this\" data-voted-txt=\"(Votre vote)\">\n\t<li  class=\"dem-winner\" title=\"4320 voix - 96% des votes\" data-aid=\"2970\">\n\t<div class=\"dem-label\">Gr\u00e9gory Alldritt (Stade Rochelais)  <span class=\"dem-label-percent-txt\">96%, 4320 <span class=\"votxt\">voix<\/span><\/span><\/div>\n\t<div class=\"dem-graph\">\n\t\t<div class=\"dem-fill\" data-width=\"100%\"><\/div>\n\t\t<div class=\"dem-votes-txt\">\n\t\t\t<span class=\"dem-votes-txt-votes\">4320 <span class=\"votxt\">voix<\/span><\/span>\n\t\t\t<span class=\"dem-votes-txt-percent\">96%<\/span>\n\t\t<\/div>\n\t\t<div class=\"dem-percent-txt\">4320 voix - 96% des votes<\/div>\n\t<\/div>\n<\/li><li  title=\"181 voix - 4% des votes\" data-aid=\"2971\">\n\t<div class=\"dem-label\">Selevasio Tolofua (Toulouse)  <span class=\"dem-label-percent-txt\">4%, 181 <span class=\"votxt\">voix<\/span><\/span><\/div>\n\t<div class=\"dem-graph\">\n\t\t<div class=\"dem-fill\" data-width=\"4%\"><\/div>\n\t\t<div class=\"dem-votes-txt\">\n\t\t\t<span class=\"dem-votes-txt-votes\">181 <span class=\"votxt\">voix<\/span><\/span>\n\t\t\t<span class=\"dem-votes-txt-percent\">4%<\/span>\n\t\t<\/div>\n\t\t<div class=\"dem-percent-txt\">181 voix - 4% des votes<\/div>\n\t<\/div>\n<\/li>\n<\/ul>\n<div class=\"dem-bottom\">\n\t<div class=\"dem-poll-info\">\n\t\t<div class=\"dem-total-votes\">Total des votes : 4501<\/div>\n\t\t\n\t\t<div class=\"dem-date\" title=\"D\u00e9but\">\n\t\t\t<span class=\"dem-begin-date\">8 d\u00e9cembre 2020<\/span> - <span class=\"dem-end-date\" title=\"Fin\">10 d\u00e9cembre 2020<\/span>\n\t\t<\/div>\n\t\t\n\t\t<div>Les votes sont clos<\/div>\n\t\t\n\t<\/div>\n\t\n<\/div><\/div><noscript>Poll Options are limited because JavaScript is disabled in your browser.<\/noscript><\/div><!--democracy--><\/div>\n<p style=\"text-align: center;\"><a href=\"http:\/\/dicodusport.fr\/blog\/composez-votre-xv-de-france-de-l-annee-2020\/2\/#arrieres\" class=\"su-button su-button-style-flat\" style=\"color:#FFFFFF;background-color:#005f9b;border-color:#004c7c;border-radius:4px\" target=\"_self\"><span style=\"color:#FFFFFF;padding:0px 26px;font-size:20px;line-height:40px;border-color:#4d8fb9;border-radius:4px;text-shadow:none\"> Choisir la charni\u00e8re et les trois-quarts<\/span><\/a><!--nextpage--><\/p>\n<h2 style=\"text-align: justify;\"><a id=\"arrieres\"><\/a>Formez votre charni\u00e8re et votre ligne de trois-quarts<\/h2>\n<div class=\"dem-poll-shortcode\"><div id=\"democracy-647\" class=\"democracy\" data-opts='{\"ajax_url\":\"https:\\\/\\\/dicodusport.fr\\\/blog\\\/wp-admin\\\/admin-ajax.php\",\"pid\":647,\"max_answs\":0,\"answs_max_height\":\"-1\",\"anim_speed\":\"400\",\"line_anim_speed\":1500}' ><strong class=\"dem-poll-title\">Choisissez votre demi de m\u00eal\u00e9e de l'ann\u00e9e 2020<\/strong><div class=\"dem-screen voted\"><ul class=\"dem-answers\" data-voted-class=\"dem-voted-this\" data-voted-txt=\"(Votre vote)\">\n\t<li  class=\"dem-winner\" title=\"4025 voix - 98% des votes\" data-aid=\"2973\">\n\t<div class=\"dem-label\">Antoine Dupont (Toulouse)  <span class=\"dem-label-percent-txt\">98%, 4025 <span class=\"votxt\">voix<\/span><\/span><\/div>\n\t<div class=\"dem-graph\">\n\t\t<div class=\"dem-fill\" data-width=\"100%\"><\/div>\n\t\t<div class=\"dem-votes-txt\">\n\t\t\t<span class=\"dem-votes-txt-votes\">4025 <span class=\"votxt\">voix<\/span><\/span>\n\t\t\t<span class=\"dem-votes-txt-percent\">98%<\/span>\n\t\t<\/div>\n\t\t<div class=\"dem-percent-txt\">4025 voix - 98% des votes<\/div>\n\t<\/div>\n<\/li><li  title=\"51 voix - 1% des votes\" data-aid=\"2974\">\n\t<div class=\"dem-label\">Baptiste Serin (Toulon)  <span class=\"dem-label-percent-txt\">1%, 51 <span class=\"votxt\">voix<\/span><\/span><\/div>\n\t<div class=\"dem-graph\">\n\t\t<div class=\"dem-fill\" data-width=\"1%\"><\/div>\n\t\t<div class=\"dem-votes-txt\">\n\t\t\t<span class=\"dem-votes-txt-votes\">51 <span class=\"votxt\">voix<\/span><\/span>\n\t\t\t<span class=\"dem-votes-txt-percent\">1%<\/span>\n\t\t<\/div>\n\t\t<div class=\"dem-percent-txt\">51 voix - 1% des votes<\/div>\n\t<\/div>\n<\/li><li  title=\"38 voix - 1% des votes\" data-aid=\"2972\">\n\t<div class=\"dem-label\">Baptiste Couilloud (LOU)  <span class=\"dem-label-percent-txt\">1%, 38 <span class=\"votxt\">voix<\/span><\/span><\/div>\n\t<div class=\"dem-graph\">\n\t\t<div class=\"dem-fill\" data-width=\"1%\"><\/div>\n\t\t<div class=\"dem-votes-txt\">\n\t\t\t<span class=\"dem-votes-txt-votes\">38 <span class=\"votxt\">voix<\/span><\/span>\n\t\t\t<span class=\"dem-votes-txt-percent\">1%<\/span>\n\t\t<\/div>\n\t\t<div class=\"dem-percent-txt\">38 voix - 1% des votes<\/div>\n\t<\/div>\n<\/li>\n<\/ul>\n<div class=\"dem-bottom\">\n\t<div class=\"dem-poll-info\">\n\t\t<div class=\"dem-total-votes\">Total des votes : 4114<\/div>\n\t\t\n\t\t<div class=\"dem-date\" title=\"D\u00e9but\">\n\t\t\t<span class=\"dem-begin-date\">8 d\u00e9cembre 2020<\/span> - <span class=\"dem-end-date\" title=\"Fin\">10 d\u00e9cembre 2020<\/span>\n\t\t<\/div>\n\t\t\n\t\t<div>Les votes sont clos<\/div>\n\t\t\n\t<\/div>\n\t\n<\/div><\/div><noscript>Poll Options are limited because JavaScript is disabled in your browser.<\/noscript><\/div><!--democracy--><\/div>\n<div class=\"dem-poll-shortcode\"><div id=\"democracy-648\" class=\"democracy\" data-opts='{\"ajax_url\":\"https:\\\/\\\/dicodusport.fr\\\/blog\\\/wp-admin\\\/admin-ajax.php\",\"pid\":648,\"max_answs\":0,\"answs_max_height\":\"-1\",\"anim_speed\":\"400\",\"line_anim_speed\":1500}' ><strong class=\"dem-poll-title\">Choisissez votre demi d'ouverture de l'ann\u00e9e 2020<\/strong><div class=\"dem-screen voted\"><ul class=\"dem-answers\" data-voted-class=\"dem-voted-this\" data-voted-txt=\"(Votre vote)\">\n\t<li  class=\"dem-winner\" title=\"3926 voix - 96% des votes\" data-aid=\"2976\">\n\t<div class=\"dem-label\">Romain Ntamack (Toulouse)  <span class=\"dem-label-percent-txt\">96%, 3926 <span class=\"votxt\">voix<\/span><\/span><\/div>\n\t<div class=\"dem-graph\">\n\t\t<div class=\"dem-fill\" data-width=\"100%\"><\/div>\n\t\t<div class=\"dem-votes-txt\">\n\t\t\t<span class=\"dem-votes-txt-votes\">3926 <span class=\"votxt\">voix<\/span><\/span>\n\t\t\t<span class=\"dem-votes-txt-percent\">96%<\/span>\n\t\t<\/div>\n\t\t<div class=\"dem-percent-txt\">3926 voix - 96% des votes<\/div>\n\t<\/div>\n<\/li><li  title=\"169 voix - 4% des votes\" data-aid=\"2975\">\n\t<div class=\"dem-label\">Matthieu Jalibert (UBB)  <span class=\"dem-label-percent-txt\">4%, 169 <span class=\"votxt\">voix<\/span><\/span><\/div>\n\t<div class=\"dem-graph\">\n\t\t<div class=\"dem-fill\" data-width=\"4%\"><\/div>\n\t\t<div class=\"dem-votes-txt\">\n\t\t\t<span class=\"dem-votes-txt-votes\">169 <span class=\"votxt\">voix<\/span><\/span>\n\t\t\t<span class=\"dem-votes-txt-percent\">4%<\/span>\n\t\t<\/div>\n\t\t<div class=\"dem-percent-txt\">169 voix - 4% des votes<\/div>\n\t<\/div>\n<\/li>\n<\/ul>\n<div class=\"dem-bottom\">\n\t<div class=\"dem-poll-info\">\n\t\t<div class=\"dem-total-votes\">Total des votes : 4095<\/div>\n\t\t\n\t\t<div class=\"dem-date\" title=\"D\u00e9but\">\n\t\t\t<span class=\"dem-begin-date\">8 d\u00e9cembre 2020<\/span> - <span class=\"dem-end-date\" title=\"Fin\">10 d\u00e9cembre 2020<\/span>\n\t\t<\/div>\n\t\t\n\t\t<div>Les votes sont clos<\/div>\n\t\t\n\t<\/div>\n\t\n<\/div><\/div><noscript>Poll Options are limited because JavaScript is disabled in your browser.<\/noscript><\/div><!--democracy--><\/div>\n<div class=\"dem-poll-shortcode\"><div id=\"democracy-649\" class=\"democracy\" data-opts='{\"ajax_url\":\"https:\\\/\\\/dicodusport.fr\\\/blog\\\/wp-admin\\\/admin-ajax.php\",\"pid\":649,\"max_answs\":2,\"answs_max_height\":\"-1\",\"anim_speed\":\"400\",\"line_anim_speed\":1500}' ><strong class=\"dem-poll-title\">Choisissez votre paire de centres de l'ann\u00e9e 2020 (Deux choix possibles)<\/strong><div class=\"dem-screen voted\"><ul class=\"dem-answers\" data-voted-class=\"dem-voted-this\" data-voted-txt=\"(Votre vote)\">\n\t<li  class=\"dem-winner\" title=\"3837 voix - 47% des votes\" data-aid=\"2980\">\n\t<div class=\"dem-label\">Virimi Vakatawa (Racing 92)  <span class=\"dem-label-percent-txt\">47%, 3837 <span class=\"votxt\">voix<\/span><\/span><\/div>\n\t<div class=\"dem-graph\">\n\t\t<div class=\"dem-fill\" data-width=\"100%\"><\/div>\n\t\t<div class=\"dem-votes-txt\">\n\t\t\t<span class=\"dem-votes-txt-votes\">3837 <span class=\"votxt\">voix<\/span><\/span>\n\t\t\t<span class=\"dem-votes-txt-percent\">47%<\/span>\n\t\t<\/div>\n\t\t<div class=\"dem-percent-txt\">3837 voix - 47% des votes<\/div>\n\t<\/div>\n<\/li><li  title=\"3304 voix - 41% des votes\" data-aid=\"2978\">\n\t<div class=\"dem-label\">Ga\u00ebl Fickou (Stade Fran\u00e7ais)  <span class=\"dem-label-percent-txt\">41%, 3304 <span class=\"votxt\">voix<\/span><\/span><\/div>\n\t<div class=\"dem-graph\">\n\t\t<div class=\"dem-fill\" data-width=\"86%\"><\/div>\n\t\t<div class=\"dem-votes-txt\">\n\t\t\t<span class=\"dem-votes-txt-votes\">3304 <span class=\"votxt\">voix<\/span><\/span>\n\t\t\t<span class=\"dem-votes-txt-percent\">41%<\/span>\n\t\t<\/div>\n\t\t<div class=\"dem-percent-txt\">3304 voix - 41% des votes<\/div>\n\t<\/div>\n<\/li><li  title=\"461 voix - 6% des votes\" data-aid=\"2979\">\n\t<div class=\"dem-label\">Yoram Moefana (UBB)  <span class=\"dem-label-percent-txt\">6%, 461 <span class=\"votxt\">voix<\/span><\/span><\/div>\n\t<div class=\"dem-graph\">\n\t\t<div class=\"dem-fill\" data-width=\"12%\"><\/div>\n\t\t<div class=\"dem-votes-txt\">\n\t\t\t<span class=\"dem-votes-txt-votes\">461 <span class=\"votxt\">voix<\/span><\/span>\n\t\t\t<span class=\"dem-votes-txt-percent\">6%<\/span>\n\t\t<\/div>\n\t\t<div class=\"dem-percent-txt\">461 voix - 6% des votes<\/div>\n\t<\/div>\n<\/li><li  title=\"320 voix - 4% des votes\" data-aid=\"2988\">\n\t<div class=\"dem-label\">Arthur Vincent (Montpellier)  <span class=\"dem-label-percent-txt\">4%, 320 <span class=\"votxt\">voix<\/span><\/span><\/div>\n\t<div class=\"dem-graph\">\n\t\t<div class=\"dem-fill\" data-width=\"8%\"><\/div>\n\t\t<div class=\"dem-votes-txt\">\n\t\t\t<span class=\"dem-votes-txt-votes\">320 <span class=\"votxt\">voix<\/span><\/span>\n\t\t\t<span class=\"dem-votes-txt-percent\">4%<\/span>\n\t\t<\/div>\n\t\t<div class=\"dem-percent-txt\">320 voix - 4% des votes<\/div>\n\t<\/div>\n<\/li><li  title=\"231 voix - 3% des votes\" data-aid=\"2977\">\n\t<div class=\"dem-label\">Jonathan Danty (Stade Fran\u00e7ais)  <span class=\"dem-label-percent-txt\">3%, 231 <span class=\"votxt\">voix<\/span><\/span><\/div>\n\t<div class=\"dem-graph\">\n\t\t<div class=\"dem-fill\" data-width=\"6%\"><\/div>\n\t\t<div class=\"dem-votes-txt\">\n\t\t\t<span class=\"dem-votes-txt-votes\">231 <span class=\"votxt\">voix<\/span><\/span>\n\t\t\t<span class=\"dem-votes-txt-percent\">3%<\/span>\n\t\t<\/div>\n\t\t<div class=\"dem-percent-txt\">231 voix - 3% des votes<\/div>\n\t<\/div>\n<\/li>\n<\/ul>\n<div class=\"dem-bottom\">\n\t<div class=\"dem-poll-info\">\n\t\t<div class=\"dem-total-votes\">Total des votes : 8153<\/div>\n\t\t<div class=\"dem-users-voted\">Votants : 4130<\/div>\n\t\t<div class=\"dem-date\" title=\"D\u00e9but\">\n\t\t\t<span class=\"dem-begin-date\">8 d\u00e9cembre 2020<\/span> - <span class=\"dem-end-date\" title=\"Fin\">10 d\u00e9cembre 2020<\/span>\n\t\t<\/div>\n\t\t\n\t\t<div>Les votes sont clos<\/div>\n\t\t\n\t<\/div>\n\t\n<\/div><\/div><noscript>Poll Options are limited because JavaScript is disabled in your browser.<\/noscript><\/div><!--democracy--><\/div>\n<div class=\"dem-poll-shortcode\"><div id=\"democracy-650\" class=\"democracy\" data-opts='{\"ajax_url\":\"https:\\\/\\\/dicodusport.fr\\\/blog\\\/wp-admin\\\/admin-ajax.php\",\"pid\":650,\"max_answs\":2,\"answs_max_height\":\"-1\",\"anim_speed\":\"400\",\"line_anim_speed\":1500}' ><strong class=\"dem-poll-title\">Choisissez vos ailiers de l'ann\u00e9e 2020 (Deux choix possibles)<\/strong><div class=\"dem-screen voted\"><ul class=\"dem-answers\" data-voted-class=\"dem-voted-this\" data-voted-txt=\"(Votre vote)\">\n\t<li  class=\"dem-winner\" title=\"3455 voix - 43% des votes\" data-aid=\"2984\">\n\t<div class=\"dem-label\">Gabin Villi\u00e8re (Toulon)  <span class=\"dem-label-percent-txt\">43%, 3455 <span class=\"votxt\">voix<\/span><\/span><\/div>\n\t<div class=\"dem-graph\">\n\t\t<div class=\"dem-fill\" data-width=\"100%\"><\/div>\n\t\t<div class=\"dem-votes-txt\">\n\t\t\t<span class=\"dem-votes-txt-votes\">3455 <span class=\"votxt\">voix<\/span><\/span>\n\t\t\t<span class=\"dem-votes-txt-percent\">43%<\/span>\n\t\t<\/div>\n\t\t<div class=\"dem-percent-txt\">3455 voix - 43% des votes<\/div>\n\t<\/div>\n<\/li><li  title=\"2418 voix - 30% des votes\" data-aid=\"2982\">\n\t<div class=\"dem-label\">Vincent Rattez (Montpellier)  <span class=\"dem-label-percent-txt\">30%, 2418 <span class=\"votxt\">voix<\/span><\/span><\/div>\n\t<div class=\"dem-graph\">\n\t\t<div class=\"dem-fill\" data-width=\"70%\"><\/div>\n\t\t<div class=\"dem-votes-txt\">\n\t\t\t<span class=\"dem-votes-txt-votes\">2418 <span class=\"votxt\">voix<\/span><\/span>\n\t\t\t<span class=\"dem-votes-txt-percent\">30%<\/span>\n\t\t<\/div>\n\t\t<div class=\"dem-percent-txt\">2418 voix - 30% des votes<\/div>\n\t<\/div>\n<\/li><li  title=\"1581 voix - 20% des votes\" data-aid=\"2983\">\n\t<div class=\"dem-label\">Teddy Thomas (Racing 92)  <span class=\"dem-label-percent-txt\">20%, 1581 <span class=\"votxt\">voix<\/span><\/span><\/div>\n\t<div class=\"dem-graph\">\n\t\t<div class=\"dem-fill\" data-width=\"46%\"><\/div>\n\t\t<div class=\"dem-votes-txt\">\n\t\t\t<span class=\"dem-votes-txt-votes\">1581 <span class=\"votxt\">voix<\/span><\/span>\n\t\t\t<span class=\"dem-votes-txt-percent\">20%<\/span>\n\t\t<\/div>\n\t\t<div class=\"dem-percent-txt\">1581 voix - 20% des votes<\/div>\n\t<\/div>\n<\/li><li  title=\"600 voix - 7% des votes\" data-aid=\"2981\">\n\t<div class=\"dem-label\">Alivereti Raka (Clermont)  <span class=\"dem-label-percent-txt\">7%, 600 <span class=\"votxt\">voix<\/span><\/span><\/div>\n\t<div class=\"dem-graph\">\n\t\t<div class=\"dem-fill\" data-width=\"17%\"><\/div>\n\t\t<div class=\"dem-votes-txt\">\n\t\t\t<span class=\"dem-votes-txt-votes\">600 <span class=\"votxt\">voix<\/span><\/span>\n\t\t\t<span class=\"dem-votes-txt-percent\">7%<\/span>\n\t\t<\/div>\n\t\t<div class=\"dem-percent-txt\">600 voix - 7% des votes<\/div>\n\t<\/div>\n<\/li>\n<\/ul>\n<div class=\"dem-bottom\">\n\t<div class=\"dem-poll-info\">\n\t\t<div class=\"dem-total-votes\">Total des votes : 8054<\/div>\n\t\t<div class=\"dem-users-voted\">Votants : 4118<\/div>\n\t\t<div class=\"dem-date\" title=\"D\u00e9but\">\n\t\t\t<span class=\"dem-begin-date\">8 d\u00e9cembre 2020<\/span> - <span class=\"dem-end-date\" title=\"Fin\">10 d\u00e9cembre 2020<\/span>\n\t\t<\/div>\n\t\t\n\t\t<div>Les votes sont clos<\/div>\n\t\t\n\t<\/div>\n\t\n<\/div><\/div><noscript>Poll Options are limited because JavaScript is disabled in your browser.<\/noscript><\/div><!--democracy--><\/div>\n<div class=\"dem-poll-shortcode\"><div id=\"democracy-651\" class=\"democracy\" data-opts='{\"ajax_url\":\"https:\\\/\\\/dicodusport.fr\\\/blog\\\/wp-admin\\\/admin-ajax.php\",\"pid\":651,\"max_answs\":0,\"answs_max_height\":\"-1\",\"anim_speed\":\"400\",\"line_anim_speed\":1500}' ><strong class=\"dem-poll-title\">Choisissez votre arri\u00e8re de l'ann\u00e9e 2020<\/strong><div class=\"dem-screen voted\"><ul class=\"dem-answers\" data-voted-class=\"dem-voted-this\" data-voted-txt=\"(Votre vote)\">\n\t<li  class=\"dem-winner\" title=\"2750 voix - 67% des votes\" data-aid=\"2986\">\n\t<div class=\"dem-label\">Brice Dulin (La Rochelle)  <span class=\"dem-label-percent-txt\">67%, 2750 <span class=\"votxt\">voix<\/span><\/span><\/div>\n\t<div class=\"dem-graph\">\n\t\t<div class=\"dem-fill\" data-width=\"100%\"><\/div>\n\t\t<div class=\"dem-votes-txt\">\n\t\t\t<span class=\"dem-votes-txt-votes\">2750 <span class=\"votxt\">voix<\/span><\/span>\n\t\t\t<span class=\"dem-votes-txt-percent\">67%<\/span>\n\t\t<\/div>\n\t\t<div class=\"dem-percent-txt\">2750 voix - 67% des votes<\/div>\n\t<\/div>\n<\/li><li  title=\"904 voix - 22% des votes\" data-aid=\"2985\">\n\t<div class=\"dem-label\">Anthony Bouthier (Montpellier)  <span class=\"dem-label-percent-txt\">22%, 904 <span class=\"votxt\">voix<\/span><\/span><\/div>\n\t<div class=\"dem-graph\">\n\t\t<div class=\"dem-fill\" data-width=\"33%\"><\/div>\n\t\t<div class=\"dem-votes-txt\">\n\t\t\t<span class=\"dem-votes-txt-votes\">904 <span class=\"votxt\">voix<\/span><\/span>\n\t\t\t<span class=\"dem-votes-txt-percent\">22%<\/span>\n\t\t<\/div>\n\t\t<div class=\"dem-percent-txt\">904 voix - 22% des votes<\/div>\n\t<\/div>\n<\/li><li  title=\"446 voix - 11% des votes\" data-aid=\"2987\">\n\t<div class=\"dem-label\">Thomas Ramos (Toulouse)  <span class=\"dem-label-percent-txt\">11%, 446 <span class=\"votxt\">voix<\/span><\/span><\/div>\n\t<div class=\"dem-graph\">\n\t\t<div class=\"dem-fill\" data-width=\"16%\"><\/div>\n\t\t<div class=\"dem-votes-txt\">\n\t\t\t<span class=\"dem-votes-txt-votes\">446 <span class=\"votxt\">voix<\/span><\/span>\n\t\t\t<span class=\"dem-votes-txt-percent\">11%<\/span>\n\t\t<\/div>\n\t\t<div class=\"dem-percent-txt\">446 voix - 11% des votes<\/div>\n\t<\/div>\n<\/li>\n<\/ul>\n<div class=\"dem-bottom\">\n\t<div class=\"dem-poll-info\">\n\t\t<div class=\"dem-total-votes\">Total des votes : 4100<\/div>\n\t\t\n\t\t<div class=\"dem-date\" title=\"D\u00e9but\">\n\t\t\t<span class=\"dem-begin-date\">8 d\u00e9cembre 2020<\/span> - <span class=\"dem-end-date\" title=\"Fin\">10 d\u00e9cembre 2020<\/span>\n\t\t<\/div>\n\t\t\n\t\t<div>Les votes sont clos<\/div>\n\t\t\n\t<\/div>\n\t\n<\/div><\/div><noscript>Poll Options are limited because JavaScript is disabled in your browser.<\/noscript><\/div><!--democracy--><\/div>\n<p style=\"text-align: center;\"><a href=\"http:\/\/dicodusport.fr\/blog\/composez-votre-xv-de-france-de-l-annee-2020\/\" class=\"su-button su-button-style-flat\" style=\"color:#FFFFFF;background-color:#005f9b;border-color:#004c7c;border-radius:4px\" target=\"_self\"><span style=\"color:#FFFFFF;padding:0px 26px;font-size:20px;line-height:40px;border-color:#4d8fb9;border-radius:4px;text-shadow:none\"> Revenir aux avants<\/span><\/a>\n<p><strong><em>Dicodusport<br \/>\n<a href=\"https:\/\/www.facebook.com\/dicodusport\/\" target=\"_blank\" rel=\"noopener noreferrer\"><img loading=\"lazy\" decoding=\"async\" class=\"alignnone wp-image-2909\" src=\"http:\/\/dicodusport.fr\/blog\/wp-content\/uploads\/2017\/07\/logo-facebook-150x150.png\" alt=\"\" width=\"40\" height=\"40\" \/><\/a><a href=\"https:\/\/twitter.com\/dicodusport\" target=\"_blank\" rel=\"noopener noreferrer\"><img loading=\"lazy\" decoding=\"async\" class=\"alignnone wp-image-2908\" src=\"http:\/\/dicodusport.fr\/blog\/wp-content\/uploads\/2017\/07\/logo-twitter-150x150.png\" alt=\"\" width=\"39\" height=\"39\" \/><\/a><\/em><\/strong><\/p>\n","protected":false},"excerpt":{"rendered":"<p>RUGBY &#8211; D\u00e9sormais 4\u00e8me au classement World Rugby, le XV de France a franchi un \u00e9norme cap en 2020, avec 8 victoires en 10 matchs au compteur. Nous vous donnons l&rsquo;occasion de composer votre XV de d\u00e9part de l&rsquo;ann\u00e9e, avec les joueurs qui ont marqu\u00e9 2020 dans les rangs bleus.<\/p>\n","protected":false},"author":4,"featured_media":92173,"comment_status":"open","ping_status":"closed","sticky":false,"template":"","format":"standard","meta":{"_acf_changed":false,"_daextam_enable_autolinks":"","footnotes":""},"categories":[9129,19951],"tags":[30,13,24,1638],"class_list":["post-92168","post","type-post","status-publish","format-standard","has-post-thumbnail","hentry","category-rugby-a-xv","category-xv-de-france","tag-france","tag-rugby","tag-sport","tag-xv-de-france"],"acf":[],"yoast_head":"<!-- This site is optimized with the Yoast SEO Premium plugin v26.7 (Yoast SEO v26.7) - https:\/\/yoast.com\/wordpress\/plugins\/seo\/ -->\n<title>Composez votre XV de France de l&#039;ann\u00e9e 2020<\/title>\n<meta name=\"description\" content=\"RUGBY - Nous vous donnons l&#039;occasion de composer votre XV de France de l&#039;ann\u00e9e 2020, avec les joueurs qui ont marqu\u00e9 les Bleus cette ann\u00e9e.\" \/>\n<meta name=\"robots\" content=\"index, follow, max-snippet:-1, max-image-preview:large, max-video-preview:-1\" \/>\n<link rel=\"canonical\" href=\"https:\/\/dicodusport.fr\/blog\/composez-votre-xv-de-france-de-l-annee-2020\/\" \/>\n<link rel=\"next\" href=\"https:\/\/dicodusport.fr\/blog\/composez-votre-xv-de-france-de-l-annee-2020\/2\/\" \/>\n<meta property=\"og:locale\" content=\"fr_FR\" \/>\n<meta property=\"og:type\" content=\"article\" \/>\n<meta property=\"og:title\" content=\"Composez votre XV de France de l&#039;ann\u00e9e 2020\" \/>\n<meta property=\"og:description\" content=\"RUGBY - Nous vous donnons l&#039;occasion de composer votre XV de France de l&#039;ann\u00e9e 2020, avec les joueurs qui ont marqu\u00e9 les Bleus cette ann\u00e9e.\" \/>\n<meta property=\"og:url\" content=\"https:\/\/dicodusport.fr\/blog\/composez-votre-xv-de-france-de-l-annee-2020\/\" \/>\n<meta property=\"og:site_name\" content=\"Dicodusport\" \/>\n<meta property=\"article:publisher\" content=\"https:\/\/www.facebook.com\/dicodusport\" \/>\n<meta property=\"article:author\" content=\"https:\/\/www.facebook.com\/florent.ostermann\" \/>\n<meta property=\"article:published_time\" content=\"2020-12-08T11:01:31+00:00\" \/>\n<meta property=\"article:modified_time\" content=\"2021-10-18T14:39:11+00:00\" \/>\n<meta property=\"og:image\" content=\"https:\/\/dicodusport.fr\/blog\/wp-content\/uploads\/2020\/12\/Composez-votre-XV-de-France-de-lann\u00e9e-2020.png\" \/>\n\t<meta property=\"og:image:width\" content=\"800\" \/>\n\t<meta property=\"og:image:height\" content=\"445\" \/>\n\t<meta property=\"og:image:type\" content=\"image\/png\" \/>\n<meta name=\"author\" content=\"Flo Ostermann\" \/>\n<meta name=\"twitter:card\" content=\"summary_large_image\" \/>\n<meta name=\"twitter:title\" content=\"Composez votre XV de France de l&#039;ann\u00e9e 2020\" \/>\n<meta name=\"twitter:creator\" content=\"@https:\/\/twitter.com\/FlOstermann\" \/>\n<meta name=\"twitter:site\" content=\"@dicodusport\" \/>\n<script type=\"application\/ld+json\" class=\"yoast-schema-graph\">{\"@context\":\"https:\/\/schema.org\",\"@graph\":[{\"@type\":\"NewsArticle\",\"@id\":\"https:\/\/dicodusport.fr\/blog\/composez-votre-xv-de-france-de-l-annee-2020\/#article\",\"isPartOf\":{\"@id\":\"https:\/\/dicodusport.fr\/blog\/composez-votre-xv-de-france-de-l-annee-2020\/\"},\"author\":{\"name\":\"Flo Ostermann\",\"@id\":\"https:\/\/dicodusport.fr\/blog\/#\/schema\/person\/cb02af4c173ce4a653b55e9baf388d4a\"},\"headline\":\"Composez votre XV de France de l&rsquo;ann\u00e9e 2020\",\"datePublished\":\"2020-12-08T11:01:31+00:00\",\"dateModified\":\"2021-10-18T14:39:11+00:00\",\"mainEntityOfPage\":{\"@id\":\"https:\/\/dicodusport.fr\/blog\/composez-votre-xv-de-france-de-l-annee-2020\/\"},\"wordCount\":148,\"commentCount\":3,\"publisher\":{\"@id\":\"https:\/\/dicodusport.fr\/blog\/#organization\"},\"image\":{\"@id\":\"https:\/\/dicodusport.fr\/blog\/composez-votre-xv-de-france-de-l-annee-2020\/#primaryimage\"},\"thumbnailUrl\":\"https:\/\/dicodusport.fr\/blog\/wp-content\/uploads\/2020\/12\/Composez-votre-XV-de-France-de-lann\u00e9e-2020.png\",\"keywords\":[\"France\",\"Rugby\",\"sport\",\"XV de France\"],\"articleSection\":[\"Rugby \u00e0 XV\",\"XV de France\"],\"inLanguage\":\"fr-FR\",\"potentialAction\":[{\"@type\":\"CommentAction\",\"name\":\"Comment\",\"target\":[\"https:\/\/dicodusport.fr\/blog\/composez-votre-xv-de-france-de-l-annee-2020\/#respond\"]}],\"copyrightYear\":\"2020\",\"copyrightHolder\":{\"@id\":\"https:\/\/dicodusport.fr\/blog\/#organization\"}},{\"@type\":\"WebPage\",\"@id\":\"https:\/\/dicodusport.fr\/blog\/composez-votre-xv-de-france-de-l-annee-2020\/\",\"url\":\"https:\/\/dicodusport.fr\/blog\/composez-votre-xv-de-france-de-l-annee-2020\/\",\"name\":\"Composez votre XV de France de l'ann\u00e9e 2020\",\"isPartOf\":{\"@id\":\"https:\/\/dicodusport.fr\/blog\/#website\"},\"primaryImageOfPage\":{\"@id\":\"https:\/\/dicodusport.fr\/blog\/composez-votre-xv-de-france-de-l-annee-2020\/#primaryimage\"},\"image\":{\"@id\":\"https:\/\/dicodusport.fr\/blog\/composez-votre-xv-de-france-de-l-annee-2020\/#primaryimage\"},\"thumbnailUrl\":\"https:\/\/dicodusport.fr\/blog\/wp-content\/uploads\/2020\/12\/Composez-votre-XV-de-France-de-lann\u00e9e-2020.png\",\"datePublished\":\"2020-12-08T11:01:31+00:00\",\"dateModified\":\"2021-10-18T14:39:11+00:00\",\"description\":\"RUGBY - Nous vous donnons l'occasion de composer votre XV de France de l'ann\u00e9e 2020, avec les joueurs qui ont marqu\u00e9 les Bleus cette ann\u00e9e.\",\"inLanguage\":\"fr-FR\",\"potentialAction\":[{\"@type\":\"ReadAction\",\"target\":[\"https:\/\/dicodusport.fr\/blog\/composez-votre-xv-de-france-de-l-annee-2020\/\"]}]},{\"@type\":\"ImageObject\",\"inLanguage\":\"fr-FR\",\"@id\":\"https:\/\/dicodusport.fr\/blog\/composez-votre-xv-de-france-de-l-annee-2020\/#primaryimage\",\"url\":\"https:\/\/dicodusport.fr\/blog\/wp-content\/uploads\/2020\/12\/Composez-votre-XV-de-France-de-lann\u00e9e-2020.png\",\"contentUrl\":\"https:\/\/dicodusport.fr\/blog\/wp-content\/uploads\/2020\/12\/Composez-votre-XV-de-France-de-lann\u00e9e-2020.png\",\"width\":800,\"height\":445,\"caption\":\"Composez votre XV de France de l'ann\u00e9e 2020\"},{\"@type\":\"WebSite\",\"@id\":\"https:\/\/dicodusport.fr\/blog\/#website\",\"url\":\"https:\/\/dicodusport.fr\/blog\/\",\"name\":\"Dicodusport\",\"description\":\"L&#039;encyclop\u00e9die de l&#039;actualit\u00e9 sportive\",\"publisher\":{\"@id\":\"https:\/\/dicodusport.fr\/blog\/#organization\"},\"potentialAction\":[{\"@type\":\"SearchAction\",\"target\":{\"@type\":\"EntryPoint\",\"urlTemplate\":\"https:\/\/dicodusport.fr\/blog\/?s={search_term_string}\"},\"query-input\":{\"@type\":\"PropertyValueSpecification\",\"valueRequired\":true,\"valueName\":\"search_term_string\"}}],\"inLanguage\":\"fr-FR\"},{\"@type\":\"NewsMediaOrganization\",\"@id\":\"https:\/\/dicodusport.fr\/blog\/#organization\",\"name\":\"Dicodusport\",\"url\":\"https:\/\/dicodusport.fr\/blog\/\",\"logo\":{\"@type\":\"ImageObject\",\"inLanguage\":\"fr-FR\",\"@id\":\"https:\/\/dicodusport.fr\/blog\/#\/schema\/logo\/image\/\",\"url\":\"https:\/\/dicodusport.fr\/blog\/wp-content\/uploads\/2020\/06\/cropped-LOGO-DICODUSPORT-2020-SANS-FOND-SANS-TEXTE.png\",\"contentUrl\":\"https:\/\/dicodusport.fr\/blog\/wp-content\/uploads\/2020\/06\/cropped-LOGO-DICODUSPORT-2020-SANS-FOND-SANS-TEXTE.png\",\"width\":512,\"height\":512,\"caption\":\"Dicodusport\"},\"image\":{\"@id\":\"https:\/\/dicodusport.fr\/blog\/#\/schema\/logo\/image\/\"},\"sameAs\":[\"https:\/\/www.facebook.com\/dicodusport\",\"https:\/\/x.com\/dicodusport\",\"https:\/\/www.instagram.com\/dicodusport\/\",\"https:\/\/www.youtube.com\/channel\/UC7V2KZ5sd3htJivAbA4ZG3w\"],\"description\":\"Dicodusport est l'encyclop\u00e9die de l'actualit\u00e9 sportive.\",\"email\":\"bonjour@dicodusport.fr\",\"legalName\":\"DICODUSPORT\",\"foundingDate\":\"2018-01-14\",\"vatID\":\"FR71834470973\",\"taxID\":\"83447097300043\",\"numberOfEmployees\":{\"@type\":\"QuantitativeValue\",\"minValue\":\"1\",\"maxValue\":\"10\"}},{\"@type\":\"Person\",\"@id\":\"https:\/\/dicodusport.fr\/blog\/#\/schema\/person\/cb02af4c173ce4a653b55e9baf388d4a\",\"name\":\"Flo Ostermann\",\"image\":{\"@type\":\"ImageObject\",\"inLanguage\":\"fr-FR\",\"@id\":\"https:\/\/dicodusport.fr\/blog\/#\/schema\/person\/image\/\",\"url\":\"https:\/\/dicodusport.fr\/blog\/wp-content\/uploads\/2021\/05\/Flo-Ostermann-150x150.jpg\",\"contentUrl\":\"https:\/\/dicodusport.fr\/blog\/wp-content\/uploads\/2021\/05\/Flo-Ostermann-150x150.jpg\",\"caption\":\"Flo Ostermann\"},\"description\":\"Journaliste\/R\u00e9dacteur depuis septembre 2015 - Mes premiers souvenirs dans le sport ? Les envol\u00e9es du Stade Toulousain et les duels Villeneuve-Schumacher et H\u00e4kkinen-Schumacher \u00e0 la fin des ann\u00e9es 90, la Coupe du monde de football en 1998, l\u2019exploit du XV de France face aux All Blacks en 1999, mais aussi Richard C\u0153ur de Lion qui vole sur les montagnes du Tour de France. Bien parti pour devenir professeur d\u2019EPS, les \u00e9v\u00e9nements de la vie (et la flemme d\u2019animer des s\u00e9ances de 3x500 m\u00e8tres toute ma vie) m\u2019ont conduit \u00e0 revoir mes plans. Me voil\u00e0 depuis fin 2017 sur Dicodusport, m\u00e9dia gr\u00e2ce (et pour) lequel je partage ma passion : le sport dans tous ses \u00e9tats. Le tout accompagn\u00e9 par les fous furieux et folles furieuses cit\u00e9s sur cette page !\",\"sameAs\":[\"https:\/\/www.facebook.com\/florent.ostermann\",\"https:\/\/x.com\/https:\/\/twitter.com\/FlOstermann\",\"admin\"],\"url\":\"https:\/\/dicodusport.fr\/blog\/author\/flo\/\"}]}<\/script>\n<!-- \/ Yoast SEO Premium plugin. -->","yoast_head_json":{"title":"Composez votre XV de France de l'ann\u00e9e 2020","description":"RUGBY - Nous vous donnons l'occasion de composer votre XV de France de l'ann\u00e9e 2020, avec les joueurs qui ont marqu\u00e9 les Bleus cette ann\u00e9e.","robots":{"index":"index","follow":"follow","max-snippet":"max-snippet:-1","max-image-preview":"max-image-preview:large","max-video-preview":"max-video-preview:-1"},"canonical":"https:\/\/dicodusport.fr\/blog\/composez-votre-xv-de-france-de-l-annee-2020\/","next":"https:\/\/dicodusport.fr\/blog\/composez-votre-xv-de-france-de-l-annee-2020\/2\/","og_locale":"fr_FR","og_type":"article","og_title":"Composez votre XV de France de l'ann\u00e9e 2020","og_description":"RUGBY - Nous vous donnons l'occasion de composer votre XV de France de l'ann\u00e9e 2020, avec les joueurs qui ont marqu\u00e9 les Bleus cette ann\u00e9e.","og_url":"https:\/\/dicodusport.fr\/blog\/composez-votre-xv-de-france-de-l-annee-2020\/","og_site_name":"Dicodusport","article_publisher":"https:\/\/www.facebook.com\/dicodusport","article_author":"https:\/\/www.facebook.com\/florent.ostermann","article_published_time":"2020-12-08T11:01:31+00:00","article_modified_time":"2021-10-18T14:39:11+00:00","og_image":[{"width":800,"height":445,"url":"https:\/\/dicodusport.fr\/blog\/wp-content\/uploads\/2020\/12\/Composez-votre-XV-de-France-de-lann\u00e9e-2020.png","type":"image\/png"}],"author":"Flo Ostermann","twitter_card":"summary_large_image","twitter_title":"Composez votre XV de France de l'ann\u00e9e 2020","twitter_creator":"@https:\/\/twitter.com\/FlOstermann","twitter_site":"@dicodusport","schema":{"@context":"https:\/\/schema.org","@graph":[{"@type":"NewsArticle","@id":"https:\/\/dicodusport.fr\/blog\/composez-votre-xv-de-france-de-l-annee-2020\/#article","isPartOf":{"@id":"https:\/\/dicodusport.fr\/blog\/composez-votre-xv-de-france-de-l-annee-2020\/"},"author":{"name":"Flo Ostermann","@id":"https:\/\/dicodusport.fr\/blog\/#\/schema\/person\/cb02af4c173ce4a653b55e9baf388d4a"},"headline":"Composez votre XV de France de l&rsquo;ann\u00e9e 2020","datePublished":"2020-12-08T11:01:31+00:00","dateModified":"2021-10-18T14:39:11+00:00","mainEntityOfPage":{"@id":"https:\/\/dicodusport.fr\/blog\/composez-votre-xv-de-france-de-l-annee-2020\/"},"wordCount":148,"commentCount":3,"publisher":{"@id":"https:\/\/dicodusport.fr\/blog\/#organization"},"image":{"@id":"https:\/\/dicodusport.fr\/blog\/composez-votre-xv-de-france-de-l-annee-2020\/#primaryimage"},"thumbnailUrl":"https:\/\/dicodusport.fr\/blog\/wp-content\/uploads\/2020\/12\/Composez-votre-XV-de-France-de-lann\u00e9e-2020.png","keywords":["France","Rugby","sport","XV de France"],"articleSection":["Rugby \u00e0 XV","XV de France"],"inLanguage":"fr-FR","potentialAction":[{"@type":"CommentAction","name":"Comment","target":["https:\/\/dicodusport.fr\/blog\/composez-votre-xv-de-france-de-l-annee-2020\/#respond"]}],"copyrightYear":"2020","copyrightHolder":{"@id":"https:\/\/dicodusport.fr\/blog\/#organization"}},{"@type":"WebPage","@id":"https:\/\/dicodusport.fr\/blog\/composez-votre-xv-de-france-de-l-annee-2020\/","url":"https:\/\/dicodusport.fr\/blog\/composez-votre-xv-de-france-de-l-annee-2020\/","name":"Composez votre XV de France de l'ann\u00e9e 2020","isPartOf":{"@id":"https:\/\/dicodusport.fr\/blog\/#website"},"primaryImageOfPage":{"@id":"https:\/\/dicodusport.fr\/blog\/composez-votre-xv-de-france-de-l-annee-2020\/#primaryimage"},"image":{"@id":"https:\/\/dicodusport.fr\/blog\/composez-votre-xv-de-france-de-l-annee-2020\/#primaryimage"},"thumbnailUrl":"https:\/\/dicodusport.fr\/blog\/wp-content\/uploads\/2020\/12\/Composez-votre-XV-de-France-de-lann\u00e9e-2020.png","datePublished":"2020-12-08T11:01:31+00:00","dateModified":"2021-10-18T14:39:11+00:00","description":"RUGBY - Nous vous donnons l'occasion de composer votre XV de France de l'ann\u00e9e 2020, avec les joueurs qui ont marqu\u00e9 les Bleus cette ann\u00e9e.","inLanguage":"fr-FR","potentialAction":[{"@type":"ReadAction","target":["https:\/\/dicodusport.fr\/blog\/composez-votre-xv-de-france-de-l-annee-2020\/"]}]},{"@type":"ImageObject","inLanguage":"fr-FR","@id":"https:\/\/dicodusport.fr\/blog\/composez-votre-xv-de-france-de-l-annee-2020\/#primaryimage","url":"https:\/\/dicodusport.fr\/blog\/wp-content\/uploads\/2020\/12\/Composez-votre-XV-de-France-de-lann\u00e9e-2020.png","contentUrl":"https:\/\/dicodusport.fr\/blog\/wp-content\/uploads\/2020\/12\/Composez-votre-XV-de-France-de-lann\u00e9e-2020.png","width":800,"height":445,"caption":"Composez votre XV de France de l'ann\u00e9e 2020"},{"@type":"WebSite","@id":"https:\/\/dicodusport.fr\/blog\/#website","url":"https:\/\/dicodusport.fr\/blog\/","name":"Dicodusport","description":"L&#039;encyclop\u00e9die de l&#039;actualit\u00e9 sportive","publisher":{"@id":"https:\/\/dicodusport.fr\/blog\/#organization"},"potentialAction":[{"@type":"SearchAction","target":{"@type":"EntryPoint","urlTemplate":"https:\/\/dicodusport.fr\/blog\/?s={search_term_string}"},"query-input":{"@type":"PropertyValueSpecification","valueRequired":true,"valueName":"search_term_string"}}],"inLanguage":"fr-FR"},{"@type":"NewsMediaOrganization","@id":"https:\/\/dicodusport.fr\/blog\/#organization","name":"Dicodusport","url":"https:\/\/dicodusport.fr\/blog\/","logo":{"@type":"ImageObject","inLanguage":"fr-FR","@id":"https:\/\/dicodusport.fr\/blog\/#\/schema\/logo\/image\/","url":"https:\/\/dicodusport.fr\/blog\/wp-content\/uploads\/2020\/06\/cropped-LOGO-DICODUSPORT-2020-SANS-FOND-SANS-TEXTE.png","contentUrl":"https:\/\/dicodusport.fr\/blog\/wp-content\/uploads\/2020\/06\/cropped-LOGO-DICODUSPORT-2020-SANS-FOND-SANS-TEXTE.png","width":512,"height":512,"caption":"Dicodusport"},"image":{"@id":"https:\/\/dicodusport.fr\/blog\/#\/schema\/logo\/image\/"},"sameAs":["https:\/\/www.facebook.com\/dicodusport","https:\/\/x.com\/dicodusport","https:\/\/www.instagram.com\/dicodusport\/","https:\/\/www.youtube.com\/channel\/UC7V2KZ5sd3htJivAbA4ZG3w"],"description":"Dicodusport est l'encyclop\u00e9die de l'actualit\u00e9 sportive.","email":"bonjour@dicodusport.fr","legalName":"DICODUSPORT","foundingDate":"2018-01-14","vatID":"FR71834470973","taxID":"83447097300043","numberOfEmployees":{"@type":"QuantitativeValue","minValue":"1","maxValue":"10"}},{"@type":"Person","@id":"https:\/\/dicodusport.fr\/blog\/#\/schema\/person\/cb02af4c173ce4a653b55e9baf388d4a","name":"Flo Ostermann","image":{"@type":"ImageObject","inLanguage":"fr-FR","@id":"https:\/\/dicodusport.fr\/blog\/#\/schema\/person\/image\/","url":"https:\/\/dicodusport.fr\/blog\/wp-content\/uploads\/2021\/05\/Flo-Ostermann-150x150.jpg","contentUrl":"https:\/\/dicodusport.fr\/blog\/wp-content\/uploads\/2021\/05\/Flo-Ostermann-150x150.jpg","caption":"Flo Ostermann"},"description":"Journaliste\/R\u00e9dacteur depuis septembre 2015 - Mes premiers souvenirs dans le sport ? Les envol\u00e9es du Stade Toulousain et les duels Villeneuve-Schumacher et H\u00e4kkinen-Schumacher \u00e0 la fin des ann\u00e9es 90, la Coupe du monde de football en 1998, l\u2019exploit du XV de France face aux All Blacks en 1999, mais aussi Richard C\u0153ur de Lion qui vole sur les montagnes du Tour de France. Bien parti pour devenir professeur d\u2019EPS, les \u00e9v\u00e9nements de la vie (et la flemme d\u2019animer des s\u00e9ances de 3x500 m\u00e8tres toute ma vie) m\u2019ont conduit \u00e0 revoir mes plans. Me voil\u00e0 depuis fin 2017 sur Dicodusport, m\u00e9dia gr\u00e2ce (et pour) lequel je partage ma passion : le sport dans tous ses \u00e9tats. Le tout accompagn\u00e9 par les fous furieux et folles furieuses cit\u00e9s sur cette page !","sameAs":["https:\/\/www.facebook.com\/florent.ostermann","https:\/\/x.com\/https:\/\/twitter.com\/FlOstermann","admin"],"url":"https:\/\/dicodusport.fr\/blog\/author\/flo\/"}]}},"_links":{"self":[{"href":"https:\/\/dicodusport.fr\/blog\/wp-json\/wp\/v2\/posts\/92168","targetHints":{"allow":["GET"]}}],"collection":[{"href":"https:\/\/dicodusport.fr\/blog\/wp-json\/wp\/v2\/posts"}],"about":[{"href":"https:\/\/dicodusport.fr\/blog\/wp-json\/wp\/v2\/types\/post"}],"author":[{"embeddable":true,"href":"https:\/\/dicodusport.fr\/blog\/wp-json\/wp\/v2\/users\/4"}],"replies":[{"embeddable":true,"href":"https:\/\/dicodusport.fr\/blog\/wp-json\/wp\/v2\/comments?post=92168"}],"version-history":[{"count":0,"href":"https:\/\/dicodusport.fr\/blog\/wp-json\/wp\/v2\/posts\/92168\/revisions"}],"wp:featuredmedia":[{"embeddable":true,"href":"https:\/\/dicodusport.fr\/blog\/wp-json\/wp\/v2\/media\/92173"}],"wp:attachment":[{"href":"https:\/\/dicodusport.fr\/blog\/wp-json\/wp\/v2\/media?parent=92168"}],"wp:term":[{"taxonomy":"category","embeddable":true,"href":"https:\/\/dicodusport.fr\/blog\/wp-json\/wp\/v2\/categories?post=92168"},{"taxonomy":"post_tag","embeddable":true,"href":"https:\/\/dicodusport.fr\/blog\/wp-json\/wp\/v2\/tags?post=92168"}],"curies":[{"name":"wp","href":"https:\/\/api.w.org\/{rel}","templated":true}]}}