{"id":92246,"date":"2020-12-17T14:08:55","date_gmt":"2020-12-17T13:08:55","guid":{"rendered":"https:\/\/dicodusport.fr\/blog\/?p=92246"},"modified":"2021-01-03T17:52:33","modified_gmt":"2021-01-03T16:52:33","slug":"chronique-tricolore-maurice-manificat-fondeur-toujours-a-fond","status":"publish","type":"post","link":"https:\/\/dicodusport.fr\/blog\/chronique-tricolore-maurice-manificat-fondeur-toujours-a-fond\/","title":{"rendered":"Chronique tricolore : Maurice Manificat, fondeur toujours \u00e0 fond"},"content":{"rendered":"<p style=\"text-align: justify;\"><strong><em>Discipline outrageusement domin\u00e9e par les Scandinaves, le ski de fond s&rsquo;exporte maintenant de plus en plus. Si dans l&rsquo;Hexagone, le discipline \u00e9volue doucement, la France a tout de m\u00eame connu de grands champions comme Vincent Vittoz. Symbole du renouveau en \u00e9quipe de France depuis une dizaine d&rsquo;ann\u00e9e, Maurice Manificat fait d\u00e9sormais partie des plus exp\u00e9riment\u00e9s du circuit. M\u00e9daill\u00e9 aux Jeux, aux Mondiaux et en Coupe du monde, il s&rsquo;est forg\u00e9 l&rsquo;un des plus beau palmar\u00e8s du fond fran\u00e7ais.<\/em><\/strong><\/p>\n<h2 style=\"text-align: justify;\">D\u00e9j\u00e0 m\u00e9daill\u00e9 en cat\u00e9gorie jeunes<\/h2>\n<p style=\"text-align: justify;\">D\u00e8s 2005 \u00e0 seulement 19 ans, il remporte le bronze lors du relais aux Mondiaux juniors \u00e0 Rovaniemi (Finlande). Apr\u00e8s une premi\u00e8re saison en Coupe du monde en 2008 o\u00f9 il marque ses premiers points, <a href=\"https:\/\/dicodusport.fr\/blog\/tag\/maurice-manificat\/\" target=\"_blank\" rel=\"noopener noreferrer\"><strong>Maurice Manificat<\/strong><\/a> d\u00e9croche ses premi\u00e8res m\u00e9dailles individuelles lors des mondiaux U23. Il prend le bronze en mass-start 30 km en 2008 et d\u00e9croche le titre sur le 15 km libre l&rsquo;ann\u00e9e suivante. \u00c0 cela s&rsquo;ajoute une m\u00e9daille d&rsquo;argent lors du relais des Universiades d&rsquo;hiver en 2007.<\/p>\n<h2 style=\"text-align: justify;\">Les premiers r\u00e9sultats chez les grands<\/h2>\n<p style=\"text-align: justify;\">Entre les saisons 2009 et 2010, sa progression est fulgurante. En effet, en une saison, il passe de la 55\u00e8me \u00e0 la 5\u00e8me place du classement g\u00e9n\u00e9ral. Il connait ensuite sa premi\u00e8re participation aux Jeux Olympiques, \u00e0 Vancouver en 2010 et d\u00e9croche sa premi\u00e8re victoire en Coupe du monde. Fort de ses <strong>quatre podiums<\/strong> durant cet exercice 2009-2010, il s&rsquo;inscrit alors comme un espoir du fond tricolore. Alors qu&rsquo;il fait preuve d&rsquo;une belle r\u00e9gularit\u00e9, <strong>Maurice Manificat<\/strong> peine \u00e0 confirmer face aux grosses pointures.<\/p>\n<p style=\"text-align: justify;\">Auteur de sept podiums en Coupe du monde les deux saisons suivantes, il est \u00e0 chaque fois battu de peu pour la victoire, par notamment <strong>Dario Cologna<\/strong> ou <strong>Peter Northug<\/strong>. Il doit attendre d\u00e9cembre 2012 pour de nouveau monter sur la premi\u00e8re marche du podium avec une <strong>deuxi\u00e8me victoire en skiathlon<\/strong>. S&rsquo;il n&rsquo;est jamais sorti du top 15 au g\u00e9n\u00e9ral pendant les 3 saisons pr\u00e9c\u00e9dentes, il doit se contenter d&rsquo;une 26\u00e8me place en 2013 et d&rsquo;une 23\u00e8me place en 2014.<\/p>\n<h2 style=\"text-align: justify;\">M\u00e9daill\u00e9 mondial et olympique<\/h2>\n<p style=\"text-align: justify;\">\u00c0 pr\u00e9sent parmi les leaders fran\u00e7ais et mondiaux, il est s\u00e9lectionn\u00e9 pour participer \u00e0 ses seconds Jeux Olympiques \u00e0 Sotchi (Russie). Individuellement il passe une olympiade en demi-teinte. Neuvi\u00e8me de la poursuite, 43\u00e8me du 50 km, il ne reste que le relais pour prendre une breloque. Apr\u00e8s les quatri\u00e8mes places de Turin en 2006 et de Vancouver en 2010, les Bleus veulent briser la mal\u00e9diction. Accompagn\u00e9 de <strong>Jean-Marc Gaillard, Robin Duvillard <\/strong>et<strong> Ivan Perrillat-Boiteux<\/strong>, il arrache du bronze au go\u00fbt d&rsquo;or derri\u00e8re la Su\u00e8de et la Russie.<\/p>\n<p style=\"text-align: justify;\">Petit \u00e0 petit, <strong>Maurice Manificat<\/strong> (re)commence \u00e0 jouer les premiers r\u00f4les. Un an \u00e0 peine apr\u00e8s les JO 2014, il remporte \u00e0 Falun (Su\u00e8de) la m\u00e9daille de bronze du relais 4 x 10 km avec <strong>Gaillard<\/strong>, <strong>Duvillard<\/strong> et <strong>Adrien Backscheider<\/strong>. \u00c0 celle-ci, il ajoute l&rsquo;argent du 15 km libre. En remportant deux m\u00e9dailles en ski de fond lors d&rsquo;un m\u00eame championnat du monde, Maurice Manificat devient <strong>le premier fondeur fran\u00e7ais<\/strong> \u00e0 r\u00e9aliser une telle performance.<\/p>\n<h2>30 ans pass\u00e9s mais toujours pr\u00e9sent<\/h2>\n<p style=\"text-align: justify;\">Sa saison 2015-2016, est sans doute la meilleure de sa carri\u00e8re. Il signe six podiums, deux victoires dont une au Ski Tour Canada. Il totalise 1131 points (record pour un Fran\u00e7ais), ce qui le classe 5\u00e8le au g\u00e9n\u00e9ral et second du classement en distance derri\u00e8re <strong>Martin Johnsrud Sundby<\/strong>.<\/p>\n<p style=\"text-align: justify;\">Malgr\u00e9 son \u00e2ge, il continue de s&rsquo;inviter sur les podiums internationaux. Si les Mondiaux 2017 de Lahti (Finlande) n&rsquo;ont pas \u00e9t\u00e9 une r\u00e9ussite, les JO 2018 de Pyeongchang (Cor\u00e9e du Sud), sont tout l&rsquo;inverse. Align\u00e9 sur le 15 km libre et la poursuite, <strong>Maurice Manificat<\/strong> \u00e9choue \u00e0 une bonne mais frustrante cinqui\u00e8me place par deux fois. C&rsquo;est encore en relais que les fondeurs tricolores brillent. Le relais 4 x 10 km r\u00e9it\u00e8re l&rsquo;exploit et prend le bronze avec <strong>Gaillard<\/strong>, <strong>Parisse<\/strong> et <strong>Backscheider<\/strong> derri\u00e8re la Norv\u00e8ge et la Russie. En forme, <strong>Manificat<\/strong> fait coup double en compagnie de <strong>Richard Jouve<\/strong> et d\u00e9croche une nouvelle fois du bronze. C&rsquo;est alors la premi\u00e8re fois que la France rapporte deux m\u00e9dailles des JO d&rsquo;hiver en ski de fond.<\/p>\n<blockquote class=\"twitter-tweet\">\n<p dir=\"ltr\" lang=\"fr\">Maurice Manificat et Richard Jouve re\u00e7oivent leur m\u00e9daille de bronze bien m\u00e9rit\u00e9e ! <a href=\"https:\/\/twitter.com\/hashtag\/PyeongChang2018?src=hash&amp;ref_src=twsrc%5Etfw\">#PyeongChang2018<\/a> <a href=\"https:\/\/twitter.com\/hashtag\/Francetvsport?src=hash&amp;ref_src=twsrc%5Etfw\">#Francetvsport<\/a> <a href=\"https:\/\/twitter.com\/hashtag\/Skidefond?src=hash&amp;ref_src=twsrc%5Etfw\">#Skidefond<\/a> <a href=\"https:\/\/t.co\/KP1m9YflbJ\">pic.twitter.com\/KP1m9YflbJ<\/a><\/p>\n<p>\u2014 France tv sport (@francetvsport) <a href=\"https:\/\/twitter.com\/francetvsport\/status\/966683119654002688?ref_src=twsrc%5Etfw\">February 22, 2018<\/a><\/p><\/blockquote>\n<p><script async src=\"https:\/\/platform.twitter.com\/widgets.js\" charset=\"utf-8\"><\/script><\/p>\n<h2>En r\u00e9sum\u00e9<\/h2>\n<p style=\"text-align: justify;\">Apr\u00e8s une \u00e9ni\u00e8me m\u00e9daille de bronze en relais aux Mondiaux 2019 \u00e0 Seefeld (Autriche), Maurice Manificat c&rsquo;est :<\/p>\n<ul>\n<li style=\"text-align: justify;\">3 m\u00e9dailles mondiales ;<\/li>\n<li style=\"text-align: justify;\">3 m\u00e9dailles olympiques ;<\/li>\n<li style=\"text-align: justify;\">10 victoires individuelles en Coupe du monde (32 podiums)<\/li>\n<\/ul>\n<p><strong><em>Maxime Boulard<br \/>\n<a href=\"https:\/\/www.facebook.com\/Max.Bld2\/\" target=\"_blank\" rel=\"noopener noreferrer\"><img loading=\"lazy\" decoding=\"async\" class=\"alignnone wp-image-2909\" src=\"http:\/\/dicodusport.fr\/blog\/wp-content\/uploads\/2017\/07\/logo-facebook-150x150.png\" alt=\"\" width=\"40\" height=\"40\" \/><\/a><a href=\"https:\/\/twitter.com\/MaximeB_2\" target=\"_blank\" rel=\"noopener noreferrer\"><img loading=\"lazy\" decoding=\"async\" class=\"alignnone wp-image-2908\" src=\"http:\/\/dicodusport.fr\/blog\/wp-content\/uploads\/2017\/07\/logo-twitter-150x150.png\" alt=\"\" width=\"39\" height=\"39\" \/><\/a><\/em><\/strong><\/p>\n","protected":false},"excerpt":{"rendered":"<p>Discipline outrageusement domin\u00e9e par les Scandinaves, le ski de fond s&rsquo;exporte maintenant de plus en plus. Si dans l&rsquo;Hexagone, le discipline \u00e9volue doucement, la France a tout de m\u00eame connu de grands champions comme Vincent Vittoz. Symbole du renouveau en \u00e9quipe de France depuis une dizaine d&rsquo;ann\u00e9e, Maurice Manificat fait d\u00e9sormais partie des plus exp\u00e9riment\u00e9s du circuit. M\u00e9daill\u00e9 aux Jeux, aux Mondiaux et en Coupe du monde, il s&rsquo;est forg\u00e9 l&rsquo;un des plus beau palmar\u00e8s du fond fran\u00e7ais.<\/p>\n","protected":false},"author":43,"featured_media":93691,"comment_status":"open","ping_status":"closed","sticky":false,"template":"","format":"standard","meta":{"_acf_changed":false,"_daextam_enable_autolinks":"","footnotes":""},"categories":[9217],"tags":[2820,2819],"class_list":["post-92246","post","type-post","status-publish","format-standard","has-post-thumbnail","hentry","category-ski","tag-maurice-manificat","tag-ski-de-fond"],"acf":[],"yoast_head":"<!-- This site is optimized with the Yoast SEO Premium plugin v26.7 (Yoast SEO v26.7) - https:\/\/yoast.com\/wordpress\/plugins\/seo\/ -->\n<title>Chronique tricolore : Maurice Manificat, fondeur toujours \u00e0 fond<\/title>\n<meta name=\"description\" content=\"Symbole du renouveau du ski de fond fran\u00e7ais depuis plus de 10 ans, Maurice Manificat fait d\u00e9sormais partie des plus exp\u00e9riment\u00e9s du circuit.\" \/>\n<meta name=\"robots\" content=\"index, follow, max-snippet:-1, max-image-preview:large, max-video-preview:-1\" \/>\n<link rel=\"canonical\" href=\"https:\/\/dicodusport.fr\/blog\/chronique-tricolore-maurice-manificat-fondeur-toujours-a-fond\/\" \/>\n<meta property=\"og:locale\" content=\"fr_FR\" \/>\n<meta property=\"og:type\" content=\"article\" \/>\n<meta property=\"og:title\" content=\"Chronique tricolore : Maurice Manificat, fondeur toujours \u00e0 fond\" \/>\n<meta property=\"og:description\" content=\"Symbole du renouveau du ski de fond fran\u00e7ais depuis plus de 10 ans, Maurice Manificat fait d\u00e9sormais partie des plus exp\u00e9riment\u00e9s du circuit.\" \/>\n<meta property=\"og:url\" content=\"https:\/\/dicodusport.fr\/blog\/chronique-tricolore-maurice-manificat-fondeur-toujours-a-fond\/\" \/>\n<meta property=\"og:site_name\" content=\"Dicodusport\" \/>\n<meta property=\"article:publisher\" content=\"https:\/\/www.facebook.com\/dicodusport\" \/>\n<meta property=\"article:author\" content=\"https:\/\/www.facebook.com\/Max.Bld2\/\" \/>\n<meta property=\"article:published_time\" content=\"2020-12-17T13:08:55+00:00\" \/>\n<meta property=\"article:modified_time\" content=\"2021-01-03T16:52:33+00:00\" \/>\n<meta property=\"og:image\" content=\"https:\/\/dicodusport.fr\/blog\/wp-content\/uploads\/2020\/12\/Chronique-tricolore-Maurice-Manificat-fondeur-toujours-\u00e0-fond.png\" \/>\n\t<meta property=\"og:image:width\" content=\"800\" \/>\n\t<meta property=\"og:image:height\" content=\"445\" \/>\n\t<meta property=\"og:image:type\" content=\"image\/png\" \/>\n<meta name=\"author\" content=\"Maxime Boulard\" \/>\n<meta name=\"twitter:card\" content=\"summary_large_image\" \/>\n<meta name=\"twitter:title\" content=\"Chronique tricolore : Maurice Manificat, fondeur toujours \u00e0 fond\" \/>\n<meta name=\"twitter:creator\" content=\"@https:\/\/twitter.com\/MaximeB_2\" \/>\n<meta name=\"twitter:site\" content=\"@dicodusport\" \/>\n<script type=\"application\/ld+json\" class=\"yoast-schema-graph\">{\"@context\":\"https:\/\/schema.org\",\"@graph\":[{\"@type\":\"NewsArticle\",\"@id\":\"https:\/\/dicodusport.fr\/blog\/chronique-tricolore-maurice-manificat-fondeur-toujours-a-fond\/#article\",\"isPartOf\":{\"@id\":\"https:\/\/dicodusport.fr\/blog\/chronique-tricolore-maurice-manificat-fondeur-toujours-a-fond\/\"},\"author\":{\"name\":\"Maxime Boulard\",\"@id\":\"https:\/\/dicodusport.fr\/blog\/#\/schema\/person\/5aab10ee856e86ac63e9819a9da34784\"},\"headline\":\"Chronique tricolore : Maurice Manificat, fondeur toujours \u00e0 fond\",\"datePublished\":\"2020-12-17T13:08:55+00:00\",\"dateModified\":\"2021-01-03T16:52:33+00:00\",\"mainEntityOfPage\":{\"@id\":\"https:\/\/dicodusport.fr\/blog\/chronique-tricolore-maurice-manificat-fondeur-toujours-a-fond\/\"},\"wordCount\":803,\"commentCount\":0,\"publisher\":{\"@id\":\"https:\/\/dicodusport.fr\/blog\/#organization\"},\"image\":{\"@id\":\"https:\/\/dicodusport.fr\/blog\/chronique-tricolore-maurice-manificat-fondeur-toujours-a-fond\/#primaryimage\"},\"thumbnailUrl\":\"https:\/\/dicodusport.fr\/blog\/wp-content\/uploads\/2020\/12\/Chronique-tricolore-Maurice-Manificat-fondeur-toujours-\u00e0-fond.png\",\"keywords\":[\"Maurice Manificat\",\"Ski de fond\"],\"articleSection\":[\"Ski\"],\"inLanguage\":\"fr-FR\",\"potentialAction\":[{\"@type\":\"CommentAction\",\"name\":\"Comment\",\"target\":[\"https:\/\/dicodusport.fr\/blog\/chronique-tricolore-maurice-manificat-fondeur-toujours-a-fond\/#respond\"]}],\"copyrightYear\":\"2020\",\"copyrightHolder\":{\"@id\":\"https:\/\/dicodusport.fr\/blog\/#organization\"}},{\"@type\":\"WebPage\",\"@id\":\"https:\/\/dicodusport.fr\/blog\/chronique-tricolore-maurice-manificat-fondeur-toujours-a-fond\/\",\"url\":\"https:\/\/dicodusport.fr\/blog\/chronique-tricolore-maurice-manificat-fondeur-toujours-a-fond\/\",\"name\":\"Chronique tricolore : Maurice Manificat, fondeur toujours \u00e0 fond\",\"isPartOf\":{\"@id\":\"https:\/\/dicodusport.fr\/blog\/#website\"},\"primaryImageOfPage\":{\"@id\":\"https:\/\/dicodusport.fr\/blog\/chronique-tricolore-maurice-manificat-fondeur-toujours-a-fond\/#primaryimage\"},\"image\":{\"@id\":\"https:\/\/dicodusport.fr\/blog\/chronique-tricolore-maurice-manificat-fondeur-toujours-a-fond\/#primaryimage\"},\"thumbnailUrl\":\"https:\/\/dicodusport.fr\/blog\/wp-content\/uploads\/2020\/12\/Chronique-tricolore-Maurice-Manificat-fondeur-toujours-\u00e0-fond.png\",\"datePublished\":\"2020-12-17T13:08:55+00:00\",\"dateModified\":\"2021-01-03T16:52:33+00:00\",\"description\":\"Symbole du renouveau du ski de fond fran\u00e7ais depuis plus de 10 ans, Maurice Manificat fait d\u00e9sormais partie des plus exp\u00e9riment\u00e9s du circuit.\",\"breadcrumb\":{\"@id\":\"https:\/\/dicodusport.fr\/blog\/chronique-tricolore-maurice-manificat-fondeur-toujours-a-fond\/#breadcrumb\"},\"inLanguage\":\"fr-FR\",\"potentialAction\":[{\"@type\":\"ReadAction\",\"target\":[\"https:\/\/dicodusport.fr\/blog\/chronique-tricolore-maurice-manificat-fondeur-toujours-a-fond\/\"]}]},{\"@type\":\"ImageObject\",\"inLanguage\":\"fr-FR\",\"@id\":\"https:\/\/dicodusport.fr\/blog\/chronique-tricolore-maurice-manificat-fondeur-toujours-a-fond\/#primaryimage\",\"url\":\"https:\/\/dicodusport.fr\/blog\/wp-content\/uploads\/2020\/12\/Chronique-tricolore-Maurice-Manificat-fondeur-toujours-\u00e0-fond.png\",\"contentUrl\":\"https:\/\/dicodusport.fr\/blog\/wp-content\/uploads\/2020\/12\/Chronique-tricolore-Maurice-Manificat-fondeur-toujours-\u00e0-fond.png\",\"width\":800,\"height\":445,\"caption\":\"Chronique tricolore : Maurice Manificat, fondeur toujours \u00e0 fond\"},{\"@type\":\"BreadcrumbList\",\"@id\":\"https:\/\/dicodusport.fr\/blog\/chronique-tricolore-maurice-manificat-fondeur-toujours-a-fond\/#breadcrumb\",\"itemListElement\":[{\"@type\":\"ListItem\",\"position\":1,\"name\":\"Accueil\",\"item\":\"https:\/\/dicodusport.fr\/blog\/\"},{\"@type\":\"ListItem\",\"position\":2,\"name\":\"Chronique tricolore : Maurice Manificat, fondeur toujours \u00e0 fond\"}]},{\"@type\":\"WebSite\",\"@id\":\"https:\/\/dicodusport.fr\/blog\/#website\",\"url\":\"https:\/\/dicodusport.fr\/blog\/\",\"name\":\"Dicodusport\",\"description\":\"L&#039;encyclop\u00e9die de l&#039;actualit\u00e9 sportive\",\"publisher\":{\"@id\":\"https:\/\/dicodusport.fr\/blog\/#organization\"},\"potentialAction\":[{\"@type\":\"SearchAction\",\"target\":{\"@type\":\"EntryPoint\",\"urlTemplate\":\"https:\/\/dicodusport.fr\/blog\/?s={search_term_string}\"},\"query-input\":{\"@type\":\"PropertyValueSpecification\",\"valueRequired\":true,\"valueName\":\"search_term_string\"}}],\"inLanguage\":\"fr-FR\"},{\"@type\":\"NewsMediaOrganization\",\"@id\":\"https:\/\/dicodusport.fr\/blog\/#organization\",\"name\":\"Dicodusport\",\"url\":\"https:\/\/dicodusport.fr\/blog\/\",\"logo\":{\"@type\":\"ImageObject\",\"inLanguage\":\"fr-FR\",\"@id\":\"https:\/\/dicodusport.fr\/blog\/#\/schema\/logo\/image\/\",\"url\":\"https:\/\/dicodusport.fr\/blog\/wp-content\/uploads\/2020\/06\/cropped-LOGO-DICODUSPORT-2020-SANS-FOND-SANS-TEXTE.png\",\"contentUrl\":\"https:\/\/dicodusport.fr\/blog\/wp-content\/uploads\/2020\/06\/cropped-LOGO-DICODUSPORT-2020-SANS-FOND-SANS-TEXTE.png\",\"width\":512,\"height\":512,\"caption\":\"Dicodusport\"},\"image\":{\"@id\":\"https:\/\/dicodusport.fr\/blog\/#\/schema\/logo\/image\/\"},\"sameAs\":[\"https:\/\/www.facebook.com\/dicodusport\",\"https:\/\/x.com\/dicodusport\",\"https:\/\/www.instagram.com\/dicodusport\/\",\"https:\/\/www.youtube.com\/channel\/UC7V2KZ5sd3htJivAbA4ZG3w\"],\"description\":\"Dicodusport est l'encyclop\u00e9die de l'actualit\u00e9 sportive.\",\"email\":\"bonjour@dicodusport.fr\",\"legalName\":\"DICODUSPORT\",\"foundingDate\":\"2018-01-14\",\"vatID\":\"FR71834470973\",\"taxID\":\"83447097300043\",\"numberOfEmployees\":{\"@type\":\"QuantitativeValue\",\"minValue\":\"1\",\"maxValue\":\"10\"}},{\"@type\":\"Person\",\"@id\":\"https:\/\/dicodusport.fr\/blog\/#\/schema\/person\/5aab10ee856e86ac63e9819a9da34784\",\"name\":\"Maxime Boulard\",\"image\":{\"@type\":\"ImageObject\",\"inLanguage\":\"fr-FR\",\"@id\":\"https:\/\/dicodusport.fr\/blog\/#\/schema\/person\/image\/\",\"url\":\"https:\/\/dicodusport.fr\/blog\/wp-content\/uploads\/2021\/05\/Maxime-Boulard-150x150.jpg\",\"contentUrl\":\"https:\/\/dicodusport.fr\/blog\/wp-content\/uploads\/2021\/05\/Maxime-Boulard-150x150.jpg\",\"caption\":\"Maxime Boulard\"},\"description\":\"Journaliste\/r\u00e9dacteur depuis octobre 2020 - Si mon plus vieux souvenir de sport aurait pu m'en d\u00e9go\u00fbter, la finale de la Coupe du monde 2006 a \u00e9t\u00e9 tout le contraire. V\u00e9ritable d\u00e9clencheur d'une passion qui aujourd'hui ne fait que grandir avec le temps, mon leitmotiv est la France qui brille ! Je relate les exploits pass\u00e9s et pr\u00e9sents du sport bleu-blanc-rouge sans m\u00e9nagement depuis octobre 2020. Sport valide ou handisport, aucune diff\u00e9rence, il n'y a que du sport et plusieurs fa\u00e7ons de le pratiquer.\",\"sameAs\":[\"https:\/\/www.facebook.com\/Max.Bld2\/\",\"https:\/\/x.com\/https:\/\/twitter.com\/MaximeB_2\"],\"url\":\"https:\/\/dicodusport.fr\/blog\/author\/maxime-b\/\"}]}<\/script>\n<!-- \/ Yoast SEO Premium plugin. -->","yoast_head_json":{"title":"Chronique tricolore : Maurice Manificat, fondeur toujours \u00e0 fond","description":"Symbole du renouveau du ski de fond fran\u00e7ais depuis plus de 10 ans, Maurice Manificat fait d\u00e9sormais partie des plus exp\u00e9riment\u00e9s du circuit.","robots":{"index":"index","follow":"follow","max-snippet":"max-snippet:-1","max-image-preview":"max-image-preview:large","max-video-preview":"max-video-preview:-1"},"canonical":"https:\/\/dicodusport.fr\/blog\/chronique-tricolore-maurice-manificat-fondeur-toujours-a-fond\/","og_locale":"fr_FR","og_type":"article","og_title":"Chronique tricolore : Maurice Manificat, fondeur toujours \u00e0 fond","og_description":"Symbole du renouveau du ski de fond fran\u00e7ais depuis plus de 10 ans, Maurice Manificat fait d\u00e9sormais partie des plus exp\u00e9riment\u00e9s du circuit.","og_url":"https:\/\/dicodusport.fr\/blog\/chronique-tricolore-maurice-manificat-fondeur-toujours-a-fond\/","og_site_name":"Dicodusport","article_publisher":"https:\/\/www.facebook.com\/dicodusport","article_author":"https:\/\/www.facebook.com\/Max.Bld2\/","article_published_time":"2020-12-17T13:08:55+00:00","article_modified_time":"2021-01-03T16:52:33+00:00","og_image":[{"width":800,"height":445,"url":"https:\/\/dicodusport.fr\/blog\/wp-content\/uploads\/2020\/12\/Chronique-tricolore-Maurice-Manificat-fondeur-toujours-\u00e0-fond.png","type":"image\/png"}],"author":"Maxime Boulard","twitter_card":"summary_large_image","twitter_title":"Chronique tricolore : Maurice Manificat, fondeur toujours \u00e0 fond","twitter_creator":"@https:\/\/twitter.com\/MaximeB_2","twitter_site":"@dicodusport","schema":{"@context":"https:\/\/schema.org","@graph":[{"@type":"NewsArticle","@id":"https:\/\/dicodusport.fr\/blog\/chronique-tricolore-maurice-manificat-fondeur-toujours-a-fond\/#article","isPartOf":{"@id":"https:\/\/dicodusport.fr\/blog\/chronique-tricolore-maurice-manificat-fondeur-toujours-a-fond\/"},"author":{"name":"Maxime Boulard","@id":"https:\/\/dicodusport.fr\/blog\/#\/schema\/person\/5aab10ee856e86ac63e9819a9da34784"},"headline":"Chronique tricolore : Maurice Manificat, fondeur toujours \u00e0 fond","datePublished":"2020-12-17T13:08:55+00:00","dateModified":"2021-01-03T16:52:33+00:00","mainEntityOfPage":{"@id":"https:\/\/dicodusport.fr\/blog\/chronique-tricolore-maurice-manificat-fondeur-toujours-a-fond\/"},"wordCount":803,"commentCount":0,"publisher":{"@id":"https:\/\/dicodusport.fr\/blog\/#organization"},"image":{"@id":"https:\/\/dicodusport.fr\/blog\/chronique-tricolore-maurice-manificat-fondeur-toujours-a-fond\/#primaryimage"},"thumbnailUrl":"https:\/\/dicodusport.fr\/blog\/wp-content\/uploads\/2020\/12\/Chronique-tricolore-Maurice-Manificat-fondeur-toujours-\u00e0-fond.png","keywords":["Maurice Manificat","Ski de fond"],"articleSection":["Ski"],"inLanguage":"fr-FR","potentialAction":[{"@type":"CommentAction","name":"Comment","target":["https:\/\/dicodusport.fr\/blog\/chronique-tricolore-maurice-manificat-fondeur-toujours-a-fond\/#respond"]}],"copyrightYear":"2020","copyrightHolder":{"@id":"https:\/\/dicodusport.fr\/blog\/#organization"}},{"@type":"WebPage","@id":"https:\/\/dicodusport.fr\/blog\/chronique-tricolore-maurice-manificat-fondeur-toujours-a-fond\/","url":"https:\/\/dicodusport.fr\/blog\/chronique-tricolore-maurice-manificat-fondeur-toujours-a-fond\/","name":"Chronique tricolore : Maurice Manificat, fondeur toujours \u00e0 fond","isPartOf":{"@id":"https:\/\/dicodusport.fr\/blog\/#website"},"primaryImageOfPage":{"@id":"https:\/\/dicodusport.fr\/blog\/chronique-tricolore-maurice-manificat-fondeur-toujours-a-fond\/#primaryimage"},"image":{"@id":"https:\/\/dicodusport.fr\/blog\/chronique-tricolore-maurice-manificat-fondeur-toujours-a-fond\/#primaryimage"},"thumbnailUrl":"https:\/\/dicodusport.fr\/blog\/wp-content\/uploads\/2020\/12\/Chronique-tricolore-Maurice-Manificat-fondeur-toujours-\u00e0-fond.png","datePublished":"2020-12-17T13:08:55+00:00","dateModified":"2021-01-03T16:52:33+00:00","description":"Symbole du renouveau du ski de fond fran\u00e7ais depuis plus de 10 ans, Maurice Manificat fait d\u00e9sormais partie des plus exp\u00e9riment\u00e9s du circuit.","breadcrumb":{"@id":"https:\/\/dicodusport.fr\/blog\/chronique-tricolore-maurice-manificat-fondeur-toujours-a-fond\/#breadcrumb"},"inLanguage":"fr-FR","potentialAction":[{"@type":"ReadAction","target":["https:\/\/dicodusport.fr\/blog\/chronique-tricolore-maurice-manificat-fondeur-toujours-a-fond\/"]}]},{"@type":"ImageObject","inLanguage":"fr-FR","@id":"https:\/\/dicodusport.fr\/blog\/chronique-tricolore-maurice-manificat-fondeur-toujours-a-fond\/#primaryimage","url":"https:\/\/dicodusport.fr\/blog\/wp-content\/uploads\/2020\/12\/Chronique-tricolore-Maurice-Manificat-fondeur-toujours-\u00e0-fond.png","contentUrl":"https:\/\/dicodusport.fr\/blog\/wp-content\/uploads\/2020\/12\/Chronique-tricolore-Maurice-Manificat-fondeur-toujours-\u00e0-fond.png","width":800,"height":445,"caption":"Chronique tricolore : Maurice Manificat, fondeur toujours \u00e0 fond"},{"@type":"BreadcrumbList","@id":"https:\/\/dicodusport.fr\/blog\/chronique-tricolore-maurice-manificat-fondeur-toujours-a-fond\/#breadcrumb","itemListElement":[{"@type":"ListItem","position":1,"name":"Accueil","item":"https:\/\/dicodusport.fr\/blog\/"},{"@type":"ListItem","position":2,"name":"Chronique tricolore : Maurice Manificat, fondeur toujours \u00e0 fond"}]},{"@type":"WebSite","@id":"https:\/\/dicodusport.fr\/blog\/#website","url":"https:\/\/dicodusport.fr\/blog\/","name":"Dicodusport","description":"L&#039;encyclop\u00e9die de l&#039;actualit\u00e9 sportive","publisher":{"@id":"https:\/\/dicodusport.fr\/blog\/#organization"},"potentialAction":[{"@type":"SearchAction","target":{"@type":"EntryPoint","urlTemplate":"https:\/\/dicodusport.fr\/blog\/?s={search_term_string}"},"query-input":{"@type":"PropertyValueSpecification","valueRequired":true,"valueName":"search_term_string"}}],"inLanguage":"fr-FR"},{"@type":"NewsMediaOrganization","@id":"https:\/\/dicodusport.fr\/blog\/#organization","name":"Dicodusport","url":"https:\/\/dicodusport.fr\/blog\/","logo":{"@type":"ImageObject","inLanguage":"fr-FR","@id":"https:\/\/dicodusport.fr\/blog\/#\/schema\/logo\/image\/","url":"https:\/\/dicodusport.fr\/blog\/wp-content\/uploads\/2020\/06\/cropped-LOGO-DICODUSPORT-2020-SANS-FOND-SANS-TEXTE.png","contentUrl":"https:\/\/dicodusport.fr\/blog\/wp-content\/uploads\/2020\/06\/cropped-LOGO-DICODUSPORT-2020-SANS-FOND-SANS-TEXTE.png","width":512,"height":512,"caption":"Dicodusport"},"image":{"@id":"https:\/\/dicodusport.fr\/blog\/#\/schema\/logo\/image\/"},"sameAs":["https:\/\/www.facebook.com\/dicodusport","https:\/\/x.com\/dicodusport","https:\/\/www.instagram.com\/dicodusport\/","https:\/\/www.youtube.com\/channel\/UC7V2KZ5sd3htJivAbA4ZG3w"],"description":"Dicodusport est l'encyclop\u00e9die de l'actualit\u00e9 sportive.","email":"bonjour@dicodusport.fr","legalName":"DICODUSPORT","foundingDate":"2018-01-14","vatID":"FR71834470973","taxID":"83447097300043","numberOfEmployees":{"@type":"QuantitativeValue","minValue":"1","maxValue":"10"}},{"@type":"Person","@id":"https:\/\/dicodusport.fr\/blog\/#\/schema\/person\/5aab10ee856e86ac63e9819a9da34784","name":"Maxime Boulard","image":{"@type":"ImageObject","inLanguage":"fr-FR","@id":"https:\/\/dicodusport.fr\/blog\/#\/schema\/person\/image\/","url":"https:\/\/dicodusport.fr\/blog\/wp-content\/uploads\/2021\/05\/Maxime-Boulard-150x150.jpg","contentUrl":"https:\/\/dicodusport.fr\/blog\/wp-content\/uploads\/2021\/05\/Maxime-Boulard-150x150.jpg","caption":"Maxime Boulard"},"description":"Journaliste\/r\u00e9dacteur depuis octobre 2020 - Si mon plus vieux souvenir de sport aurait pu m'en d\u00e9go\u00fbter, la finale de la Coupe du monde 2006 a \u00e9t\u00e9 tout le contraire. V\u00e9ritable d\u00e9clencheur d'une passion qui aujourd'hui ne fait que grandir avec le temps, mon leitmotiv est la France qui brille ! Je relate les exploits pass\u00e9s et pr\u00e9sents du sport bleu-blanc-rouge sans m\u00e9nagement depuis octobre 2020. Sport valide ou handisport, aucune diff\u00e9rence, il n'y a que du sport et plusieurs fa\u00e7ons de le pratiquer.","sameAs":["https:\/\/www.facebook.com\/Max.Bld2\/","https:\/\/x.com\/https:\/\/twitter.com\/MaximeB_2"],"url":"https:\/\/dicodusport.fr\/blog\/author\/maxime-b\/"}]}},"_links":{"self":[{"href":"https:\/\/dicodusport.fr\/blog\/wp-json\/wp\/v2\/posts\/92246","targetHints":{"allow":["GET"]}}],"collection":[{"href":"https:\/\/dicodusport.fr\/blog\/wp-json\/wp\/v2\/posts"}],"about":[{"href":"https:\/\/dicodusport.fr\/blog\/wp-json\/wp\/v2\/types\/post"}],"author":[{"embeddable":true,"href":"https:\/\/dicodusport.fr\/blog\/wp-json\/wp\/v2\/users\/43"}],"replies":[{"embeddable":true,"href":"https:\/\/dicodusport.fr\/blog\/wp-json\/wp\/v2\/comments?post=92246"}],"version-history":[{"count":0,"href":"https:\/\/dicodusport.fr\/blog\/wp-json\/wp\/v2\/posts\/92246\/revisions"}],"wp:featuredmedia":[{"embeddable":true,"href":"https:\/\/dicodusport.fr\/blog\/wp-json\/wp\/v2\/media\/93691"}],"wp:attachment":[{"href":"https:\/\/dicodusport.fr\/blog\/wp-json\/wp\/v2\/media?parent=92246"}],"wp:term":[{"taxonomy":"category","embeddable":true,"href":"https:\/\/dicodusport.fr\/blog\/wp-json\/wp\/v2\/categories?post=92246"},{"taxonomy":"post_tag","embeddable":true,"href":"https:\/\/dicodusport.fr\/blog\/wp-json\/wp\/v2\/tags?post=92246"}],"curies":[{"name":"wp","href":"https:\/\/api.w.org\/{rel}","templated":true}]}}