{"id":92599,"date":"2020-12-11T11:29:47","date_gmt":"2020-12-11T10:29:47","guid":{"rendered":"https:\/\/dicodusport.fr\/blog\/?p=92599&#038;preview=true&#038;preview_id=92599"},"modified":"2020-12-11T11:33:24","modified_gmt":"2020-12-11T10:33:24","slug":"game-over-pour-mediapro-et-telefoot","status":"publish","type":"post","link":"https:\/\/dicodusport.fr\/blog\/game-over-pour-mediapro-et-telefoot\/","title":{"rendered":"Game over pour Mediapro et T\u00e9l\u00e9foot"},"content":{"rendered":"<p style=\"text-align: justify;\"><strong><em>Selon nos confr\u00e8res de <a href=\"https:\/\/www.lequipe.fr\/Football\/Actualites\/Mediapro-c-est-fini\/1204329?\" target=\"_blank\" rel=\"noopener noreferrer\">L&rsquo;\u00c9quipe<\/a>, Mediapro et la LFP ont trouv\u00e9 un accord pour mettre fin \u00e0 leur <\/em><\/strong><b><i>collaboration. La cha\u00eene T\u00e9l\u00e9foot va donc s&rsquo;arr\u00eater.\u00a0<\/i><\/b><\/p>\n<p style=\"text-align: justify;\">Cela semblait in\u00e9luctable. Et m\u00eame si une conciliation avec une sortie de crise \u00e9tait toujours esp\u00e9r\u00e9e, il n&rsquo;en sera rien ! <strong>Julien Bergeaud<\/strong>, directeur g\u00e9n\u00e9ral de la cha\u00eene <strong>T\u00e9l\u00e9foot<\/strong>, a annonc\u00e9 lors d&rsquo;une r\u00e9union ce vendredi matin que la cha\u00eene allait s&rsquo;arr\u00eater apr\u00e8s qu&rsquo;un accord a \u00e9t\u00e9 trouv\u00e9 avec la LFP. Aucune date pr\u00e9cise sur la fin de la collaboration n&rsquo;a encore fuit\u00e9, mais cela devrait \u00eatre officialis\u00e9 dans les prochains jours. <strong>Mediapro<\/strong> est donc \u00e0 ranger dans la case du plus gros fiasco du football fran\u00e7ais, et nous avons une pens\u00e9e pour les confr\u00e8res qui ont rejoint le navire, et qui vont se retrouver par cons\u00e9quent sans emploi.<\/p>\n<blockquote class=\"twitter-tweet\">\n<p dir=\"ltr\" lang=\"fr\">INFO L&rsquo;EQUIPE &#8211; Le feuilleton Mediapro-LFP concernant les droits TV touche \u00e0 sa fin. Les deux parties ont trouv\u00e9 un accord et la cha\u00eene T\u00e9l\u00e9foot va s&rsquo;arr\u00eater : <a href=\"https:\/\/t.co\/xmELxXM2CP\">https:\/\/t.co\/xmELxXM2CP<\/a> <a href=\"https:\/\/t.co\/M6aiRV1kxQ\">pic.twitter.com\/M6aiRV1kxQ<\/a><\/p>\n<p>\u2014 L&rsquo;\u00c9QUIPE (@lequipe) <a href=\"https:\/\/twitter.com\/lequipe\/status\/1337337999051337728?ref_src=twsrc%5Etfw\">December 11, 2020<\/a><\/p><\/blockquote>\n<p><script async src=\"https:\/\/platform.twitter.com\/widgets.js\" charset=\"utf-8\"><\/script><\/p>\n<p><strong><em>Dicodusport<br \/>\n<a href=\"https:\/\/www.facebook.com\/dicodusport\/\" target=\"_blank\" rel=\"noopener noreferrer\"><img loading=\"lazy\" decoding=\"async\" class=\"alignnone wp-image-2909\" src=\"http:\/\/dicodusport.fr\/blog\/wp-content\/uploads\/2017\/07\/logo-facebook-150x150.png\" alt=\"\" width=\"40\" height=\"40\" \/><\/a><a href=\"https:\/\/twitter.com\/dicodusport\" target=\"_blank\" rel=\"noopener noreferrer\"><img loading=\"lazy\" decoding=\"async\" class=\"alignnone wp-image-2908\" src=\"http:\/\/dicodusport.fr\/blog\/wp-content\/uploads\/2017\/07\/logo-twitter-150x150.png\" alt=\"\" width=\"39\" height=\"39\" \/><\/a><\/em><\/strong><\/p>\n","protected":false},"excerpt":{"rendered":"<p>Selon nos confr\u00e8res de L&rsquo;\u00c9quipe, Mediapro et la LFP ont trouv\u00e9 un accord pour mettre fin \u00e0 leur collaboration. La cha\u00eene T\u00e9l\u00e9foot va donc s&rsquo;arr\u00eater.\u00a0\u00a0<\/p>\n","protected":false},"author":1,"featured_media":92606,"comment_status":"open","ping_status":"closed","sticky":false,"template":"","format":"standard","meta":{"_acf_changed":false,"_daextam_enable_autolinks":"","footnotes":""},"categories":[2301],"tags":[9635,75,8494,10853],"class_list":["post-92599","post","type-post","status-publish","format-standard","has-post-thumbnail","hentry","category-football","tag-droits-tv","tag-football","tag-mediapro","tag-telefoot"],"acf":[],"yoast_head":"<!-- This site is optimized with the Yoast SEO Premium plugin v26.7 (Yoast SEO v26.7) - https:\/\/yoast.com\/wordpress\/plugins\/seo\/ -->\n<title>Game over pour Mediapro et T\u00e9l\u00e9foot<\/title>\n<meta name=\"description\" content=\"Selon nos confr\u00e8res de L&#039;\u00c9quipe, Mediapro et la LFP ont trouv\u00e9 un accord pour mettre fin \u00e0 leur collaboration. La cha\u00eene T\u00e9l\u00e9foot va donc s&#039;arr\u00eater.\u00a0\" \/>\n<meta name=\"robots\" content=\"index, follow, max-snippet:-1, max-image-preview:large, max-video-preview:-1\" \/>\n<link rel=\"canonical\" href=\"https:\/\/dicodusport.fr\/blog\/game-over-pour-mediapro-et-telefoot\/\" \/>\n<meta property=\"og:locale\" content=\"fr_FR\" \/>\n<meta property=\"og:type\" content=\"article\" \/>\n<meta property=\"og:title\" content=\"Game over pour Mediapro et T\u00e9l\u00e9foot\" \/>\n<meta property=\"og:description\" content=\"Selon nos confr\u00e8res de L&#039;\u00c9quipe, Mediapro et la LFP ont trouv\u00e9 un accord pour mettre fin \u00e0 leur collaboration. La cha\u00eene T\u00e9l\u00e9foot va donc s&#039;arr\u00eater.\u00a0\" \/>\n<meta property=\"og:url\" content=\"https:\/\/dicodusport.fr\/blog\/game-over-pour-mediapro-et-telefoot\/\" \/>\n<meta property=\"og:site_name\" content=\"Dicodusport\" \/>\n<meta property=\"article:publisher\" content=\"https:\/\/www.facebook.com\/dicodusport\" \/>\n<meta property=\"article:author\" content=\"https:\/\/www.facebook.com\/dicodusport\" \/>\n<meta property=\"article:published_time\" content=\"2020-12-11T10:29:47+00:00\" \/>\n<meta property=\"article:modified_time\" content=\"2020-12-11T10:33:24+00:00\" \/>\n<meta property=\"og:image\" content=\"https:\/\/dicodusport.fr\/blog\/wp-content\/uploads\/2020\/12\/Game-over-pour-Mediapro-et-T\u00e9l\u00e9foot.png\" \/>\n\t<meta property=\"og:image:width\" content=\"800\" \/>\n\t<meta property=\"og:image:height\" content=\"445\" \/>\n\t<meta property=\"og:image:type\" content=\"image\/png\" \/>\n<meta name=\"author\" content=\"Nicolas Jacquemard\" \/>\n<meta name=\"twitter:card\" content=\"summary_large_image\" \/>\n<meta name=\"twitter:title\" content=\"Game over pour Mediapro et T\u00e9l\u00e9foot\" \/>\n<meta name=\"twitter:creator\" content=\"@https:\/\/twitter.com\/Nico_Jacquemard\" \/>\n<meta name=\"twitter:site\" content=\"@dicodusport\" \/>\n<script type=\"application\/ld+json\" class=\"yoast-schema-graph\">{\"@context\":\"https:\/\/schema.org\",\"@graph\":[{\"@type\":\"NewsArticle\",\"@id\":\"https:\/\/dicodusport.fr\/blog\/game-over-pour-mediapro-et-telefoot\/#article\",\"isPartOf\":{\"@id\":\"https:\/\/dicodusport.fr\/blog\/game-over-pour-mediapro-et-telefoot\/\"},\"author\":{\"name\":\"Nicolas Jacquemard\",\"@id\":\"https:\/\/dicodusport.fr\/blog\/#\/schema\/person\/55dcb50ad410894e431ed812bbb70191\"},\"headline\":\"Game over pour Mediapro et T\u00e9l\u00e9foot\",\"datePublished\":\"2020-12-11T10:29:47+00:00\",\"dateModified\":\"2020-12-11T10:33:24+00:00\",\"mainEntityOfPage\":{\"@id\":\"https:\/\/dicodusport.fr\/blog\/game-over-pour-mediapro-et-telefoot\/\"},\"wordCount\":217,\"commentCount\":0,\"publisher\":{\"@id\":\"https:\/\/dicodusport.fr\/blog\/#organization\"},\"image\":{\"@id\":\"https:\/\/dicodusport.fr\/blog\/game-over-pour-mediapro-et-telefoot\/#primaryimage\"},\"thumbnailUrl\":\"https:\/\/dicodusport.fr\/blog\/wp-content\/uploads\/2020\/12\/Game-over-pour-Mediapro-et-T\u00e9l\u00e9foot.png\",\"keywords\":[\"Droits TV\",\"Football\",\"Mediapro\",\"T\u00e9l\u00e9foot\"],\"articleSection\":[\"Football\"],\"inLanguage\":\"fr-FR\",\"potentialAction\":[{\"@type\":\"CommentAction\",\"name\":\"Comment\",\"target\":[\"https:\/\/dicodusport.fr\/blog\/game-over-pour-mediapro-et-telefoot\/#respond\"]}],\"copyrightYear\":\"2020\",\"copyrightHolder\":{\"@id\":\"https:\/\/dicodusport.fr\/blog\/#organization\"}},{\"@type\":\"WebPage\",\"@id\":\"https:\/\/dicodusport.fr\/blog\/game-over-pour-mediapro-et-telefoot\/\",\"url\":\"https:\/\/dicodusport.fr\/blog\/game-over-pour-mediapro-et-telefoot\/\",\"name\":\"Game over pour Mediapro et T\u00e9l\u00e9foot\",\"isPartOf\":{\"@id\":\"https:\/\/dicodusport.fr\/blog\/#website\"},\"primaryImageOfPage\":{\"@id\":\"https:\/\/dicodusport.fr\/blog\/game-over-pour-mediapro-et-telefoot\/#primaryimage\"},\"image\":{\"@id\":\"https:\/\/dicodusport.fr\/blog\/game-over-pour-mediapro-et-telefoot\/#primaryimage\"},\"thumbnailUrl\":\"https:\/\/dicodusport.fr\/blog\/wp-content\/uploads\/2020\/12\/Game-over-pour-Mediapro-et-T\u00e9l\u00e9foot.png\",\"datePublished\":\"2020-12-11T10:29:47+00:00\",\"dateModified\":\"2020-12-11T10:33:24+00:00\",\"description\":\"Selon nos confr\u00e8res de L'\u00c9quipe, Mediapro et la LFP ont trouv\u00e9 un accord pour mettre fin \u00e0 leur collaboration. La cha\u00eene T\u00e9l\u00e9foot va donc s'arr\u00eater.\u00a0\",\"breadcrumb\":{\"@id\":\"https:\/\/dicodusport.fr\/blog\/game-over-pour-mediapro-et-telefoot\/#breadcrumb\"},\"inLanguage\":\"fr-FR\",\"potentialAction\":[{\"@type\":\"ReadAction\",\"target\":[\"https:\/\/dicodusport.fr\/blog\/game-over-pour-mediapro-et-telefoot\/\"]}]},{\"@type\":\"ImageObject\",\"inLanguage\":\"fr-FR\",\"@id\":\"https:\/\/dicodusport.fr\/blog\/game-over-pour-mediapro-et-telefoot\/#primaryimage\",\"url\":\"https:\/\/dicodusport.fr\/blog\/wp-content\/uploads\/2020\/12\/Game-over-pour-Mediapro-et-T\u00e9l\u00e9foot.png\",\"contentUrl\":\"https:\/\/dicodusport.fr\/blog\/wp-content\/uploads\/2020\/12\/Game-over-pour-Mediapro-et-T\u00e9l\u00e9foot.png\",\"width\":800,\"height\":445,\"caption\":\"Game over pour Mediapro et T\u00e9l\u00e9foot\"},{\"@type\":\"BreadcrumbList\",\"@id\":\"https:\/\/dicodusport.fr\/blog\/game-over-pour-mediapro-et-telefoot\/#breadcrumb\",\"itemListElement\":[{\"@type\":\"ListItem\",\"position\":1,\"name\":\"Accueil\",\"item\":\"https:\/\/dicodusport.fr\/blog\/\"},{\"@type\":\"ListItem\",\"position\":2,\"name\":\"Game over pour Mediapro et T\u00e9l\u00e9foot\"}]},{\"@type\":\"WebSite\",\"@id\":\"https:\/\/dicodusport.fr\/blog\/#website\",\"url\":\"https:\/\/dicodusport.fr\/blog\/\",\"name\":\"Dicodusport\",\"description\":\"L&#039;encyclop\u00e9die de l&#039;actualit\u00e9 sportive\",\"publisher\":{\"@id\":\"https:\/\/dicodusport.fr\/blog\/#organization\"},\"potentialAction\":[{\"@type\":\"SearchAction\",\"target\":{\"@type\":\"EntryPoint\",\"urlTemplate\":\"https:\/\/dicodusport.fr\/blog\/?s={search_term_string}\"},\"query-input\":{\"@type\":\"PropertyValueSpecification\",\"valueRequired\":true,\"valueName\":\"search_term_string\"}}],\"inLanguage\":\"fr-FR\"},{\"@type\":\"NewsMediaOrganization\",\"@id\":\"https:\/\/dicodusport.fr\/blog\/#organization\",\"name\":\"Dicodusport\",\"url\":\"https:\/\/dicodusport.fr\/blog\/\",\"logo\":{\"@type\":\"ImageObject\",\"inLanguage\":\"fr-FR\",\"@id\":\"https:\/\/dicodusport.fr\/blog\/#\/schema\/logo\/image\/\",\"url\":\"https:\/\/dicodusport.fr\/blog\/wp-content\/uploads\/2020\/06\/cropped-LOGO-DICODUSPORT-2020-SANS-FOND-SANS-TEXTE.png\",\"contentUrl\":\"https:\/\/dicodusport.fr\/blog\/wp-content\/uploads\/2020\/06\/cropped-LOGO-DICODUSPORT-2020-SANS-FOND-SANS-TEXTE.png\",\"width\":512,\"height\":512,\"caption\":\"Dicodusport\"},\"image\":{\"@id\":\"https:\/\/dicodusport.fr\/blog\/#\/schema\/logo\/image\/\"},\"sameAs\":[\"https:\/\/www.facebook.com\/dicodusport\",\"https:\/\/x.com\/dicodusport\",\"https:\/\/www.instagram.com\/dicodusport\/\",\"https:\/\/www.youtube.com\/channel\/UC7V2KZ5sd3htJivAbA4ZG3w\"],\"description\":\"Dicodusport est l'encyclop\u00e9die de l'actualit\u00e9 sportive.\",\"email\":\"bonjour@dicodusport.fr\",\"legalName\":\"DICODUSPORT\",\"foundingDate\":\"2018-01-14\",\"vatID\":\"FR71834470973\",\"taxID\":\"83447097300043\",\"numberOfEmployees\":{\"@type\":\"QuantitativeValue\",\"minValue\":\"1\",\"maxValue\":\"10\"}},{\"@type\":\"Person\",\"@id\":\"https:\/\/dicodusport.fr\/blog\/#\/schema\/person\/55dcb50ad410894e431ed812bbb70191\",\"name\":\"Nicolas Jacquemard\",\"image\":{\"@type\":\"ImageObject\",\"inLanguage\":\"fr-FR\",\"@id\":\"https:\/\/dicodusport.fr\/blog\/#\/schema\/person\/image\/\",\"url\":\"https:\/\/dicodusport.fr\/blog\/wp-content\/uploads\/2021\/05\/Nicolas-Jacquemard-150x150.jpeg\",\"contentUrl\":\"https:\/\/dicodusport.fr\/blog\/wp-content\/uploads\/2021\/05\/Nicolas-Jacquemard-150x150.jpeg\",\"caption\":\"Nicolas Jacquemard\"},\"description\":\"Passionn\u00e9 de sport et entrepreneur depuis mes 18 ans, la cr\u00e9ation de Dicodusport m'a sembl\u00e9 \u00e9vidente pour participer \u00e0 la m\u00e9diatisation d'un plus grand nombre de sports. Le chemin est long mais avec une \u00e9quipe des plus motiv\u00e9es et les Jeux Olympiques de Paris 2024 en point de mire, nous y arriverons ! Journaliste dans le monde du sport depuis plus de 5 ans, je traite aussi bien de football, de rugby, de biathlon que de cyclisme.\",\"sameAs\":[\"https:\/\/www.facebook.com\/dicodusport\",\"https:\/\/x.com\/https:\/\/twitter.com\/Nico_Jacquemard\"],\"url\":\"https:\/\/dicodusport.fr\/blog\/author\/dicodusport\/\"}]}<\/script>\n<!-- \/ Yoast SEO Premium plugin. -->","yoast_head_json":{"title":"Game over pour Mediapro et T\u00e9l\u00e9foot","description":"Selon nos confr\u00e8res de L'\u00c9quipe, Mediapro et la LFP ont trouv\u00e9 un accord pour mettre fin \u00e0 leur collaboration. La cha\u00eene T\u00e9l\u00e9foot va donc s'arr\u00eater.\u00a0","robots":{"index":"index","follow":"follow","max-snippet":"max-snippet:-1","max-image-preview":"max-image-preview:large","max-video-preview":"max-video-preview:-1"},"canonical":"https:\/\/dicodusport.fr\/blog\/game-over-pour-mediapro-et-telefoot\/","og_locale":"fr_FR","og_type":"article","og_title":"Game over pour Mediapro et T\u00e9l\u00e9foot","og_description":"Selon nos confr\u00e8res de L'\u00c9quipe, Mediapro et la LFP ont trouv\u00e9 un accord pour mettre fin \u00e0 leur collaboration. La cha\u00eene T\u00e9l\u00e9foot va donc s'arr\u00eater.\u00a0","og_url":"https:\/\/dicodusport.fr\/blog\/game-over-pour-mediapro-et-telefoot\/","og_site_name":"Dicodusport","article_publisher":"https:\/\/www.facebook.com\/dicodusport","article_author":"https:\/\/www.facebook.com\/dicodusport","article_published_time":"2020-12-11T10:29:47+00:00","article_modified_time":"2020-12-11T10:33:24+00:00","og_image":[{"width":800,"height":445,"url":"https:\/\/dicodusport.fr\/blog\/wp-content\/uploads\/2020\/12\/Game-over-pour-Mediapro-et-T\u00e9l\u00e9foot.png","type":"image\/png"}],"author":"Nicolas Jacquemard","twitter_card":"summary_large_image","twitter_title":"Game over pour Mediapro et T\u00e9l\u00e9foot","twitter_creator":"@https:\/\/twitter.com\/Nico_Jacquemard","twitter_site":"@dicodusport","schema":{"@context":"https:\/\/schema.org","@graph":[{"@type":"NewsArticle","@id":"https:\/\/dicodusport.fr\/blog\/game-over-pour-mediapro-et-telefoot\/#article","isPartOf":{"@id":"https:\/\/dicodusport.fr\/blog\/game-over-pour-mediapro-et-telefoot\/"},"author":{"name":"Nicolas Jacquemard","@id":"https:\/\/dicodusport.fr\/blog\/#\/schema\/person\/55dcb50ad410894e431ed812bbb70191"},"headline":"Game over pour Mediapro et T\u00e9l\u00e9foot","datePublished":"2020-12-11T10:29:47+00:00","dateModified":"2020-12-11T10:33:24+00:00","mainEntityOfPage":{"@id":"https:\/\/dicodusport.fr\/blog\/game-over-pour-mediapro-et-telefoot\/"},"wordCount":217,"commentCount":0,"publisher":{"@id":"https:\/\/dicodusport.fr\/blog\/#organization"},"image":{"@id":"https:\/\/dicodusport.fr\/blog\/game-over-pour-mediapro-et-telefoot\/#primaryimage"},"thumbnailUrl":"https:\/\/dicodusport.fr\/blog\/wp-content\/uploads\/2020\/12\/Game-over-pour-Mediapro-et-T\u00e9l\u00e9foot.png","keywords":["Droits TV","Football","Mediapro","T\u00e9l\u00e9foot"],"articleSection":["Football"],"inLanguage":"fr-FR","potentialAction":[{"@type":"CommentAction","name":"Comment","target":["https:\/\/dicodusport.fr\/blog\/game-over-pour-mediapro-et-telefoot\/#respond"]}],"copyrightYear":"2020","copyrightHolder":{"@id":"https:\/\/dicodusport.fr\/blog\/#organization"}},{"@type":"WebPage","@id":"https:\/\/dicodusport.fr\/blog\/game-over-pour-mediapro-et-telefoot\/","url":"https:\/\/dicodusport.fr\/blog\/game-over-pour-mediapro-et-telefoot\/","name":"Game over pour Mediapro et T\u00e9l\u00e9foot","isPartOf":{"@id":"https:\/\/dicodusport.fr\/blog\/#website"},"primaryImageOfPage":{"@id":"https:\/\/dicodusport.fr\/blog\/game-over-pour-mediapro-et-telefoot\/#primaryimage"},"image":{"@id":"https:\/\/dicodusport.fr\/blog\/game-over-pour-mediapro-et-telefoot\/#primaryimage"},"thumbnailUrl":"https:\/\/dicodusport.fr\/blog\/wp-content\/uploads\/2020\/12\/Game-over-pour-Mediapro-et-T\u00e9l\u00e9foot.png","datePublished":"2020-12-11T10:29:47+00:00","dateModified":"2020-12-11T10:33:24+00:00","description":"Selon nos confr\u00e8res de L'\u00c9quipe, Mediapro et la LFP ont trouv\u00e9 un accord pour mettre fin \u00e0 leur collaboration. La cha\u00eene T\u00e9l\u00e9foot va donc s'arr\u00eater.\u00a0","breadcrumb":{"@id":"https:\/\/dicodusport.fr\/blog\/game-over-pour-mediapro-et-telefoot\/#breadcrumb"},"inLanguage":"fr-FR","potentialAction":[{"@type":"ReadAction","target":["https:\/\/dicodusport.fr\/blog\/game-over-pour-mediapro-et-telefoot\/"]}]},{"@type":"ImageObject","inLanguage":"fr-FR","@id":"https:\/\/dicodusport.fr\/blog\/game-over-pour-mediapro-et-telefoot\/#primaryimage","url":"https:\/\/dicodusport.fr\/blog\/wp-content\/uploads\/2020\/12\/Game-over-pour-Mediapro-et-T\u00e9l\u00e9foot.png","contentUrl":"https:\/\/dicodusport.fr\/blog\/wp-content\/uploads\/2020\/12\/Game-over-pour-Mediapro-et-T\u00e9l\u00e9foot.png","width":800,"height":445,"caption":"Game over pour Mediapro et T\u00e9l\u00e9foot"},{"@type":"BreadcrumbList","@id":"https:\/\/dicodusport.fr\/blog\/game-over-pour-mediapro-et-telefoot\/#breadcrumb","itemListElement":[{"@type":"ListItem","position":1,"name":"Accueil","item":"https:\/\/dicodusport.fr\/blog\/"},{"@type":"ListItem","position":2,"name":"Game over pour Mediapro et T\u00e9l\u00e9foot"}]},{"@type":"WebSite","@id":"https:\/\/dicodusport.fr\/blog\/#website","url":"https:\/\/dicodusport.fr\/blog\/","name":"Dicodusport","description":"L&#039;encyclop\u00e9die de l&#039;actualit\u00e9 sportive","publisher":{"@id":"https:\/\/dicodusport.fr\/blog\/#organization"},"potentialAction":[{"@type":"SearchAction","target":{"@type":"EntryPoint","urlTemplate":"https:\/\/dicodusport.fr\/blog\/?s={search_term_string}"},"query-input":{"@type":"PropertyValueSpecification","valueRequired":true,"valueName":"search_term_string"}}],"inLanguage":"fr-FR"},{"@type":"NewsMediaOrganization","@id":"https:\/\/dicodusport.fr\/blog\/#organization","name":"Dicodusport","url":"https:\/\/dicodusport.fr\/blog\/","logo":{"@type":"ImageObject","inLanguage":"fr-FR","@id":"https:\/\/dicodusport.fr\/blog\/#\/schema\/logo\/image\/","url":"https:\/\/dicodusport.fr\/blog\/wp-content\/uploads\/2020\/06\/cropped-LOGO-DICODUSPORT-2020-SANS-FOND-SANS-TEXTE.png","contentUrl":"https:\/\/dicodusport.fr\/blog\/wp-content\/uploads\/2020\/06\/cropped-LOGO-DICODUSPORT-2020-SANS-FOND-SANS-TEXTE.png","width":512,"height":512,"caption":"Dicodusport"},"image":{"@id":"https:\/\/dicodusport.fr\/blog\/#\/schema\/logo\/image\/"},"sameAs":["https:\/\/www.facebook.com\/dicodusport","https:\/\/x.com\/dicodusport","https:\/\/www.instagram.com\/dicodusport\/","https:\/\/www.youtube.com\/channel\/UC7V2KZ5sd3htJivAbA4ZG3w"],"description":"Dicodusport est l'encyclop\u00e9die de l'actualit\u00e9 sportive.","email":"bonjour@dicodusport.fr","legalName":"DICODUSPORT","foundingDate":"2018-01-14","vatID":"FR71834470973","taxID":"83447097300043","numberOfEmployees":{"@type":"QuantitativeValue","minValue":"1","maxValue":"10"}},{"@type":"Person","@id":"https:\/\/dicodusport.fr\/blog\/#\/schema\/person\/55dcb50ad410894e431ed812bbb70191","name":"Nicolas Jacquemard","image":{"@type":"ImageObject","inLanguage":"fr-FR","@id":"https:\/\/dicodusport.fr\/blog\/#\/schema\/person\/image\/","url":"https:\/\/dicodusport.fr\/blog\/wp-content\/uploads\/2021\/05\/Nicolas-Jacquemard-150x150.jpeg","contentUrl":"https:\/\/dicodusport.fr\/blog\/wp-content\/uploads\/2021\/05\/Nicolas-Jacquemard-150x150.jpeg","caption":"Nicolas Jacquemard"},"description":"Passionn\u00e9 de sport et entrepreneur depuis mes 18 ans, la cr\u00e9ation de Dicodusport m'a sembl\u00e9 \u00e9vidente pour participer \u00e0 la m\u00e9diatisation d'un plus grand nombre de sports. Le chemin est long mais avec une \u00e9quipe des plus motiv\u00e9es et les Jeux Olympiques de Paris 2024 en point de mire, nous y arriverons ! Journaliste dans le monde du sport depuis plus de 5 ans, je traite aussi bien de football, de rugby, de biathlon que de cyclisme.","sameAs":["https:\/\/www.facebook.com\/dicodusport","https:\/\/x.com\/https:\/\/twitter.com\/Nico_Jacquemard"],"url":"https:\/\/dicodusport.fr\/blog\/author\/dicodusport\/"}]}},"_links":{"self":[{"href":"https:\/\/dicodusport.fr\/blog\/wp-json\/wp\/v2\/posts\/92599","targetHints":{"allow":["GET"]}}],"collection":[{"href":"https:\/\/dicodusport.fr\/blog\/wp-json\/wp\/v2\/posts"}],"about":[{"href":"https:\/\/dicodusport.fr\/blog\/wp-json\/wp\/v2\/types\/post"}],"author":[{"embeddable":true,"href":"https:\/\/dicodusport.fr\/blog\/wp-json\/wp\/v2\/users\/1"}],"replies":[{"embeddable":true,"href":"https:\/\/dicodusport.fr\/blog\/wp-json\/wp\/v2\/comments?post=92599"}],"version-history":[{"count":0,"href":"https:\/\/dicodusport.fr\/blog\/wp-json\/wp\/v2\/posts\/92599\/revisions"}],"wp:featuredmedia":[{"embeddable":true,"href":"https:\/\/dicodusport.fr\/blog\/wp-json\/wp\/v2\/media\/92606"}],"wp:attachment":[{"href":"https:\/\/dicodusport.fr\/blog\/wp-json\/wp\/v2\/media?parent=92599"}],"wp:term":[{"taxonomy":"category","embeddable":true,"href":"https:\/\/dicodusport.fr\/blog\/wp-json\/wp\/v2\/categories?post=92599"},{"taxonomy":"post_tag","embeddable":true,"href":"https:\/\/dicodusport.fr\/blog\/wp-json\/wp\/v2\/tags?post=92599"}],"curies":[{"name":"wp","href":"https:\/\/api.w.org\/{rel}","templated":true}]}}