{"id":9266,"date":"2017-12-25T11:00:08","date_gmt":"2017-12-25T10:00:08","guid":{"rendered":"http:\/\/dicodusport.fr\/blog\/?p=9266"},"modified":"2018-06-05T11:27:06","modified_gmt":"2018-06-05T09:27:06","slug":"garde-la-peche-by-ati-fit-5-comment-perdre-du-poids-apres-les-fetes","status":"publish","type":"post","link":"https:\/\/dicodusport.fr\/blog\/garde-la-peche-by-ati-fit-5-comment-perdre-du-poids-apres-les-fetes\/","title":{"rendered":"Garde la p\u00eache by Ati Fit #5 : comment perdre du poids apr\u00e8s les f\u00eates ?"},"content":{"rendered":"<p style=\"text-align: justify;\"><strong><em>Tous les mois, retrouvez \u00ab\u00a0<a href=\"http:\/\/dicodusport.fr\/blog\/garde-la-peche-by-ati-fit-tous-les-mois-sur-dicodusport-fr\/\"><span style=\"color: #0000ff;\">Garde la p\u00eache by Ati Fit<\/span><\/a>\u00a0\u00bb sur votre blog\u00a0<span style=\"color: #0000ff;\"><a style=\"color: #0000ff;\" href=\"http:\/\/dicodusport.fr\">dicodusport.fr<\/a><\/span>, la chronique qui va vous permettre de garder la forme toute l&rsquo;ann\u00e9e ! Pour la\u00a0cinqui\u00e8me chronique, notre coach vous parle de la bonne m\u00e9thode pour perdre du poids apr\u00e8s des f\u00eates remplies d&rsquo;exc\u00e8s.<\/em><\/strong><\/p>\n<p style=\"text-align: justify;\">Salut \u00e0 tous ! J\u2019esp\u00e8re que vous passez de bonnes f\u00eates de fin d\u2019ann\u00e9e, en famille et\/ou entre ami(e)s. D\u2019ailleurs, pour ceux qui ne l&rsquo;ont pas encore lu, j\u2019ai \u00e9crit <span style=\"color: #0000ff;\"><a style=\"color: #0000ff;\" href=\"https:\/\/atifit.fr\/astuce-maigrir-noel\/\" target=\"_blank\" rel=\"noopener\">un article pour vous aider \u00e0 passer les f\u00eates sans prendre de poids<\/a><\/span> ! Les mois de d\u00e9cembre et de janvier repr\u00e9sentent un pont entre l\u2019ann\u00e9e en cours et l\u2019ann\u00e9e qui arrive. On a tendance \u00e0 s\u2019autoriser des \u00e9carts, se permettre certaines libert\u00e9s et \u00e0 remettre \u00e0 l\u2019ann\u00e9e suivante ce qu\u2019on devrait r\u00e9ellement faire maintenant. Encore plus lorsqu\u2019il s\u2019agit de perdre du poids ou de se remettre en forme.<\/p>\n<p style=\"text-align: justify;\">Ce mois-ci, j\u2019ai envie de vous parler des r\u00e9solutions de d\u00e9but d\u2019ann\u00e9e et plus particuli\u00e8rement de la mentalit\u00e9, de l\u2019aspect mental que cela engendre. On est tous pareil, en janvier, on est toujours plein de bonnes volont\u00e9s, on se fixe des objectifs dans notre vie priv\u00e9e, notre vie professionnelle, on fait le bilan des choses qu\u2019on a r\u00e9ussi et celles qu\u2019on aurait pu mieux faire, et bizarrement le sport revient \u00e0 ce moment-l\u00e0.<\/p>\n<p style=\"text-align: justify;\">Je suis s\u00fbr que vous connaissez quelqu\u2019un qui dit chaque ann\u00e9e \u00ab je me mets au r\u00e9gime le 2 Janvier \u00bb et le 3 janvier, vous le voyez continuer sur la m\u00eame (mauvaise) lanc\u00e9e que l\u2019ann\u00e9e pr\u00e9c\u00e9dente. Mais que passe-t-il dans nos t\u00eates ? Pourquoi cela ne fonctionne pas ? Pourquoi c\u2019est toujours plus facile pour les autres ?<\/p>\n<h4 style=\"text-align: justify;\">1. Sport :<\/h4>\n<p style=\"text-align: justify;\">Pleins de bonnes volont\u00e9s, on se lance t\u00eate baiss\u00e9e ! Beaucoup ne font pas \u00ab d\u2019\u00e9tat des lieux \u00bb, en se posant les bonnes questions :<\/p>\n<p style=\"text-align: justify;\">\u2022 Quel est mon niveau de forme actuel ?<br \/>\n\u2022 Quel est mon objectif \u00e0 court puis \u00e0 long terme ?<br \/>\n\u2022 Comment vais-je mesurer ma progression ?<br \/>\n\u2022 Quel sport va me permettre de prendre du plaisir sans que cela devienne une torture ?<br \/>\n\u2022 Suis-je \u00e9quip\u00e9 pour la pratique de mon sport ? (je parle uniquement de bonnes chaussures, de la tenue de sport, le reste est secondaire et d\u00e9pend surtout du sport pratiqu\u00e9)<\/p>\n<p style=\"text-align: justify;\">Ces questions simples permettent de mettre en place <strong>un plan d\u2019entrainement progressif<\/strong>. En effet, la notion de progression vous permettra de garder un fil rouge qui pr\u00e9servera votre motivation, sans cela vous avancez dans le brouillard et votre motivation s\u2019effilochera \u00e0 chaque entrainement.<\/p>\n<p style=\"text-align: justify;\">Mon conseil est de vous planifier 2 \u00e0 3 s\u00e9ances par semaine, ce qui vous laissera du temps pour vous et de ne pas avoir l\u2019impression d\u2019avoir r\u00e9volutionn\u00e9 votre vie. \u00ab Briques apr\u00e8s briques, maison se construit \u00bb.<\/p>\n<h4 style=\"text-align: justify;\">2. Di\u00e9t\u00e9tique :<\/h4>\n<p style=\"text-align: justify;\">Pilier essentiel de la remise en forme ou de la perte de poids, vous le savez d\u00e9j\u00e0, pourtant, on constate encore que beaucoup pensent qu\u2019il faut tout r\u00e9volutionner pour avoir des r\u00e9sultats.<\/p>\n<p style=\"text-align: center;\"><strong><span style=\"color: #339966;\">\u00ab Pour rappel aucun aliment ne fait grossir ou maigrir, tout est question de quantit\u00e9 ! \u00bb<\/span><\/strong><\/p>\n<p style=\"text-align: justify;\">Tout comme le sport, il est important de faire un \u00e9tat des lieux de vos habitudes :<br \/>\n\u2022 Qu\u2019est ce que je mange au petit-d\u00e9jeuner \/ au d\u00e9jeuner ? \/ en collation ?\/ au diner ? \/ avant de dormir ?<br \/>\n\u2022 Combien de repas je fais dans la journ\u00e9e ?<br \/>\n\u2022 Est ce que je mange parce que j\u2019ai faim ou parce que c\u2019est l\u2019heure ?<br \/>\n\u2022 Quelles sont mes faiblesses ?<br \/>\n\u2022 Quels sont mes besoins ?<\/p>\n<p style=\"text-align: justify;\">En fonction de ce bilan vous allez pouvoir <strong>planifier votre alimentation<\/strong>. La planification est la cl\u00e9 de votre r\u00e9ussite, si vous attendez d\u2019avoir faim pour choisir ce que vous allez manger vous vous mettez en danger ! Vous allez devoir faire face \u00e0 vos envies et ces envies sont rarement des bons choix. C\u2019est comme faire les courses le ventre vide, votre caddie se retrouve avec des g\u00e2teaux, des sodas, des aliments ultra caloriques et que vous aurez du mal \u00e0 caler dans votre plan diet sans que cela explose votre balance calorique journali\u00e8re.<\/p>\n<p style=\"text-align: justify;\">Mon conseil est de pr\u00e9parer \u00e0 l\u2019avance les plats de la journ\u00e9e ou du moins de planifier comme \u00e0 la cantine les contenu de vos repas et vous y tenir. Ainsi vous ne laissez rien au hasard.<\/p>\n<p><img loading=\"lazy\" decoding=\"async\" class=\"aligncenter size-full wp-image-9363\" src=\"http:\/\/dicodusport.fr\/blog\/wp-content\/uploads\/2017\/12\/Astuces.jpg\" alt=\"\" width=\"630\" height=\"260\" srcset=\"https:\/\/dicodusport.fr\/blog\/wp-content\/uploads\/2017\/12\/Astuces.jpg 630w, https:\/\/dicodusport.fr\/blog\/wp-content\/uploads\/2017\/12\/Astuces-300x124.jpg 300w\" sizes=\"auto, (max-width: 630px) 100vw, 630px\" \/><\/p>\n<h4 style=\"text-align: justify;\">3. Environnement<\/h4>\n<p style=\"text-align: justify;\">L\u2019Homme est mauvais, notre environnement est souvent nocif ! Je vous choque ? Allumez la t\u00e9l\u00e9vision, les \u00e9missions avec les meilleures audiences sont les \u00e9missions o\u00f9 les participants sont jug\u00e9s et critiqu\u00e9s. Il s\u2019agit simplement du reflet de notre soci\u00e9t\u00e9. Donc lorsque vous allez vous lancer dans votre d\u00e9marche de remise en forme, de perte de poids, soyez pr\u00eat \u00e0 \u00eatre critiqu\u00e9, jug\u00e9 et test\u00e9. Rapidement, certaines personnes (m\u00eame vos proches) vont chercher \u00e0 vous dissuader de le faire en utilisant des arguments tels que : \u00ab J\u2019ai une copine qui a fait un r\u00e9gime, elle a repris le double du poids perdu ! \u00bb, \u00ab Tu n\u2019as pas besoin de t\u2019infliger \u00e7a ! Tu es tr\u00e8s bien comme tu es \u00bb, \u00ab Allez prends du pain, mange un peu plus \u00e7a va pas te tuer ! \u00bb.<\/p>\n<p style=\"text-align: justify;\">Ces personnes ont tendance \u00e0 savoir mieux que vous ce que vous voulez, soyez fort et respectez votre plan, vous \u00eates le seul maitre \u00e0 bord !<\/p>\n<p style=\"text-align: justify;\">Certains parlent de jalousie, d\u2019incapacit\u00e9 pour le juge\/le critiqueur de faire ce que vous vous appr\u00eatez \u00e0 entreprendre. Je pense simplement que notre soci\u00e9t\u00e9 n\u2019aime pas les personnes qui sortent du rang, qui ne font pas comme tout le monde, m\u00eame si on a l\u2019impression que tout le monde se met au fitness\u2026c\u2019est un autre d\u00e9bat.<\/p>\n<p style=\"text-align: center;\"><strong><span style=\"color: #339966;\">Quoiqu\u2019il en soit, cette d\u00e9marche est louable ! Elle vous permettra de vous sentir mieux dans votre corps, elle vous permettra d\u2019entretenir votre sant\u00e9 mentale et votre capital sant\u00e9 !<\/span><\/strong><\/p>\n<p style=\"text-align: justify;\">Je vous conseille de vous lancer sans en parler, faites ce que vous avez \u00e0 faire et laissez vos r\u00e9sultats annoncer le changement.<\/p>\n<p style=\"text-align: justify;\"><strong>Les r\u00e9solutions tombent \u00e0 l\u2019eau parce que le plan d\u2019action n\u2019est pas clair, la feuille de route n\u2019est pas jalonn\u00e9e des \u00e9tapes \u00e0 franchir pour atteindre l\u2019objectif final.<\/strong><\/p>\n<p style=\"text-align: justify;\">Exemple : Je veux perdre 10 kilos et pour cela, je dois avoir perdu 3 kilos au \u00ab date \u00bb et ainsi de suite. Si je n\u2019ai pas perdu ce poids je vais changer ceci ou cela, et si j\u2019ai atteint mon objectif interm\u00e9diaire je vais devoir accentuer telle ou telle action.<\/p>\n<p style=\"text-align: justify;\">La remise en forme ou la perte de poids est un processus qui demande \u00e9norm\u00e9ment d\u2019ajustements, et c\u2019est aussi pour cette raison que beaucoup \u00e9chouent. Si un r\u00e9\u00e9quilibrage alimentaire vous fera perdre 2-3kilos rapidement, il n&rsquo;est pas donn\u00e9 \u00e0 tout le monde de r\u00e9pondre aux blocages que notre corps va mettre en place \u2013 baisser continuellement le total calorique n\u2019est pas une solution viable sur le long terme. Si vous ne connaissez pas les diff\u00e9rents protocoles de perte de poids, faites appel \u00e0 un coach qui vous accompagnera et qui vous conseillera.<\/p>\n<p style=\"text-align: justify;\"><strong>Les personnes qui arrivent \u00e0 atteindre leur objectif de perte de poids, respectent g\u00e9n\u00e9ralement ces principes :<\/strong><\/p>\n<p style=\"text-align: justify;\">\u2022 Ils ont compris que leur objectif ne se soucie pas de leurs sentiments : qu\u2019ils aient envie ou pas ils font leur s\u00e9ance de sport, qu\u2019ils soient fatigu\u00e9s ou pas ils ne loupent pas leur s\u00e9ance de sport, qu\u2019ils aient envie ou pas ils respectent leur plan diet\u2026<\/p>\n<p style=\"text-align: justify;\">\u2022 \u00ab Ne faites rien et rien ne changera \u00bb : le vouloir est une chose, le faire en est une autre. Passer \u00e0 l\u2019action est la seule chose qui vous rapprochera de votre objectif.<\/p>\n<p style=\"text-align: justify;\">\u2022 Leur corps est un temple : ils en prennent soin et cela leur permet d\u2019\u00eatre en forme au quotidien.<\/p>\n<p style=\"text-align: justify;\">Ce n\u2019est pas plus facile pour les autres, seulement \u00ab les autres \u00bb, ils font ce qu\u2019il faut pour y arriver. Profitez des r\u00e9solutions pour vous lancer et gardez le cap ! Mettez en place un plan d\u2019action clair qui vous m\u00e8nera jusqu\u2019\u00e0 votre objectif final. Prenez en compte votre environnement et adaptez votre comportement pour ne pas \u00eatre confront\u00e9 aux tentatives de \u00ab d\u00e9stabilisation \u00bb qui ont tendance \u00e0 vous faire penser que ce que vous faites est insens\u00e9 (manger sainement et faire du sport est loin d\u2019\u00eatre insens\u00e9).<\/p>\n<p><em><strong>Ati Fit Coaching<\/strong><br \/>\n<a href=\"https:\/\/www.atifit.fr\/\"><img loading=\"lazy\" decoding=\"async\" class=\"alignnone wp-image-5480\" src=\"http:\/\/dicodusport.fr\/blog\/wp-content\/uploads\/2017\/10\/logo-site-web-150x150.png\" alt=\"\" width=\"39\" height=\"39\" srcset=\"https:\/\/dicodusport.fr\/blog\/wp-content\/uploads\/2017\/10\/logo-site-web-150x150.png 150w, https:\/\/dicodusport.fr\/blog\/wp-content\/uploads\/2017\/10\/logo-site-web-300x300.png 300w, https:\/\/dicodusport.fr\/blog\/wp-content\/uploads\/2017\/10\/logo-site-web-768x768.png 768w, https:\/\/dicodusport.fr\/blog\/wp-content\/uploads\/2017\/10\/logo-site-web.png 800w\" sizes=\"auto, (max-width: 39px) 100vw, 39px\" \/><\/a><\/em><a style=\"color: #000000;\" href=\"https:\/\/twitter.com\/ati_fit3\" target=\"_blank\" rel=\"noopener noreferrer\"><img loading=\"lazy\" decoding=\"async\" class=\"alignnone wp-image-2908\" src=\"http:\/\/dicodusport.fr\/blog\/wp-content\/uploads\/2017\/07\/logo-twitter-150x150.png\" alt=\"\" width=\"39\" height=\"39\" \/><\/a><a style=\"color: #000000;\" href=\"https:\/\/www.facebook.com\/atifit3\/\" target=\"_blank\" rel=\"noopener noreferrer\"><img loading=\"lazy\" decoding=\"async\" class=\"alignnone wp-image-2909\" src=\"http:\/\/dicodusport.fr\/blog\/wp-content\/uploads\/2017\/07\/logo-facebook-150x150.png\" alt=\"\" width=\"40\" height=\"40\" \/><\/a><a style=\"color: #000000;\" href=\"https:\/\/www.instagram.com\/ati_coaching\/\" target=\"_blank\" rel=\"noopener noreferrer\"><img loading=\"lazy\" decoding=\"async\" class=\"alignnone wp-image-3709\" src=\"http:\/\/dicodusport.fr\/blog\/wp-content\/uploads\/2017\/08\/signature-instagram-150x150.png\" alt=\"\" width=\"40\" height=\"40\" srcset=\"https:\/\/dicodusport.fr\/blog\/wp-content\/uploads\/2017\/08\/signature-instagram-150x150.png 150w, https:\/\/dicodusport.fr\/blog\/wp-content\/uploads\/2017\/08\/signature-instagram.png 283w\" sizes=\"auto, (max-width: 40px) 100vw, 40px\" \/><\/a><\/p>\n","protected":false},"excerpt":{"rendered":"<p>Tous les mois, retrouvez \u00ab\u00a0Garde la p\u00eache by Ati Fit\u00a0\u00bb sur votre blog\u00a0dicodusport.fr, la chronique qui va vous permettre de garder la forme toute l&rsquo;ann\u00e9e ! Pour la\u00a0cinqui\u00e8me chronique, notre coach vous parle de la bonne m\u00e9thode pour perdre du poids apr\u00e8s des f\u00eates remplies d&rsquo;exc\u00e8s. Salut \u00e0 tous ! J\u2019esp\u00e8re que vous passez de [&hellip;]<\/p>\n","protected":false},"author":11,"featured_media":9271,"comment_status":"open","ping_status":"closed","sticky":false,"template":"","format":"standard","meta":{"_acf_changed":false,"_daextam_enable_autolinks":"","footnotes":""},"categories":[2,2316],"tags":[1700,609],"class_list":["post-9266","post","type-post","status-publish","format-standard","has-post-thumbnail","hentry","category-actualites","category-tous-les-sports","tag-ati-fit","tag-coaching-sportif"],"acf":[],"yoast_head":"<!-- This site is optimized with the Yoast SEO Premium plugin v26.7 (Yoast SEO v26.7) - https:\/\/yoast.com\/wordpress\/plugins\/seo\/ -->\n<title>Garde la p\u00eache by Ati Fit #5 : comment perdre du poids apr\u00e8s les f\u00eates ?<\/title>\n<meta name=\"description\" content=\"Pour la\u00a0cinqui\u00e8me chronique, notre coach vous parle de la bonne m\u00e9thode pour perdre du poids apr\u00e8s des f\u00eates remplies d&#039;exc\u00e8s.\" \/>\n<meta name=\"robots\" content=\"index, follow, max-snippet:-1, max-image-preview:large, max-video-preview:-1\" \/>\n<link rel=\"canonical\" href=\"https:\/\/dicodusport.fr\/blog\/garde-la-peche-by-ati-fit-5-comment-perdre-du-poids-apres-les-fetes\/\" \/>\n<meta property=\"og:locale\" content=\"fr_FR\" \/>\n<meta property=\"og:type\" content=\"article\" \/>\n<meta property=\"og:title\" content=\"Garde la p\u00eache by Ati Fit #5 : comment perdre du poids apr\u00e8s les f\u00eates ?\" \/>\n<meta property=\"og:description\" content=\"Pour la\u00a0cinqui\u00e8me chronique, notre coach vous parle de la bonne m\u00e9thode pour perdre du poids apr\u00e8s des f\u00eates remplies d&#039;exc\u00e8s.\" \/>\n<meta property=\"og:url\" content=\"https:\/\/dicodusport.fr\/blog\/garde-la-peche-by-ati-fit-5-comment-perdre-du-poids-apres-les-fetes\/\" \/>\n<meta property=\"og:site_name\" content=\"Dicodusport\" \/>\n<meta property=\"article:publisher\" content=\"https:\/\/www.facebook.com\/dicodusport\" \/>\n<meta property=\"article:published_time\" content=\"2017-12-25T10:00:08+00:00\" \/>\n<meta property=\"article:modified_time\" content=\"2018-06-05T09:27:06+00:00\" \/>\n<meta property=\"og:image\" content=\"https:\/\/dicodusport.fr\/blog\/wp-content\/uploads\/2017\/12\/perdre-du-poids-fetes.png\" \/>\n\t<meta property=\"og:image:width\" content=\"800\" \/>\n\t<meta property=\"og:image:height\" content=\"445\" \/>\n\t<meta property=\"og:image:type\" content=\"image\/png\" \/>\n<meta name=\"author\" content=\"Ati Fit\" \/>\n<meta name=\"twitter:card\" content=\"summary_large_image\" \/>\n<meta name=\"twitter:creator\" content=\"@dicodusport\" \/>\n<meta name=\"twitter:site\" content=\"@dicodusport\" \/>\n<script type=\"application\/ld+json\" class=\"yoast-schema-graph\">{\"@context\":\"https:\/\/schema.org\",\"@graph\":[{\"@type\":\"NewsArticle\",\"@id\":\"https:\/\/dicodusport.fr\/blog\/garde-la-peche-by-ati-fit-5-comment-perdre-du-poids-apres-les-fetes\/#article\",\"isPartOf\":{\"@id\":\"https:\/\/dicodusport.fr\/blog\/garde-la-peche-by-ati-fit-5-comment-perdre-du-poids-apres-les-fetes\/\"},\"author\":{\"name\":\"Ati Fit\",\"@id\":\"https:\/\/dicodusport.fr\/blog\/#\/schema\/person\/421a0555bafd14589b6f8f7fb7f439a7\"},\"headline\":\"Garde la p\u00eache by Ati Fit #5 : comment perdre du poids apr\u00e8s les f\u00eates ?\",\"datePublished\":\"2017-12-25T10:00:08+00:00\",\"dateModified\":\"2018-06-05T09:27:06+00:00\",\"mainEntityOfPage\":{\"@id\":\"https:\/\/dicodusport.fr\/blog\/garde-la-peche-by-ati-fit-5-comment-perdre-du-poids-apres-les-fetes\/\"},\"wordCount\":1448,\"commentCount\":0,\"publisher\":{\"@id\":\"https:\/\/dicodusport.fr\/blog\/#organization\"},\"image\":{\"@id\":\"https:\/\/dicodusport.fr\/blog\/garde-la-peche-by-ati-fit-5-comment-perdre-du-poids-apres-les-fetes\/#primaryimage\"},\"thumbnailUrl\":\"https:\/\/dicodusport.fr\/blog\/wp-content\/uploads\/2017\/12\/perdre-du-poids-fetes.png\",\"keywords\":[\"ati fit\",\"coaching sportif\"],\"articleSection\":[\"Actualit\u00e9s\",\"Sports\"],\"inLanguage\":\"fr-FR\",\"potentialAction\":[{\"@type\":\"CommentAction\",\"name\":\"Comment\",\"target\":[\"https:\/\/dicodusport.fr\/blog\/garde-la-peche-by-ati-fit-5-comment-perdre-du-poids-apres-les-fetes\/#respond\"]}],\"copyrightYear\":\"2017\",\"copyrightHolder\":{\"@id\":\"https:\/\/dicodusport.fr\/blog\/#organization\"}},{\"@type\":\"WebPage\",\"@id\":\"https:\/\/dicodusport.fr\/blog\/garde-la-peche-by-ati-fit-5-comment-perdre-du-poids-apres-les-fetes\/\",\"url\":\"https:\/\/dicodusport.fr\/blog\/garde-la-peche-by-ati-fit-5-comment-perdre-du-poids-apres-les-fetes\/\",\"name\":\"Garde la p\u00eache by Ati Fit #5 : comment perdre du poids apr\u00e8s les f\u00eates ?\",\"isPartOf\":{\"@id\":\"https:\/\/dicodusport.fr\/blog\/#website\"},\"primaryImageOfPage\":{\"@id\":\"https:\/\/dicodusport.fr\/blog\/garde-la-peche-by-ati-fit-5-comment-perdre-du-poids-apres-les-fetes\/#primaryimage\"},\"image\":{\"@id\":\"https:\/\/dicodusport.fr\/blog\/garde-la-peche-by-ati-fit-5-comment-perdre-du-poids-apres-les-fetes\/#primaryimage\"},\"thumbnailUrl\":\"https:\/\/dicodusport.fr\/blog\/wp-content\/uploads\/2017\/12\/perdre-du-poids-fetes.png\",\"datePublished\":\"2017-12-25T10:00:08+00:00\",\"dateModified\":\"2018-06-05T09:27:06+00:00\",\"description\":\"Pour la\u00a0cinqui\u00e8me chronique, notre coach vous parle de la bonne m\u00e9thode pour perdre du poids apr\u00e8s des f\u00eates remplies d'exc\u00e8s.\",\"breadcrumb\":{\"@id\":\"https:\/\/dicodusport.fr\/blog\/garde-la-peche-by-ati-fit-5-comment-perdre-du-poids-apres-les-fetes\/#breadcrumb\"},\"inLanguage\":\"fr-FR\",\"potentialAction\":[{\"@type\":\"ReadAction\",\"target\":[\"https:\/\/dicodusport.fr\/blog\/garde-la-peche-by-ati-fit-5-comment-perdre-du-poids-apres-les-fetes\/\"]}]},{\"@type\":\"ImageObject\",\"inLanguage\":\"fr-FR\",\"@id\":\"https:\/\/dicodusport.fr\/blog\/garde-la-peche-by-ati-fit-5-comment-perdre-du-poids-apres-les-fetes\/#primaryimage\",\"url\":\"https:\/\/dicodusport.fr\/blog\/wp-content\/uploads\/2017\/12\/perdre-du-poids-fetes.png\",\"contentUrl\":\"https:\/\/dicodusport.fr\/blog\/wp-content\/uploads\/2017\/12\/perdre-du-poids-fetes.png\",\"width\":800,\"height\":445,\"caption\":\"perdre du poids fetes\"},{\"@type\":\"BreadcrumbList\",\"@id\":\"https:\/\/dicodusport.fr\/blog\/garde-la-peche-by-ati-fit-5-comment-perdre-du-poids-apres-les-fetes\/#breadcrumb\",\"itemListElement\":[{\"@type\":\"ListItem\",\"position\":1,\"name\":\"Accueil\",\"item\":\"https:\/\/dicodusport.fr\/blog\/\"},{\"@type\":\"ListItem\",\"position\":2,\"name\":\"Garde la p\u00eache by Ati Fit #5 : comment perdre du poids apr\u00e8s les f\u00eates ?\"}]},{\"@type\":\"WebSite\",\"@id\":\"https:\/\/dicodusport.fr\/blog\/#website\",\"url\":\"https:\/\/dicodusport.fr\/blog\/\",\"name\":\"Dicodusport\",\"description\":\"L&#039;encyclop\u00e9die de l&#039;actualit\u00e9 sportive\",\"publisher\":{\"@id\":\"https:\/\/dicodusport.fr\/blog\/#organization\"},\"potentialAction\":[{\"@type\":\"SearchAction\",\"target\":{\"@type\":\"EntryPoint\",\"urlTemplate\":\"https:\/\/dicodusport.fr\/blog\/?s={search_term_string}\"},\"query-input\":{\"@type\":\"PropertyValueSpecification\",\"valueRequired\":true,\"valueName\":\"search_term_string\"}}],\"inLanguage\":\"fr-FR\"},{\"@type\":\"NewsMediaOrganization\",\"@id\":\"https:\/\/dicodusport.fr\/blog\/#organization\",\"name\":\"Dicodusport\",\"url\":\"https:\/\/dicodusport.fr\/blog\/\",\"logo\":{\"@type\":\"ImageObject\",\"inLanguage\":\"fr-FR\",\"@id\":\"https:\/\/dicodusport.fr\/blog\/#\/schema\/logo\/image\/\",\"url\":\"https:\/\/dicodusport.fr\/blog\/wp-content\/uploads\/2020\/06\/cropped-LOGO-DICODUSPORT-2020-SANS-FOND-SANS-TEXTE.png\",\"contentUrl\":\"https:\/\/dicodusport.fr\/blog\/wp-content\/uploads\/2020\/06\/cropped-LOGO-DICODUSPORT-2020-SANS-FOND-SANS-TEXTE.png\",\"width\":512,\"height\":512,\"caption\":\"Dicodusport\"},\"image\":{\"@id\":\"https:\/\/dicodusport.fr\/blog\/#\/schema\/logo\/image\/\"},\"sameAs\":[\"https:\/\/www.facebook.com\/dicodusport\",\"https:\/\/x.com\/dicodusport\",\"https:\/\/www.instagram.com\/dicodusport\/\",\"https:\/\/www.youtube.com\/channel\/UC7V2KZ5sd3htJivAbA4ZG3w\"],\"description\":\"Dicodusport est l'encyclop\u00e9die de l'actualit\u00e9 sportive.\",\"email\":\"bonjour@dicodusport.fr\",\"legalName\":\"DICODUSPORT\",\"foundingDate\":\"2018-01-14\",\"vatID\":\"FR71834470973\",\"taxID\":\"83447097300043\",\"numberOfEmployees\":{\"@type\":\"QuantitativeValue\",\"minValue\":\"1\",\"maxValue\":\"10\"}},{\"@type\":\"Person\",\"@id\":\"https:\/\/dicodusport.fr\/blog\/#\/schema\/person\/421a0555bafd14589b6f8f7fb7f439a7\",\"name\":\"Ati Fit\",\"image\":{\"@type\":\"ImageObject\",\"inLanguage\":\"fr-FR\",\"@id\":\"https:\/\/dicodusport.fr\/blog\/#\/schema\/person\/image\/\",\"url\":\"https:\/\/dicodusport.fr\/blog\/wp-content\/uploads\/2018\/06\/User-blue-icon-150x150.png\",\"contentUrl\":\"https:\/\/dicodusport.fr\/blog\/wp-content\/uploads\/2018\/06\/User-blue-icon-150x150.png\",\"caption\":\"Ati Fit\"},\"url\":\"https:\/\/dicodusport.fr\/blog\/author\/ati-fit\/\"}]}<\/script>\n<!-- \/ Yoast SEO Premium plugin. -->","yoast_head_json":{"title":"Garde la p\u00eache by Ati Fit #5 : comment perdre du poids apr\u00e8s les f\u00eates ?","description":"Pour la\u00a0cinqui\u00e8me chronique, notre coach vous parle de la bonne m\u00e9thode pour perdre du poids apr\u00e8s des f\u00eates remplies d'exc\u00e8s.","robots":{"index":"index","follow":"follow","max-snippet":"max-snippet:-1","max-image-preview":"max-image-preview:large","max-video-preview":"max-video-preview:-1"},"canonical":"https:\/\/dicodusport.fr\/blog\/garde-la-peche-by-ati-fit-5-comment-perdre-du-poids-apres-les-fetes\/","og_locale":"fr_FR","og_type":"article","og_title":"Garde la p\u00eache by Ati Fit #5 : comment perdre du poids apr\u00e8s les f\u00eates ?","og_description":"Pour la\u00a0cinqui\u00e8me chronique, notre coach vous parle de la bonne m\u00e9thode pour perdre du poids apr\u00e8s des f\u00eates remplies d'exc\u00e8s.","og_url":"https:\/\/dicodusport.fr\/blog\/garde-la-peche-by-ati-fit-5-comment-perdre-du-poids-apres-les-fetes\/","og_site_name":"Dicodusport","article_publisher":"https:\/\/www.facebook.com\/dicodusport","article_published_time":"2017-12-25T10:00:08+00:00","article_modified_time":"2018-06-05T09:27:06+00:00","og_image":[{"width":800,"height":445,"url":"https:\/\/dicodusport.fr\/blog\/wp-content\/uploads\/2017\/12\/perdre-du-poids-fetes.png","type":"image\/png"}],"author":"Ati Fit","twitter_card":"summary_large_image","twitter_creator":"@dicodusport","twitter_site":"@dicodusport","schema":{"@context":"https:\/\/schema.org","@graph":[{"@type":"NewsArticle","@id":"https:\/\/dicodusport.fr\/blog\/garde-la-peche-by-ati-fit-5-comment-perdre-du-poids-apres-les-fetes\/#article","isPartOf":{"@id":"https:\/\/dicodusport.fr\/blog\/garde-la-peche-by-ati-fit-5-comment-perdre-du-poids-apres-les-fetes\/"},"author":{"name":"Ati Fit","@id":"https:\/\/dicodusport.fr\/blog\/#\/schema\/person\/421a0555bafd14589b6f8f7fb7f439a7"},"headline":"Garde la p\u00eache by Ati Fit #5 : comment perdre du poids apr\u00e8s les f\u00eates ?","datePublished":"2017-12-25T10:00:08+00:00","dateModified":"2018-06-05T09:27:06+00:00","mainEntityOfPage":{"@id":"https:\/\/dicodusport.fr\/blog\/garde-la-peche-by-ati-fit-5-comment-perdre-du-poids-apres-les-fetes\/"},"wordCount":1448,"commentCount":0,"publisher":{"@id":"https:\/\/dicodusport.fr\/blog\/#organization"},"image":{"@id":"https:\/\/dicodusport.fr\/blog\/garde-la-peche-by-ati-fit-5-comment-perdre-du-poids-apres-les-fetes\/#primaryimage"},"thumbnailUrl":"https:\/\/dicodusport.fr\/blog\/wp-content\/uploads\/2017\/12\/perdre-du-poids-fetes.png","keywords":["ati fit","coaching sportif"],"articleSection":["Actualit\u00e9s","Sports"],"inLanguage":"fr-FR","potentialAction":[{"@type":"CommentAction","name":"Comment","target":["https:\/\/dicodusport.fr\/blog\/garde-la-peche-by-ati-fit-5-comment-perdre-du-poids-apres-les-fetes\/#respond"]}],"copyrightYear":"2017","copyrightHolder":{"@id":"https:\/\/dicodusport.fr\/blog\/#organization"}},{"@type":"WebPage","@id":"https:\/\/dicodusport.fr\/blog\/garde-la-peche-by-ati-fit-5-comment-perdre-du-poids-apres-les-fetes\/","url":"https:\/\/dicodusport.fr\/blog\/garde-la-peche-by-ati-fit-5-comment-perdre-du-poids-apres-les-fetes\/","name":"Garde la p\u00eache by Ati Fit #5 : comment perdre du poids apr\u00e8s les f\u00eates ?","isPartOf":{"@id":"https:\/\/dicodusport.fr\/blog\/#website"},"primaryImageOfPage":{"@id":"https:\/\/dicodusport.fr\/blog\/garde-la-peche-by-ati-fit-5-comment-perdre-du-poids-apres-les-fetes\/#primaryimage"},"image":{"@id":"https:\/\/dicodusport.fr\/blog\/garde-la-peche-by-ati-fit-5-comment-perdre-du-poids-apres-les-fetes\/#primaryimage"},"thumbnailUrl":"https:\/\/dicodusport.fr\/blog\/wp-content\/uploads\/2017\/12\/perdre-du-poids-fetes.png","datePublished":"2017-12-25T10:00:08+00:00","dateModified":"2018-06-05T09:27:06+00:00","description":"Pour la\u00a0cinqui\u00e8me chronique, notre coach vous parle de la bonne m\u00e9thode pour perdre du poids apr\u00e8s des f\u00eates remplies d'exc\u00e8s.","breadcrumb":{"@id":"https:\/\/dicodusport.fr\/blog\/garde-la-peche-by-ati-fit-5-comment-perdre-du-poids-apres-les-fetes\/#breadcrumb"},"inLanguage":"fr-FR","potentialAction":[{"@type":"ReadAction","target":["https:\/\/dicodusport.fr\/blog\/garde-la-peche-by-ati-fit-5-comment-perdre-du-poids-apres-les-fetes\/"]}]},{"@type":"ImageObject","inLanguage":"fr-FR","@id":"https:\/\/dicodusport.fr\/blog\/garde-la-peche-by-ati-fit-5-comment-perdre-du-poids-apres-les-fetes\/#primaryimage","url":"https:\/\/dicodusport.fr\/blog\/wp-content\/uploads\/2017\/12\/perdre-du-poids-fetes.png","contentUrl":"https:\/\/dicodusport.fr\/blog\/wp-content\/uploads\/2017\/12\/perdre-du-poids-fetes.png","width":800,"height":445,"caption":"perdre du poids fetes"},{"@type":"BreadcrumbList","@id":"https:\/\/dicodusport.fr\/blog\/garde-la-peche-by-ati-fit-5-comment-perdre-du-poids-apres-les-fetes\/#breadcrumb","itemListElement":[{"@type":"ListItem","position":1,"name":"Accueil","item":"https:\/\/dicodusport.fr\/blog\/"},{"@type":"ListItem","position":2,"name":"Garde la p\u00eache by Ati Fit #5 : comment perdre du poids apr\u00e8s les f\u00eates ?"}]},{"@type":"WebSite","@id":"https:\/\/dicodusport.fr\/blog\/#website","url":"https:\/\/dicodusport.fr\/blog\/","name":"Dicodusport","description":"L&#039;encyclop\u00e9die de l&#039;actualit\u00e9 sportive","publisher":{"@id":"https:\/\/dicodusport.fr\/blog\/#organization"},"potentialAction":[{"@type":"SearchAction","target":{"@type":"EntryPoint","urlTemplate":"https:\/\/dicodusport.fr\/blog\/?s={search_term_string}"},"query-input":{"@type":"PropertyValueSpecification","valueRequired":true,"valueName":"search_term_string"}}],"inLanguage":"fr-FR"},{"@type":"NewsMediaOrganization","@id":"https:\/\/dicodusport.fr\/blog\/#organization","name":"Dicodusport","url":"https:\/\/dicodusport.fr\/blog\/","logo":{"@type":"ImageObject","inLanguage":"fr-FR","@id":"https:\/\/dicodusport.fr\/blog\/#\/schema\/logo\/image\/","url":"https:\/\/dicodusport.fr\/blog\/wp-content\/uploads\/2020\/06\/cropped-LOGO-DICODUSPORT-2020-SANS-FOND-SANS-TEXTE.png","contentUrl":"https:\/\/dicodusport.fr\/blog\/wp-content\/uploads\/2020\/06\/cropped-LOGO-DICODUSPORT-2020-SANS-FOND-SANS-TEXTE.png","width":512,"height":512,"caption":"Dicodusport"},"image":{"@id":"https:\/\/dicodusport.fr\/blog\/#\/schema\/logo\/image\/"},"sameAs":["https:\/\/www.facebook.com\/dicodusport","https:\/\/x.com\/dicodusport","https:\/\/www.instagram.com\/dicodusport\/","https:\/\/www.youtube.com\/channel\/UC7V2KZ5sd3htJivAbA4ZG3w"],"description":"Dicodusport est l'encyclop\u00e9die de l'actualit\u00e9 sportive.","email":"bonjour@dicodusport.fr","legalName":"DICODUSPORT","foundingDate":"2018-01-14","vatID":"FR71834470973","taxID":"83447097300043","numberOfEmployees":{"@type":"QuantitativeValue","minValue":"1","maxValue":"10"}},{"@type":"Person","@id":"https:\/\/dicodusport.fr\/blog\/#\/schema\/person\/421a0555bafd14589b6f8f7fb7f439a7","name":"Ati Fit","image":{"@type":"ImageObject","inLanguage":"fr-FR","@id":"https:\/\/dicodusport.fr\/blog\/#\/schema\/person\/image\/","url":"https:\/\/dicodusport.fr\/blog\/wp-content\/uploads\/2018\/06\/User-blue-icon-150x150.png","contentUrl":"https:\/\/dicodusport.fr\/blog\/wp-content\/uploads\/2018\/06\/User-blue-icon-150x150.png","caption":"Ati Fit"},"url":"https:\/\/dicodusport.fr\/blog\/author\/ati-fit\/"}]}},"_links":{"self":[{"href":"https:\/\/dicodusport.fr\/blog\/wp-json\/wp\/v2\/posts\/9266","targetHints":{"allow":["GET"]}}],"collection":[{"href":"https:\/\/dicodusport.fr\/blog\/wp-json\/wp\/v2\/posts"}],"about":[{"href":"https:\/\/dicodusport.fr\/blog\/wp-json\/wp\/v2\/types\/post"}],"author":[{"embeddable":true,"href":"https:\/\/dicodusport.fr\/blog\/wp-json\/wp\/v2\/users\/11"}],"replies":[{"embeddable":true,"href":"https:\/\/dicodusport.fr\/blog\/wp-json\/wp\/v2\/comments?post=9266"}],"version-history":[{"count":0,"href":"https:\/\/dicodusport.fr\/blog\/wp-json\/wp\/v2\/posts\/9266\/revisions"}],"wp:featuredmedia":[{"embeddable":true,"href":"https:\/\/dicodusport.fr\/blog\/wp-json\/wp\/v2\/media\/9271"}],"wp:attachment":[{"href":"https:\/\/dicodusport.fr\/blog\/wp-json\/wp\/v2\/media?parent=9266"}],"wp:term":[{"taxonomy":"category","embeddable":true,"href":"https:\/\/dicodusport.fr\/blog\/wp-json\/wp\/v2\/categories?post=9266"},{"taxonomy":"post_tag","embeddable":true,"href":"https:\/\/dicodusport.fr\/blog\/wp-json\/wp\/v2\/tags?post=9266"}],"curies":[{"name":"wp","href":"https:\/\/api.w.org\/{rel}","templated":true}]}}