{"id":93042,"date":"2020-12-13T12:18:05","date_gmt":"2020-12-13T11:18:05","guid":{"rendered":"https:\/\/dicodusport.fr\/blog\/?p=93042&#038;preview=true&#038;preview_id=93042"},"modified":"2020-12-13T18:50:27","modified_gmt":"2020-12-13T17:50:27","slug":"biathlon-hochfilzen-julia-simon-troisieme-de-la-poursuite-roeiseland-fait-coup-double","status":"publish","type":"post","link":"https:\/\/dicodusport.fr\/blog\/biathlon-hochfilzen-julia-simon-troisieme-de-la-poursuite-roeiseland-fait-coup-double\/","title":{"rendered":"Hochfilzen : Julia Simon troisi\u00e8me de la poursuite, Roeiseland fait coup double"},"content":{"rendered":"<p style=\"text-align: justify;\"><strong><em><a href=\"https:\/\/dicodusport.fr\/blog\/biathlon-hochfilzen-programme-complet-3eme-etape-coupe-du-monde\/\" target=\"_blank\" rel=\"noopener noreferrer\">BIATHLON &#8211; HOCHFILZEN<\/a> &#8211; Solide, Marte Olsbu Roeiseland a remport\u00e9 ce dimanche la poursuite d&rsquo;Hochfilzen, et fait coup double en prenant la t\u00eate du classement g\u00e9n\u00e9ral. Partie 6\u00e8me, Julia Simon monte sur le podium, \u00e0 la 3\u00e8me place.\u00a0<\/em><\/strong><\/p>\n<p style=\"text-align: justify;\">Poursuite folle \u00e0 Hochfilzen ce dimanche ! R\u00e9guli\u00e8re mais encore sans victoire cette saison, <strong>Marte Olsbu Roeiseland<\/strong> a enlev\u00e9 ce dimanche la poursuite, prenant par la m\u00eame occasion la t\u00eate du classement g\u00e9n\u00e9ral de la Coupe du monde \u00e0 la Su\u00e9doise <strong>Hanna Oeberg<\/strong>, quatri\u00e8me aujourd&rsquo;hui apr\u00e8s sa 29\u00e8me place sur le sprint. Malgr\u00e9 une faute sur le premier tir couch\u00e9, et une deuxi\u00e8me sur le dernier debout, la Norv\u00e9gienne, rapide sur les skis, d\u00e9croche une 7\u00e8me victoire individuelle sur le circuit, elle qui a fait du gros globe de cristal son principal objectif cette saison, apr\u00e8s avoir glan\u00e9 cinq titres mondiaux \u00e0 Antholz en f\u00e9vrier dernier.<\/p>\n<h2 style=\"text-align: justify;\">Alimbekava confirme, Simon aussi<\/h2>\n<p style=\"text-align: justify;\">Derri\u00e8re Roeiseland, <strong>Dzinara Alimbekava<\/strong> se classe deuxi\u00e8me apr\u00e8s <a href=\"https:\/\/dicodusport.fr\/blog\/biathlon-hochfilzen-dzinara-alimbekava-s-impose-sur-sprint-julia-simon-6eme\/\" target=\"_blank\" rel=\"noopener noreferrer\">sa victoire sur le sprint<\/a>. Malgr\u00e9 une chute dans le deuxi\u00e8me tour, la Bi\u00e9lorusse, auteure d&rsquo;un sans-faute face aux cibles, confirme son gros d\u00e9but de saison, avec le dossard de meilleure jeune sur le dos. Et la bonne nouvelle du jour, c&rsquo;est la troisi\u00e8me place de <strong>Julia Simon<\/strong>. Sixi\u00e8me du sprint malgr\u00e9 trois erreurs sur le pas de tir, la Haut-Savoyarde revient de loin. Trois fautes sur ses tirs couch\u00e9s, avant de r\u00e9aliser un sans-faute sur les deux tentatives debout. R\u00e9sultat, celle qui a v\u00e9cu l&rsquo;enfer \u00e0 Kontiolahti d\u00e9croche son premier podium individuel cette saison, le quatri\u00e8me en carri\u00e8re.<\/p>\n<blockquote class=\"twitter-tweet\">\n<p dir=\"ltr\" lang=\"fr\">Superbe 3e place de Julia Simon sur la poursuite &#x1f60d; <a href=\"https:\/\/twitter.com\/hashtag\/lequipeBIATHLON?src=hash&amp;ref_src=twsrc%5Etfw\">#lequipeBIATHLON<\/a> <a href=\"https:\/\/t.co\/yAm7wqHraV\">pic.twitter.com\/yAm7wqHraV<\/a><\/p>\n<p>\u2014 la chaine L&rsquo;\u00c9quipe (@lachainelequipe) <a href=\"https:\/\/twitter.com\/lachainelequipe\/status\/1338080247288393730?ref_src=twsrc%5Etfw\">December 13, 2020<\/a><\/p><\/blockquote>\n<p><script async src=\"https:\/\/platform.twitter.com\/widgets.js\" charset=\"utf-8\"><\/script><\/p>\n<h2 style=\"text-align: justify;\">Le classement des Fran\u00e7aises<\/h2>\n<p style=\"text-align: justify;\">3. Julia Simon \u00e0 17.8 secondes &#8211; 17\/20 au tir et 2\u00e8me temps de ski<br \/>\n16. Justine Braisaz-Bouchet \u00e0 1:51.5 &#8211; 17\/20 au tir et 1er temps de ski<br \/>\n20. Ana\u00efs Bescond \u00e0 2:06.0 &#8211; 17\/20 au tir et 7\u00e8me temps de ski<br \/>\n22. Ana\u00efs Chevalier-Bouchet \u00e0 2:16.5 &#8211; 16\/20 au tir et 5\u00e8me temps de ski<br \/>\n31. Caroline Colombo \u00e0 2:53.1 &#8211; 16\/20 au tir et 17\u00e8me temps de ski<\/p>\n<h2 style=\"text-align: justify;\">\u00c0 lire aussi<\/h2>\n<ul>\n<li><a href=\"https:\/\/dicodusport.fr\/blog\/biathlon-hochfilzen-classement-poursuite-femmes\/\" target=\"_blank\" rel=\"noopener noreferrer\"><strong>Biathlon \u2013 Hochfilzen : le classement de la poursuite femmes<\/strong><\/a><\/li>\n<li><a href=\"https:\/\/dicodusport.fr\/blog\/biathlon-coupe-du-monde-2020-2021-classement-general-femmes\/\" target=\"_blank\" rel=\"noopener noreferrer\"><strong>Biathlon &#8211; Coupe du monde 2020\/2021 : le classement g\u00e9n\u00e9ral femmes<\/strong><\/a><\/li>\n<\/ul>\n<p><strong><em>Dicodusport<br \/>\n<a href=\"https:\/\/www.facebook.com\/dicodusport\/\" target=\"_blank\" rel=\"noopener noreferrer\"><img loading=\"lazy\" decoding=\"async\" class=\"alignnone wp-image-2909\" src=\"http:\/\/dicodusport.fr\/blog\/wp-content\/uploads\/2017\/07\/logo-facebook-150x150.png\" alt=\"\" width=\"40\" height=\"40\" \/><\/a><a href=\"https:\/\/twitter.com\/dicodusport\" target=\"_blank\" rel=\"noopener noreferrer\"><img loading=\"lazy\" decoding=\"async\" class=\"alignnone wp-image-2908\" src=\"http:\/\/dicodusport.fr\/blog\/wp-content\/uploads\/2017\/07\/logo-twitter-150x150.png\" alt=\"\" width=\"39\" height=\"39\" \/><\/a><\/em><\/strong><\/p>\n","protected":false},"excerpt":{"rendered":"<p>BIATHLON &#8211; HOCHFILZEN &#8211; Solide, Marte Olsbu Roeiseland a remport\u00e9 ce dimanche la poursuite d&rsquo;Hochfilzen. Partie 6\u00e8me, Julia Simon monte sur le podium, \u00e0 la 3\u00e8me place.\u00a0<\/p>\n","protected":false},"author":4,"featured_media":93049,"comment_status":"open","ping_status":"closed","sticky":false,"template":"","format":"standard","meta":{"_acf_changed":false,"_daextam_enable_autolinks":"","footnotes":""},"categories":[47040],"tags":[12890,12957,24],"class_list":["post-93042","post","type-post","status-publish","format-standard","has-post-thumbnail","hentry","category-coupe-du-monde-de-biathlon","tag-biathlon-hochfilzen","tag-poursuite-hochfilzen","tag-sport"],"acf":[],"yoast_head":"<!-- This site is optimized with the Yoast SEO Premium plugin v26.7 (Yoast SEO v26.7) - https:\/\/yoast.com\/wordpress\/plugins\/seo\/ -->\n<title>Hochfilzen : Julia Simon troisi\u00e8me de la poursuite, Roeiseland fait coup double<\/title>\n<meta name=\"description\" content=\"BIATHLON - HOCHFILZEN - Marte Olsbu Roeiseland a remport\u00e9 ce dimanche la poursuite d&#039;Hochfilzen. Partie 6\u00e8me, Julia Simon monte sur le podium.\" \/>\n<meta name=\"robots\" content=\"index, follow, max-snippet:-1, max-image-preview:large, max-video-preview:-1\" \/>\n<link rel=\"canonical\" href=\"https:\/\/dicodusport.fr\/blog\/biathlon-hochfilzen-julia-simon-troisieme-de-la-poursuite-roeiseland-fait-coup-double\/\" \/>\n<meta property=\"og:locale\" content=\"fr_FR\" \/>\n<meta property=\"og:type\" content=\"article\" \/>\n<meta property=\"og:title\" content=\"Hochfilzen : Julia Simon troisi\u00e8me de la poursuite, Roeiseland fait coup double\" \/>\n<meta property=\"og:description\" content=\"BIATHLON - HOCHFILZEN - Marte Olsbu Roeiseland a remport\u00e9 ce dimanche la poursuite d&#039;Hochfilzen. Partie 6\u00e8me, Julia Simon monte sur le podium.\" \/>\n<meta property=\"og:url\" content=\"https:\/\/dicodusport.fr\/blog\/biathlon-hochfilzen-julia-simon-troisieme-de-la-poursuite-roeiseland-fait-coup-double\/\" \/>\n<meta property=\"og:site_name\" content=\"Dicodusport\" \/>\n<meta property=\"article:publisher\" content=\"https:\/\/www.facebook.com\/dicodusport\" \/>\n<meta property=\"article:author\" content=\"https:\/\/www.facebook.com\/florent.ostermann\" \/>\n<meta property=\"article:published_time\" content=\"2020-12-13T11:18:05+00:00\" \/>\n<meta property=\"article:modified_time\" content=\"2020-12-13T17:50:27+00:00\" \/>\n<meta property=\"og:image\" content=\"https:\/\/dicodusport.fr\/blog\/wp-content\/uploads\/2020\/12\/Hochfilzen-Julia-Simon-troisi\u00e8me-de-la-poursuite-Roeiseland-fait-coup-double.png\" \/>\n\t<meta property=\"og:image:width\" content=\"800\" \/>\n\t<meta property=\"og:image:height\" content=\"445\" \/>\n\t<meta property=\"og:image:type\" content=\"image\/png\" \/>\n<meta name=\"author\" content=\"Flo Ostermann\" \/>\n<meta name=\"twitter:card\" content=\"summary_large_image\" \/>\n<meta name=\"twitter:title\" content=\"Hochfilzen : Julia Simon troisi\u00e8me de la poursuite, Roeiseland fait coup double\" \/>\n<meta name=\"twitter:creator\" content=\"@https:\/\/twitter.com\/FlOstermann\" \/>\n<meta name=\"twitter:site\" content=\"@dicodusport\" \/>\n<script type=\"application\/ld+json\" class=\"yoast-schema-graph\">{\"@context\":\"https:\/\/schema.org\",\"@graph\":[{\"@type\":\"NewsArticle\",\"@id\":\"https:\/\/dicodusport.fr\/blog\/biathlon-hochfilzen-julia-simon-troisieme-de-la-poursuite-roeiseland-fait-coup-double\/#article\",\"isPartOf\":{\"@id\":\"https:\/\/dicodusport.fr\/blog\/biathlon-hochfilzen-julia-simon-troisieme-de-la-poursuite-roeiseland-fait-coup-double\/\"},\"author\":{\"name\":\"Flo Ostermann\",\"@id\":\"https:\/\/dicodusport.fr\/blog\/#\/schema\/person\/cb02af4c173ce4a653b55e9baf388d4a\"},\"headline\":\"Hochfilzen : Julia Simon troisi\u00e8me de la poursuite, Roeiseland fait coup double\",\"datePublished\":\"2020-12-13T11:18:05+00:00\",\"dateModified\":\"2020-12-13T17:50:27+00:00\",\"mainEntityOfPage\":{\"@id\":\"https:\/\/dicodusport.fr\/blog\/biathlon-hochfilzen-julia-simon-troisieme-de-la-poursuite-roeiseland-fait-coup-double\/\"},\"wordCount\":402,\"commentCount\":1,\"publisher\":{\"@id\":\"https:\/\/dicodusport.fr\/blog\/#organization\"},\"image\":{\"@id\":\"https:\/\/dicodusport.fr\/blog\/biathlon-hochfilzen-julia-simon-troisieme-de-la-poursuite-roeiseland-fait-coup-double\/#primaryimage\"},\"thumbnailUrl\":\"https:\/\/dicodusport.fr\/blog\/wp-content\/uploads\/2020\/12\/Hochfilzen-Julia-Simon-troisi\u00e8me-de-la-poursuite-Roeiseland-fait-coup-double.png\",\"keywords\":[\"Biathlon Hochfilzen\",\"Poursuite Hochfilzen\",\"sport\"],\"articleSection\":[\"Coupe du monde de biathlon\"],\"inLanguage\":\"fr-FR\",\"potentialAction\":[{\"@type\":\"CommentAction\",\"name\":\"Comment\",\"target\":[\"https:\/\/dicodusport.fr\/blog\/biathlon-hochfilzen-julia-simon-troisieme-de-la-poursuite-roeiseland-fait-coup-double\/#respond\"]}],\"copyrightYear\":\"2020\",\"copyrightHolder\":{\"@id\":\"https:\/\/dicodusport.fr\/blog\/#organization\"}},{\"@type\":\"WebPage\",\"@id\":\"https:\/\/dicodusport.fr\/blog\/biathlon-hochfilzen-julia-simon-troisieme-de-la-poursuite-roeiseland-fait-coup-double\/\",\"url\":\"https:\/\/dicodusport.fr\/blog\/biathlon-hochfilzen-julia-simon-troisieme-de-la-poursuite-roeiseland-fait-coup-double\/\",\"name\":\"Hochfilzen : Julia Simon troisi\u00e8me de la poursuite, Roeiseland fait coup double\",\"isPartOf\":{\"@id\":\"https:\/\/dicodusport.fr\/blog\/#website\"},\"primaryImageOfPage\":{\"@id\":\"https:\/\/dicodusport.fr\/blog\/biathlon-hochfilzen-julia-simon-troisieme-de-la-poursuite-roeiseland-fait-coup-double\/#primaryimage\"},\"image\":{\"@id\":\"https:\/\/dicodusport.fr\/blog\/biathlon-hochfilzen-julia-simon-troisieme-de-la-poursuite-roeiseland-fait-coup-double\/#primaryimage\"},\"thumbnailUrl\":\"https:\/\/dicodusport.fr\/blog\/wp-content\/uploads\/2020\/12\/Hochfilzen-Julia-Simon-troisi\u00e8me-de-la-poursuite-Roeiseland-fait-coup-double.png\",\"datePublished\":\"2020-12-13T11:18:05+00:00\",\"dateModified\":\"2020-12-13T17:50:27+00:00\",\"description\":\"BIATHLON - HOCHFILZEN - Marte Olsbu Roeiseland a remport\u00e9 ce dimanche la poursuite d'Hochfilzen. Partie 6\u00e8me, Julia Simon monte sur le podium.\",\"breadcrumb\":{\"@id\":\"https:\/\/dicodusport.fr\/blog\/biathlon-hochfilzen-julia-simon-troisieme-de-la-poursuite-roeiseland-fait-coup-double\/#breadcrumb\"},\"inLanguage\":\"fr-FR\",\"potentialAction\":[{\"@type\":\"ReadAction\",\"target\":[\"https:\/\/dicodusport.fr\/blog\/biathlon-hochfilzen-julia-simon-troisieme-de-la-poursuite-roeiseland-fait-coup-double\/\"]}]},{\"@type\":\"ImageObject\",\"inLanguage\":\"fr-FR\",\"@id\":\"https:\/\/dicodusport.fr\/blog\/biathlon-hochfilzen-julia-simon-troisieme-de-la-poursuite-roeiseland-fait-coup-double\/#primaryimage\",\"url\":\"https:\/\/dicodusport.fr\/blog\/wp-content\/uploads\/2020\/12\/Hochfilzen-Julia-Simon-troisi\u00e8me-de-la-poursuite-Roeiseland-fait-coup-double.png\",\"contentUrl\":\"https:\/\/dicodusport.fr\/blog\/wp-content\/uploads\/2020\/12\/Hochfilzen-Julia-Simon-troisi\u00e8me-de-la-poursuite-Roeiseland-fait-coup-double.png\",\"width\":800,\"height\":445,\"caption\":\"Biathlon \u2013 Ostersund : notre pronostic pour la mass start femmes\"},{\"@type\":\"BreadcrumbList\",\"@id\":\"https:\/\/dicodusport.fr\/blog\/biathlon-hochfilzen-julia-simon-troisieme-de-la-poursuite-roeiseland-fait-coup-double\/#breadcrumb\",\"itemListElement\":[{\"@type\":\"ListItem\",\"position\":1,\"name\":\"Accueil\",\"item\":\"https:\/\/dicodusport.fr\/blog\/\"},{\"@type\":\"ListItem\",\"position\":2,\"name\":\"Hochfilzen : Julia Simon troisi\u00e8me de la poursuite, Roeiseland fait coup double\"}]},{\"@type\":\"WebSite\",\"@id\":\"https:\/\/dicodusport.fr\/blog\/#website\",\"url\":\"https:\/\/dicodusport.fr\/blog\/\",\"name\":\"Dicodusport\",\"description\":\"L&#039;encyclop\u00e9die de l&#039;actualit\u00e9 sportive\",\"publisher\":{\"@id\":\"https:\/\/dicodusport.fr\/blog\/#organization\"},\"potentialAction\":[{\"@type\":\"SearchAction\",\"target\":{\"@type\":\"EntryPoint\",\"urlTemplate\":\"https:\/\/dicodusport.fr\/blog\/?s={search_term_string}\"},\"query-input\":{\"@type\":\"PropertyValueSpecification\",\"valueRequired\":true,\"valueName\":\"search_term_string\"}}],\"inLanguage\":\"fr-FR\"},{\"@type\":\"NewsMediaOrganization\",\"@id\":\"https:\/\/dicodusport.fr\/blog\/#organization\",\"name\":\"Dicodusport\",\"url\":\"https:\/\/dicodusport.fr\/blog\/\",\"logo\":{\"@type\":\"ImageObject\",\"inLanguage\":\"fr-FR\",\"@id\":\"https:\/\/dicodusport.fr\/blog\/#\/schema\/logo\/image\/\",\"url\":\"https:\/\/dicodusport.fr\/blog\/wp-content\/uploads\/2020\/06\/cropped-LOGO-DICODUSPORT-2020-SANS-FOND-SANS-TEXTE.png\",\"contentUrl\":\"https:\/\/dicodusport.fr\/blog\/wp-content\/uploads\/2020\/06\/cropped-LOGO-DICODUSPORT-2020-SANS-FOND-SANS-TEXTE.png\",\"width\":512,\"height\":512,\"caption\":\"Dicodusport\"},\"image\":{\"@id\":\"https:\/\/dicodusport.fr\/blog\/#\/schema\/logo\/image\/\"},\"sameAs\":[\"https:\/\/www.facebook.com\/dicodusport\",\"https:\/\/x.com\/dicodusport\",\"https:\/\/www.instagram.com\/dicodusport\/\",\"https:\/\/www.youtube.com\/channel\/UC7V2KZ5sd3htJivAbA4ZG3w\"],\"description\":\"Dicodusport est l'encyclop\u00e9die de l'actualit\u00e9 sportive.\",\"email\":\"bonjour@dicodusport.fr\",\"legalName\":\"DICODUSPORT\",\"foundingDate\":\"2018-01-14\",\"vatID\":\"FR71834470973\",\"taxID\":\"83447097300043\",\"numberOfEmployees\":{\"@type\":\"QuantitativeValue\",\"minValue\":\"1\",\"maxValue\":\"10\"}},{\"@type\":\"Person\",\"@id\":\"https:\/\/dicodusport.fr\/blog\/#\/schema\/person\/cb02af4c173ce4a653b55e9baf388d4a\",\"name\":\"Flo Ostermann\",\"image\":{\"@type\":\"ImageObject\",\"inLanguage\":\"fr-FR\",\"@id\":\"https:\/\/dicodusport.fr\/blog\/#\/schema\/person\/image\/\",\"url\":\"https:\/\/dicodusport.fr\/blog\/wp-content\/uploads\/2021\/05\/Flo-Ostermann-150x150.jpg\",\"contentUrl\":\"https:\/\/dicodusport.fr\/blog\/wp-content\/uploads\/2021\/05\/Flo-Ostermann-150x150.jpg\",\"caption\":\"Flo Ostermann\"},\"description\":\"Journaliste\/R\u00e9dacteur depuis septembre 2015 - Mes premiers souvenirs dans le sport ? Les envol\u00e9es du Stade Toulousain et les duels Villeneuve-Schumacher et H\u00e4kkinen-Schumacher \u00e0 la fin des ann\u00e9es 90, la Coupe du monde de football en 1998, l\u2019exploit du XV de France face aux All Blacks en 1999, mais aussi Richard C\u0153ur de Lion qui vole sur les montagnes du Tour de France. Bien parti pour devenir professeur d\u2019EPS, les \u00e9v\u00e9nements de la vie (et la flemme d\u2019animer des s\u00e9ances de 3x500 m\u00e8tres toute ma vie) m\u2019ont conduit \u00e0 revoir mes plans. Me voil\u00e0 depuis fin 2017 sur Dicodusport, m\u00e9dia gr\u00e2ce (et pour) lequel je partage ma passion : le sport dans tous ses \u00e9tats. Le tout accompagn\u00e9 par les fous furieux et folles furieuses cit\u00e9s sur cette page !\",\"sameAs\":[\"https:\/\/www.facebook.com\/florent.ostermann\",\"https:\/\/x.com\/https:\/\/twitter.com\/FlOstermann\",\"admin\"],\"url\":\"https:\/\/dicodusport.fr\/blog\/author\/flo\/\"}]}<\/script>\n<!-- \/ Yoast SEO Premium plugin. -->","yoast_head_json":{"title":"Hochfilzen : Julia Simon troisi\u00e8me de la poursuite, Roeiseland fait coup double","description":"BIATHLON - HOCHFILZEN - Marte Olsbu Roeiseland a remport\u00e9 ce dimanche la poursuite d'Hochfilzen. Partie 6\u00e8me, Julia Simon monte sur le podium.","robots":{"index":"index","follow":"follow","max-snippet":"max-snippet:-1","max-image-preview":"max-image-preview:large","max-video-preview":"max-video-preview:-1"},"canonical":"https:\/\/dicodusport.fr\/blog\/biathlon-hochfilzen-julia-simon-troisieme-de-la-poursuite-roeiseland-fait-coup-double\/","og_locale":"fr_FR","og_type":"article","og_title":"Hochfilzen : Julia Simon troisi\u00e8me de la poursuite, Roeiseland fait coup double","og_description":"BIATHLON - HOCHFILZEN - Marte Olsbu Roeiseland a remport\u00e9 ce dimanche la poursuite d'Hochfilzen. Partie 6\u00e8me, Julia Simon monte sur le podium.","og_url":"https:\/\/dicodusport.fr\/blog\/biathlon-hochfilzen-julia-simon-troisieme-de-la-poursuite-roeiseland-fait-coup-double\/","og_site_name":"Dicodusport","article_publisher":"https:\/\/www.facebook.com\/dicodusport","article_author":"https:\/\/www.facebook.com\/florent.ostermann","article_published_time":"2020-12-13T11:18:05+00:00","article_modified_time":"2020-12-13T17:50:27+00:00","og_image":[{"width":800,"height":445,"url":"https:\/\/dicodusport.fr\/blog\/wp-content\/uploads\/2020\/12\/Hochfilzen-Julia-Simon-troisi\u00e8me-de-la-poursuite-Roeiseland-fait-coup-double.png","type":"image\/png"}],"author":"Flo Ostermann","twitter_card":"summary_large_image","twitter_title":"Hochfilzen : Julia Simon troisi\u00e8me de la poursuite, Roeiseland fait coup double","twitter_creator":"@https:\/\/twitter.com\/FlOstermann","twitter_site":"@dicodusport","schema":{"@context":"https:\/\/schema.org","@graph":[{"@type":"NewsArticle","@id":"https:\/\/dicodusport.fr\/blog\/biathlon-hochfilzen-julia-simon-troisieme-de-la-poursuite-roeiseland-fait-coup-double\/#article","isPartOf":{"@id":"https:\/\/dicodusport.fr\/blog\/biathlon-hochfilzen-julia-simon-troisieme-de-la-poursuite-roeiseland-fait-coup-double\/"},"author":{"name":"Flo Ostermann","@id":"https:\/\/dicodusport.fr\/blog\/#\/schema\/person\/cb02af4c173ce4a653b55e9baf388d4a"},"headline":"Hochfilzen : Julia Simon troisi\u00e8me de la poursuite, Roeiseland fait coup double","datePublished":"2020-12-13T11:18:05+00:00","dateModified":"2020-12-13T17:50:27+00:00","mainEntityOfPage":{"@id":"https:\/\/dicodusport.fr\/blog\/biathlon-hochfilzen-julia-simon-troisieme-de-la-poursuite-roeiseland-fait-coup-double\/"},"wordCount":402,"commentCount":1,"publisher":{"@id":"https:\/\/dicodusport.fr\/blog\/#organization"},"image":{"@id":"https:\/\/dicodusport.fr\/blog\/biathlon-hochfilzen-julia-simon-troisieme-de-la-poursuite-roeiseland-fait-coup-double\/#primaryimage"},"thumbnailUrl":"https:\/\/dicodusport.fr\/blog\/wp-content\/uploads\/2020\/12\/Hochfilzen-Julia-Simon-troisi\u00e8me-de-la-poursuite-Roeiseland-fait-coup-double.png","keywords":["Biathlon Hochfilzen","Poursuite Hochfilzen","sport"],"articleSection":["Coupe du monde de biathlon"],"inLanguage":"fr-FR","potentialAction":[{"@type":"CommentAction","name":"Comment","target":["https:\/\/dicodusport.fr\/blog\/biathlon-hochfilzen-julia-simon-troisieme-de-la-poursuite-roeiseland-fait-coup-double\/#respond"]}],"copyrightYear":"2020","copyrightHolder":{"@id":"https:\/\/dicodusport.fr\/blog\/#organization"}},{"@type":"WebPage","@id":"https:\/\/dicodusport.fr\/blog\/biathlon-hochfilzen-julia-simon-troisieme-de-la-poursuite-roeiseland-fait-coup-double\/","url":"https:\/\/dicodusport.fr\/blog\/biathlon-hochfilzen-julia-simon-troisieme-de-la-poursuite-roeiseland-fait-coup-double\/","name":"Hochfilzen : Julia Simon troisi\u00e8me de la poursuite, Roeiseland fait coup double","isPartOf":{"@id":"https:\/\/dicodusport.fr\/blog\/#website"},"primaryImageOfPage":{"@id":"https:\/\/dicodusport.fr\/blog\/biathlon-hochfilzen-julia-simon-troisieme-de-la-poursuite-roeiseland-fait-coup-double\/#primaryimage"},"image":{"@id":"https:\/\/dicodusport.fr\/blog\/biathlon-hochfilzen-julia-simon-troisieme-de-la-poursuite-roeiseland-fait-coup-double\/#primaryimage"},"thumbnailUrl":"https:\/\/dicodusport.fr\/blog\/wp-content\/uploads\/2020\/12\/Hochfilzen-Julia-Simon-troisi\u00e8me-de-la-poursuite-Roeiseland-fait-coup-double.png","datePublished":"2020-12-13T11:18:05+00:00","dateModified":"2020-12-13T17:50:27+00:00","description":"BIATHLON - HOCHFILZEN - Marte Olsbu Roeiseland a remport\u00e9 ce dimanche la poursuite d'Hochfilzen. Partie 6\u00e8me, Julia Simon monte sur le podium.","breadcrumb":{"@id":"https:\/\/dicodusport.fr\/blog\/biathlon-hochfilzen-julia-simon-troisieme-de-la-poursuite-roeiseland-fait-coup-double\/#breadcrumb"},"inLanguage":"fr-FR","potentialAction":[{"@type":"ReadAction","target":["https:\/\/dicodusport.fr\/blog\/biathlon-hochfilzen-julia-simon-troisieme-de-la-poursuite-roeiseland-fait-coup-double\/"]}]},{"@type":"ImageObject","inLanguage":"fr-FR","@id":"https:\/\/dicodusport.fr\/blog\/biathlon-hochfilzen-julia-simon-troisieme-de-la-poursuite-roeiseland-fait-coup-double\/#primaryimage","url":"https:\/\/dicodusport.fr\/blog\/wp-content\/uploads\/2020\/12\/Hochfilzen-Julia-Simon-troisi\u00e8me-de-la-poursuite-Roeiseland-fait-coup-double.png","contentUrl":"https:\/\/dicodusport.fr\/blog\/wp-content\/uploads\/2020\/12\/Hochfilzen-Julia-Simon-troisi\u00e8me-de-la-poursuite-Roeiseland-fait-coup-double.png","width":800,"height":445,"caption":"Biathlon \u2013 Ostersund : notre pronostic pour la mass start femmes"},{"@type":"BreadcrumbList","@id":"https:\/\/dicodusport.fr\/blog\/biathlon-hochfilzen-julia-simon-troisieme-de-la-poursuite-roeiseland-fait-coup-double\/#breadcrumb","itemListElement":[{"@type":"ListItem","position":1,"name":"Accueil","item":"https:\/\/dicodusport.fr\/blog\/"},{"@type":"ListItem","position":2,"name":"Hochfilzen : Julia Simon troisi\u00e8me de la poursuite, Roeiseland fait coup double"}]},{"@type":"WebSite","@id":"https:\/\/dicodusport.fr\/blog\/#website","url":"https:\/\/dicodusport.fr\/blog\/","name":"Dicodusport","description":"L&#039;encyclop\u00e9die de l&#039;actualit\u00e9 sportive","publisher":{"@id":"https:\/\/dicodusport.fr\/blog\/#organization"},"potentialAction":[{"@type":"SearchAction","target":{"@type":"EntryPoint","urlTemplate":"https:\/\/dicodusport.fr\/blog\/?s={search_term_string}"},"query-input":{"@type":"PropertyValueSpecification","valueRequired":true,"valueName":"search_term_string"}}],"inLanguage":"fr-FR"},{"@type":"NewsMediaOrganization","@id":"https:\/\/dicodusport.fr\/blog\/#organization","name":"Dicodusport","url":"https:\/\/dicodusport.fr\/blog\/","logo":{"@type":"ImageObject","inLanguage":"fr-FR","@id":"https:\/\/dicodusport.fr\/blog\/#\/schema\/logo\/image\/","url":"https:\/\/dicodusport.fr\/blog\/wp-content\/uploads\/2020\/06\/cropped-LOGO-DICODUSPORT-2020-SANS-FOND-SANS-TEXTE.png","contentUrl":"https:\/\/dicodusport.fr\/blog\/wp-content\/uploads\/2020\/06\/cropped-LOGO-DICODUSPORT-2020-SANS-FOND-SANS-TEXTE.png","width":512,"height":512,"caption":"Dicodusport"},"image":{"@id":"https:\/\/dicodusport.fr\/blog\/#\/schema\/logo\/image\/"},"sameAs":["https:\/\/www.facebook.com\/dicodusport","https:\/\/x.com\/dicodusport","https:\/\/www.instagram.com\/dicodusport\/","https:\/\/www.youtube.com\/channel\/UC7V2KZ5sd3htJivAbA4ZG3w"],"description":"Dicodusport est l'encyclop\u00e9die de l'actualit\u00e9 sportive.","email":"bonjour@dicodusport.fr","legalName":"DICODUSPORT","foundingDate":"2018-01-14","vatID":"FR71834470973","taxID":"83447097300043","numberOfEmployees":{"@type":"QuantitativeValue","minValue":"1","maxValue":"10"}},{"@type":"Person","@id":"https:\/\/dicodusport.fr\/blog\/#\/schema\/person\/cb02af4c173ce4a653b55e9baf388d4a","name":"Flo Ostermann","image":{"@type":"ImageObject","inLanguage":"fr-FR","@id":"https:\/\/dicodusport.fr\/blog\/#\/schema\/person\/image\/","url":"https:\/\/dicodusport.fr\/blog\/wp-content\/uploads\/2021\/05\/Flo-Ostermann-150x150.jpg","contentUrl":"https:\/\/dicodusport.fr\/blog\/wp-content\/uploads\/2021\/05\/Flo-Ostermann-150x150.jpg","caption":"Flo Ostermann"},"description":"Journaliste\/R\u00e9dacteur depuis septembre 2015 - Mes premiers souvenirs dans le sport ? Les envol\u00e9es du Stade Toulousain et les duels Villeneuve-Schumacher et H\u00e4kkinen-Schumacher \u00e0 la fin des ann\u00e9es 90, la Coupe du monde de football en 1998, l\u2019exploit du XV de France face aux All Blacks en 1999, mais aussi Richard C\u0153ur de Lion qui vole sur les montagnes du Tour de France. Bien parti pour devenir professeur d\u2019EPS, les \u00e9v\u00e9nements de la vie (et la flemme d\u2019animer des s\u00e9ances de 3x500 m\u00e8tres toute ma vie) m\u2019ont conduit \u00e0 revoir mes plans. Me voil\u00e0 depuis fin 2017 sur Dicodusport, m\u00e9dia gr\u00e2ce (et pour) lequel je partage ma passion : le sport dans tous ses \u00e9tats. Le tout accompagn\u00e9 par les fous furieux et folles furieuses cit\u00e9s sur cette page !","sameAs":["https:\/\/www.facebook.com\/florent.ostermann","https:\/\/x.com\/https:\/\/twitter.com\/FlOstermann","admin"],"url":"https:\/\/dicodusport.fr\/blog\/author\/flo\/"}]}},"_links":{"self":[{"href":"https:\/\/dicodusport.fr\/blog\/wp-json\/wp\/v2\/posts\/93042","targetHints":{"allow":["GET"]}}],"collection":[{"href":"https:\/\/dicodusport.fr\/blog\/wp-json\/wp\/v2\/posts"}],"about":[{"href":"https:\/\/dicodusport.fr\/blog\/wp-json\/wp\/v2\/types\/post"}],"author":[{"embeddable":true,"href":"https:\/\/dicodusport.fr\/blog\/wp-json\/wp\/v2\/users\/4"}],"replies":[{"embeddable":true,"href":"https:\/\/dicodusport.fr\/blog\/wp-json\/wp\/v2\/comments?post=93042"}],"version-history":[{"count":0,"href":"https:\/\/dicodusport.fr\/blog\/wp-json\/wp\/v2\/posts\/93042\/revisions"}],"wp:featuredmedia":[{"embeddable":true,"href":"https:\/\/dicodusport.fr\/blog\/wp-json\/wp\/v2\/media\/93049"}],"wp:attachment":[{"href":"https:\/\/dicodusport.fr\/blog\/wp-json\/wp\/v2\/media?parent=93042"}],"wp:term":[{"taxonomy":"category","embeddable":true,"href":"https:\/\/dicodusport.fr\/blog\/wp-json\/wp\/v2\/categories?post=93042"},{"taxonomy":"post_tag","embeddable":true,"href":"https:\/\/dicodusport.fr\/blog\/wp-json\/wp\/v2\/tags?post=93042"}],"curies":[{"name":"wp","href":"https:\/\/api.w.org\/{rel}","templated":true}]}}