{"id":93254,"date":"2020-12-14T14:49:57","date_gmt":"2020-12-14T13:49:57","guid":{"rendered":"https:\/\/dicodusport.fr\/blog\/?p=93254&#038;preview=true&#038;preview_id=93254"},"modified":"2020-12-14T14:49:57","modified_gmt":"2020-12-14T13:49:57","slug":"geant-de-courchevel-premier-poidum-saison-tessa-worley","status":"publish","type":"post","link":"https:\/\/dicodusport.fr\/blog\/geant-de-courchevel-premier-poidum-saison-tessa-worley\/","title":{"rendered":"G\u00e9ant de Courchevel : Premier podium de la saison pour Tessa Worley"},"content":{"rendered":"<p style=\"text-align: justify;\"><strong><em>SKI ALPIN &#8211; COURCHEVEL &#8211; Tessa Worley a pris la troisi\u00e8me place du g\u00e9ant de Courchevel\u00a0 ce lundi, derri\u00e8re l&rsquo;Am\u00e9ricaine Mikaela Shiffrin et l&rsquo;Italienne Federica Brignone.\u00a0<\/em><\/strong><\/p>\n<p style=\"text-align: justify;\">Cinqui\u00e8me de la premi\u00e8re manche, la championne fran\u00e7aise <strong>Tessa Worley<\/strong> a r\u00e9pondu pr\u00e9sente dans la deuxi\u00e8me pour venir d\u00e9crocher son premier podium de la saison, et \u00e0 domicile. C&rsquo;est \u00e9galement son premier top 3 depuis le g\u00e9ant de S\u00f6lden, en 2019. Seulement douzi\u00e8me du premier g\u00e9ant de Courchevel, la Haut-Savoyarde a remis l&rsquo;\u00e9glise au milieu du village, m\u00eame si elle n&rsquo;a rien pu faire face \u00e0 l&rsquo;Am\u00e9ricaine <strong>Mikaela Shiffrin<\/strong>, en larmes \u00e0 l&rsquo;arriv\u00e9e, qui remporte sa premi\u00e8re course depuis 11 mois. L&rsquo;Italienne <strong>Federica Brignonne<\/strong>, l&rsquo;une des favorites pour le classement g\u00e9n\u00e9ral de la Coupe du monde, compl\u00e8te le podium.<\/p>\n<blockquote class=\"twitter-tweet\">\n<p dir=\"ltr\" lang=\"fr\">La joie de <a href=\"https:\/\/twitter.com\/TessaWorley?ref_src=twsrc%5Etfw\">@TessaWorley<\/a>, les larmes de <a href=\"https:\/\/twitter.com\/MikaelaShiffrin?ref_src=twsrc%5Etfw\">@MikaelaShiffrin<\/a> &#8230; Un podium plein d\u2019\u00e9motions aujourd\u2019hui \u00e0 <a href=\"https:\/\/twitter.com\/courchevel?ref_src=twsrc%5Etfw\">@courchevel<\/a>. <a href=\"https:\/\/twitter.com\/Eurosport_FR?ref_src=twsrc%5Etfw\">@Eurosport_FR<\/a> <a href=\"https:\/\/twitter.com\/hashtag\/ChaletClub?src=hash&amp;ref_src=twsrc%5Etfw\">#ChaletClub<\/a> Prochain rendez-vous pour les filles \u00e0 <a href=\"https:\/\/twitter.com\/valdisere?ref_src=twsrc%5Etfw\">@valdisere<\/a> le weekend prochain. <a href=\"https:\/\/t.co\/QLTCT4q4Nj\">pic.twitter.com\/QLTCT4q4Nj<\/a><\/p>\n<p>\u2014 Chalet &#x2744;&#xfe0f; Club (@ChaletClub2020) <a href=\"https:\/\/twitter.com\/ChaletClub2020\/status\/1338471261073256450?ref_src=twsrc%5Etfw\">December 14, 2020<\/a><\/p><\/blockquote>\n<p><script async src=\"https:\/\/platform.twitter.com\/widgets.js\" charset=\"utf-8\"><\/script><\/p>\n<p><strong><em>Dicodusport<br \/>\n<a href=\"https:\/\/www.facebook.com\/dicodusport\/\" target=\"_blank\" rel=\"noopener noreferrer\"><img loading=\"lazy\" decoding=\"async\" class=\"alignnone wp-image-2909\" src=\"http:\/\/dicodusport.fr\/blog\/wp-content\/uploads\/2017\/07\/logo-facebook-150x150.png\" alt=\"\" width=\"40\" height=\"40\" \/><\/a><a href=\"https:\/\/twitter.com\/dicodusport\" target=\"_blank\" rel=\"noopener noreferrer\"><img loading=\"lazy\" decoding=\"async\" class=\"alignnone wp-image-2908\" src=\"http:\/\/dicodusport.fr\/blog\/wp-content\/uploads\/2017\/07\/logo-twitter-150x150.png\" alt=\"\" width=\"39\" height=\"39\" \/><\/a><\/em><\/strong><\/p>\n","protected":false},"excerpt":{"rendered":"<p>SKI ALPIN &#8211; COURCHEVEL &#8211; Tessa Worley a pris la troisi\u00e8me place du g\u00e9ant de Courchevel\u00a0 ce lundi, derri\u00e8re l&rsquo;Am\u00e9ricaine Mikaela Shiffrin et l&rsquo;Italienne Federica Brignone.\u00a0<\/p>\n","protected":false},"author":1,"featured_media":93259,"comment_status":"open","ping_status":"closed","sticky":false,"template":"","format":"standard","meta":{"_acf_changed":false,"_daextam_enable_autolinks":"","footnotes":""},"categories":[9217],"tags":[13007,2233,2232],"class_list":["post-93254","post","type-post","status-publish","format-standard","has-post-thumbnail","hentry","category-ski","tag-courchevel","tag-ski-alpin","tag-tessa-worley"],"acf":[],"yoast_head":"<!-- This site is optimized with the Yoast SEO Premium plugin v26.7 (Yoast SEO v26.7) - https:\/\/yoast.com\/wordpress\/plugins\/seo\/ -->\n<title>G\u00e9ant de Courchevel : Premier podium de la saison pour Tessa Worley<\/title>\n<meta name=\"description\" content=\"SKI ALPIN - COURCHEVEL - Tessa Worley a pris la troisi\u00e8me place du g\u00e9ant de Courchevel\u00a0 ce lundi, derri\u00e8re l&#039;Am\u00e9ricaine Mikaela Shiffrin et l&#039;Italienne Federica Brignone.\u00a0\" \/>\n<meta name=\"robots\" content=\"index, follow, max-snippet:-1, max-image-preview:large, max-video-preview:-1\" \/>\n<link rel=\"canonical\" href=\"https:\/\/dicodusport.fr\/blog\/geant-de-courchevel-premier-poidum-saison-tessa-worley\/\" \/>\n<meta property=\"og:locale\" content=\"fr_FR\" \/>\n<meta property=\"og:type\" content=\"article\" \/>\n<meta property=\"og:title\" content=\"G\u00e9ant de Courchevel : Premier podium de la saison pour Tessa Worley\" \/>\n<meta property=\"og:description\" content=\"SKI ALPIN - COURCHEVEL - Tessa Worley a pris la troisi\u00e8me place du g\u00e9ant de Courchevel\u00a0 ce lundi, derri\u00e8re l&#039;Am\u00e9ricaine Mikaela Shiffrin et l&#039;Italienne Federica Brignone.\u00a0\" \/>\n<meta property=\"og:url\" content=\"https:\/\/dicodusport.fr\/blog\/geant-de-courchevel-premier-poidum-saison-tessa-worley\/\" \/>\n<meta property=\"og:site_name\" content=\"Dicodusport\" \/>\n<meta property=\"article:publisher\" content=\"https:\/\/www.facebook.com\/dicodusport\" \/>\n<meta property=\"article:author\" content=\"https:\/\/www.facebook.com\/dicodusport\" \/>\n<meta property=\"article:published_time\" content=\"2020-12-14T13:49:57+00:00\" \/>\n<meta property=\"og:image\" content=\"https:\/\/dicodusport.fr\/blog\/wp-content\/uploads\/2020\/12\/G\u00e9ant-de-Courchevel-Premier-podium-de-la-saison-pour-Tessa-Worley.png\" \/>\n\t<meta property=\"og:image:width\" content=\"800\" \/>\n\t<meta property=\"og:image:height\" content=\"445\" \/>\n\t<meta property=\"og:image:type\" content=\"image\/png\" \/>\n<meta name=\"author\" content=\"Nicolas Jacquemard\" \/>\n<meta name=\"twitter:card\" content=\"summary_large_image\" \/>\n<meta name=\"twitter:title\" content=\"G\u00e9ant de Courchevel : Premier podium de la saison pour Tessa Worley\" \/>\n<meta name=\"twitter:creator\" content=\"@https:\/\/twitter.com\/Nico_Jacquemard\" \/>\n<meta name=\"twitter:site\" content=\"@dicodusport\" \/>\n<script type=\"application\/ld+json\" class=\"yoast-schema-graph\">{\"@context\":\"https:\/\/schema.org\",\"@graph\":[{\"@type\":\"NewsArticle\",\"@id\":\"https:\/\/dicodusport.fr\/blog\/geant-de-courchevel-premier-poidum-saison-tessa-worley\/#article\",\"isPartOf\":{\"@id\":\"https:\/\/dicodusport.fr\/blog\/geant-de-courchevel-premier-poidum-saison-tessa-worley\/\"},\"author\":{\"name\":\"Nicolas Jacquemard\",\"@id\":\"https:\/\/dicodusport.fr\/blog\/#\/schema\/person\/55dcb50ad410894e431ed812bbb70191\"},\"headline\":\"G\u00e9ant de Courchevel : Premier podium de la saison pour Tessa Worley\",\"datePublished\":\"2020-12-14T13:49:57+00:00\",\"mainEntityOfPage\":{\"@id\":\"https:\/\/dicodusport.fr\/blog\/geant-de-courchevel-premier-poidum-saison-tessa-worley\/\"},\"wordCount\":204,\"commentCount\":0,\"publisher\":{\"@id\":\"https:\/\/dicodusport.fr\/blog\/#organization\"},\"image\":{\"@id\":\"https:\/\/dicodusport.fr\/blog\/geant-de-courchevel-premier-poidum-saison-tessa-worley\/#primaryimage\"},\"thumbnailUrl\":\"https:\/\/dicodusport.fr\/blog\/wp-content\/uploads\/2020\/12\/G\u00e9ant-de-Courchevel-Premier-podium-de-la-saison-pour-Tessa-Worley.png\",\"keywords\":[\"Courchevel\",\"Ski alpin\",\"Tessa Worley\"],\"articleSection\":[\"Ski\"],\"inLanguage\":\"fr-FR\",\"potentialAction\":[{\"@type\":\"CommentAction\",\"name\":\"Comment\",\"target\":[\"https:\/\/dicodusport.fr\/blog\/geant-de-courchevel-premier-poidum-saison-tessa-worley\/#respond\"]}],\"copyrightYear\":\"2020\",\"copyrightHolder\":{\"@id\":\"https:\/\/dicodusport.fr\/blog\/#organization\"}},{\"@type\":\"WebPage\",\"@id\":\"https:\/\/dicodusport.fr\/blog\/geant-de-courchevel-premier-poidum-saison-tessa-worley\/\",\"url\":\"https:\/\/dicodusport.fr\/blog\/geant-de-courchevel-premier-poidum-saison-tessa-worley\/\",\"name\":\"G\u00e9ant de Courchevel : Premier podium de la saison pour Tessa Worley\",\"isPartOf\":{\"@id\":\"https:\/\/dicodusport.fr\/blog\/#website\"},\"primaryImageOfPage\":{\"@id\":\"https:\/\/dicodusport.fr\/blog\/geant-de-courchevel-premier-poidum-saison-tessa-worley\/#primaryimage\"},\"image\":{\"@id\":\"https:\/\/dicodusport.fr\/blog\/geant-de-courchevel-premier-poidum-saison-tessa-worley\/#primaryimage\"},\"thumbnailUrl\":\"https:\/\/dicodusport.fr\/blog\/wp-content\/uploads\/2020\/12\/G\u00e9ant-de-Courchevel-Premier-podium-de-la-saison-pour-Tessa-Worley.png\",\"datePublished\":\"2020-12-14T13:49:57+00:00\",\"description\":\"SKI ALPIN - COURCHEVEL - Tessa Worley a pris la troisi\u00e8me place du g\u00e9ant de Courchevel\u00a0 ce lundi, derri\u00e8re l'Am\u00e9ricaine Mikaela Shiffrin et l'Italienne Federica Brignone.\u00a0\",\"breadcrumb\":{\"@id\":\"https:\/\/dicodusport.fr\/blog\/geant-de-courchevel-premier-poidum-saison-tessa-worley\/#breadcrumb\"},\"inLanguage\":\"fr-FR\",\"potentialAction\":[{\"@type\":\"ReadAction\",\"target\":[\"https:\/\/dicodusport.fr\/blog\/geant-de-courchevel-premier-poidum-saison-tessa-worley\/\"]}]},{\"@type\":\"ImageObject\",\"inLanguage\":\"fr-FR\",\"@id\":\"https:\/\/dicodusport.fr\/blog\/geant-de-courchevel-premier-poidum-saison-tessa-worley\/#primaryimage\",\"url\":\"https:\/\/dicodusport.fr\/blog\/wp-content\/uploads\/2020\/12\/G\u00e9ant-de-Courchevel-Premier-podium-de-la-saison-pour-Tessa-Worley.png\",\"contentUrl\":\"https:\/\/dicodusport.fr\/blog\/wp-content\/uploads\/2020\/12\/G\u00e9ant-de-Courchevel-Premier-podium-de-la-saison-pour-Tessa-Worley.png\",\"width\":800,\"height\":445,\"caption\":\"G\u00e9ant de Courchevel : Premier podium de la saison pour Tessa Worley\"},{\"@type\":\"BreadcrumbList\",\"@id\":\"https:\/\/dicodusport.fr\/blog\/geant-de-courchevel-premier-poidum-saison-tessa-worley\/#breadcrumb\",\"itemListElement\":[{\"@type\":\"ListItem\",\"position\":1,\"name\":\"Accueil\",\"item\":\"https:\/\/dicodusport.fr\/blog\/\"},{\"@type\":\"ListItem\",\"position\":2,\"name\":\"G\u00e9ant de Courchevel : Premier podium de la saison pour Tessa Worley\"}]},{\"@type\":\"WebSite\",\"@id\":\"https:\/\/dicodusport.fr\/blog\/#website\",\"url\":\"https:\/\/dicodusport.fr\/blog\/\",\"name\":\"Dicodusport\",\"description\":\"L&#039;encyclop\u00e9die de l&#039;actualit\u00e9 sportive\",\"publisher\":{\"@id\":\"https:\/\/dicodusport.fr\/blog\/#organization\"},\"potentialAction\":[{\"@type\":\"SearchAction\",\"target\":{\"@type\":\"EntryPoint\",\"urlTemplate\":\"https:\/\/dicodusport.fr\/blog\/?s={search_term_string}\"},\"query-input\":{\"@type\":\"PropertyValueSpecification\",\"valueRequired\":true,\"valueName\":\"search_term_string\"}}],\"inLanguage\":\"fr-FR\"},{\"@type\":\"NewsMediaOrganization\",\"@id\":\"https:\/\/dicodusport.fr\/blog\/#organization\",\"name\":\"Dicodusport\",\"url\":\"https:\/\/dicodusport.fr\/blog\/\",\"logo\":{\"@type\":\"ImageObject\",\"inLanguage\":\"fr-FR\",\"@id\":\"https:\/\/dicodusport.fr\/blog\/#\/schema\/logo\/image\/\",\"url\":\"https:\/\/dicodusport.fr\/blog\/wp-content\/uploads\/2020\/06\/cropped-LOGO-DICODUSPORT-2020-SANS-FOND-SANS-TEXTE.png\",\"contentUrl\":\"https:\/\/dicodusport.fr\/blog\/wp-content\/uploads\/2020\/06\/cropped-LOGO-DICODUSPORT-2020-SANS-FOND-SANS-TEXTE.png\",\"width\":512,\"height\":512,\"caption\":\"Dicodusport\"},\"image\":{\"@id\":\"https:\/\/dicodusport.fr\/blog\/#\/schema\/logo\/image\/\"},\"sameAs\":[\"https:\/\/www.facebook.com\/dicodusport\",\"https:\/\/x.com\/dicodusport\",\"https:\/\/www.instagram.com\/dicodusport\/\",\"https:\/\/www.youtube.com\/channel\/UC7V2KZ5sd3htJivAbA4ZG3w\"],\"description\":\"Dicodusport est l'encyclop\u00e9die de l'actualit\u00e9 sportive.\",\"email\":\"bonjour@dicodusport.fr\",\"legalName\":\"DICODUSPORT\",\"foundingDate\":\"2018-01-14\",\"vatID\":\"FR71834470973\",\"taxID\":\"83447097300043\",\"numberOfEmployees\":{\"@type\":\"QuantitativeValue\",\"minValue\":\"1\",\"maxValue\":\"10\"}},{\"@type\":\"Person\",\"@id\":\"https:\/\/dicodusport.fr\/blog\/#\/schema\/person\/55dcb50ad410894e431ed812bbb70191\",\"name\":\"Nicolas Jacquemard\",\"image\":{\"@type\":\"ImageObject\",\"inLanguage\":\"fr-FR\",\"@id\":\"https:\/\/dicodusport.fr\/blog\/#\/schema\/person\/image\/\",\"url\":\"https:\/\/dicodusport.fr\/blog\/wp-content\/uploads\/2021\/05\/Nicolas-Jacquemard-150x150.jpeg\",\"contentUrl\":\"https:\/\/dicodusport.fr\/blog\/wp-content\/uploads\/2021\/05\/Nicolas-Jacquemard-150x150.jpeg\",\"caption\":\"Nicolas Jacquemard\"},\"description\":\"Passionn\u00e9 de sport et entrepreneur depuis mes 18 ans, la cr\u00e9ation de Dicodusport m'a sembl\u00e9 \u00e9vidente pour participer \u00e0 la m\u00e9diatisation d'un plus grand nombre de sports. Le chemin est long mais avec une \u00e9quipe des plus motiv\u00e9es et les Jeux Olympiques de Paris 2024 en point de mire, nous y arriverons ! Journaliste dans le monde du sport depuis plus de 5 ans, je traite aussi bien de football, de rugby, de biathlon que de cyclisme.\",\"sameAs\":[\"https:\/\/www.facebook.com\/dicodusport\",\"https:\/\/x.com\/https:\/\/twitter.com\/Nico_Jacquemard\"],\"url\":\"https:\/\/dicodusport.fr\/blog\/author\/dicodusport\/\"}]}<\/script>\n<!-- \/ Yoast SEO Premium plugin. -->","yoast_head_json":{"title":"G\u00e9ant de Courchevel : Premier podium de la saison pour Tessa Worley","description":"SKI ALPIN - COURCHEVEL - Tessa Worley a pris la troisi\u00e8me place du g\u00e9ant de Courchevel\u00a0 ce lundi, derri\u00e8re l'Am\u00e9ricaine Mikaela Shiffrin et l'Italienne Federica Brignone.\u00a0","robots":{"index":"index","follow":"follow","max-snippet":"max-snippet:-1","max-image-preview":"max-image-preview:large","max-video-preview":"max-video-preview:-1"},"canonical":"https:\/\/dicodusport.fr\/blog\/geant-de-courchevel-premier-poidum-saison-tessa-worley\/","og_locale":"fr_FR","og_type":"article","og_title":"G\u00e9ant de Courchevel : Premier podium de la saison pour Tessa Worley","og_description":"SKI ALPIN - COURCHEVEL - Tessa Worley a pris la troisi\u00e8me place du g\u00e9ant de Courchevel\u00a0 ce lundi, derri\u00e8re l'Am\u00e9ricaine Mikaela Shiffrin et l'Italienne Federica Brignone.\u00a0","og_url":"https:\/\/dicodusport.fr\/blog\/geant-de-courchevel-premier-poidum-saison-tessa-worley\/","og_site_name":"Dicodusport","article_publisher":"https:\/\/www.facebook.com\/dicodusport","article_author":"https:\/\/www.facebook.com\/dicodusport","article_published_time":"2020-12-14T13:49:57+00:00","og_image":[{"width":800,"height":445,"url":"https:\/\/dicodusport.fr\/blog\/wp-content\/uploads\/2020\/12\/G\u00e9ant-de-Courchevel-Premier-podium-de-la-saison-pour-Tessa-Worley.png","type":"image\/png"}],"author":"Nicolas Jacquemard","twitter_card":"summary_large_image","twitter_title":"G\u00e9ant de Courchevel : Premier podium de la saison pour Tessa Worley","twitter_creator":"@https:\/\/twitter.com\/Nico_Jacquemard","twitter_site":"@dicodusport","schema":{"@context":"https:\/\/schema.org","@graph":[{"@type":"NewsArticle","@id":"https:\/\/dicodusport.fr\/blog\/geant-de-courchevel-premier-poidum-saison-tessa-worley\/#article","isPartOf":{"@id":"https:\/\/dicodusport.fr\/blog\/geant-de-courchevel-premier-poidum-saison-tessa-worley\/"},"author":{"name":"Nicolas Jacquemard","@id":"https:\/\/dicodusport.fr\/blog\/#\/schema\/person\/55dcb50ad410894e431ed812bbb70191"},"headline":"G\u00e9ant de Courchevel : Premier podium de la saison pour Tessa Worley","datePublished":"2020-12-14T13:49:57+00:00","mainEntityOfPage":{"@id":"https:\/\/dicodusport.fr\/blog\/geant-de-courchevel-premier-poidum-saison-tessa-worley\/"},"wordCount":204,"commentCount":0,"publisher":{"@id":"https:\/\/dicodusport.fr\/blog\/#organization"},"image":{"@id":"https:\/\/dicodusport.fr\/blog\/geant-de-courchevel-premier-poidum-saison-tessa-worley\/#primaryimage"},"thumbnailUrl":"https:\/\/dicodusport.fr\/blog\/wp-content\/uploads\/2020\/12\/G\u00e9ant-de-Courchevel-Premier-podium-de-la-saison-pour-Tessa-Worley.png","keywords":["Courchevel","Ski alpin","Tessa Worley"],"articleSection":["Ski"],"inLanguage":"fr-FR","potentialAction":[{"@type":"CommentAction","name":"Comment","target":["https:\/\/dicodusport.fr\/blog\/geant-de-courchevel-premier-poidum-saison-tessa-worley\/#respond"]}],"copyrightYear":"2020","copyrightHolder":{"@id":"https:\/\/dicodusport.fr\/blog\/#organization"}},{"@type":"WebPage","@id":"https:\/\/dicodusport.fr\/blog\/geant-de-courchevel-premier-poidum-saison-tessa-worley\/","url":"https:\/\/dicodusport.fr\/blog\/geant-de-courchevel-premier-poidum-saison-tessa-worley\/","name":"G\u00e9ant de Courchevel : Premier podium de la saison pour Tessa Worley","isPartOf":{"@id":"https:\/\/dicodusport.fr\/blog\/#website"},"primaryImageOfPage":{"@id":"https:\/\/dicodusport.fr\/blog\/geant-de-courchevel-premier-poidum-saison-tessa-worley\/#primaryimage"},"image":{"@id":"https:\/\/dicodusport.fr\/blog\/geant-de-courchevel-premier-poidum-saison-tessa-worley\/#primaryimage"},"thumbnailUrl":"https:\/\/dicodusport.fr\/blog\/wp-content\/uploads\/2020\/12\/G\u00e9ant-de-Courchevel-Premier-podium-de-la-saison-pour-Tessa-Worley.png","datePublished":"2020-12-14T13:49:57+00:00","description":"SKI ALPIN - COURCHEVEL - Tessa Worley a pris la troisi\u00e8me place du g\u00e9ant de Courchevel\u00a0 ce lundi, derri\u00e8re l'Am\u00e9ricaine Mikaela Shiffrin et l'Italienne Federica Brignone.\u00a0","breadcrumb":{"@id":"https:\/\/dicodusport.fr\/blog\/geant-de-courchevel-premier-poidum-saison-tessa-worley\/#breadcrumb"},"inLanguage":"fr-FR","potentialAction":[{"@type":"ReadAction","target":["https:\/\/dicodusport.fr\/blog\/geant-de-courchevel-premier-poidum-saison-tessa-worley\/"]}]},{"@type":"ImageObject","inLanguage":"fr-FR","@id":"https:\/\/dicodusport.fr\/blog\/geant-de-courchevel-premier-poidum-saison-tessa-worley\/#primaryimage","url":"https:\/\/dicodusport.fr\/blog\/wp-content\/uploads\/2020\/12\/G\u00e9ant-de-Courchevel-Premier-podium-de-la-saison-pour-Tessa-Worley.png","contentUrl":"https:\/\/dicodusport.fr\/blog\/wp-content\/uploads\/2020\/12\/G\u00e9ant-de-Courchevel-Premier-podium-de-la-saison-pour-Tessa-Worley.png","width":800,"height":445,"caption":"G\u00e9ant de Courchevel : Premier podium de la saison pour Tessa Worley"},{"@type":"BreadcrumbList","@id":"https:\/\/dicodusport.fr\/blog\/geant-de-courchevel-premier-poidum-saison-tessa-worley\/#breadcrumb","itemListElement":[{"@type":"ListItem","position":1,"name":"Accueil","item":"https:\/\/dicodusport.fr\/blog\/"},{"@type":"ListItem","position":2,"name":"G\u00e9ant de Courchevel : Premier podium de la saison pour Tessa Worley"}]},{"@type":"WebSite","@id":"https:\/\/dicodusport.fr\/blog\/#website","url":"https:\/\/dicodusport.fr\/blog\/","name":"Dicodusport","description":"L&#039;encyclop\u00e9die de l&#039;actualit\u00e9 sportive","publisher":{"@id":"https:\/\/dicodusport.fr\/blog\/#organization"},"potentialAction":[{"@type":"SearchAction","target":{"@type":"EntryPoint","urlTemplate":"https:\/\/dicodusport.fr\/blog\/?s={search_term_string}"},"query-input":{"@type":"PropertyValueSpecification","valueRequired":true,"valueName":"search_term_string"}}],"inLanguage":"fr-FR"},{"@type":"NewsMediaOrganization","@id":"https:\/\/dicodusport.fr\/blog\/#organization","name":"Dicodusport","url":"https:\/\/dicodusport.fr\/blog\/","logo":{"@type":"ImageObject","inLanguage":"fr-FR","@id":"https:\/\/dicodusport.fr\/blog\/#\/schema\/logo\/image\/","url":"https:\/\/dicodusport.fr\/blog\/wp-content\/uploads\/2020\/06\/cropped-LOGO-DICODUSPORT-2020-SANS-FOND-SANS-TEXTE.png","contentUrl":"https:\/\/dicodusport.fr\/blog\/wp-content\/uploads\/2020\/06\/cropped-LOGO-DICODUSPORT-2020-SANS-FOND-SANS-TEXTE.png","width":512,"height":512,"caption":"Dicodusport"},"image":{"@id":"https:\/\/dicodusport.fr\/blog\/#\/schema\/logo\/image\/"},"sameAs":["https:\/\/www.facebook.com\/dicodusport","https:\/\/x.com\/dicodusport","https:\/\/www.instagram.com\/dicodusport\/","https:\/\/www.youtube.com\/channel\/UC7V2KZ5sd3htJivAbA4ZG3w"],"description":"Dicodusport est l'encyclop\u00e9die de l'actualit\u00e9 sportive.","email":"bonjour@dicodusport.fr","legalName":"DICODUSPORT","foundingDate":"2018-01-14","vatID":"FR71834470973","taxID":"83447097300043","numberOfEmployees":{"@type":"QuantitativeValue","minValue":"1","maxValue":"10"}},{"@type":"Person","@id":"https:\/\/dicodusport.fr\/blog\/#\/schema\/person\/55dcb50ad410894e431ed812bbb70191","name":"Nicolas Jacquemard","image":{"@type":"ImageObject","inLanguage":"fr-FR","@id":"https:\/\/dicodusport.fr\/blog\/#\/schema\/person\/image\/","url":"https:\/\/dicodusport.fr\/blog\/wp-content\/uploads\/2021\/05\/Nicolas-Jacquemard-150x150.jpeg","contentUrl":"https:\/\/dicodusport.fr\/blog\/wp-content\/uploads\/2021\/05\/Nicolas-Jacquemard-150x150.jpeg","caption":"Nicolas Jacquemard"},"description":"Passionn\u00e9 de sport et entrepreneur depuis mes 18 ans, la cr\u00e9ation de Dicodusport m'a sembl\u00e9 \u00e9vidente pour participer \u00e0 la m\u00e9diatisation d'un plus grand nombre de sports. Le chemin est long mais avec une \u00e9quipe des plus motiv\u00e9es et les Jeux Olympiques de Paris 2024 en point de mire, nous y arriverons ! Journaliste dans le monde du sport depuis plus de 5 ans, je traite aussi bien de football, de rugby, de biathlon que de cyclisme.","sameAs":["https:\/\/www.facebook.com\/dicodusport","https:\/\/x.com\/https:\/\/twitter.com\/Nico_Jacquemard"],"url":"https:\/\/dicodusport.fr\/blog\/author\/dicodusport\/"}]}},"_links":{"self":[{"href":"https:\/\/dicodusport.fr\/blog\/wp-json\/wp\/v2\/posts\/93254","targetHints":{"allow":["GET"]}}],"collection":[{"href":"https:\/\/dicodusport.fr\/blog\/wp-json\/wp\/v2\/posts"}],"about":[{"href":"https:\/\/dicodusport.fr\/blog\/wp-json\/wp\/v2\/types\/post"}],"author":[{"embeddable":true,"href":"https:\/\/dicodusport.fr\/blog\/wp-json\/wp\/v2\/users\/1"}],"replies":[{"embeddable":true,"href":"https:\/\/dicodusport.fr\/blog\/wp-json\/wp\/v2\/comments?post=93254"}],"version-history":[{"count":0,"href":"https:\/\/dicodusport.fr\/blog\/wp-json\/wp\/v2\/posts\/93254\/revisions"}],"wp:featuredmedia":[{"embeddable":true,"href":"https:\/\/dicodusport.fr\/blog\/wp-json\/wp\/v2\/media\/93259"}],"wp:attachment":[{"href":"https:\/\/dicodusport.fr\/blog\/wp-json\/wp\/v2\/media?parent=93254"}],"wp:term":[{"taxonomy":"category","embeddable":true,"href":"https:\/\/dicodusport.fr\/blog\/wp-json\/wp\/v2\/categories?post=93254"},{"taxonomy":"post_tag","embeddable":true,"href":"https:\/\/dicodusport.fr\/blog\/wp-json\/wp\/v2\/tags?post=93254"}],"curies":[{"name":"wp","href":"https:\/\/api.w.org\/{rel}","templated":true}]}}