{"id":93278,"date":"2020-12-14T19:46:27","date_gmt":"2020-12-14T18:46:27","guid":{"rendered":"https:\/\/dicodusport.fr\/blog\/?p=93278"},"modified":"2025-09-16T09:04:01","modified_gmt":"2025-09-16T07:04:01","slug":"semaine-parfaite-pour-le-real-madrid-de-zidane","status":"publish","type":"post","link":"https:\/\/dicodusport.fr\/blog\/semaine-parfaite-pour-le-real-madrid-de-zidane\/","title":{"rendered":"Semaine parfaite pour le Real Madrid de Zidane"},"content":{"rendered":"<p style=\"text-align: justify;\"><em><strong>Dans la tourmente, le Real Madrid et Zin\u00e9dine Zidane ont r\u00e9alis\u00e9 une semaine parfaite pour \u00e9teindre l\u2019incendie dans la Maison Blanche. Une preuve de la force du groupe mais aussi de son attachement au coach fran\u00e7ais.<\/strong><\/em><\/p>\n<h2 style=\"text-align: justify;\">Qualification en Ligue des Champions et derby madril\u00e8ne remport\u00e9<\/h2>\n<p style=\"text-align: justify;\">En l\u2019espace de huit jours, le <b>Real Madrid<\/b> aura balay\u00e9 les critiques gr\u00e2ce \u00e0 trois victoires plus qu\u2019importantes, dont deux en championnat (\u00e0 <b>S\u00e9ville<\/b> 0-1, face \u00e0 l\u2019<b>Atletico Madrid<\/b> 2-0) et une en <b>Ligue des Champions<\/b> (face au <b>Borussia M\u00f6nchengladbach<\/b> 2-0). Il faut dire qu\u2019avant cela, le club merengue \u00e9tait dans la tourmente avec une seule victoire en cinq rencontres, dont trois d\u00e9faites inqui\u00e9tantes contre <b>Valence<\/b> (4-1 le 8 novembre), contre <b>Alaves<\/b> (0-1 le 28 novembre) et \u00e0 <b>Donetsk<\/b> (2-0 le 1<sup>er<\/sup> d\u00e9cembre). Des r\u00e9sultats et un niveau de jeu affich\u00e9 indignes du <b>Real Madrid<\/b>, loin du rendement escompt\u00e9 en d\u00e9but de saison. De quoi, selon les m\u00e9dias espagnols, remettre en cause le poste de <b>Zin\u00e9dine Zidane<\/b> \u00e0 la t\u00eate de la Casa Blanca.<\/p>\n<blockquote class=\"twitter-tweet\">\n<p dir=\"ltr\" lang=\"fr\">&#x1f525;&#x1f44a; Le derby appartient au Real !<br \/>\n&#x1f4f8;&#x1f4f9; VOIR GALERIE ET VID\u00c9O&#x1f447;<a href=\"https:\/\/twitter.com\/hashtag\/RealMadridAtleti?src=hash&amp;ref_src=twsrc%5Etfw\">#RealMadridAtleti<\/a> | <a href=\"https:\/\/twitter.com\/hashtag\/HalaMadrid?src=hash&amp;ref_src=twsrc%5Etfw\">#HalaMadrid<\/a><\/p>\n<p>\u2014 Real Madrid C.F. &#x1f1eb;&#x1f1f7; (@realmadridfra) <a href=\"https:\/\/twitter.com\/realmadridfra\/status\/1337898666913390593?ref_src=twsrc%5Etfw\">December 12, 2020<\/a><\/p><\/blockquote>\n<p><script async src=\"https:\/\/platform.twitter.com\/widgets.js\" charset=\"utf-8\"><\/script><\/p>\n<p style=\"text-align: justify;\">Mais \u00e7a, c\u2019\u00e9tait avant la masterclass d\u2019exp\u00e9rience et de lucidit\u00e9 des Madril\u00e8nes cette semaine. Aucun but encaiss\u00e9, trois victoires et les hommes de Zizou ont relanc\u00e9 la machine en se qualifiant pour la 24<sup>\u00e8me<\/sup> fois cons\u00e9cutive en 8<sup>\u00e8me<\/sup> de finale de la <b>Ligue des Champions<\/b> et en se rapprochant de la 1<sup>\u00e8re<\/sup> place en<b> Liga<\/b> (\u00e0 3 points de la <b>Real Sociedad<\/b>). En remportant le derby de Madrid face \u00e0 l\u2019<b>Atletico<\/b> (les Colchoneros n\u2019avaient d\u2019ailleurs plus perdu en Liga depuis 26 matchs\u2026 depuis une d\u00e9faite face au Real en janvier dernier), les co\u00e9quipiers de <b>Karim Benzema<\/b> (double buteur face \u00e0 <b>M\u00f6nchengladbach<\/b>) s\u2019\u00e9vitent une crise importante, toujours surdimensionn\u00e9e lorsqu\u2019elle apparait \u00e0 Madrid. \u00c0 confirmer d\u00e8s demain avec la r\u00e9ception toujours p\u00e9rilleuse de l&rsquo;Athletic Bilbao.<\/p>\n<p><em><strong>Romain Delanis<br \/>\n<\/strong><\/em><em><strong><a href=\"https:\/\/twitter.com\/RDelanis\" target=\"_blank\" rel=\"noopener noreferrer\"><img loading=\"lazy\" decoding=\"async\" class=\"alignnone wp-image-2908\" src=\"http:\/\/dicodusport.fr\/blog\/wp-content\/uploads\/2017\/07\/logo-twitter-150x150.png\" alt=\"\" width=\"39\" height=\"39\" \/><\/a><\/strong><\/em><\/p>\n","protected":false},"excerpt":{"rendered":"<p>Dans la tourmente, le Real Madrid et Zin\u00e9dine Zidane ont r\u00e9alis\u00e9 une semaine parfaite pour \u00e9teindre l\u2019incendie dans la Maison Blanche. Une preuve de la force du groupe mais aussi de son attachement au coach fran\u00e7ais.<\/p>\n","protected":false},"author":14,"featured_media":93318,"comment_status":"open","ping_status":"closed","sticky":false,"template":"","format":"standard","meta":{"_acf_changed":false,"_daextam_enable_autolinks":"","footnotes":""},"categories":[47250],"tags":[75,4727,4204,419,521,257],"class_list":["post-93278","post","type-post","status-publish","format-standard","has-post-thumbnail","hentry","category-ligue-des-champions-de-football","tag-football","tag-karim-benzema","tag-liga","tag-ligue-des-champions","tag-real-madrid","tag-zinedine-zidane"],"acf":[],"yoast_head":"<!-- This site is optimized with the Yoast SEO Premium plugin v26.7 (Yoast SEO v26.7) - https:\/\/yoast.com\/wordpress\/plugins\/seo\/ -->\n<title>Semaine parfaite pour le Real Madrid de Zidane<\/title>\n<meta name=\"description\" content=\"Dans la tourmente, le Real Madrid et Zin\u00e9dine Zidane ont r\u00e9alis\u00e9 une semaine parfaite pour \u00e9teindre l\u2019incendie dans la \u00ab\u00a0Maison Blanche\u00a0\u00bb.\" \/>\n<meta name=\"robots\" content=\"index, follow, max-snippet:-1, max-image-preview:large, max-video-preview:-1\" \/>\n<link rel=\"canonical\" href=\"https:\/\/dicodusport.fr\/blog\/semaine-parfaite-pour-le-real-madrid-de-zidane\/\" \/>\n<meta property=\"og:locale\" content=\"fr_FR\" \/>\n<meta property=\"og:type\" content=\"article\" \/>\n<meta property=\"og:title\" content=\"Semaine parfaite pour le Real Madrid de Zidane\" \/>\n<meta property=\"og:description\" content=\"Dans la tourmente, le Real Madrid et Zin\u00e9dine Zidane ont r\u00e9alis\u00e9 une semaine parfaite pour \u00e9teindre l\u2019incendie dans la \u00ab\u00a0Maison Blanche\u00a0\u00bb.\" \/>\n<meta property=\"og:url\" content=\"https:\/\/dicodusport.fr\/blog\/semaine-parfaite-pour-le-real-madrid-de-zidane\/\" \/>\n<meta property=\"og:site_name\" content=\"Dicodusport\" \/>\n<meta property=\"article:publisher\" content=\"https:\/\/www.facebook.com\/dicodusport\" \/>\n<meta property=\"article:published_time\" content=\"2020-12-14T18:46:27+00:00\" \/>\n<meta property=\"article:modified_time\" content=\"2025-09-16T07:04:01+00:00\" \/>\n<meta property=\"og:image\" content=\"https:\/\/dicodusport.fr\/blog\/wp-content\/uploads\/2020\/12\/Semaine-parfaite-pour-le-Real-Madrid-de-Zidane.png\" \/>\n\t<meta property=\"og:image:width\" content=\"800\" \/>\n\t<meta property=\"og:image:height\" content=\"445\" \/>\n\t<meta property=\"og:image:type\" content=\"image\/png\" \/>\n<meta name=\"author\" content=\"Romain Delanis\" \/>\n<meta name=\"twitter:card\" content=\"summary_large_image\" \/>\n<meta name=\"twitter:title\" content=\"Semaine parfaite pour le Real Madrid de Zidane\" \/>\n<meta name=\"twitter:creator\" content=\"@https:\/\/twitter.com\/RDelanis\" \/>\n<meta name=\"twitter:site\" content=\"@dicodusport\" \/>\n<script type=\"application\/ld+json\" class=\"yoast-schema-graph\">{\"@context\":\"https:\/\/schema.org\",\"@graph\":[{\"@type\":\"NewsArticle\",\"@id\":\"https:\/\/dicodusport.fr\/blog\/semaine-parfaite-pour-le-real-madrid-de-zidane\/#article\",\"isPartOf\":{\"@id\":\"https:\/\/dicodusport.fr\/blog\/semaine-parfaite-pour-le-real-madrid-de-zidane\/\"},\"author\":{\"name\":\"Romain Delanis\",\"@id\":\"https:\/\/dicodusport.fr\/blog\/#\/schema\/person\/8c78730a59f8a1e617f7a19026ebc14a\"},\"headline\":\"Semaine parfaite pour le Real Madrid de Zidane\",\"datePublished\":\"2020-12-14T18:46:27+00:00\",\"dateModified\":\"2025-09-16T07:04:01+00:00\",\"mainEntityOfPage\":{\"@id\":\"https:\/\/dicodusport.fr\/blog\/semaine-parfaite-pour-le-real-madrid-de-zidane\/\"},\"wordCount\":363,\"commentCount\":0,\"publisher\":{\"@id\":\"https:\/\/dicodusport.fr\/blog\/#organization\"},\"image\":{\"@id\":\"https:\/\/dicodusport.fr\/blog\/semaine-parfaite-pour-le-real-madrid-de-zidane\/#primaryimage\"},\"thumbnailUrl\":\"https:\/\/dicodusport.fr\/blog\/wp-content\/uploads\/2020\/12\/Semaine-parfaite-pour-le-Real-Madrid-de-Zidane.png\",\"keywords\":[\"Football\",\"Karim Benzema\",\"Liga\",\"Ligue des champions\",\"Real Madrid\",\"Zin\u00e9dine Zidane\"],\"articleSection\":[\"Ligue des Champions de football\"],\"inLanguage\":\"fr-FR\",\"potentialAction\":[{\"@type\":\"CommentAction\",\"name\":\"Comment\",\"target\":[\"https:\/\/dicodusport.fr\/blog\/semaine-parfaite-pour-le-real-madrid-de-zidane\/#respond\"]}],\"copyrightYear\":\"2020\",\"copyrightHolder\":{\"@id\":\"https:\/\/dicodusport.fr\/blog\/#organization\"}},{\"@type\":\"WebPage\",\"@id\":\"https:\/\/dicodusport.fr\/blog\/semaine-parfaite-pour-le-real-madrid-de-zidane\/\",\"url\":\"https:\/\/dicodusport.fr\/blog\/semaine-parfaite-pour-le-real-madrid-de-zidane\/\",\"name\":\"Semaine parfaite pour le Real Madrid de Zidane\",\"isPartOf\":{\"@id\":\"https:\/\/dicodusport.fr\/blog\/#website\"},\"primaryImageOfPage\":{\"@id\":\"https:\/\/dicodusport.fr\/blog\/semaine-parfaite-pour-le-real-madrid-de-zidane\/#primaryimage\"},\"image\":{\"@id\":\"https:\/\/dicodusport.fr\/blog\/semaine-parfaite-pour-le-real-madrid-de-zidane\/#primaryimage\"},\"thumbnailUrl\":\"https:\/\/dicodusport.fr\/blog\/wp-content\/uploads\/2020\/12\/Semaine-parfaite-pour-le-Real-Madrid-de-Zidane.png\",\"datePublished\":\"2020-12-14T18:46:27+00:00\",\"dateModified\":\"2025-09-16T07:04:01+00:00\",\"description\":\"Dans la tourmente, le Real Madrid et Zin\u00e9dine Zidane ont r\u00e9alis\u00e9 une semaine parfaite pour \u00e9teindre l\u2019incendie dans la \u00ab\u00a0Maison Blanche\u00a0\u00bb.\",\"breadcrumb\":{\"@id\":\"https:\/\/dicodusport.fr\/blog\/semaine-parfaite-pour-le-real-madrid-de-zidane\/#breadcrumb\"},\"inLanguage\":\"fr-FR\",\"potentialAction\":[{\"@type\":\"ReadAction\",\"target\":[\"https:\/\/dicodusport.fr\/blog\/semaine-parfaite-pour-le-real-madrid-de-zidane\/\"]}]},{\"@type\":\"ImageObject\",\"inLanguage\":\"fr-FR\",\"@id\":\"https:\/\/dicodusport.fr\/blog\/semaine-parfaite-pour-le-real-madrid-de-zidane\/#primaryimage\",\"url\":\"https:\/\/dicodusport.fr\/blog\/wp-content\/uploads\/2020\/12\/Semaine-parfaite-pour-le-Real-Madrid-de-Zidane.png\",\"contentUrl\":\"https:\/\/dicodusport.fr\/blog\/wp-content\/uploads\/2020\/12\/Semaine-parfaite-pour-le-Real-Madrid-de-Zidane.png\",\"width\":800,\"height\":445,\"caption\":\"Semaine parfaite pour le Real Madrid de Zidane\"},{\"@type\":\"BreadcrumbList\",\"@id\":\"https:\/\/dicodusport.fr\/blog\/semaine-parfaite-pour-le-real-madrid-de-zidane\/#breadcrumb\",\"itemListElement\":[{\"@type\":\"ListItem\",\"position\":1,\"name\":\"Accueil\",\"item\":\"https:\/\/dicodusport.fr\/blog\/\"},{\"@type\":\"ListItem\",\"position\":2,\"name\":\"Semaine parfaite pour le Real Madrid de Zidane\"}]},{\"@type\":\"WebSite\",\"@id\":\"https:\/\/dicodusport.fr\/blog\/#website\",\"url\":\"https:\/\/dicodusport.fr\/blog\/\",\"name\":\"Dicodusport\",\"description\":\"L&#039;encyclop\u00e9die de l&#039;actualit\u00e9 sportive\",\"publisher\":{\"@id\":\"https:\/\/dicodusport.fr\/blog\/#organization\"},\"potentialAction\":[{\"@type\":\"SearchAction\",\"target\":{\"@type\":\"EntryPoint\",\"urlTemplate\":\"https:\/\/dicodusport.fr\/blog\/?s={search_term_string}\"},\"query-input\":{\"@type\":\"PropertyValueSpecification\",\"valueRequired\":true,\"valueName\":\"search_term_string\"}}],\"inLanguage\":\"fr-FR\"},{\"@type\":\"NewsMediaOrganization\",\"@id\":\"https:\/\/dicodusport.fr\/blog\/#organization\",\"name\":\"Dicodusport\",\"url\":\"https:\/\/dicodusport.fr\/blog\/\",\"logo\":{\"@type\":\"ImageObject\",\"inLanguage\":\"fr-FR\",\"@id\":\"https:\/\/dicodusport.fr\/blog\/#\/schema\/logo\/image\/\",\"url\":\"https:\/\/dicodusport.fr\/blog\/wp-content\/uploads\/2020\/06\/cropped-LOGO-DICODUSPORT-2020-SANS-FOND-SANS-TEXTE.png\",\"contentUrl\":\"https:\/\/dicodusport.fr\/blog\/wp-content\/uploads\/2020\/06\/cropped-LOGO-DICODUSPORT-2020-SANS-FOND-SANS-TEXTE.png\",\"width\":512,\"height\":512,\"caption\":\"Dicodusport\"},\"image\":{\"@id\":\"https:\/\/dicodusport.fr\/blog\/#\/schema\/logo\/image\/\"},\"sameAs\":[\"https:\/\/www.facebook.com\/dicodusport\",\"https:\/\/x.com\/dicodusport\",\"https:\/\/www.instagram.com\/dicodusport\/\",\"https:\/\/www.youtube.com\/channel\/UC7V2KZ5sd3htJivAbA4ZG3w\"],\"description\":\"Dicodusport est l'encyclop\u00e9die de l'actualit\u00e9 sportive.\",\"email\":\"bonjour@dicodusport.fr\",\"legalName\":\"DICODUSPORT\",\"foundingDate\":\"2018-01-14\",\"vatID\":\"FR71834470973\",\"taxID\":\"83447097300043\",\"numberOfEmployees\":{\"@type\":\"QuantitativeValue\",\"minValue\":\"1\",\"maxValue\":\"10\"}},{\"@type\":\"Person\",\"@id\":\"https:\/\/dicodusport.fr\/blog\/#\/schema\/person\/8c78730a59f8a1e617f7a19026ebc14a\",\"name\":\"Romain Delanis\",\"image\":{\"@type\":\"ImageObject\",\"inLanguage\":\"fr-FR\",\"@id\":\"https:\/\/dicodusport.fr\/blog\/#\/schema\/person\/image\/\",\"url\":\"https:\/\/dicodusport.fr\/blog\/wp-content\/uploads\/2021\/05\/Romain-Delanis-150x150.jpg\",\"contentUrl\":\"https:\/\/dicodusport.fr\/blog\/wp-content\/uploads\/2021\/05\/Romain-Delanis-150x150.jpg\",\"caption\":\"Romain Delanis\"},\"description\":\"Journaliste\/R\u00e9dacteur depuis novembre 2015 - Capable de passer un samedi apr\u00e8s-midi devant la Ligue 2 puis le biathlon sans oublier la finale de l\u2019ATP Rotterdam, j\u2019aime aussi mettre mon r\u00e9veil pour me faire un Pistons\/Bulls qui rappelle de bons souvenirs. Tout cela, j\u2019ai choisi il y a maintenant quelques temps de vous le raconter avec Dicodusport, pour vous faire vivre ma passion parfois inconsid\u00e9r\u00e9e pour le sport en g\u00e9n\u00e9ral (mais surtout le foot faut se l\u2019avouer).\",\"sameAs\":[\"https:\/\/x.com\/https:\/\/twitter.com\/RDelanis\"],\"url\":\"https:\/\/dicodusport.fr\/blog\/author\/romain\/\"}]}<\/script>\n<!-- \/ Yoast SEO Premium plugin. -->","yoast_head_json":{"title":"Semaine parfaite pour le Real Madrid de Zidane","description":"Dans la tourmente, le Real Madrid et Zin\u00e9dine Zidane ont r\u00e9alis\u00e9 une semaine parfaite pour \u00e9teindre l\u2019incendie dans la \u00ab\u00a0Maison Blanche\u00a0\u00bb.","robots":{"index":"index","follow":"follow","max-snippet":"max-snippet:-1","max-image-preview":"max-image-preview:large","max-video-preview":"max-video-preview:-1"},"canonical":"https:\/\/dicodusport.fr\/blog\/semaine-parfaite-pour-le-real-madrid-de-zidane\/","og_locale":"fr_FR","og_type":"article","og_title":"Semaine parfaite pour le Real Madrid de Zidane","og_description":"Dans la tourmente, le Real Madrid et Zin\u00e9dine Zidane ont r\u00e9alis\u00e9 une semaine parfaite pour \u00e9teindre l\u2019incendie dans la \u00ab\u00a0Maison Blanche\u00a0\u00bb.","og_url":"https:\/\/dicodusport.fr\/blog\/semaine-parfaite-pour-le-real-madrid-de-zidane\/","og_site_name":"Dicodusport","article_publisher":"https:\/\/www.facebook.com\/dicodusport","article_published_time":"2020-12-14T18:46:27+00:00","article_modified_time":"2025-09-16T07:04:01+00:00","og_image":[{"width":800,"height":445,"url":"https:\/\/dicodusport.fr\/blog\/wp-content\/uploads\/2020\/12\/Semaine-parfaite-pour-le-Real-Madrid-de-Zidane.png","type":"image\/png"}],"author":"Romain Delanis","twitter_card":"summary_large_image","twitter_title":"Semaine parfaite pour le Real Madrid de Zidane","twitter_creator":"@https:\/\/twitter.com\/RDelanis","twitter_site":"@dicodusport","schema":{"@context":"https:\/\/schema.org","@graph":[{"@type":"NewsArticle","@id":"https:\/\/dicodusport.fr\/blog\/semaine-parfaite-pour-le-real-madrid-de-zidane\/#article","isPartOf":{"@id":"https:\/\/dicodusport.fr\/blog\/semaine-parfaite-pour-le-real-madrid-de-zidane\/"},"author":{"name":"Romain Delanis","@id":"https:\/\/dicodusport.fr\/blog\/#\/schema\/person\/8c78730a59f8a1e617f7a19026ebc14a"},"headline":"Semaine parfaite pour le Real Madrid de Zidane","datePublished":"2020-12-14T18:46:27+00:00","dateModified":"2025-09-16T07:04:01+00:00","mainEntityOfPage":{"@id":"https:\/\/dicodusport.fr\/blog\/semaine-parfaite-pour-le-real-madrid-de-zidane\/"},"wordCount":363,"commentCount":0,"publisher":{"@id":"https:\/\/dicodusport.fr\/blog\/#organization"},"image":{"@id":"https:\/\/dicodusport.fr\/blog\/semaine-parfaite-pour-le-real-madrid-de-zidane\/#primaryimage"},"thumbnailUrl":"https:\/\/dicodusport.fr\/blog\/wp-content\/uploads\/2020\/12\/Semaine-parfaite-pour-le-Real-Madrid-de-Zidane.png","keywords":["Football","Karim Benzema","Liga","Ligue des champions","Real Madrid","Zin\u00e9dine Zidane"],"articleSection":["Ligue des Champions de football"],"inLanguage":"fr-FR","potentialAction":[{"@type":"CommentAction","name":"Comment","target":["https:\/\/dicodusport.fr\/blog\/semaine-parfaite-pour-le-real-madrid-de-zidane\/#respond"]}],"copyrightYear":"2020","copyrightHolder":{"@id":"https:\/\/dicodusport.fr\/blog\/#organization"}},{"@type":"WebPage","@id":"https:\/\/dicodusport.fr\/blog\/semaine-parfaite-pour-le-real-madrid-de-zidane\/","url":"https:\/\/dicodusport.fr\/blog\/semaine-parfaite-pour-le-real-madrid-de-zidane\/","name":"Semaine parfaite pour le Real Madrid de Zidane","isPartOf":{"@id":"https:\/\/dicodusport.fr\/blog\/#website"},"primaryImageOfPage":{"@id":"https:\/\/dicodusport.fr\/blog\/semaine-parfaite-pour-le-real-madrid-de-zidane\/#primaryimage"},"image":{"@id":"https:\/\/dicodusport.fr\/blog\/semaine-parfaite-pour-le-real-madrid-de-zidane\/#primaryimage"},"thumbnailUrl":"https:\/\/dicodusport.fr\/blog\/wp-content\/uploads\/2020\/12\/Semaine-parfaite-pour-le-Real-Madrid-de-Zidane.png","datePublished":"2020-12-14T18:46:27+00:00","dateModified":"2025-09-16T07:04:01+00:00","description":"Dans la tourmente, le Real Madrid et Zin\u00e9dine Zidane ont r\u00e9alis\u00e9 une semaine parfaite pour \u00e9teindre l\u2019incendie dans la \u00ab\u00a0Maison Blanche\u00a0\u00bb.","breadcrumb":{"@id":"https:\/\/dicodusport.fr\/blog\/semaine-parfaite-pour-le-real-madrid-de-zidane\/#breadcrumb"},"inLanguage":"fr-FR","potentialAction":[{"@type":"ReadAction","target":["https:\/\/dicodusport.fr\/blog\/semaine-parfaite-pour-le-real-madrid-de-zidane\/"]}]},{"@type":"ImageObject","inLanguage":"fr-FR","@id":"https:\/\/dicodusport.fr\/blog\/semaine-parfaite-pour-le-real-madrid-de-zidane\/#primaryimage","url":"https:\/\/dicodusport.fr\/blog\/wp-content\/uploads\/2020\/12\/Semaine-parfaite-pour-le-Real-Madrid-de-Zidane.png","contentUrl":"https:\/\/dicodusport.fr\/blog\/wp-content\/uploads\/2020\/12\/Semaine-parfaite-pour-le-Real-Madrid-de-Zidane.png","width":800,"height":445,"caption":"Semaine parfaite pour le Real Madrid de Zidane"},{"@type":"BreadcrumbList","@id":"https:\/\/dicodusport.fr\/blog\/semaine-parfaite-pour-le-real-madrid-de-zidane\/#breadcrumb","itemListElement":[{"@type":"ListItem","position":1,"name":"Accueil","item":"https:\/\/dicodusport.fr\/blog\/"},{"@type":"ListItem","position":2,"name":"Semaine parfaite pour le Real Madrid de Zidane"}]},{"@type":"WebSite","@id":"https:\/\/dicodusport.fr\/blog\/#website","url":"https:\/\/dicodusport.fr\/blog\/","name":"Dicodusport","description":"L&#039;encyclop\u00e9die de l&#039;actualit\u00e9 sportive","publisher":{"@id":"https:\/\/dicodusport.fr\/blog\/#organization"},"potentialAction":[{"@type":"SearchAction","target":{"@type":"EntryPoint","urlTemplate":"https:\/\/dicodusport.fr\/blog\/?s={search_term_string}"},"query-input":{"@type":"PropertyValueSpecification","valueRequired":true,"valueName":"search_term_string"}}],"inLanguage":"fr-FR"},{"@type":"NewsMediaOrganization","@id":"https:\/\/dicodusport.fr\/blog\/#organization","name":"Dicodusport","url":"https:\/\/dicodusport.fr\/blog\/","logo":{"@type":"ImageObject","inLanguage":"fr-FR","@id":"https:\/\/dicodusport.fr\/blog\/#\/schema\/logo\/image\/","url":"https:\/\/dicodusport.fr\/blog\/wp-content\/uploads\/2020\/06\/cropped-LOGO-DICODUSPORT-2020-SANS-FOND-SANS-TEXTE.png","contentUrl":"https:\/\/dicodusport.fr\/blog\/wp-content\/uploads\/2020\/06\/cropped-LOGO-DICODUSPORT-2020-SANS-FOND-SANS-TEXTE.png","width":512,"height":512,"caption":"Dicodusport"},"image":{"@id":"https:\/\/dicodusport.fr\/blog\/#\/schema\/logo\/image\/"},"sameAs":["https:\/\/www.facebook.com\/dicodusport","https:\/\/x.com\/dicodusport","https:\/\/www.instagram.com\/dicodusport\/","https:\/\/www.youtube.com\/channel\/UC7V2KZ5sd3htJivAbA4ZG3w"],"description":"Dicodusport est l'encyclop\u00e9die de l'actualit\u00e9 sportive.","email":"bonjour@dicodusport.fr","legalName":"DICODUSPORT","foundingDate":"2018-01-14","vatID":"FR71834470973","taxID":"83447097300043","numberOfEmployees":{"@type":"QuantitativeValue","minValue":"1","maxValue":"10"}},{"@type":"Person","@id":"https:\/\/dicodusport.fr\/blog\/#\/schema\/person\/8c78730a59f8a1e617f7a19026ebc14a","name":"Romain Delanis","image":{"@type":"ImageObject","inLanguage":"fr-FR","@id":"https:\/\/dicodusport.fr\/blog\/#\/schema\/person\/image\/","url":"https:\/\/dicodusport.fr\/blog\/wp-content\/uploads\/2021\/05\/Romain-Delanis-150x150.jpg","contentUrl":"https:\/\/dicodusport.fr\/blog\/wp-content\/uploads\/2021\/05\/Romain-Delanis-150x150.jpg","caption":"Romain Delanis"},"description":"Journaliste\/R\u00e9dacteur depuis novembre 2015 - Capable de passer un samedi apr\u00e8s-midi devant la Ligue 2 puis le biathlon sans oublier la finale de l\u2019ATP Rotterdam, j\u2019aime aussi mettre mon r\u00e9veil pour me faire un Pistons\/Bulls qui rappelle de bons souvenirs. Tout cela, j\u2019ai choisi il y a maintenant quelques temps de vous le raconter avec Dicodusport, pour vous faire vivre ma passion parfois inconsid\u00e9r\u00e9e pour le sport en g\u00e9n\u00e9ral (mais surtout le foot faut se l\u2019avouer).","sameAs":["https:\/\/x.com\/https:\/\/twitter.com\/RDelanis"],"url":"https:\/\/dicodusport.fr\/blog\/author\/romain\/"}]}},"_links":{"self":[{"href":"https:\/\/dicodusport.fr\/blog\/wp-json\/wp\/v2\/posts\/93278","targetHints":{"allow":["GET"]}}],"collection":[{"href":"https:\/\/dicodusport.fr\/blog\/wp-json\/wp\/v2\/posts"}],"about":[{"href":"https:\/\/dicodusport.fr\/blog\/wp-json\/wp\/v2\/types\/post"}],"author":[{"embeddable":true,"href":"https:\/\/dicodusport.fr\/blog\/wp-json\/wp\/v2\/users\/14"}],"replies":[{"embeddable":true,"href":"https:\/\/dicodusport.fr\/blog\/wp-json\/wp\/v2\/comments?post=93278"}],"version-history":[{"count":1,"href":"https:\/\/dicodusport.fr\/blog\/wp-json\/wp\/v2\/posts\/93278\/revisions"}],"predecessor-version":[{"id":611622,"href":"https:\/\/dicodusport.fr\/blog\/wp-json\/wp\/v2\/posts\/93278\/revisions\/611622"}],"wp:featuredmedia":[{"embeddable":true,"href":"https:\/\/dicodusport.fr\/blog\/wp-json\/wp\/v2\/media\/93318"}],"wp:attachment":[{"href":"https:\/\/dicodusport.fr\/blog\/wp-json\/wp\/v2\/media?parent=93278"}],"wp:term":[{"taxonomy":"category","embeddable":true,"href":"https:\/\/dicodusport.fr\/blog\/wp-json\/wp\/v2\/categories?post=93278"},{"taxonomy":"post_tag","embeddable":true,"href":"https:\/\/dicodusport.fr\/blog\/wp-json\/wp\/v2\/tags?post=93278"}],"curies":[{"name":"wp","href":"https:\/\/api.w.org\/{rel}","templated":true}]}}