{"id":93364,"date":"2020-12-15T10:11:24","date_gmt":"2020-12-15T09:11:24","guid":{"rendered":"https:\/\/dicodusport.fr\/blog\/?p=93364&#038;preview=true&#038;preview_id=93364"},"modified":"2021-10-18T16:39:10","modified_gmt":"2021-10-18T14:39:10","slug":"jean-pierre-lux-ancien-international-du-xv-de-france-est-mort","status":"publish","type":"post","link":"https:\/\/dicodusport.fr\/blog\/jean-pierre-lux-ancien-international-du-xv-de-france-est-mort\/","title":{"rendered":"Jean-Pierre Lux, ancien international du XV de France, est mort"},"content":{"rendered":"<p style=\"text-align: justify;\"><strong><em>Nos confr\u00e8res de Rugbyrama ont confirm\u00e9 le d\u00e9c\u00e8s de l&rsquo;ancien international fran\u00e7ais, Jean-Pierre Lux, \u00e0 l&rsquo;\u00e2ge de 74 ans.<\/em><\/strong><\/p>\n<p style=\"text-align: justify;\">International avec le <strong>XV de France<\/strong> \u00e0 47 reprises entre 1967 et 1975, <strong>Jean-Pierre Lux<\/strong> a marqu\u00e9 12 essais avec les Bleus et a port\u00e9 les maillots de deux clubs, l&rsquo;US Tyrosse et Dax. Apr\u00e8s sa carri\u00e8re de joueur, il s&rsquo;est impliqu\u00e9 dans le rugby, en \u00e9tant le pr\u00e9sident de European Rugby Cup de 1999 \u00e0 2014 et en si\u00e9geant au comit\u00e9 directeur de la Ligue Nationale de Rugby de 1998 \u00e0 2012. Il a ensuite \u00e9t\u00e9 durant quatre ans au comit\u00e9 directeur de la F\u00e9d\u00e9ration Fran\u00e7aise de Rugby.<\/p>\n<p style=\"text-align: justify;\">Toute l&rsquo;\u00e9quipe de Dicodusport pr\u00e9sente ses plus sinc\u00e8res condol\u00e9ances \u00e0 sa famille et ses proches.<\/p>\n<blockquote class=\"twitter-tweet\">\n<p dir=\"ltr\" lang=\"fr\">Toute la r\u00e9daction de Midi Olympique et Rugbyrama pr\u00e9sente ses plus sinc\u00e8res condol\u00e9ances \u00e0 sa famille et ses proches.<a href=\"https:\/\/t.co\/uP8B6rLY7r\">https:\/\/t.co\/uP8B6rLY7r<\/a><\/p>\n<p>\u2014 RUGBYRAMA (@RugbyramaFR) <a href=\"https:\/\/twitter.com\/RugbyramaFR\/status\/1338767725209022464?ref_src=twsrc%5Etfw\">December 15, 2020<\/a><\/p><\/blockquote>\n<p style=\"text-align: justify;\"><script async src=\"https:\/\/platform.twitter.com\/widgets.js\" charset=\"utf-8\"><\/script><\/p>\n<p style=\"text-align: justify;\"><strong><em>Dicodusport<br \/>\n<a href=\"https:\/\/www.facebook.com\/dicodusport\/\" target=\"_blank\" rel=\"noopener noreferrer\"><img loading=\"lazy\" decoding=\"async\" class=\"alignnone wp-image-2909\" src=\"http:\/\/dicodusport.fr\/blog\/wp-content\/uploads\/2017\/07\/logo-facebook-150x150.png\" alt=\"\" width=\"40\" height=\"40\" \/><\/a><a href=\"https:\/\/twitter.com\/dicodusport\" target=\"_blank\" rel=\"noopener noreferrer\"><img loading=\"lazy\" decoding=\"async\" class=\"alignnone wp-image-2908\" src=\"http:\/\/dicodusport.fr\/blog\/wp-content\/uploads\/2017\/07\/logo-twitter-150x150.png\" alt=\"\" width=\"39\" height=\"39\" \/><\/a><\/em><\/strong><\/p>\n","protected":false},"excerpt":{"rendered":"<p>Nos confr\u00e8res de Rugbyrama ont confirm\u00e9 le d\u00e9c\u00e8s de l&rsquo;ancien international fran\u00e7ais, Jean-Pierre Lux, \u00e0 l&rsquo;\u00e2ge de 74 ans.<\/p>\n","protected":false},"author":1,"featured_media":93365,"comment_status":"open","ping_status":"closed","sticky":false,"template":"","format":"standard","meta":{"_acf_changed":false,"_daextam_enable_autolinks":"","footnotes":""},"categories":[12712,9129,19951],"tags":[13],"class_list":["post-93364","post","type-post","status-publish","format-standard","has-post-thumbnail","hentry","category-carnet-noir","category-rugby-a-xv","category-xv-de-france","tag-rugby"],"acf":[],"yoast_head":"<!-- This site is optimized with the Yoast SEO Premium plugin v26.7 (Yoast SEO v26.7) - https:\/\/yoast.com\/wordpress\/plugins\/seo\/ -->\n<title>Jean-Pierre Lux, ancien international du XV de France, est mort<\/title>\n<meta name=\"description\" content=\"Nos confr\u00e8res de Rugbyrama ont confirm\u00e9 le d\u00e9c\u00e8s de l&#039;ancien international fran\u00e7ais, Jean-Pierre Lux, \u00e0 l&#039;\u00e2ge de 74 ans.\" \/>\n<meta name=\"robots\" content=\"index, follow, max-snippet:-1, max-image-preview:large, max-video-preview:-1\" \/>\n<link rel=\"canonical\" href=\"https:\/\/dicodusport.fr\/blog\/jean-pierre-lux-ancien-international-du-xv-de-france-est-mort\/\" \/>\n<meta property=\"og:locale\" content=\"fr_FR\" \/>\n<meta property=\"og:type\" content=\"article\" \/>\n<meta property=\"og:title\" content=\"Jean-Pierre Lux, ancien international du XV de France, est mort\" \/>\n<meta property=\"og:description\" content=\"Nos confr\u00e8res de Rugbyrama ont confirm\u00e9 le d\u00e9c\u00e8s de l&#039;ancien international fran\u00e7ais, Jean-Pierre Lux, \u00e0 l&#039;\u00e2ge de 74 ans.\" \/>\n<meta property=\"og:url\" content=\"https:\/\/dicodusport.fr\/blog\/jean-pierre-lux-ancien-international-du-xv-de-france-est-mort\/\" \/>\n<meta property=\"og:site_name\" content=\"Dicodusport\" \/>\n<meta property=\"article:publisher\" content=\"https:\/\/www.facebook.com\/dicodusport\" \/>\n<meta property=\"article:author\" content=\"https:\/\/www.facebook.com\/dicodusport\" \/>\n<meta property=\"article:published_time\" content=\"2020-12-15T09:11:24+00:00\" \/>\n<meta property=\"article:modified_time\" content=\"2021-10-18T14:39:10+00:00\" \/>\n<meta property=\"og:image\" content=\"https:\/\/dicodusport.fr\/blog\/wp-content\/uploads\/2020\/12\/Jean-Pierre-Lux.png\" \/>\n\t<meta property=\"og:image:width\" content=\"800\" \/>\n\t<meta property=\"og:image:height\" content=\"445\" \/>\n\t<meta property=\"og:image:type\" content=\"image\/png\" \/>\n<meta name=\"author\" content=\"Nicolas Jacquemard\" \/>\n<meta name=\"twitter:card\" content=\"summary_large_image\" \/>\n<meta name=\"twitter:title\" content=\"Jean-Pierre Lux, ancien international du XV de France, est mort\" \/>\n<meta name=\"twitter:creator\" content=\"@https:\/\/twitter.com\/Nico_Jacquemard\" \/>\n<meta name=\"twitter:site\" content=\"@dicodusport\" \/>\n<script type=\"application\/ld+json\" class=\"yoast-schema-graph\">{\"@context\":\"https:\/\/schema.org\",\"@graph\":[{\"@type\":\"NewsArticle\",\"@id\":\"https:\/\/dicodusport.fr\/blog\/jean-pierre-lux-ancien-international-du-xv-de-france-est-mort\/#article\",\"isPartOf\":{\"@id\":\"https:\/\/dicodusport.fr\/blog\/jean-pierre-lux-ancien-international-du-xv-de-france-est-mort\/\"},\"author\":{\"name\":\"Nicolas Jacquemard\",\"@id\":\"https:\/\/dicodusport.fr\/blog\/#\/schema\/person\/55dcb50ad410894e431ed812bbb70191\"},\"headline\":\"Jean-Pierre Lux, ancien international du XV de France, est mort\",\"datePublished\":\"2020-12-15T09:11:24+00:00\",\"dateModified\":\"2021-10-18T14:39:10+00:00\",\"mainEntityOfPage\":{\"@id\":\"https:\/\/dicodusport.fr\/blog\/jean-pierre-lux-ancien-international-du-xv-de-france-est-mort\/\"},\"wordCount\":171,\"commentCount\":0,\"publisher\":{\"@id\":\"https:\/\/dicodusport.fr\/blog\/#organization\"},\"image\":{\"@id\":\"https:\/\/dicodusport.fr\/blog\/jean-pierre-lux-ancien-international-du-xv-de-france-est-mort\/#primaryimage\"},\"thumbnailUrl\":\"https:\/\/dicodusport.fr\/blog\/wp-content\/uploads\/2020\/12\/Jean-Pierre-Lux.png\",\"keywords\":[\"Rugby\"],\"articleSection\":[\"Carnet noir\",\"Rugby \u00e0 XV\",\"XV de France\"],\"inLanguage\":\"fr-FR\",\"potentialAction\":[{\"@type\":\"CommentAction\",\"name\":\"Comment\",\"target\":[\"https:\/\/dicodusport.fr\/blog\/jean-pierre-lux-ancien-international-du-xv-de-france-est-mort\/#respond\"]}],\"copyrightYear\":\"2020\",\"copyrightHolder\":{\"@id\":\"https:\/\/dicodusport.fr\/blog\/#organization\"}},{\"@type\":\"WebPage\",\"@id\":\"https:\/\/dicodusport.fr\/blog\/jean-pierre-lux-ancien-international-du-xv-de-france-est-mort\/\",\"url\":\"https:\/\/dicodusport.fr\/blog\/jean-pierre-lux-ancien-international-du-xv-de-france-est-mort\/\",\"name\":\"Jean-Pierre Lux, ancien international du XV de France, est mort\",\"isPartOf\":{\"@id\":\"https:\/\/dicodusport.fr\/blog\/#website\"},\"primaryImageOfPage\":{\"@id\":\"https:\/\/dicodusport.fr\/blog\/jean-pierre-lux-ancien-international-du-xv-de-france-est-mort\/#primaryimage\"},\"image\":{\"@id\":\"https:\/\/dicodusport.fr\/blog\/jean-pierre-lux-ancien-international-du-xv-de-france-est-mort\/#primaryimage\"},\"thumbnailUrl\":\"https:\/\/dicodusport.fr\/blog\/wp-content\/uploads\/2020\/12\/Jean-Pierre-Lux.png\",\"datePublished\":\"2020-12-15T09:11:24+00:00\",\"dateModified\":\"2021-10-18T14:39:10+00:00\",\"description\":\"Nos confr\u00e8res de Rugbyrama ont confirm\u00e9 le d\u00e9c\u00e8s de l'ancien international fran\u00e7ais, Jean-Pierre Lux, \u00e0 l'\u00e2ge de 74 ans.\",\"breadcrumb\":{\"@id\":\"https:\/\/dicodusport.fr\/blog\/jean-pierre-lux-ancien-international-du-xv-de-france-est-mort\/#breadcrumb\"},\"inLanguage\":\"fr-FR\",\"potentialAction\":[{\"@type\":\"ReadAction\",\"target\":[\"https:\/\/dicodusport.fr\/blog\/jean-pierre-lux-ancien-international-du-xv-de-france-est-mort\/\"]}]},{\"@type\":\"ImageObject\",\"inLanguage\":\"fr-FR\",\"@id\":\"https:\/\/dicodusport.fr\/blog\/jean-pierre-lux-ancien-international-du-xv-de-france-est-mort\/#primaryimage\",\"url\":\"https:\/\/dicodusport.fr\/blog\/wp-content\/uploads\/2020\/12\/Jean-Pierre-Lux.png\",\"contentUrl\":\"https:\/\/dicodusport.fr\/blog\/wp-content\/uploads\/2020\/12\/Jean-Pierre-Lux.png\",\"width\":800,\"height\":445},{\"@type\":\"BreadcrumbList\",\"@id\":\"https:\/\/dicodusport.fr\/blog\/jean-pierre-lux-ancien-international-du-xv-de-france-est-mort\/#breadcrumb\",\"itemListElement\":[{\"@type\":\"ListItem\",\"position\":1,\"name\":\"Accueil\",\"item\":\"https:\/\/dicodusport.fr\/blog\/\"},{\"@type\":\"ListItem\",\"position\":2,\"name\":\"Jean-Pierre Lux, ancien international du XV de France, est mort\"}]},{\"@type\":\"WebSite\",\"@id\":\"https:\/\/dicodusport.fr\/blog\/#website\",\"url\":\"https:\/\/dicodusport.fr\/blog\/\",\"name\":\"Dicodusport\",\"description\":\"L&#039;encyclop\u00e9die de l&#039;actualit\u00e9 sportive\",\"publisher\":{\"@id\":\"https:\/\/dicodusport.fr\/blog\/#organization\"},\"potentialAction\":[{\"@type\":\"SearchAction\",\"target\":{\"@type\":\"EntryPoint\",\"urlTemplate\":\"https:\/\/dicodusport.fr\/blog\/?s={search_term_string}\"},\"query-input\":{\"@type\":\"PropertyValueSpecification\",\"valueRequired\":true,\"valueName\":\"search_term_string\"}}],\"inLanguage\":\"fr-FR\"},{\"@type\":\"NewsMediaOrganization\",\"@id\":\"https:\/\/dicodusport.fr\/blog\/#organization\",\"name\":\"Dicodusport\",\"url\":\"https:\/\/dicodusport.fr\/blog\/\",\"logo\":{\"@type\":\"ImageObject\",\"inLanguage\":\"fr-FR\",\"@id\":\"https:\/\/dicodusport.fr\/blog\/#\/schema\/logo\/image\/\",\"url\":\"https:\/\/dicodusport.fr\/blog\/wp-content\/uploads\/2020\/06\/cropped-LOGO-DICODUSPORT-2020-SANS-FOND-SANS-TEXTE.png\",\"contentUrl\":\"https:\/\/dicodusport.fr\/blog\/wp-content\/uploads\/2020\/06\/cropped-LOGO-DICODUSPORT-2020-SANS-FOND-SANS-TEXTE.png\",\"width\":512,\"height\":512,\"caption\":\"Dicodusport\"},\"image\":{\"@id\":\"https:\/\/dicodusport.fr\/blog\/#\/schema\/logo\/image\/\"},\"sameAs\":[\"https:\/\/www.facebook.com\/dicodusport\",\"https:\/\/x.com\/dicodusport\",\"https:\/\/www.instagram.com\/dicodusport\/\",\"https:\/\/www.youtube.com\/channel\/UC7V2KZ5sd3htJivAbA4ZG3w\"],\"description\":\"Dicodusport est l'encyclop\u00e9die de l'actualit\u00e9 sportive.\",\"email\":\"bonjour@dicodusport.fr\",\"legalName\":\"DICODUSPORT\",\"foundingDate\":\"2018-01-14\",\"vatID\":\"FR71834470973\",\"taxID\":\"83447097300043\",\"numberOfEmployees\":{\"@type\":\"QuantitativeValue\",\"minValue\":\"1\",\"maxValue\":\"10\"}},{\"@type\":\"Person\",\"@id\":\"https:\/\/dicodusport.fr\/blog\/#\/schema\/person\/55dcb50ad410894e431ed812bbb70191\",\"name\":\"Nicolas Jacquemard\",\"image\":{\"@type\":\"ImageObject\",\"inLanguage\":\"fr-FR\",\"@id\":\"https:\/\/dicodusport.fr\/blog\/#\/schema\/person\/image\/\",\"url\":\"https:\/\/dicodusport.fr\/blog\/wp-content\/uploads\/2021\/05\/Nicolas-Jacquemard-150x150.jpeg\",\"contentUrl\":\"https:\/\/dicodusport.fr\/blog\/wp-content\/uploads\/2021\/05\/Nicolas-Jacquemard-150x150.jpeg\",\"caption\":\"Nicolas Jacquemard\"},\"description\":\"Passionn\u00e9 de sport et entrepreneur depuis mes 18 ans, la cr\u00e9ation de Dicodusport m'a sembl\u00e9 \u00e9vidente pour participer \u00e0 la m\u00e9diatisation d'un plus grand nombre de sports. Le chemin est long mais avec une \u00e9quipe des plus motiv\u00e9es et les Jeux Olympiques de Paris 2024 en point de mire, nous y arriverons ! Journaliste dans le monde du sport depuis plus de 5 ans, je traite aussi bien de football, de rugby, de biathlon que de cyclisme.\",\"sameAs\":[\"https:\/\/www.facebook.com\/dicodusport\",\"https:\/\/x.com\/https:\/\/twitter.com\/Nico_Jacquemard\"],\"url\":\"https:\/\/dicodusport.fr\/blog\/author\/dicodusport\/\"}]}<\/script>\n<!-- \/ Yoast SEO Premium plugin. -->","yoast_head_json":{"title":"Jean-Pierre Lux, ancien international du XV de France, est mort","description":"Nos confr\u00e8res de Rugbyrama ont confirm\u00e9 le d\u00e9c\u00e8s de l'ancien international fran\u00e7ais, Jean-Pierre Lux, \u00e0 l'\u00e2ge de 74 ans.","robots":{"index":"index","follow":"follow","max-snippet":"max-snippet:-1","max-image-preview":"max-image-preview:large","max-video-preview":"max-video-preview:-1"},"canonical":"https:\/\/dicodusport.fr\/blog\/jean-pierre-lux-ancien-international-du-xv-de-france-est-mort\/","og_locale":"fr_FR","og_type":"article","og_title":"Jean-Pierre Lux, ancien international du XV de France, est mort","og_description":"Nos confr\u00e8res de Rugbyrama ont confirm\u00e9 le d\u00e9c\u00e8s de l'ancien international fran\u00e7ais, Jean-Pierre Lux, \u00e0 l'\u00e2ge de 74 ans.","og_url":"https:\/\/dicodusport.fr\/blog\/jean-pierre-lux-ancien-international-du-xv-de-france-est-mort\/","og_site_name":"Dicodusport","article_publisher":"https:\/\/www.facebook.com\/dicodusport","article_author":"https:\/\/www.facebook.com\/dicodusport","article_published_time":"2020-12-15T09:11:24+00:00","article_modified_time":"2021-10-18T14:39:10+00:00","og_image":[{"width":800,"height":445,"url":"https:\/\/dicodusport.fr\/blog\/wp-content\/uploads\/2020\/12\/Jean-Pierre-Lux.png","type":"image\/png"}],"author":"Nicolas Jacquemard","twitter_card":"summary_large_image","twitter_title":"Jean-Pierre Lux, ancien international du XV de France, est mort","twitter_creator":"@https:\/\/twitter.com\/Nico_Jacquemard","twitter_site":"@dicodusport","schema":{"@context":"https:\/\/schema.org","@graph":[{"@type":"NewsArticle","@id":"https:\/\/dicodusport.fr\/blog\/jean-pierre-lux-ancien-international-du-xv-de-france-est-mort\/#article","isPartOf":{"@id":"https:\/\/dicodusport.fr\/blog\/jean-pierre-lux-ancien-international-du-xv-de-france-est-mort\/"},"author":{"name":"Nicolas Jacquemard","@id":"https:\/\/dicodusport.fr\/blog\/#\/schema\/person\/55dcb50ad410894e431ed812bbb70191"},"headline":"Jean-Pierre Lux, ancien international du XV de France, est mort","datePublished":"2020-12-15T09:11:24+00:00","dateModified":"2021-10-18T14:39:10+00:00","mainEntityOfPage":{"@id":"https:\/\/dicodusport.fr\/blog\/jean-pierre-lux-ancien-international-du-xv-de-france-est-mort\/"},"wordCount":171,"commentCount":0,"publisher":{"@id":"https:\/\/dicodusport.fr\/blog\/#organization"},"image":{"@id":"https:\/\/dicodusport.fr\/blog\/jean-pierre-lux-ancien-international-du-xv-de-france-est-mort\/#primaryimage"},"thumbnailUrl":"https:\/\/dicodusport.fr\/blog\/wp-content\/uploads\/2020\/12\/Jean-Pierre-Lux.png","keywords":["Rugby"],"articleSection":["Carnet noir","Rugby \u00e0 XV","XV de France"],"inLanguage":"fr-FR","potentialAction":[{"@type":"CommentAction","name":"Comment","target":["https:\/\/dicodusport.fr\/blog\/jean-pierre-lux-ancien-international-du-xv-de-france-est-mort\/#respond"]}],"copyrightYear":"2020","copyrightHolder":{"@id":"https:\/\/dicodusport.fr\/blog\/#organization"}},{"@type":"WebPage","@id":"https:\/\/dicodusport.fr\/blog\/jean-pierre-lux-ancien-international-du-xv-de-france-est-mort\/","url":"https:\/\/dicodusport.fr\/blog\/jean-pierre-lux-ancien-international-du-xv-de-france-est-mort\/","name":"Jean-Pierre Lux, ancien international du XV de France, est mort","isPartOf":{"@id":"https:\/\/dicodusport.fr\/blog\/#website"},"primaryImageOfPage":{"@id":"https:\/\/dicodusport.fr\/blog\/jean-pierre-lux-ancien-international-du-xv-de-france-est-mort\/#primaryimage"},"image":{"@id":"https:\/\/dicodusport.fr\/blog\/jean-pierre-lux-ancien-international-du-xv-de-france-est-mort\/#primaryimage"},"thumbnailUrl":"https:\/\/dicodusport.fr\/blog\/wp-content\/uploads\/2020\/12\/Jean-Pierre-Lux.png","datePublished":"2020-12-15T09:11:24+00:00","dateModified":"2021-10-18T14:39:10+00:00","description":"Nos confr\u00e8res de Rugbyrama ont confirm\u00e9 le d\u00e9c\u00e8s de l'ancien international fran\u00e7ais, Jean-Pierre Lux, \u00e0 l'\u00e2ge de 74 ans.","breadcrumb":{"@id":"https:\/\/dicodusport.fr\/blog\/jean-pierre-lux-ancien-international-du-xv-de-france-est-mort\/#breadcrumb"},"inLanguage":"fr-FR","potentialAction":[{"@type":"ReadAction","target":["https:\/\/dicodusport.fr\/blog\/jean-pierre-lux-ancien-international-du-xv-de-france-est-mort\/"]}]},{"@type":"ImageObject","inLanguage":"fr-FR","@id":"https:\/\/dicodusport.fr\/blog\/jean-pierre-lux-ancien-international-du-xv-de-france-est-mort\/#primaryimage","url":"https:\/\/dicodusport.fr\/blog\/wp-content\/uploads\/2020\/12\/Jean-Pierre-Lux.png","contentUrl":"https:\/\/dicodusport.fr\/blog\/wp-content\/uploads\/2020\/12\/Jean-Pierre-Lux.png","width":800,"height":445},{"@type":"BreadcrumbList","@id":"https:\/\/dicodusport.fr\/blog\/jean-pierre-lux-ancien-international-du-xv-de-france-est-mort\/#breadcrumb","itemListElement":[{"@type":"ListItem","position":1,"name":"Accueil","item":"https:\/\/dicodusport.fr\/blog\/"},{"@type":"ListItem","position":2,"name":"Jean-Pierre Lux, ancien international du XV de France, est mort"}]},{"@type":"WebSite","@id":"https:\/\/dicodusport.fr\/blog\/#website","url":"https:\/\/dicodusport.fr\/blog\/","name":"Dicodusport","description":"L&#039;encyclop\u00e9die de l&#039;actualit\u00e9 sportive","publisher":{"@id":"https:\/\/dicodusport.fr\/blog\/#organization"},"potentialAction":[{"@type":"SearchAction","target":{"@type":"EntryPoint","urlTemplate":"https:\/\/dicodusport.fr\/blog\/?s={search_term_string}"},"query-input":{"@type":"PropertyValueSpecification","valueRequired":true,"valueName":"search_term_string"}}],"inLanguage":"fr-FR"},{"@type":"NewsMediaOrganization","@id":"https:\/\/dicodusport.fr\/blog\/#organization","name":"Dicodusport","url":"https:\/\/dicodusport.fr\/blog\/","logo":{"@type":"ImageObject","inLanguage":"fr-FR","@id":"https:\/\/dicodusport.fr\/blog\/#\/schema\/logo\/image\/","url":"https:\/\/dicodusport.fr\/blog\/wp-content\/uploads\/2020\/06\/cropped-LOGO-DICODUSPORT-2020-SANS-FOND-SANS-TEXTE.png","contentUrl":"https:\/\/dicodusport.fr\/blog\/wp-content\/uploads\/2020\/06\/cropped-LOGO-DICODUSPORT-2020-SANS-FOND-SANS-TEXTE.png","width":512,"height":512,"caption":"Dicodusport"},"image":{"@id":"https:\/\/dicodusport.fr\/blog\/#\/schema\/logo\/image\/"},"sameAs":["https:\/\/www.facebook.com\/dicodusport","https:\/\/x.com\/dicodusport","https:\/\/www.instagram.com\/dicodusport\/","https:\/\/www.youtube.com\/channel\/UC7V2KZ5sd3htJivAbA4ZG3w"],"description":"Dicodusport est l'encyclop\u00e9die de l'actualit\u00e9 sportive.","email":"bonjour@dicodusport.fr","legalName":"DICODUSPORT","foundingDate":"2018-01-14","vatID":"FR71834470973","taxID":"83447097300043","numberOfEmployees":{"@type":"QuantitativeValue","minValue":"1","maxValue":"10"}},{"@type":"Person","@id":"https:\/\/dicodusport.fr\/blog\/#\/schema\/person\/55dcb50ad410894e431ed812bbb70191","name":"Nicolas Jacquemard","image":{"@type":"ImageObject","inLanguage":"fr-FR","@id":"https:\/\/dicodusport.fr\/blog\/#\/schema\/person\/image\/","url":"https:\/\/dicodusport.fr\/blog\/wp-content\/uploads\/2021\/05\/Nicolas-Jacquemard-150x150.jpeg","contentUrl":"https:\/\/dicodusport.fr\/blog\/wp-content\/uploads\/2021\/05\/Nicolas-Jacquemard-150x150.jpeg","caption":"Nicolas Jacquemard"},"description":"Passionn\u00e9 de sport et entrepreneur depuis mes 18 ans, la cr\u00e9ation de Dicodusport m'a sembl\u00e9 \u00e9vidente pour participer \u00e0 la m\u00e9diatisation d'un plus grand nombre de sports. Le chemin est long mais avec une \u00e9quipe des plus motiv\u00e9es et les Jeux Olympiques de Paris 2024 en point de mire, nous y arriverons ! Journaliste dans le monde du sport depuis plus de 5 ans, je traite aussi bien de football, de rugby, de biathlon que de cyclisme.","sameAs":["https:\/\/www.facebook.com\/dicodusport","https:\/\/x.com\/https:\/\/twitter.com\/Nico_Jacquemard"],"url":"https:\/\/dicodusport.fr\/blog\/author\/dicodusport\/"}]}},"_links":{"self":[{"href":"https:\/\/dicodusport.fr\/blog\/wp-json\/wp\/v2\/posts\/93364","targetHints":{"allow":["GET"]}}],"collection":[{"href":"https:\/\/dicodusport.fr\/blog\/wp-json\/wp\/v2\/posts"}],"about":[{"href":"https:\/\/dicodusport.fr\/blog\/wp-json\/wp\/v2\/types\/post"}],"author":[{"embeddable":true,"href":"https:\/\/dicodusport.fr\/blog\/wp-json\/wp\/v2\/users\/1"}],"replies":[{"embeddable":true,"href":"https:\/\/dicodusport.fr\/blog\/wp-json\/wp\/v2\/comments?post=93364"}],"version-history":[{"count":0,"href":"https:\/\/dicodusport.fr\/blog\/wp-json\/wp\/v2\/posts\/93364\/revisions"}],"wp:featuredmedia":[{"embeddable":true,"href":"https:\/\/dicodusport.fr\/blog\/wp-json\/wp\/v2\/media\/93365"}],"wp:attachment":[{"href":"https:\/\/dicodusport.fr\/blog\/wp-json\/wp\/v2\/media?parent=93364"}],"wp:term":[{"taxonomy":"category","embeddable":true,"href":"https:\/\/dicodusport.fr\/blog\/wp-json\/wp\/v2\/categories?post=93364"},{"taxonomy":"post_tag","embeddable":true,"href":"https:\/\/dicodusport.fr\/blog\/wp-json\/wp\/v2\/tags?post=93364"}],"curies":[{"name":"wp","href":"https:\/\/api.w.org\/{rel}","templated":true}]}}