{"id":9341,"date":"2017-12-24T18:00:43","date_gmt":"2017-12-24T17:00:43","guid":{"rendered":"http:\/\/dicodusport.fr\/blog\/?p=9341"},"modified":"2017-12-24T17:20:38","modified_gmt":"2017-12-24T16:20:38","slug":"coulisses-de-ligue-1-19-metz-enchaine-derby-est","status":"publish","type":"post","link":"https:\/\/dicodusport.fr\/blog\/coulisses-de-ligue-1-19-metz-enchaine-derby-est\/","title":{"rendered":"Les coulisses de la Ligue 1 #19 : Metz encha\u00eene dans le derby de l&rsquo;Est"},"content":{"rendered":"<p style=\"text-align: justify;\"><span style=\"color: #000000;\"><strong><em>Apr\u00e8s chaque journ\u00e9e de championnat, retrouvez sur votre blog\u00a0<\/em><\/strong><\/span><span style=\"color: #0000ff;\"><em><strong><a style=\"color: #0000ff;\" href=\"http:\/\/dicodusport.fr\" target=\"_blank\" rel=\"noopener noreferrer\">dicodusport<\/a><\/strong><\/em><\/span><span style=\"color: #000000;\"><strong><em>, \u00ab\u00a0<span style=\"color: #0000ff;\"><a style=\"color: #0000ff;\" href=\"http:\/\/dicodusport.fr\/blog\/coulisses-de-ligue-1-toutes-semaines-dicodusport-fr\/\">les coulisses de la Ligue 1<\/a>\u00a0<\/span>\u00bb. Infos, d\u00e9clarations, tweets ou encore vid\u00e9os marquantes, vous ne raterez rien des dessous de la Ligue 1 ! Dans le dix-neuvi\u00e8me \u00e9pisode, retour sur la derni\u00e8re journ\u00e9e de l&rsquo;ann\u00e9e 2017 avec un Luiz Gustavo en grande forme et Metz qui encha\u00eene.<\/em><\/strong><\/span><\/p>\n<h4 style=\"text-align: justify;\"><span style=\"color: #000000; font-size: 20px;\"><strong>\u2022\u00a0L&rsquo;INFO DE LA SEMAINE<\/strong><\/span><\/h4>\n<p style=\"text-align: justify;\">\u00c7a y est ! C\u2019est la mi-saison, d\u00e9j\u00e0 !\u00a0Cela\u00a0va nous manquer la Ligue 1 tous les week-end, les matchs du dimanche soir et la chronique \u201cLes coulisses de la Ligue 1\u201d. Mais cela va revenir tr\u00e8s vite. En attendant, laissons place au mercato hivernal et \u00e0 toutes les rumeurs qui vont animer nos vacances !<\/p>\n<h4 style=\"text-align: justify;\"><span style=\"color: #000000; font-size: 20px;\"><strong>\u2022\u00a0LES TWEETS DE LA SEMAINE<\/strong><\/span><\/h4>\n<p style=\"text-align: justify;\">Il est vrai que Ranieri est quand m\u00eame un extraordinaire entra\u00eeneur.<\/p>\n<p><span class=\"2wELBvPr0bYza5ztMTlVn9eaA8pcAlEOiS3q6ipHwMR2G3CVksZ6k4TQgBJ1N7GvLJWRFuj\"><\/p>\n<blockquote class=\"twitter-tweet\" data-width=\"550\" data-dnt=\"true\">\n<p lang=\"fr\" dir=\"ltr\">Victoire \u00e0 l&#39;arrache 1-0 de Nantes face \u00e0 Amiens. Comme dimanche dernier face \u00e0 Angers. La Leicesterisation de la Ligue 1 est en marche. <a href=\"https:\/\/twitter.com\/hashtag\/ASCFCN?src=hash&amp;ref_src=twsrc%5Etfw\">#ASCFCN<\/a><\/p>\n<p>&mdash; Winamax Sport (@WinamaxSport) <a href=\"https:\/\/twitter.com\/WinamaxSport\/status\/943596890368757760?ref_src=twsrc%5Etfw\">December 20, 2017<\/a><\/p><\/blockquote>\n<p><script async src=\"https:\/\/platform.twitter.com\/widgets.js\" charset=\"utf-8\"><\/script><\/span><\/p>\n<p style=\"text-align: justify;\">Quand ils jouent face aux champions d\u2019automne, les supporters caennais chambrent moins. Ils s\u2019inclinent en effet 3-1 face au PSG et \u00e0 un MBapp\u00e9 avec des jambes de feu pour ses 19 ans.<\/p>\n<p><span class=\"6bKFyBeZMdHzToA3eMxGKcf51UnCLwcQaIrSOGhudJXsPCj8VjrISYy4mfk7W6F7WRiwP9iDvp0A\"><\/p>\n<blockquote class=\"twitter-tweet\" data-width=\"550\" data-dnt=\"true\">\n<p lang=\"fr\" dir=\"ltr\">Bonjour <a href=\"https:\/\/twitter.com\/PSG_inside?ref_src=twsrc%5Etfw\">@PSG_inside<\/a>, nous allons vous pout&#8230; euh&#8230; non rien. Sinon la famille \u00e7a va ? <a href=\"https:\/\/twitter.com\/hashtag\/PSGSMC?src=hash&amp;ref_src=twsrc%5Etfw\">#PSGSMC<\/a><\/p>\n<p>&mdash; We Are Malherbe (@WeAreMalherbe) <a href=\"https:\/\/twitter.com\/WeAreMalherbe\/status\/943404590191529984?ref_src=twsrc%5Etfw\">December 20, 2017<\/a><\/p><\/blockquote>\n<p><script async src=\"https:\/\/platform.twitter.com\/widgets.js\" charset=\"utf-8\"><\/script><\/span><\/p>\n<p style=\"text-align: justify;\">La soir\u00e9e en tribune devait \u00eatre anim\u00e9e. Sur le terrain, Monaco gagne 2-1.<\/p>\n<p><span class=\"sV3orSlTXRjkyAi5wgzacW1CtPdU4\"><\/p>\n<blockquote class=\"twitter-tweet\" data-width=\"550\" data-dnt=\"true\">\n<p lang=\"fr\" dir=\"ltr\">Sept supporters rennais en parcage visiteurs ce soir \u00e0 Louis-II. <a href=\"https:\/\/twitter.com\/hashtag\/ASMSRFC?src=hash&amp;ref_src=twsrc%5Etfw\">#ASMSRFC<\/a> <a href=\"https:\/\/t.co\/AxLzjT6ID2\">pic.twitter.com\/AxLzjT6ID2<\/a><\/p>\n<p>&mdash; Benjamin Idrac (@bidrac15) <a href=\"https:\/\/twitter.com\/bidrac15\/status\/943569339080433666?ref_src=twsrc%5Etfw\">December 20, 2017<\/a><\/p><\/blockquote>\n<p><script async src=\"https:\/\/platform.twitter.com\/widgets.js\" charset=\"utf-8\"><\/script><\/span><\/p>\n<p style=\"text-align: justify;\"><span style=\"color: #000000; font-size: 20px;\"><strong style=\"color: #000000; font-size: 20px;\"><strong>\u2022\u00a0<\/strong>LES D\u00c9CLARATIONS DE LA SEMAINE<\/strong><\/span><\/p>\n<p style=\"text-align: justify;\">Le pr\u00e9sident marseillais balance en interview suite au plongeon de Mariano face \u00e0 Toulouse qui a permis aux Lyonnais d\u2019obtenir un penalty et de remporter le match : <em>\u00ab\u00a0Le penalty de Lyon \u00e0 Toulouse ? Je crois que je vais demander \u00e0 Rudi Garcia d&rsquo;int\u00e9grer un stage au Cercle des Nageurs de Marseille. Il dit qu&rsquo;il nous manque un peu de vice, il a raison. Mais c&rsquo;est tellement peu glorieux de gagner comme \u00e7a. L&rsquo;OM a b\u00e9n\u00e9fici\u00e9 de 4 p\u00e9nalties depuis 2016-2017 et Lyon 19 ! 19 ! Je ne suis pas parano\u00efaque, mais je veux juste comprendre. Avec la vid\u00e9o, le penalty de Mariano n&rsquo;est pas valid\u00e9.\u00a0\u00bb<\/em><\/p>\n<p style=\"text-align: justify;\">Lille a fait match nul face \u00e0 Nice et est 18\u00e8me de Ligue 1 \u00e0 mi-saison. Interdit de recrutement cet hiver, le nouveau LOSC de Lopes est catastrophique. Les supporters expriment leur m\u00e9contentement par des banderoles et des chants : \u201cMouillez le maillot\u201d ou encore \u201cVous salissez notre club\u201d.<\/p>\n<p style=\"text-align: justify;\"><span style=\"font-size: 20px; color: #000000;\"><strong style=\"color: #000000;\"><strong>\u2022\u00a0<\/strong>LES VID\u00c9OS DE LA SEMAINE<\/strong><\/span><\/p>\n<p style=\"text-align: justify;\">C\u2019est la derni\u00e8re de l\u2019ann\u00e9e, on se fait plaisir avec des beaux buts :<\/p>\n<p style=\"text-align: justify;\">D\u2019abord cet ext\u00e9rieur merveilleux de Payet pour l\u2019\u00e9galisation de l\u2019OM face \u00e0 Troyes. Son deuxi\u00e8me but de la saison marque le retour petit \u00e0 petit en forme de l\u2019international fran\u00e7ais.<\/p>\n<p>https:\/\/twitter.com\/twitter\/statuses\/943580311513894912<\/p>\n<p style=\"text-align: justify;\">44 secondes apr\u00e8s son entr\u00e9e en jeu, Mbenza signe le but qui vient sceller la victoire montpelli\u00e9raine \u00e0 Bordeaux, qui conc\u00e8de sa 4\u00e8me d\u00e9faite cons\u00e9cutive.<\/p>\n<p><span class=\"6mW7tKNZDah9uYHIpXAq40lPMojdysEzn\"><\/p>\n<blockquote class=\"twitter-tweet\" data-width=\"550\" data-dnt=\"true\">\n<p lang=\"fr\" dir=\"ltr\"><a href=\"https:\/\/twitter.com\/hashtag\/FCGBMHSC?src=hash&amp;ref_src=twsrc%5Etfw\">#FCGBMHSC<\/a> 0-2<br \/>Le but de Mbenza qui a fait le break alors qu&#39;il venait de rentrer<br \/>Montpellier<a href=\"https:\/\/t.co\/j6HUUJTPGj\">https:\/\/t.co\/j6HUUJTPGj<\/a><\/p>\n<p>&mdash; Football  \u2b50\ufe0f \u2b50\ufe0f (@Footbal26476821) <a href=\"https:\/\/twitter.com\/Footbal26476821\/status\/943601558725517313?ref_src=twsrc%5Etfw\">December 20, 2017<\/a><\/p><\/blockquote>\n<p><script async src=\"https:\/\/platform.twitter.com\/widgets.js\" charset=\"utf-8\"><\/script><\/span><\/p>\n<p style=\"text-align: justify;\">Sur un coup franc qui ne paraissait pas forc\u00e9ment dangereux, Benezet relance compl\u00e8tement Guingamp\u00a0dans ce match face \u00e0 Saint-\u00c9tienne. Les bretons vont finir par s\u2019imposer dans les derniers instants face aux verts qui ont du mal \u00e0 se rappeler de leur derni\u00e8re victoire.<\/p>\n<p>https:\/\/twitter.com\/twitter\/statuses\/943794005141282816<\/p>\n<p style=\"text-align: justify;\">Gr\u00e2ce \u00e0 l\u2019ouverture du score de Mollet et sa c\u00e9l\u00e9bration \u00e0 la Messi,\u00a0et apr\u00e8s leur victoire le week-end dernier, Metz est en confiance. Les Messins signent une victoire tr\u00e8s nette 3-0 dans le derby de l\u2019Est face \u00e0 Strasbourg qui \u00e9tait pourtant dans une bonne dynamique. Le dernier but est inscrit par Rivi\u00e8re avec cette talonnade somptueuse.<\/p>\n<p>https:\/\/twitter.com\/twitter\/statuses\/943599140889559043<\/p>\n<p style=\"text-align: justify;\"><span style=\"font-size: 20px; color: #000000;\"><strong style=\"color: #000000;\"><strong>\u2022\u00a0<\/strong>LA STAT&rsquo; DE LA SEMAINE<\/strong><\/span><\/p>\n<p style=\"text-align: justify;\">Gradel a marqu\u00e9 le 500\u00e8me but de la saison en Ligue 1 toutes \u00e9quipes confondues face \u00e0 Lyon. Le TFC\u00a0s\u2019est tout de m\u00eame inclin\u00e9 2-1.<\/p>\n<h4 style=\"text-align: justify;\"><span style=\"font-size: 20px; color: #000000;\"><strong style=\"color: #000000;\"><strong>\u2022\u00a0<\/strong>LE JOUEUR DE LA SEMAINE<\/strong><\/span><\/h4>\n<p style=\"text-align: justify;\">On ne pouvait pas terminer cette premi\u00e8re partie de saison sans citer Luiz Gustavo en joueur de la semaine. Le br\u00e9silien s\u2019est impos\u00e9 et est essentiel dans l\u2019\u00e9quilibre de l\u2019\u00e9quipe marseillaise. Il r\u00e9cup\u00e8re un nombre de ballons incalculable et se projette vite vers l\u2019avant avec de tr\u00e8s bonnes passes pour lancer les offensives. Il a inscrit, face \u00e0 Troyes, son 5\u00e8me but de la saison, des buts qui \u00e0 chaque fois arrivent \u00e0 un moment important dans les matchs, ici l\u2019\u00e9galisation. Le m\u00e9tronome marseillais, qui a rendu son jeu plus propre, est indispensable \u00e0 l\u2019OM, par sa vision du jeu et la rage qui le caract\u00e9rise.<\/p>\n<p style=\"text-align: justify;\">Bonnes f\u00eates et \u00e0 l\u2019ann\u00e9e prochaine !<\/p>\n<p style=\"text-align: justify;\"><span style=\"color: #000000;\"><em><strong>Margaux Bongrand<\/strong><br \/>\n<\/em><a style=\"color: #000000;\" href=\"https:\/\/twitter.com\/marg_om_\" target=\"_blank\" rel=\"noopener noreferrer\"><img loading=\"lazy\" decoding=\"async\" class=\"alignnone wp-image-2908\" src=\"http:\/\/dicodusport.fr\/blog\/wp-content\/uploads\/2017\/07\/logo-twitter-150x150.png\" alt=\"\" width=\"39\" height=\"39\" \/><\/a><\/span><\/p>\n","protected":false},"excerpt":{"rendered":"<p>Apr\u00e8s chaque journ\u00e9e de championnat, retrouvez sur votre blog\u00a0dicodusport, \u00ab\u00a0les coulisses de la Ligue 1\u00a0\u00bb. Infos, d\u00e9clarations, tweets ou encore vid\u00e9os marquantes, vous ne raterez rien des dessous de la Ligue 1 ! Dans le dix-neuvi\u00e8me \u00e9pisode, retour sur la derni\u00e8re journ\u00e9e de l&rsquo;ann\u00e9e 2017 avec un Luiz Gustavo en grande forme et Metz qui [&hellip;]<\/p>\n","protected":false},"author":1,"featured_media":9344,"comment_status":"open","ping_status":"closed","sticky":false,"template":"","format":"standard","meta":{"_acf_changed":false,"_daextam_enable_autolinks":"","footnotes":""},"categories":[2,2301],"tags":[75,1557,1554,1746],"class_list":["post-9341","post","type-post","status-publish","format-standard","has-post-thumbnail","hentry","category-actualites","category-football","tag-football","tag-les-coulisses-de-la-ligue-1","tag-ligue-1","tag-metz"],"acf":[],"yoast_head":"<!-- This site is optimized with the Yoast SEO Premium plugin v26.7 (Yoast SEO v26.7) - https:\/\/yoast.com\/wordpress\/plugins\/seo\/ -->\n<title>Les coulisses de la Ligue 1 #19 : Metz encha\u00eene dans le derby de l&#039;Est<\/title>\n<meta name=\"description\" content=\"Dans le dix-neuvi\u00e8me \u00e9pisode, retour sur la derni\u00e8re journ\u00e9e de l&#039;ann\u00e9e 2017 avec un Luiz Gustavo en grande forme et Metz qui encha\u00eene.\" \/>\n<meta name=\"robots\" content=\"index, follow, max-snippet:-1, max-image-preview:large, max-video-preview:-1\" \/>\n<link rel=\"canonical\" href=\"https:\/\/dicodusport.fr\/blog\/coulisses-de-ligue-1-19-metz-enchaine-derby-est\/\" \/>\n<meta property=\"og:locale\" content=\"fr_FR\" \/>\n<meta property=\"og:type\" content=\"article\" \/>\n<meta property=\"og:title\" content=\"Les coulisses de la Ligue 1 #19 : Metz encha\u00eene dans le derby de l&#039;Est\" \/>\n<meta property=\"og:description\" content=\"Dans le dix-neuvi\u00e8me \u00e9pisode, retour sur la derni\u00e8re journ\u00e9e de l&#039;ann\u00e9e 2017 avec un Luiz Gustavo en grande forme et Metz qui encha\u00eene.\" \/>\n<meta property=\"og:url\" content=\"https:\/\/dicodusport.fr\/blog\/coulisses-de-ligue-1-19-metz-enchaine-derby-est\/\" \/>\n<meta property=\"og:site_name\" content=\"Dicodusport\" \/>\n<meta property=\"article:publisher\" content=\"https:\/\/www.facebook.com\/dicodusport\" \/>\n<meta property=\"article:author\" content=\"https:\/\/www.facebook.com\/dicodusport\" \/>\n<meta property=\"article:published_time\" content=\"2017-12-24T17:00:43+00:00\" \/>\n<meta property=\"og:image\" content=\"https:\/\/dicodusport.fr\/blog\/wp-content\/uploads\/2017\/12\/Metz-encha\u00eene-dans-le-derby-de-lEst.png\" \/>\n\t<meta property=\"og:image:width\" content=\"1059\" \/>\n\t<meta property=\"og:image:height\" content=\"588\" \/>\n\t<meta property=\"og:image:type\" content=\"image\/png\" \/>\n<meta name=\"author\" content=\"Nicolas Jacquemard\" \/>\n<meta name=\"twitter:card\" content=\"summary_large_image\" \/>\n<meta name=\"twitter:creator\" content=\"@https:\/\/twitter.com\/Nico_Jacquemard\" \/>\n<meta name=\"twitter:site\" content=\"@dicodusport\" \/>\n<script type=\"application\/ld+json\" class=\"yoast-schema-graph\">{\"@context\":\"https:\/\/schema.org\",\"@graph\":[{\"@type\":\"NewsArticle\",\"@id\":\"https:\/\/dicodusport.fr\/blog\/coulisses-de-ligue-1-19-metz-enchaine-derby-est\/#article\",\"isPartOf\":{\"@id\":\"https:\/\/dicodusport.fr\/blog\/coulisses-de-ligue-1-19-metz-enchaine-derby-est\/\"},\"author\":{\"name\":\"Nicolas Jacquemard\",\"@id\":\"https:\/\/dicodusport.fr\/blog\/#\/schema\/person\/55dcb50ad410894e431ed812bbb70191\"},\"headline\":\"Les coulisses de la Ligue 1 #19 : Metz encha\u00eene dans le derby de l&rsquo;Est\",\"datePublished\":\"2017-12-24T17:00:43+00:00\",\"mainEntityOfPage\":{\"@id\":\"https:\/\/dicodusport.fr\/blog\/coulisses-de-ligue-1-19-metz-enchaine-derby-est\/\"},\"wordCount\":758,\"commentCount\":0,\"publisher\":{\"@id\":\"https:\/\/dicodusport.fr\/blog\/#organization\"},\"image\":{\"@id\":\"https:\/\/dicodusport.fr\/blog\/coulisses-de-ligue-1-19-metz-enchaine-derby-est\/#primaryimage\"},\"thumbnailUrl\":\"https:\/\/dicodusport.fr\/blog\/wp-content\/uploads\/2017\/12\/Metz-encha\u00eene-dans-le-derby-de-lEst.png\",\"keywords\":[\"Football\",\"Les coulisses de la Ligue 1\",\"Ligue 1\",\"Metz\"],\"articleSection\":[\"Actualit\u00e9s\",\"Football\"],\"inLanguage\":\"fr-FR\",\"potentialAction\":[{\"@type\":\"CommentAction\",\"name\":\"Comment\",\"target\":[\"https:\/\/dicodusport.fr\/blog\/coulisses-de-ligue-1-19-metz-enchaine-derby-est\/#respond\"]}],\"copyrightYear\":\"2017\",\"copyrightHolder\":{\"@id\":\"https:\/\/dicodusport.fr\/blog\/#organization\"}},{\"@type\":\"WebPage\",\"@id\":\"https:\/\/dicodusport.fr\/blog\/coulisses-de-ligue-1-19-metz-enchaine-derby-est\/\",\"url\":\"https:\/\/dicodusport.fr\/blog\/coulisses-de-ligue-1-19-metz-enchaine-derby-est\/\",\"name\":\"Les coulisses de la Ligue 1 #19 : Metz encha\u00eene dans le derby de l'Est\",\"isPartOf\":{\"@id\":\"https:\/\/dicodusport.fr\/blog\/#website\"},\"primaryImageOfPage\":{\"@id\":\"https:\/\/dicodusport.fr\/blog\/coulisses-de-ligue-1-19-metz-enchaine-derby-est\/#primaryimage\"},\"image\":{\"@id\":\"https:\/\/dicodusport.fr\/blog\/coulisses-de-ligue-1-19-metz-enchaine-derby-est\/#primaryimage\"},\"thumbnailUrl\":\"https:\/\/dicodusport.fr\/blog\/wp-content\/uploads\/2017\/12\/Metz-encha\u00eene-dans-le-derby-de-lEst.png\",\"datePublished\":\"2017-12-24T17:00:43+00:00\",\"description\":\"Dans le dix-neuvi\u00e8me \u00e9pisode, retour sur la derni\u00e8re journ\u00e9e de l'ann\u00e9e 2017 avec un Luiz Gustavo en grande forme et Metz qui encha\u00eene.\",\"breadcrumb\":{\"@id\":\"https:\/\/dicodusport.fr\/blog\/coulisses-de-ligue-1-19-metz-enchaine-derby-est\/#breadcrumb\"},\"inLanguage\":\"fr-FR\",\"potentialAction\":[{\"@type\":\"ReadAction\",\"target\":[\"https:\/\/dicodusport.fr\/blog\/coulisses-de-ligue-1-19-metz-enchaine-derby-est\/\"]}]},{\"@type\":\"ImageObject\",\"inLanguage\":\"fr-FR\",\"@id\":\"https:\/\/dicodusport.fr\/blog\/coulisses-de-ligue-1-19-metz-enchaine-derby-est\/#primaryimage\",\"url\":\"https:\/\/dicodusport.fr\/blog\/wp-content\/uploads\/2017\/12\/Metz-encha\u00eene-dans-le-derby-de-lEst.png\",\"contentUrl\":\"https:\/\/dicodusport.fr\/blog\/wp-content\/uploads\/2017\/12\/Metz-encha\u00eene-dans-le-derby-de-lEst.png\",\"width\":1059,\"height\":588,\"caption\":\"Metz encha\u00eene dans le derby de l'Est\"},{\"@type\":\"BreadcrumbList\",\"@id\":\"https:\/\/dicodusport.fr\/blog\/coulisses-de-ligue-1-19-metz-enchaine-derby-est\/#breadcrumb\",\"itemListElement\":[{\"@type\":\"ListItem\",\"position\":1,\"name\":\"Accueil\",\"item\":\"https:\/\/dicodusport.fr\/blog\/\"},{\"@type\":\"ListItem\",\"position\":2,\"name\":\"Les coulisses de la Ligue 1 #19 : Metz encha\u00eene dans le derby de l&rsquo;Est\"}]},{\"@type\":\"WebSite\",\"@id\":\"https:\/\/dicodusport.fr\/blog\/#website\",\"url\":\"https:\/\/dicodusport.fr\/blog\/\",\"name\":\"Dicodusport\",\"description\":\"L&#039;encyclop\u00e9die de l&#039;actualit\u00e9 sportive\",\"publisher\":{\"@id\":\"https:\/\/dicodusport.fr\/blog\/#organization\"},\"potentialAction\":[{\"@type\":\"SearchAction\",\"target\":{\"@type\":\"EntryPoint\",\"urlTemplate\":\"https:\/\/dicodusport.fr\/blog\/?s={search_term_string}\"},\"query-input\":{\"@type\":\"PropertyValueSpecification\",\"valueRequired\":true,\"valueName\":\"search_term_string\"}}],\"inLanguage\":\"fr-FR\"},{\"@type\":\"NewsMediaOrganization\",\"@id\":\"https:\/\/dicodusport.fr\/blog\/#organization\",\"name\":\"Dicodusport\",\"url\":\"https:\/\/dicodusport.fr\/blog\/\",\"logo\":{\"@type\":\"ImageObject\",\"inLanguage\":\"fr-FR\",\"@id\":\"https:\/\/dicodusport.fr\/blog\/#\/schema\/logo\/image\/\",\"url\":\"https:\/\/dicodusport.fr\/blog\/wp-content\/uploads\/2020\/06\/cropped-LOGO-DICODUSPORT-2020-SANS-FOND-SANS-TEXTE.png\",\"contentUrl\":\"https:\/\/dicodusport.fr\/blog\/wp-content\/uploads\/2020\/06\/cropped-LOGO-DICODUSPORT-2020-SANS-FOND-SANS-TEXTE.png\",\"width\":512,\"height\":512,\"caption\":\"Dicodusport\"},\"image\":{\"@id\":\"https:\/\/dicodusport.fr\/blog\/#\/schema\/logo\/image\/\"},\"sameAs\":[\"https:\/\/www.facebook.com\/dicodusport\",\"https:\/\/x.com\/dicodusport\",\"https:\/\/www.instagram.com\/dicodusport\/\",\"https:\/\/www.youtube.com\/channel\/UC7V2KZ5sd3htJivAbA4ZG3w\"],\"description\":\"Dicodusport est l'encyclop\u00e9die de l'actualit\u00e9 sportive.\",\"email\":\"bonjour@dicodusport.fr\",\"legalName\":\"DICODUSPORT\",\"foundingDate\":\"2018-01-14\",\"vatID\":\"FR71834470973\",\"taxID\":\"83447097300043\",\"numberOfEmployees\":{\"@type\":\"QuantitativeValue\",\"minValue\":\"1\",\"maxValue\":\"10\"}},{\"@type\":\"Person\",\"@id\":\"https:\/\/dicodusport.fr\/blog\/#\/schema\/person\/55dcb50ad410894e431ed812bbb70191\",\"name\":\"Nicolas Jacquemard\",\"image\":{\"@type\":\"ImageObject\",\"inLanguage\":\"fr-FR\",\"@id\":\"https:\/\/dicodusport.fr\/blog\/#\/schema\/person\/image\/\",\"url\":\"https:\/\/dicodusport.fr\/blog\/wp-content\/uploads\/2021\/05\/Nicolas-Jacquemard-150x150.jpeg\",\"contentUrl\":\"https:\/\/dicodusport.fr\/blog\/wp-content\/uploads\/2021\/05\/Nicolas-Jacquemard-150x150.jpeg\",\"caption\":\"Nicolas Jacquemard\"},\"description\":\"Passionn\u00e9 de sport et entrepreneur depuis mes 18 ans, la cr\u00e9ation de Dicodusport m'a sembl\u00e9 \u00e9vidente pour participer \u00e0 la m\u00e9diatisation d'un plus grand nombre de sports. Le chemin est long mais avec une \u00e9quipe des plus motiv\u00e9es et les Jeux Olympiques de Paris 2024 en point de mire, nous y arriverons ! Journaliste dans le monde du sport depuis plus de 5 ans, je traite aussi bien de football, de rugby, de biathlon que de cyclisme.\",\"sameAs\":[\"https:\/\/www.facebook.com\/dicodusport\",\"https:\/\/x.com\/https:\/\/twitter.com\/Nico_Jacquemard\"],\"url\":\"https:\/\/dicodusport.fr\/blog\/author\/dicodusport\/\"}]}<\/script>\n<!-- \/ Yoast SEO Premium plugin. -->","yoast_head_json":{"title":"Les coulisses de la Ligue 1 #19 : Metz encha\u00eene dans le derby de l'Est","description":"Dans le dix-neuvi\u00e8me \u00e9pisode, retour sur la derni\u00e8re journ\u00e9e de l'ann\u00e9e 2017 avec un Luiz Gustavo en grande forme et Metz qui encha\u00eene.","robots":{"index":"index","follow":"follow","max-snippet":"max-snippet:-1","max-image-preview":"max-image-preview:large","max-video-preview":"max-video-preview:-1"},"canonical":"https:\/\/dicodusport.fr\/blog\/coulisses-de-ligue-1-19-metz-enchaine-derby-est\/","og_locale":"fr_FR","og_type":"article","og_title":"Les coulisses de la Ligue 1 #19 : Metz encha\u00eene dans le derby de l'Est","og_description":"Dans le dix-neuvi\u00e8me \u00e9pisode, retour sur la derni\u00e8re journ\u00e9e de l'ann\u00e9e 2017 avec un Luiz Gustavo en grande forme et Metz qui encha\u00eene.","og_url":"https:\/\/dicodusport.fr\/blog\/coulisses-de-ligue-1-19-metz-enchaine-derby-est\/","og_site_name":"Dicodusport","article_publisher":"https:\/\/www.facebook.com\/dicodusport","article_author":"https:\/\/www.facebook.com\/dicodusport","article_published_time":"2017-12-24T17:00:43+00:00","og_image":[{"width":1059,"height":588,"url":"https:\/\/dicodusport.fr\/blog\/wp-content\/uploads\/2017\/12\/Metz-encha\u00eene-dans-le-derby-de-lEst.png","type":"image\/png"}],"author":"Nicolas Jacquemard","twitter_card":"summary_large_image","twitter_creator":"@https:\/\/twitter.com\/Nico_Jacquemard","twitter_site":"@dicodusport","schema":{"@context":"https:\/\/schema.org","@graph":[{"@type":"NewsArticle","@id":"https:\/\/dicodusport.fr\/blog\/coulisses-de-ligue-1-19-metz-enchaine-derby-est\/#article","isPartOf":{"@id":"https:\/\/dicodusport.fr\/blog\/coulisses-de-ligue-1-19-metz-enchaine-derby-est\/"},"author":{"name":"Nicolas Jacquemard","@id":"https:\/\/dicodusport.fr\/blog\/#\/schema\/person\/55dcb50ad410894e431ed812bbb70191"},"headline":"Les coulisses de la Ligue 1 #19 : Metz encha\u00eene dans le derby de l&rsquo;Est","datePublished":"2017-12-24T17:00:43+00:00","mainEntityOfPage":{"@id":"https:\/\/dicodusport.fr\/blog\/coulisses-de-ligue-1-19-metz-enchaine-derby-est\/"},"wordCount":758,"commentCount":0,"publisher":{"@id":"https:\/\/dicodusport.fr\/blog\/#organization"},"image":{"@id":"https:\/\/dicodusport.fr\/blog\/coulisses-de-ligue-1-19-metz-enchaine-derby-est\/#primaryimage"},"thumbnailUrl":"https:\/\/dicodusport.fr\/blog\/wp-content\/uploads\/2017\/12\/Metz-encha\u00eene-dans-le-derby-de-lEst.png","keywords":["Football","Les coulisses de la Ligue 1","Ligue 1","Metz"],"articleSection":["Actualit\u00e9s","Football"],"inLanguage":"fr-FR","potentialAction":[{"@type":"CommentAction","name":"Comment","target":["https:\/\/dicodusport.fr\/blog\/coulisses-de-ligue-1-19-metz-enchaine-derby-est\/#respond"]}],"copyrightYear":"2017","copyrightHolder":{"@id":"https:\/\/dicodusport.fr\/blog\/#organization"}},{"@type":"WebPage","@id":"https:\/\/dicodusport.fr\/blog\/coulisses-de-ligue-1-19-metz-enchaine-derby-est\/","url":"https:\/\/dicodusport.fr\/blog\/coulisses-de-ligue-1-19-metz-enchaine-derby-est\/","name":"Les coulisses de la Ligue 1 #19 : Metz encha\u00eene dans le derby de l'Est","isPartOf":{"@id":"https:\/\/dicodusport.fr\/blog\/#website"},"primaryImageOfPage":{"@id":"https:\/\/dicodusport.fr\/blog\/coulisses-de-ligue-1-19-metz-enchaine-derby-est\/#primaryimage"},"image":{"@id":"https:\/\/dicodusport.fr\/blog\/coulisses-de-ligue-1-19-metz-enchaine-derby-est\/#primaryimage"},"thumbnailUrl":"https:\/\/dicodusport.fr\/blog\/wp-content\/uploads\/2017\/12\/Metz-encha\u00eene-dans-le-derby-de-lEst.png","datePublished":"2017-12-24T17:00:43+00:00","description":"Dans le dix-neuvi\u00e8me \u00e9pisode, retour sur la derni\u00e8re journ\u00e9e de l'ann\u00e9e 2017 avec un Luiz Gustavo en grande forme et Metz qui encha\u00eene.","breadcrumb":{"@id":"https:\/\/dicodusport.fr\/blog\/coulisses-de-ligue-1-19-metz-enchaine-derby-est\/#breadcrumb"},"inLanguage":"fr-FR","potentialAction":[{"@type":"ReadAction","target":["https:\/\/dicodusport.fr\/blog\/coulisses-de-ligue-1-19-metz-enchaine-derby-est\/"]}]},{"@type":"ImageObject","inLanguage":"fr-FR","@id":"https:\/\/dicodusport.fr\/blog\/coulisses-de-ligue-1-19-metz-enchaine-derby-est\/#primaryimage","url":"https:\/\/dicodusport.fr\/blog\/wp-content\/uploads\/2017\/12\/Metz-encha\u00eene-dans-le-derby-de-lEst.png","contentUrl":"https:\/\/dicodusport.fr\/blog\/wp-content\/uploads\/2017\/12\/Metz-encha\u00eene-dans-le-derby-de-lEst.png","width":1059,"height":588,"caption":"Metz encha\u00eene dans le derby de l'Est"},{"@type":"BreadcrumbList","@id":"https:\/\/dicodusport.fr\/blog\/coulisses-de-ligue-1-19-metz-enchaine-derby-est\/#breadcrumb","itemListElement":[{"@type":"ListItem","position":1,"name":"Accueil","item":"https:\/\/dicodusport.fr\/blog\/"},{"@type":"ListItem","position":2,"name":"Les coulisses de la Ligue 1 #19 : Metz encha\u00eene dans le derby de l&rsquo;Est"}]},{"@type":"WebSite","@id":"https:\/\/dicodusport.fr\/blog\/#website","url":"https:\/\/dicodusport.fr\/blog\/","name":"Dicodusport","description":"L&#039;encyclop\u00e9die de l&#039;actualit\u00e9 sportive","publisher":{"@id":"https:\/\/dicodusport.fr\/blog\/#organization"},"potentialAction":[{"@type":"SearchAction","target":{"@type":"EntryPoint","urlTemplate":"https:\/\/dicodusport.fr\/blog\/?s={search_term_string}"},"query-input":{"@type":"PropertyValueSpecification","valueRequired":true,"valueName":"search_term_string"}}],"inLanguage":"fr-FR"},{"@type":"NewsMediaOrganization","@id":"https:\/\/dicodusport.fr\/blog\/#organization","name":"Dicodusport","url":"https:\/\/dicodusport.fr\/blog\/","logo":{"@type":"ImageObject","inLanguage":"fr-FR","@id":"https:\/\/dicodusport.fr\/blog\/#\/schema\/logo\/image\/","url":"https:\/\/dicodusport.fr\/blog\/wp-content\/uploads\/2020\/06\/cropped-LOGO-DICODUSPORT-2020-SANS-FOND-SANS-TEXTE.png","contentUrl":"https:\/\/dicodusport.fr\/blog\/wp-content\/uploads\/2020\/06\/cropped-LOGO-DICODUSPORT-2020-SANS-FOND-SANS-TEXTE.png","width":512,"height":512,"caption":"Dicodusport"},"image":{"@id":"https:\/\/dicodusport.fr\/blog\/#\/schema\/logo\/image\/"},"sameAs":["https:\/\/www.facebook.com\/dicodusport","https:\/\/x.com\/dicodusport","https:\/\/www.instagram.com\/dicodusport\/","https:\/\/www.youtube.com\/channel\/UC7V2KZ5sd3htJivAbA4ZG3w"],"description":"Dicodusport est l'encyclop\u00e9die de l'actualit\u00e9 sportive.","email":"bonjour@dicodusport.fr","legalName":"DICODUSPORT","foundingDate":"2018-01-14","vatID":"FR71834470973","taxID":"83447097300043","numberOfEmployees":{"@type":"QuantitativeValue","minValue":"1","maxValue":"10"}},{"@type":"Person","@id":"https:\/\/dicodusport.fr\/blog\/#\/schema\/person\/55dcb50ad410894e431ed812bbb70191","name":"Nicolas Jacquemard","image":{"@type":"ImageObject","inLanguage":"fr-FR","@id":"https:\/\/dicodusport.fr\/blog\/#\/schema\/person\/image\/","url":"https:\/\/dicodusport.fr\/blog\/wp-content\/uploads\/2021\/05\/Nicolas-Jacquemard-150x150.jpeg","contentUrl":"https:\/\/dicodusport.fr\/blog\/wp-content\/uploads\/2021\/05\/Nicolas-Jacquemard-150x150.jpeg","caption":"Nicolas Jacquemard"},"description":"Passionn\u00e9 de sport et entrepreneur depuis mes 18 ans, la cr\u00e9ation de Dicodusport m'a sembl\u00e9 \u00e9vidente pour participer \u00e0 la m\u00e9diatisation d'un plus grand nombre de sports. Le chemin est long mais avec une \u00e9quipe des plus motiv\u00e9es et les Jeux Olympiques de Paris 2024 en point de mire, nous y arriverons ! Journaliste dans le monde du sport depuis plus de 5 ans, je traite aussi bien de football, de rugby, de biathlon que de cyclisme.","sameAs":["https:\/\/www.facebook.com\/dicodusport","https:\/\/x.com\/https:\/\/twitter.com\/Nico_Jacquemard"],"url":"https:\/\/dicodusport.fr\/blog\/author\/dicodusport\/"}]}},"_links":{"self":[{"href":"https:\/\/dicodusport.fr\/blog\/wp-json\/wp\/v2\/posts\/9341","targetHints":{"allow":["GET"]}}],"collection":[{"href":"https:\/\/dicodusport.fr\/blog\/wp-json\/wp\/v2\/posts"}],"about":[{"href":"https:\/\/dicodusport.fr\/blog\/wp-json\/wp\/v2\/types\/post"}],"author":[{"embeddable":true,"href":"https:\/\/dicodusport.fr\/blog\/wp-json\/wp\/v2\/users\/1"}],"replies":[{"embeddable":true,"href":"https:\/\/dicodusport.fr\/blog\/wp-json\/wp\/v2\/comments?post=9341"}],"version-history":[{"count":0,"href":"https:\/\/dicodusport.fr\/blog\/wp-json\/wp\/v2\/posts\/9341\/revisions"}],"wp:featuredmedia":[{"embeddable":true,"href":"https:\/\/dicodusport.fr\/blog\/wp-json\/wp\/v2\/media\/9344"}],"wp:attachment":[{"href":"https:\/\/dicodusport.fr\/blog\/wp-json\/wp\/v2\/media?parent=9341"}],"wp:term":[{"taxonomy":"category","embeddable":true,"href":"https:\/\/dicodusport.fr\/blog\/wp-json\/wp\/v2\/categories?post=9341"},{"taxonomy":"post_tag","embeddable":true,"href":"https:\/\/dicodusport.fr\/blog\/wp-json\/wp\/v2\/tags?post=9341"}],"curies":[{"name":"wp","href":"https:\/\/api.w.org\/{rel}","templated":true}]}}