{"id":93416,"date":"2020-12-23T13:07:17","date_gmt":"2020-12-23T12:07:17","guid":{"rendered":"https:\/\/dicodusport.fr\/blog\/?p=93416"},"modified":"2020-12-25T19:15:23","modified_gmt":"2020-12-25T18:15:23","slug":"retro-athletisme-8-faits-marquants-annee-2020-particuliere","status":"publish","type":"post","link":"https:\/\/dicodusport.fr\/blog\/retro-athletisme-8-faits-marquants-annee-2020-particuliere\/","title":{"rendered":"R\u00e9tro Athl\u00e9tisme : Les 8 faits marquants d&rsquo;une ann\u00e9e 2020 particuli\u00e8re"},"content":{"rendered":"<p style=\"text-align: justify;\"><em><strong>ATHL\u00c9TISME &#8211; L&rsquo;heure est au bilan. Si l&rsquo;ann\u00e9e 2020 aura bien entendu \u00e9t\u00e9 particuli\u00e8re en raison de la crise sanitaire, certains athl\u00e8tes se sont tout de m\u00eame distingu\u00e9s. Tour d&rsquo;horizon complet sur les faits majeurs ayant marqu\u00e9 l&rsquo;athl\u00e9tisme en 2020.<\/strong><\/em><\/p>\n<h2 style=\"text-align: justify;\">1- Armand Duplantis : Toujours plus haut !<\/h2>\n<p style=\"text-align: justify;\">Si l&rsquo;on devait en retenir un seul cela serait s\u00fbrement lui ! Et en ce sens la <strong>World Atlhletic<\/strong> ne s&rsquo;y est pas tromp\u00e9e en lui <a href=\"https:\/\/dicodusport.fr\/blog\/world-athletics-awards-yulimar-rojas-et-armand-duplantis-recompenses\/\">d\u00e9cernant le prix d&rsquo;athl\u00e8te de l&rsquo;ann\u00e9e<\/a> il y a deux semaines. Lui c&rsquo;est <strong>Armand Duplantis<\/strong>. Si on ne pr\u00e9sente plus le jeune ph\u00e9nom\u00e8ne (21 ans \u00e0 peine), il semble opportun de rappeler en quoi sa saison a \u00e9t\u00e9 hors normes. <em>Mondo<\/em> a vraiment mis la barre tr\u00e8s haute. Il a battu \u00e0 deux reprises le record du monde du saut \u00e0 la perche. Et cela, en l\u2019espace d\u2019une semaine. Le 8 f\u00e9vrier il r\u00e9alisa <strong>6m17 \u00e0 Torun<\/strong>.<\/p>\n<p style=\"text-align: justify;\">Puis une semaine plus tard, le 15 f\u00e9vrier, <strong>6m18 \u00e0 Glasgow<\/strong>. Les deux fois en indoor. Il effa\u00e7a donc des tablettes le record de <strong>Renaud Lavillenie<\/strong> qui avait saut\u00e9 \u00e0 6m16 en 2014 \u00e0 <strong>Donestk.<\/strong> Il a \u00e9galement am\u00e9lior\u00e9 la meilleure marque mondiale en plein air de <strong>Sergue\u00ef Bubka<\/strong> (6m14) en sautant \u00e0 <strong>6m15 le 17 septembre \u00e0 Rome.<\/strong> Une ann\u00e9e vraiment exceptionnelle pour le Su\u00e9dois qui esp\u00e8re continuer sur sa lanc\u00e9e en 2021. Avec pour point d&rsquo;orgue : les JO de Tokyo.<\/p>\n<blockquote class=\"twitter-tweet\">\n<p dir=\"ltr\" lang=\"fr\">\u00c9norme Mondo Duplantis, qui s&#8217;empare du record du monde outdoor d\u00e9tenu par Sergue\u00ef Bubka &#x1f631;&#x1f631; <a href=\"https:\/\/twitter.com\/hashtag\/RomeDL?src=hash&amp;ref_src=twsrc%5Etfw\">#RomeDL<\/a><a href=\"https:\/\/t.co\/xQgH5Gex68\">https:\/\/t.co\/xQgH5Gex68<\/a><\/p>\n<p>\u2014 Dicodusport &#x2b50;&#x2b50; (@dicodusport) <a href=\"https:\/\/twitter.com\/dicodusport\/status\/1306660671547944960?ref_src=twsrc%5Etfw\">September 17, 2020<\/a><\/p><\/blockquote>\n<p><script async src=\"https:\/\/platform.twitter.com\/widgets.js\" charset=\"utf-8\"><\/script><\/p>\n<p style=\"text-align: center;\"><a href=\"http:\/\/dicodusport.fr\/blog\/retro-athletisme-8-faits-marquants-annee-2020-particuliere\/2\/#deux\" class=\"su-button su-button-style-flat\" style=\"color:#FFFFFF;background-color:#005f9b;border-color:#004c7c;border-radius:4px\" target=\"_self\"><span style=\"color:#FFFFFF;padding:0px 20px;font-size:16px;line-height:32px;border-color:#4d8fb9;border-radius:4px;text-shadow:none\"> Suivant<\/span><\/a><!--nextpage--><\/p>\n<h2 style=\"text-align: justify;\"><a id=\"deux\"><\/a>2 &#8211; Kibiwott Kandie explose le record du semi marathon<\/h2>\n<p style=\"text-align: justify;\">C&rsquo;est la performance la plus r\u00e9cente et c&rsquo;est une performance de choix. 57 minutes et 32 secondes c&rsquo;est le temps r\u00e9alis\u00e9 par le Kenyan <strong>Kibiwott Kandie<\/strong> pour effectuer 21.0975 kilom\u00e8tres. MONSTRUEUX. Il pulv\u00e9rise le record de Geoffrey Kamworor de 29 secondes ! Un chrono r\u00e9alis\u00e9 lors du dernier <strong>semi-marathon de Valence<\/strong> le 6 d\u00e9cembre dernier. Si le circuit ib\u00e9rique est r\u00e9put\u00e9 pour \u00eatre rapide et que les conditions \u00e9taient optimales, la performance n&rsquo;en reste pas moins \u00e9poustouflante.<\/p>\n<p style=\"text-align: justify;\">On serait tent\u00e9 de dire les performances car ils sont 4 athl\u00e8tes \u00e0 \u00eatre pass\u00e9s sous les 58 minutes lors de cette course. Une barri\u00e8re jamais franchie jusque-l\u00e0. <strong>Jacob Kiplimo<\/strong> (57&rsquo;35), <strong>Rhonex Kipruto<\/strong> (57&rsquo;49) et <strong>Alexander Mutiso<\/strong> (57&rsquo;59) ont donc eux aussi fait parler d&rsquo;eux lors de cet \u00e9v\u00e8nement. Et si la technologie vient se mettre \u00e9galement au service de ces athl\u00e8tes (et ce comme dans de nombreux autres sports), les chronos pourraient encore tomber en 2021 !<\/p>\n<blockquote class=\"twitter-tweet\">\n<p dir=\"ltr\" lang=\"fr\">Kibiwott Kandie explose le record du monde du semi-marathon &#x1f631;&#x1f631;<a href=\"https:\/\/t.co\/LLy8j0wtXv\">https:\/\/t.co\/LLy8j0wtXv<\/a><\/p>\n<p>\u2014 Dicodusport &#x2b50;&#x2b50; (@dicodusport) <a href=\"https:\/\/twitter.com\/dicodusport\/status\/1335503834521726977?ref_src=twsrc%5Etfw\">December 6, 2020<\/a><\/p><\/blockquote>\n<p><script async src=\"https:\/\/platform.twitter.com\/widgets.js\" charset=\"utf-8\"><\/script><\/p>\n<p style=\"text-align: center;\"><a href=\"http:\/\/dicodusport.fr\/blog\/retro-athletisme-8-faits-marquants-annee-2020-particuliere\/3\/#trois\" class=\"su-button su-button-style-flat\" style=\"color:#FFFFFF;background-color:#005f9b;border-color:#004c7c;border-radius:4px\" target=\"_self\"><span style=\"color:#FFFFFF;padding:0px 20px;font-size:16px;line-height:32px;border-color:#4d8fb9;border-radius:4px;text-shadow:none\"> Suivant<\/span><\/a>\n<p><!--nextpage--><\/p>\n<h2 style=\"text-align: justify;\"><a id=\"trois\"><\/a>3 &#8211; Des \u00e9v\u00e8nements majeurs annul\u00e9s ou repouss\u00e9s<\/h2>\n<p style=\"text-align: justify;\">C&rsquo;est un fait, la crise sanitaire n&rsquo;a \u00e9pargn\u00e9 personne et le monde du sport n&rsquo;en fait pas exception. Si des comp\u00e9titions majeures ont \u00e9t\u00e9 repouss\u00e9es \u00e0 l&rsquo;instar de l&rsquo;Euro de football, l&rsquo;athl\u00e9tisme a fortement \u00e9t\u00e9 impact\u00e9e. Il est question bien entendu <strong>du report des Jeux Olympiques de Tokyo<\/strong> o\u00f9 l&rsquo;athl\u00e9tisme fait figure de sport majeur. Ces derniers qui doivent avoir lieu cet \u00e9t\u00e9 sont encore en suspens. En ao\u00fbt dernier ce sont les <strong>Championnats d&rsquo;Europe<\/strong> qui ont tout simplement \u00e9t\u00e9 annul\u00e9s. Ces derniers devaient se tenir \u00e0 <strong>Paris<\/strong> o\u00f9 un 10km grand public et des \u00e9preuves au c\u0153ur de la ville \u00e9taient pr\u00e9vus.<\/p>\n<p style=\"text-align: justify;\">Dernier report en date, <strong>les Championnats du Monde en salle de Nanjing<\/strong> (Chine). Initialement pr\u00e9vus en mars 2020, ils avaient \u00e9t\u00e9 d\u00e9cal\u00e9s en 2021. Finalement ils sont reprogramm\u00e9s&#8230; en 2023. Une saison des plus frustrantes donc et un horizon \u00e0 court terme gu\u00e8re r\u00e9jouissant. On garde tout de m\u00eame espoir pour vibrer au plus vite !<\/p>\n<blockquote class=\"twitter-tweet\">\n<p dir=\"ltr\" lang=\"fr\">Athl\u00e9tisme\/coronavirus: Les Mondiaux en salle pr\u00e9vus en Chine en mars 2021 sont annul\u00e9s (World Athletics) <a href=\"https:\/\/twitter.com\/hashtag\/AFP?src=hash&amp;ref_src=twsrc%5Etfw\">#AFP<\/a> <a href=\"https:\/\/twitter.com\/hashtag\/AFPSports?src=hash&amp;ref_src=twsrc%5Etfw\">#AFPSports<\/a> <a href=\"https:\/\/t.co\/h1vflmmh0v\">pic.twitter.com\/h1vflmmh0v<\/a><\/p>\n<p>\u2014 Agence France-Presse (@afpfr) <a href=\"https:\/\/twitter.com\/afpfr\/status\/1336948393256611840?ref_src=twsrc%5Etfw\">December 10, 2020<\/a><\/p><\/blockquote>\n<p><script async src=\"https:\/\/platform.twitter.com\/widgets.js\" charset=\"utf-8\"><\/script><\/p>\n<p style=\"text-align: center;\"><a href=\"http:\/\/dicodusport.fr\/blog\/retro-athletisme-8-faits-marquants-annee-2020-particuliere\/4\/#quatre\" class=\"su-button su-button-style-flat\" style=\"color:#FFFFFF;background-color:#005f9b;border-color:#004c7c;border-radius:4px\" target=\"_self\"><span style=\"color:#FFFFFF;padding:0px 20px;font-size:16px;line-height:32px;border-color:#4d8fb9;border-radius:4px;text-shadow:none\"> Suivant<\/span><\/a>\n<p><!--nextpage--><\/p>\n<h2 style=\"text-align: justify;\">4 &#8211; Mo Farah, un retour sur piste triomphal<\/h2>\n<p style=\"text-align: justify;\">Un retour fracassant. L\u2019athl\u00e8te britannique qui avait d\u00e9laiss\u00e9 la piste pour le bitume depuis 2017 est revenu \u00e0 ses premiers amours. Et le moins que l&rsquo;on puisse dire et qu&rsquo;il n&rsquo;a pas fait les choses \u00e0 moiti\u00e9. Son fait d&rsquo;arme ? Tout simplement avoir battu <strong>le record du monde de l&rsquo;heure en parcourant 21.330 km.<\/strong> Monstrueux. Par cette performance, <strong>Mo Farah<\/strong> efface du livre des records une autre l\u00e9gende. Il s&rsquo;agit de l\u2019Ethiopien <strong>Haile Gebreselassie,<\/strong> qui avait parcouru 21,285 km en soixante minutes, le 27 juin 2007.<\/p>\n<p style=\"text-align: justify;\">S&rsquo;il n&rsquo;a pas sembl\u00e9 \u00eatre perturb\u00e9 par le manque d&rsquo;ambiance, cette performance aurait m\u00e9rit\u00e9 la pr\u00e9sence du public. En effet pour cause de coronavirus, le stade du roi Baudoin de Bruxelles sonnait bien vide.\u00a0 <strong><em>\u00ab<\/em><\/strong> <em><strong>Je suis tr\u00e8s heureux ce soir, c\u2019est une belle fa\u00e7on de montrer aux gens ce qui est possible \u00bb.<\/strong>\u00a0<\/em>Ce sont notamment les paroles prononc\u00e9es par l&rsquo;athl\u00e8te d&rsquo;origine somalienne. Sans doute qu&rsquo;il aimerait montrer aux gens que c&rsquo;est possible pour lui \u00e9galement d&rsquo;obtenir une nouveau titre olympique cet \u00e9t\u00e9. Son objectif \u00e9tant d&rsquo;obtenir la m\u00e9daille d&rsquo;or sur 10 000 m. Et \u00e0 ce rythme, il fait figure de tr\u00e8s grand favori.<\/p>\n<blockquote class=\"twitter-tweet\">\n<p dir=\"ltr\" lang=\"fr\">Meeting de Bruxelles : Mo Farah et Sifan Hassan font tomber les records de l&rsquo;heure &#8211; Dicodusport <a href=\"https:\/\/t.co\/I4dHm7itMt\">https:\/\/t.co\/I4dHm7itMt<\/a><\/p>\n<p>\u2014 Athl\u00e9tisme news (@Athletisme_News) <a href=\"https:\/\/twitter.com\/Athletisme_News\/status\/1302210880910757889?ref_src=twsrc%5Etfw\">September 5, 2020<\/a><\/p><\/blockquote>\n<p><script async src=\"https:\/\/platform.twitter.com\/widgets.js\" charset=\"utf-8\"><\/script><\/p>\n<p style=\"text-align: center;\"><a href=\"http:\/\/dicodusport.fr\/blog\/retro-athletisme-8-faits-marquants-annee-2020-particuliere\/5\/#cinq\" class=\"su-button su-button-style-flat\" style=\"color:#FFFFFF;background-color:#005f9b;border-color:#004c7c;border-radius:4px\" target=\"_self\"><span style=\"color:#FFFFFF;padding:0px 20px;font-size:16px;line-height:32px;border-color:#4d8fb9;border-radius:4px;text-shadow:none\"> Suivant<\/span><\/a>\n<p><!--nextpage--><\/p>\n<h2 style=\"text-align: justify;\"><a id=\"cinq\"><\/a>5 &#8211; Warholm et Vetter, tout pr\u00e8s des l\u00e9gendes<\/h2>\n<p style=\"text-align: justify;\">Pour le premier ce n&rsquo;est qu&rsquo;une question de temps. Tout d&rsquo;abord parce qu&rsquo;il est pass\u00e9 \u00e0 seulement 9 centi\u00e8mes du record du monde du 400 m haies. Un record d\u00e9tenu par <strong>Kevin Young<\/strong> depuis les <strong>JO de Barcelone en&#8230; 1992<\/strong> ! Autant dire que le Norv\u00e9gien de 24 ans est pass\u00e9 tr\u00e8s tr\u00e8s pr\u00e8s d&rsquo;un v\u00e9ritable exploit. Avec un chrono de<strong> 46.87<\/strong>, il est bien entendu d\u00e9tenteur du record d&rsquo;Europe. Et il ne s&rsquo;agit \u00e0 priori que d&rsquo;une question de temps \u00e9galement pour qu&rsquo;il tr\u00f4ne au sommet de la discipline. En effet, le double champion du monde en titre pouvait tout de m\u00eame se montrer frustr\u00e9 \u00e0 l&rsquo;issue de sa performance \u00e0 <strong>Stockholm<\/strong> en ao\u00fbt dernier. Une erreur sur la derni\u00e8re haie lui co\u00fbta sans doute le record mondial. Mais \u00e0 n&rsquo;en pas douter il faudra encore compter sur lui en 2021 !<\/p>\n<blockquote class=\"twitter-tweet\">\n<p dir=\"ltr\" lang=\"fr\">Karsten Warholm \u00e9tait tout pr\u00e8s de faire tomber un record du monde vieux de 28 ans &#x1f631; <a href=\"https:\/\/twitter.com\/hashtag\/Athletisme?src=hash&amp;ref_src=twsrc%5Etfw\">#Athletisme<\/a><a href=\"https:\/\/t.co\/j1wS8fZhbW\">https:\/\/t.co\/j1wS8fZhbW<\/a><\/p>\n<p>\u2014 Dicodusport &#x2b50;&#x2b50; (@dicodusport) <a href=\"https:\/\/twitter.com\/dicodusport\/status\/1297570694553899011?ref_src=twsrc%5Etfw\">August 23, 2020<\/a><\/p><\/blockquote>\n<p><script async src=\"https:\/\/platform.twitter.com\/widgets.js\" charset=\"utf-8\"><\/script><\/p>\n<p style=\"text-align: justify;\">Concernant le second c&rsquo;est \u00e9galement un record du monde vieux de 24 ans qui \u00e9tait proche de tomber. On parle ici de celui du javelot d\u00e9tenu par <strong><span id=\"dscexpitem_2026503374_57\"><span id=\"infoc_56\">Jan \u017delezn\u00fd<\/span><\/span><\/strong> avec <strong>98m48<\/strong>. Avec un lancer \u00e0 <strong>97m76<\/strong>, <strong>Johannes Vetter<\/strong> s&rsquo;est rapproch\u00e9 de la l\u00e9gende. Le champion du monde de 2017 \u00e9tait d\u00e9j\u00e0 le second performeur mondial de tous les temps. Mais \u00e0 l&rsquo;issue de se lancer il a am\u00e9lior\u00e9 son record de plus de 3 m\u00e8tres. De quoi faire le plein de confiance en vue des JO de Tokyo.<\/p>\n<p style=\"text-align: center;\"><a href=\"http:\/\/dicodusport.fr\/blog\/retro-athletisme-8-faits-marquants-annee-2020-particuliere\/6\/#six\" class=\"su-button su-button-style-flat\" style=\"color:#FFFFFF;background-color:#005f9b;border-color:#004c7c;border-radius:4px\" target=\"_self\"><span style=\"color:#FFFFFF;padding:0px 20px;font-size:16px;line-height:32px;border-color:#4d8fb9;border-radius:4px;text-shadow:none\"> Suivant<\/span><\/a>\n<p><!--nextpage--><\/p>\n<h2 style=\"text-align: justify;\"><a id=\"six\"><\/a>6 &#8211; Kilian Jornet s&rsquo;essaie au bitume<\/h2>\n<p style=\"text-align: justify;\">On ne le pr\u00e9sente plus. L&rsquo;ultra trailer le plus connu et reconnu de la plan\u00e8te a un palmar\u00e8s et des exploits \u00e0 son actif long comme le bras. Mais ce friand d&rsquo;exploit en tout genre s&rsquo;est essay\u00e9 \u00e0 une autre discipline en cette ann\u00e9e 2020. Avec deux objectifs en t\u00eate. Le premier, prendre part \u00e0 un 10 kilom\u00e8tres sur route avec ambition de descendre sous les 30 minutes. \u00c0 <strong>Hole en Norv\u00e8ge<\/strong> en octobre dernier il r\u00e9alisa&#8230; <strong>29&rsquo;59 !<\/strong> Un chrono satisfaisant donc pour l&rsquo;Espagnol. Mais secr\u00e8tement il s&rsquo;attendait \u00e0 mieux et visait les 29&rsquo;30. Il termina 18\u00e8me \u00e0 un peu plus d&rsquo;une minute du vainqueur. Et visiblement bless\u00e9 \u00e0 l&rsquo;issue de la course. Mais il en allait pas en rester l\u00e0.<\/p>\n<p style=\"text-align: justify;\">Son second objectif ? Battre le record du monde des 24h sur piste. Un record d\u00e9tenu depuis 23 ans par <strong>Yiannis Kourios avec 303.56 km<\/strong>. Pourtant pas dans une forme optimale, l&rsquo;Ib\u00e9rique tenta ce pari un peu fou. Et ce d\u00e9fi a tourn\u00e9 court \u00e0 la mi-course.<strong> Apr\u00e8s 10h24 de course et 134,8 km<\/strong>, <a href=\"https:\/\/dicodusport.fr\/blog\/kilian-jornet-une-tentative-de-record-qui-tourne-court\/\">le Catalan \u00e9tait contraint \u00e0 l&rsquo;abandon.<\/a> Une parenth\u00e8se qu&rsquo;il rouvrira peut-\u00eatre dans le futur. Mais sans doute avec un peu plus de recul, et une pr\u00e9paration adapt\u00e9e en cons\u00e9quence.<\/p>\n<blockquote class=\"twitter-tweet\">\n<p dir=\"ltr\" lang=\"fr\">Engag\u00e9 sur le record du monde des 24 heures sur piste, Kilian Jornet a mis la fl\u00e8che apr\u00e8s 10h24 de course &#x1f937;&#x200d;&#x2642;&#xfe0f; <a href=\"https:\/\/t.co\/wmE771WVNi\">https:\/\/t.co\/wmE771WVNi<\/a><\/p>\n<p>\u2014 Dicodusport &#x2b50;&#x2b50; (@dicodusport) <a href=\"https:\/\/twitter.com\/dicodusport\/status\/1332666380743823360?ref_src=twsrc%5Etfw\">November 28, 2020<\/a><\/p><\/blockquote>\n<p><script async src=\"https:\/\/platform.twitter.com\/widgets.js\" charset=\"utf-8\"><\/script><\/p>\n<p style=\"text-align: center;\"><a href=\"http:\/\/dicodusport.fr\/blog\/retro-athletisme-8-faits-marquants-annee-2020-particuliere\/7\/#sept\" class=\"su-button su-button-style-flat\" style=\"color:#FFFFFF;background-color:#005f9b;border-color:#004c7c;border-radius:4px\" target=\"_self\"><span style=\"color:#FFFFFF;padding:0px 20px;font-size:16px;line-height:32px;border-color:#4d8fb9;border-radius:4px;text-shadow:none\"> Suivant<\/span><\/a>\n<p><!--nextpage--><\/p>\n<h2 style=\"text-align: justify;\"><a id=\"sept\"><\/a>7 &#8211; Rojas et Gidey \u00e0 l&rsquo;honneur chez les femmes<\/h2>\n<p style=\"text-align: justify;\">Si les performances masculines sont \u00e0 l&rsquo;honneur, les femmes ne sont bien entendu pas en reste. <a href=\"https:\/\/dicodusport.fr\/blog\/world-athletics-awards-yulimar-rojas-et-armand-duplantis-recompenses\/\">Fra\u00eechement \u00e9lue athl\u00e8te f\u00e9minine de l&rsquo;ann\u00e9e,<\/a> la V\u00e9n\u00e9zulienne <strong>Yulimar Rojas <\/strong>a fait parler d&rsquo;elle en 2020. En effet, elle a tout simplement battu le <strong>record du monde du triple saut en salle<\/strong> avec un bond mesur\u00e9 \u00e0 15,43 m. Et elle ne compte pas s&rsquo;arr\u00eater l\u00e0. Celle qui se consid\u00e8re comme une <em>\u00ab<\/em> <em>guerri\u00e8re \u00bb<\/em> a des grandes ambitions. Elle souhaite <em>\u00ab <\/em><em><strong>devenir la 1ere femme \u00e0 sauter au-del\u00e0 des 16 m\u00e8tres \u00bb<\/strong><\/em>. Si pareille performance est r\u00e9ussie, nul doute qu&rsquo;elle sera en t\u00eate de notre top l&rsquo;ann\u00e9e concern\u00e9e !<\/p>\n<blockquote class=\"twitter-tweet\">\n<p dir=\"ltr\" lang=\"fr\">Rojas et Duplantis \u00e9lus athl\u00e8tes de l&rsquo;ann\u00e9e 2020 &#x1f3c5; <a href=\"https:\/\/twitter.com\/hashtag\/WorldAthleticsAwards?src=hash&amp;ref_src=twsrc%5Etfw\">#WorldAthleticsAwards<\/a><a href=\"https:\/\/t.co\/oHmplk5gNR\">https:\/\/t.co\/oHmplk5gNR<\/a><\/p>\n<p>\u2014 Dicodusport &#x2b50;&#x2b50; (@dicodusport) <a href=\"https:\/\/twitter.com\/dicodusport\/status\/1335950355004346368?ref_src=twsrc%5Etfw\">December 7, 2020<\/a><\/p><\/blockquote>\n<p><script async src=\"https:\/\/platform.twitter.com\/widgets.js\" charset=\"utf-8\"><\/script><\/p>\n<p style=\"text-align: justify;\">En demi-fond, <span class=\"ILfuVd\"><span class=\"hgKElc\"><strong>Letesenbet Gidey<\/strong> a battu le <b>record<\/b> du monde du <b>5000 m<\/b> en 14&rsquo;06.62 \u00e0 Valence. L\u2019\u00c9thiopienne efface ainsi des tablettes sa compatriote <strong>Tirunesh Dibaba<\/strong>, qui avait parcouru la distance en 14&rsquo;11.15 en 2008. \u00c2g\u00e9e de 22 ans, elle est destin\u00e9e \u00e0 un tr\u00e8s bel avenir.<\/span><\/span><\/p>\n<p style=\"text-align: center;\"><a href=\"http:\/\/dicodusport.fr\/blog\/retro-athletisme-8-faits-marquants-annee-2020-particuliere\/8\/#huit\" class=\"su-button su-button-style-flat\" style=\"color:#FFFFFF;background-color:#005f9b;border-color:#004c7c;border-radius:4px\" target=\"_self\"><span style=\"color:#FFFFFF;padding:0px 20px;font-size:16px;line-height:32px;border-color:#4d8fb9;border-radius:4px;text-shadow:none\"> Suivant<\/span><\/a>\n<p><!--nextpage--><\/p>\n<h2 style=\"text-align: justify;\"><a id=\"huit\"><\/a>8 &#8211; Insolite : Le concours de saut \u00e0 la perche de Lavillenie<\/h2>\n<p style=\"text-align: justify;\">Pour terminer ces faits marquants, nous concluons sur une note insolite. S&rsquo;il a perdu son record du monde en 2020, <strong>Renaud Lavillenie<\/strong> n&rsquo;en a pas perdu pour autant son esprit de comp\u00e9tition. Avec le <strong>Ultimate Garden Clash<\/strong>, il l&rsquo;a ainsi d\u00e9montr\u00e9. L&rsquo;objectif ? Franchir le maximum de barres \u00e0 5 m en l&rsquo;espace de 30 minutes. Dans leurs (tr\u00e8s grands) espaces personnels respectifs, <strong>Lavillenie, Duplantis et Kendricks<\/strong> se sont donc affront\u00e9s.<\/p>\n<p style=\"text-align: justify;\">Et pour la petite histoire le Fran\u00e7ais et le Su\u00e9dois sont sortis vainqueurs avec <strong>36 sauts r\u00e9alis\u00e9s contre 26 pour l&rsquo;Am\u00e9ricain<\/strong>. Ce concours fut suivi par plus de 20 000 personnes en simultan\u00e9. Et plusieurs centaines de milliers de vues sont \u00e0 recenser par la suite. Le pr\u00e9sident de la f\u00e9d\u00e9ration internationale y \u00e9tant m\u00eame all\u00e9 de son petit mot. <strong>Sebastian Coe,<\/strong> a suivi la comp\u00e9tition sur internet et f\u00e9licit\u00e9 les trois athl\u00e8tes pour <em><strong>\u00ab cette formidable initiative, vraiment sympa et innovante. Cela a permis de ramener de l\u2019athl\u00e9tisme en direct pendant le confinement. \u00bb<\/strong><\/em><\/p>\n<p style=\"text-align: center;\"><a href=\"http:\/\/dicodusport.fr\/blog\/retro-athletisme-8-faits-marquants-annee-2020-particuliere\/\" class=\"su-button su-button-style-flat\" style=\"color:#FFFFFF;background-color:#005f9b;border-color:#004c7c;border-radius:4px\" target=\"_self\"><span style=\"color:#FFFFFF;padding:0px 20px;font-size:16px;line-height:32px;border-color:#4d8fb9;border-radius:4px;text-shadow:none\"> Revenir au d\u00e9but<\/span><\/a>\n<p><strong><em>Julien Correia<br \/>\n<a href=\"https:\/\/www.facebook.com\/julien.correia.52\" target=\"_blank\" rel=\"noopener noreferrer\"><img loading=\"lazy\" decoding=\"async\" class=\"alignnone wp-image-2909\" src=\"http:\/\/dicodusport.fr\/blog\/wp-content\/uploads\/2017\/07\/logo-facebook-150x150.png\" alt=\"\" width=\"40\" height=\"40\" \/><\/a><a href=\"https:\/\/twitter.com\/julienco_psg70\" target=\"_blank\" rel=\"noopener noreferrer\"><img loading=\"lazy\" decoding=\"async\" class=\"alignnone wp-image-2908\" src=\"http:\/\/dicodusport.fr\/blog\/wp-content\/uploads\/2017\/07\/logo-twitter-150x150.png\" alt=\"\" width=\"39\" height=\"39\" \/><\/a><\/em><\/strong><\/p>\n<p>&nbsp;<\/p>\n","protected":false},"excerpt":{"rendered":"<p>ATHL\u00c9TISME &#8211; L&rsquo;heure est au bilan. Si l&rsquo;ann\u00e9e 2020 aura bien entendu \u00e9t\u00e9 particuli\u00e8re en raison de la crise sanitaire, certains athl\u00e8tes se sont tout de m\u00eame distingu\u00e9s. Tour d&rsquo;horizon complet sur les faits majeurs ayant marqu\u00e9 l&rsquo;athl\u00e9tisme en 2020.<\/p>\n","protected":false},"author":37,"featured_media":94969,"comment_status":"open","ping_status":"closed","sticky":false,"template":"","format":"standard","meta":{"_acf_changed":false,"_daextam_enable_autolinks":"","footnotes":""},"categories":[2308],"tags":[5220,143,4231,24],"class_list":["post-93416","post","type-post","status-publish","format-standard","has-post-thumbnail","hentry","category-athletisme","tag-armand-duplantis","tag-athletisme","tag-kilian-jornet","tag-sport"],"acf":[],"yoast_head":"<!-- This site is optimized with the Yoast SEO Premium plugin v26.7 (Yoast SEO v26.7) - https:\/\/yoast.com\/wordpress\/plugins\/seo\/ -->\n<title>R\u00e9tro Athl\u00e9tisme : Les 8 faits marquants d&#039;une ann\u00e9e 2020 particuli\u00e8re<\/title>\n<meta name=\"description\" content=\"ATHL\u00c9TISME - L&#039;heure est au bilan, tour d&#039;horizon complet sur les faits majeurs de l&#039;athl\u00e9tisme ayant marqu\u00e9 l&#039;ann\u00e9e 2020.\" \/>\n<meta name=\"robots\" content=\"index, follow, max-snippet:-1, max-image-preview:large, max-video-preview:-1\" \/>\n<link rel=\"canonical\" href=\"https:\/\/dicodusport.fr\/blog\/retro-athletisme-8-faits-marquants-annee-2020-particuliere\/\" \/>\n<link rel=\"next\" href=\"https:\/\/dicodusport.fr\/blog\/retro-athletisme-8-faits-marquants-annee-2020-particuliere\/2\/\" \/>\n<meta property=\"og:locale\" content=\"fr_FR\" \/>\n<meta property=\"og:type\" content=\"article\" \/>\n<meta property=\"og:title\" content=\"R\u00e9tro Athl\u00e9tisme : Les 8 faits marquants d&#039;une ann\u00e9e 2020 particuli\u00e8re\" \/>\n<meta property=\"og:description\" content=\"ATHL\u00c9TISME - L&#039;heure est au bilan, tour d&#039;horizon complet sur les faits majeurs de l&#039;athl\u00e9tisme ayant marqu\u00e9 l&#039;ann\u00e9e 2020.\" \/>\n<meta property=\"og:url\" content=\"https:\/\/dicodusport.fr\/blog\/retro-athletisme-8-faits-marquants-annee-2020-particuliere\/\" \/>\n<meta property=\"og:site_name\" content=\"Dicodusport\" \/>\n<meta property=\"article:publisher\" content=\"https:\/\/www.facebook.com\/dicodusport\" \/>\n<meta property=\"article:author\" content=\"https:\/\/www.facebook.com\/julien.correia.52\" \/>\n<meta property=\"article:published_time\" content=\"2020-12-23T12:07:17+00:00\" \/>\n<meta property=\"article:modified_time\" content=\"2020-12-25T18:15:23+00:00\" \/>\n<meta property=\"og:image\" content=\"https:\/\/dicodusport.fr\/blog\/wp-content\/uploads\/2020\/12\/R\u00e9tro-Athl\u00e9tisme-Les-8-faits-marquants-dune-ann\u00e9e-2020-particuli\u00e8re.png\" \/>\n\t<meta property=\"og:image:width\" content=\"800\" \/>\n\t<meta property=\"og:image:height\" content=\"445\" \/>\n\t<meta property=\"og:image:type\" content=\"image\/png\" \/>\n<meta name=\"author\" content=\"Julien Correia\" \/>\n<meta name=\"twitter:card\" content=\"summary_large_image\" \/>\n<meta name=\"twitter:title\" content=\"R\u00e9tro Athl\u00e9tisme : Les 8 faits marquants d&#039;une ann\u00e9e 2020 particuli\u00e8re\" \/>\n<meta name=\"twitter:creator\" content=\"@https:\/\/twitter.com\/julienco_psg70\" \/>\n<meta name=\"twitter:site\" content=\"@dicodusport\" \/>\n<script type=\"application\/ld+json\" class=\"yoast-schema-graph\">{\"@context\":\"https:\/\/schema.org\",\"@graph\":[{\"@type\":\"NewsArticle\",\"@id\":\"https:\/\/dicodusport.fr\/blog\/retro-athletisme-8-faits-marquants-annee-2020-particuliere\/#article\",\"isPartOf\":{\"@id\":\"https:\/\/dicodusport.fr\/blog\/retro-athletisme-8-faits-marquants-annee-2020-particuliere\/\"},\"author\":{\"name\":\"Julien Correia\",\"@id\":\"https:\/\/dicodusport.fr\/blog\/#\/schema\/person\/0f73d157e4670e108e23009fa82f2239\"},\"headline\":\"R\u00e9tro Athl\u00e9tisme : Les 8 faits marquants d&rsquo;une ann\u00e9e 2020 particuli\u00e8re\",\"datePublished\":\"2020-12-23T12:07:17+00:00\",\"dateModified\":\"2020-12-25T18:15:23+00:00\",\"mainEntityOfPage\":{\"@id\":\"https:\/\/dicodusport.fr\/blog\/retro-athletisme-8-faits-marquants-annee-2020-particuliere\/\"},\"wordCount\":2057,\"commentCount\":0,\"publisher\":{\"@id\":\"https:\/\/dicodusport.fr\/blog\/#organization\"},\"image\":{\"@id\":\"https:\/\/dicodusport.fr\/blog\/retro-athletisme-8-faits-marquants-annee-2020-particuliere\/#primaryimage\"},\"thumbnailUrl\":\"https:\/\/dicodusport.fr\/blog\/wp-content\/uploads\/2020\/12\/R\u00e9tro-Athl\u00e9tisme-Les-8-faits-marquants-dune-ann\u00e9e-2020-particuli\u00e8re.png\",\"keywords\":[\"Armand Duplantis\",\"Athl\u00e9tisme\",\"Kilian Jornet\",\"sport\"],\"articleSection\":[\"Athl\u00e9tisme\"],\"inLanguage\":\"fr-FR\",\"potentialAction\":[{\"@type\":\"CommentAction\",\"name\":\"Comment\",\"target\":[\"https:\/\/dicodusport.fr\/blog\/retro-athletisme-8-faits-marquants-annee-2020-particuliere\/#respond\"]}],\"copyrightYear\":\"2020\",\"copyrightHolder\":{\"@id\":\"https:\/\/dicodusport.fr\/blog\/#organization\"}},{\"@type\":\"WebPage\",\"@id\":\"https:\/\/dicodusport.fr\/blog\/retro-athletisme-8-faits-marquants-annee-2020-particuliere\/\",\"url\":\"https:\/\/dicodusport.fr\/blog\/retro-athletisme-8-faits-marquants-annee-2020-particuliere\/\",\"name\":\"R\u00e9tro Athl\u00e9tisme : Les 8 faits marquants d'une ann\u00e9e 2020 particuli\u00e8re\",\"isPartOf\":{\"@id\":\"https:\/\/dicodusport.fr\/blog\/#website\"},\"primaryImageOfPage\":{\"@id\":\"https:\/\/dicodusport.fr\/blog\/retro-athletisme-8-faits-marquants-annee-2020-particuliere\/#primaryimage\"},\"image\":{\"@id\":\"https:\/\/dicodusport.fr\/blog\/retro-athletisme-8-faits-marquants-annee-2020-particuliere\/#primaryimage\"},\"thumbnailUrl\":\"https:\/\/dicodusport.fr\/blog\/wp-content\/uploads\/2020\/12\/R\u00e9tro-Athl\u00e9tisme-Les-8-faits-marquants-dune-ann\u00e9e-2020-particuli\u00e8re.png\",\"datePublished\":\"2020-12-23T12:07:17+00:00\",\"dateModified\":\"2020-12-25T18:15:23+00:00\",\"description\":\"ATHL\u00c9TISME - L'heure est au bilan, tour d'horizon complet sur les faits majeurs de l'athl\u00e9tisme ayant marqu\u00e9 l'ann\u00e9e 2020.\",\"inLanguage\":\"fr-FR\",\"potentialAction\":[{\"@type\":\"ReadAction\",\"target\":[\"https:\/\/dicodusport.fr\/blog\/retro-athletisme-8-faits-marquants-annee-2020-particuliere\/\"]}]},{\"@type\":\"ImageObject\",\"inLanguage\":\"fr-FR\",\"@id\":\"https:\/\/dicodusport.fr\/blog\/retro-athletisme-8-faits-marquants-annee-2020-particuliere\/#primaryimage\",\"url\":\"https:\/\/dicodusport.fr\/blog\/wp-content\/uploads\/2020\/12\/R\u00e9tro-Athl\u00e9tisme-Les-8-faits-marquants-dune-ann\u00e9e-2020-particuli\u00e8re.png\",\"contentUrl\":\"https:\/\/dicodusport.fr\/blog\/wp-content\/uploads\/2020\/12\/R\u00e9tro-Athl\u00e9tisme-Les-8-faits-marquants-dune-ann\u00e9e-2020-particuli\u00e8re.png\",\"width\":800,\"height\":445,\"caption\":\"R\u00e9tro Athl\u00e9tisme - Les 8 faits marquants d'une ann\u00e9e 2020 particuli\u00e8re\"},{\"@type\":\"WebSite\",\"@id\":\"https:\/\/dicodusport.fr\/blog\/#website\",\"url\":\"https:\/\/dicodusport.fr\/blog\/\",\"name\":\"Dicodusport\",\"description\":\"L&#039;encyclop\u00e9die de l&#039;actualit\u00e9 sportive\",\"publisher\":{\"@id\":\"https:\/\/dicodusport.fr\/blog\/#organization\"},\"potentialAction\":[{\"@type\":\"SearchAction\",\"target\":{\"@type\":\"EntryPoint\",\"urlTemplate\":\"https:\/\/dicodusport.fr\/blog\/?s={search_term_string}\"},\"query-input\":{\"@type\":\"PropertyValueSpecification\",\"valueRequired\":true,\"valueName\":\"search_term_string\"}}],\"inLanguage\":\"fr-FR\"},{\"@type\":\"NewsMediaOrganization\",\"@id\":\"https:\/\/dicodusport.fr\/blog\/#organization\",\"name\":\"Dicodusport\",\"url\":\"https:\/\/dicodusport.fr\/blog\/\",\"logo\":{\"@type\":\"ImageObject\",\"inLanguage\":\"fr-FR\",\"@id\":\"https:\/\/dicodusport.fr\/blog\/#\/schema\/logo\/image\/\",\"url\":\"https:\/\/dicodusport.fr\/blog\/wp-content\/uploads\/2020\/06\/cropped-LOGO-DICODUSPORT-2020-SANS-FOND-SANS-TEXTE.png\",\"contentUrl\":\"https:\/\/dicodusport.fr\/blog\/wp-content\/uploads\/2020\/06\/cropped-LOGO-DICODUSPORT-2020-SANS-FOND-SANS-TEXTE.png\",\"width\":512,\"height\":512,\"caption\":\"Dicodusport\"},\"image\":{\"@id\":\"https:\/\/dicodusport.fr\/blog\/#\/schema\/logo\/image\/\"},\"sameAs\":[\"https:\/\/www.facebook.com\/dicodusport\",\"https:\/\/x.com\/dicodusport\",\"https:\/\/www.instagram.com\/dicodusport\/\",\"https:\/\/www.youtube.com\/channel\/UC7V2KZ5sd3htJivAbA4ZG3w\"],\"description\":\"Dicodusport est l'encyclop\u00e9die de l'actualit\u00e9 sportive.\",\"email\":\"bonjour@dicodusport.fr\",\"legalName\":\"DICODUSPORT\",\"foundingDate\":\"2018-01-14\",\"vatID\":\"FR71834470973\",\"taxID\":\"83447097300043\",\"numberOfEmployees\":{\"@type\":\"QuantitativeValue\",\"minValue\":\"1\",\"maxValue\":\"10\"}},{\"@type\":\"Person\",\"@id\":\"https:\/\/dicodusport.fr\/blog\/#\/schema\/person\/0f73d157e4670e108e23009fa82f2239\",\"name\":\"Julien Correia\",\"image\":{\"@type\":\"ImageObject\",\"inLanguage\":\"fr-FR\",\"@id\":\"https:\/\/dicodusport.fr\/blog\/#\/schema\/person\/image\/\",\"url\":\"https:\/\/dicodusport.fr\/blog\/wp-content\/uploads\/2021\/05\/Julien-Correia-150x150.jpg\",\"contentUrl\":\"https:\/\/dicodusport.fr\/blog\/wp-content\/uploads\/2021\/05\/Julien-Correia-150x150.jpg\",\"caption\":\"Julien Correia\"},\"description\":\"Journaliste\/r\u00e9dacteur depuis janvier 2019 - Tomb\u00e9 dans le monde du ballon rond \u00e9tant petit, j\u2019aurais pu devenir pro sans ces foutus ligaments crois\u00e9s. D\u00e9filant sur les champs (mais pas Elys\u00e9es) en 98, j\u2019ai \u00e9t\u00e9 berc\u00e9 par les exploits de Mister George, piqu\u00e9 par la technique du Snake, grandi avec Captain Rai et Ronnie, m\u00fbri avec Pauleta et Edi. Mais Ibracadabra, je suis d\u00e9sormais reconverti en runner\/traileur. Moins rapide que Bolt et moins endurant que Jornet, c\u2019est donc plume \u00e0 la main que je partage les exploits de ces athl\u00e8tes !\",\"sameAs\":[\"https:\/\/www.facebook.com\/julien.correia.52\",\"https:\/\/x.com\/https:\/\/twitter.com\/julienco_psg70\"],\"url\":\"https:\/\/dicodusport.fr\/blog\/author\/julien-c\/\"}]}<\/script>\n<!-- \/ Yoast SEO Premium plugin. -->","yoast_head_json":{"title":"R\u00e9tro Athl\u00e9tisme : Les 8 faits marquants d'une ann\u00e9e 2020 particuli\u00e8re","description":"ATHL\u00c9TISME - L'heure est au bilan, tour d'horizon complet sur les faits majeurs de l'athl\u00e9tisme ayant marqu\u00e9 l'ann\u00e9e 2020.","robots":{"index":"index","follow":"follow","max-snippet":"max-snippet:-1","max-image-preview":"max-image-preview:large","max-video-preview":"max-video-preview:-1"},"canonical":"https:\/\/dicodusport.fr\/blog\/retro-athletisme-8-faits-marquants-annee-2020-particuliere\/","next":"https:\/\/dicodusport.fr\/blog\/retro-athletisme-8-faits-marquants-annee-2020-particuliere\/2\/","og_locale":"fr_FR","og_type":"article","og_title":"R\u00e9tro Athl\u00e9tisme : Les 8 faits marquants d'une ann\u00e9e 2020 particuli\u00e8re","og_description":"ATHL\u00c9TISME - L'heure est au bilan, tour d'horizon complet sur les faits majeurs de l'athl\u00e9tisme ayant marqu\u00e9 l'ann\u00e9e 2020.","og_url":"https:\/\/dicodusport.fr\/blog\/retro-athletisme-8-faits-marquants-annee-2020-particuliere\/","og_site_name":"Dicodusport","article_publisher":"https:\/\/www.facebook.com\/dicodusport","article_author":"https:\/\/www.facebook.com\/julien.correia.52","article_published_time":"2020-12-23T12:07:17+00:00","article_modified_time":"2020-12-25T18:15:23+00:00","og_image":[{"width":800,"height":445,"url":"https:\/\/dicodusport.fr\/blog\/wp-content\/uploads\/2020\/12\/R\u00e9tro-Athl\u00e9tisme-Les-8-faits-marquants-dune-ann\u00e9e-2020-particuli\u00e8re.png","type":"image\/png"}],"author":"Julien Correia","twitter_card":"summary_large_image","twitter_title":"R\u00e9tro Athl\u00e9tisme : Les 8 faits marquants d'une ann\u00e9e 2020 particuli\u00e8re","twitter_creator":"@https:\/\/twitter.com\/julienco_psg70","twitter_site":"@dicodusport","schema":{"@context":"https:\/\/schema.org","@graph":[{"@type":"NewsArticle","@id":"https:\/\/dicodusport.fr\/blog\/retro-athletisme-8-faits-marquants-annee-2020-particuliere\/#article","isPartOf":{"@id":"https:\/\/dicodusport.fr\/blog\/retro-athletisme-8-faits-marquants-annee-2020-particuliere\/"},"author":{"name":"Julien Correia","@id":"https:\/\/dicodusport.fr\/blog\/#\/schema\/person\/0f73d157e4670e108e23009fa82f2239"},"headline":"R\u00e9tro Athl\u00e9tisme : Les 8 faits marquants d&rsquo;une ann\u00e9e 2020 particuli\u00e8re","datePublished":"2020-12-23T12:07:17+00:00","dateModified":"2020-12-25T18:15:23+00:00","mainEntityOfPage":{"@id":"https:\/\/dicodusport.fr\/blog\/retro-athletisme-8-faits-marquants-annee-2020-particuliere\/"},"wordCount":2057,"commentCount":0,"publisher":{"@id":"https:\/\/dicodusport.fr\/blog\/#organization"},"image":{"@id":"https:\/\/dicodusport.fr\/blog\/retro-athletisme-8-faits-marquants-annee-2020-particuliere\/#primaryimage"},"thumbnailUrl":"https:\/\/dicodusport.fr\/blog\/wp-content\/uploads\/2020\/12\/R\u00e9tro-Athl\u00e9tisme-Les-8-faits-marquants-dune-ann\u00e9e-2020-particuli\u00e8re.png","keywords":["Armand Duplantis","Athl\u00e9tisme","Kilian Jornet","sport"],"articleSection":["Athl\u00e9tisme"],"inLanguage":"fr-FR","potentialAction":[{"@type":"CommentAction","name":"Comment","target":["https:\/\/dicodusport.fr\/blog\/retro-athletisme-8-faits-marquants-annee-2020-particuliere\/#respond"]}],"copyrightYear":"2020","copyrightHolder":{"@id":"https:\/\/dicodusport.fr\/blog\/#organization"}},{"@type":"WebPage","@id":"https:\/\/dicodusport.fr\/blog\/retro-athletisme-8-faits-marquants-annee-2020-particuliere\/","url":"https:\/\/dicodusport.fr\/blog\/retro-athletisme-8-faits-marquants-annee-2020-particuliere\/","name":"R\u00e9tro Athl\u00e9tisme : Les 8 faits marquants d'une ann\u00e9e 2020 particuli\u00e8re","isPartOf":{"@id":"https:\/\/dicodusport.fr\/blog\/#website"},"primaryImageOfPage":{"@id":"https:\/\/dicodusport.fr\/blog\/retro-athletisme-8-faits-marquants-annee-2020-particuliere\/#primaryimage"},"image":{"@id":"https:\/\/dicodusport.fr\/blog\/retro-athletisme-8-faits-marquants-annee-2020-particuliere\/#primaryimage"},"thumbnailUrl":"https:\/\/dicodusport.fr\/blog\/wp-content\/uploads\/2020\/12\/R\u00e9tro-Athl\u00e9tisme-Les-8-faits-marquants-dune-ann\u00e9e-2020-particuli\u00e8re.png","datePublished":"2020-12-23T12:07:17+00:00","dateModified":"2020-12-25T18:15:23+00:00","description":"ATHL\u00c9TISME - L'heure est au bilan, tour d'horizon complet sur les faits majeurs de l'athl\u00e9tisme ayant marqu\u00e9 l'ann\u00e9e 2020.","inLanguage":"fr-FR","potentialAction":[{"@type":"ReadAction","target":["https:\/\/dicodusport.fr\/blog\/retro-athletisme-8-faits-marquants-annee-2020-particuliere\/"]}]},{"@type":"ImageObject","inLanguage":"fr-FR","@id":"https:\/\/dicodusport.fr\/blog\/retro-athletisme-8-faits-marquants-annee-2020-particuliere\/#primaryimage","url":"https:\/\/dicodusport.fr\/blog\/wp-content\/uploads\/2020\/12\/R\u00e9tro-Athl\u00e9tisme-Les-8-faits-marquants-dune-ann\u00e9e-2020-particuli\u00e8re.png","contentUrl":"https:\/\/dicodusport.fr\/blog\/wp-content\/uploads\/2020\/12\/R\u00e9tro-Athl\u00e9tisme-Les-8-faits-marquants-dune-ann\u00e9e-2020-particuli\u00e8re.png","width":800,"height":445,"caption":"R\u00e9tro Athl\u00e9tisme - Les 8 faits marquants d'une ann\u00e9e 2020 particuli\u00e8re"},{"@type":"WebSite","@id":"https:\/\/dicodusport.fr\/blog\/#website","url":"https:\/\/dicodusport.fr\/blog\/","name":"Dicodusport","description":"L&#039;encyclop\u00e9die de l&#039;actualit\u00e9 sportive","publisher":{"@id":"https:\/\/dicodusport.fr\/blog\/#organization"},"potentialAction":[{"@type":"SearchAction","target":{"@type":"EntryPoint","urlTemplate":"https:\/\/dicodusport.fr\/blog\/?s={search_term_string}"},"query-input":{"@type":"PropertyValueSpecification","valueRequired":true,"valueName":"search_term_string"}}],"inLanguage":"fr-FR"},{"@type":"NewsMediaOrganization","@id":"https:\/\/dicodusport.fr\/blog\/#organization","name":"Dicodusport","url":"https:\/\/dicodusport.fr\/blog\/","logo":{"@type":"ImageObject","inLanguage":"fr-FR","@id":"https:\/\/dicodusport.fr\/blog\/#\/schema\/logo\/image\/","url":"https:\/\/dicodusport.fr\/blog\/wp-content\/uploads\/2020\/06\/cropped-LOGO-DICODUSPORT-2020-SANS-FOND-SANS-TEXTE.png","contentUrl":"https:\/\/dicodusport.fr\/blog\/wp-content\/uploads\/2020\/06\/cropped-LOGO-DICODUSPORT-2020-SANS-FOND-SANS-TEXTE.png","width":512,"height":512,"caption":"Dicodusport"},"image":{"@id":"https:\/\/dicodusport.fr\/blog\/#\/schema\/logo\/image\/"},"sameAs":["https:\/\/www.facebook.com\/dicodusport","https:\/\/x.com\/dicodusport","https:\/\/www.instagram.com\/dicodusport\/","https:\/\/www.youtube.com\/channel\/UC7V2KZ5sd3htJivAbA4ZG3w"],"description":"Dicodusport est l'encyclop\u00e9die de l'actualit\u00e9 sportive.","email":"bonjour@dicodusport.fr","legalName":"DICODUSPORT","foundingDate":"2018-01-14","vatID":"FR71834470973","taxID":"83447097300043","numberOfEmployees":{"@type":"QuantitativeValue","minValue":"1","maxValue":"10"}},{"@type":"Person","@id":"https:\/\/dicodusport.fr\/blog\/#\/schema\/person\/0f73d157e4670e108e23009fa82f2239","name":"Julien Correia","image":{"@type":"ImageObject","inLanguage":"fr-FR","@id":"https:\/\/dicodusport.fr\/blog\/#\/schema\/person\/image\/","url":"https:\/\/dicodusport.fr\/blog\/wp-content\/uploads\/2021\/05\/Julien-Correia-150x150.jpg","contentUrl":"https:\/\/dicodusport.fr\/blog\/wp-content\/uploads\/2021\/05\/Julien-Correia-150x150.jpg","caption":"Julien Correia"},"description":"Journaliste\/r\u00e9dacteur depuis janvier 2019 - Tomb\u00e9 dans le monde du ballon rond \u00e9tant petit, j\u2019aurais pu devenir pro sans ces foutus ligaments crois\u00e9s. D\u00e9filant sur les champs (mais pas Elys\u00e9es) en 98, j\u2019ai \u00e9t\u00e9 berc\u00e9 par les exploits de Mister George, piqu\u00e9 par la technique du Snake, grandi avec Captain Rai et Ronnie, m\u00fbri avec Pauleta et Edi. Mais Ibracadabra, je suis d\u00e9sormais reconverti en runner\/traileur. Moins rapide que Bolt et moins endurant que Jornet, c\u2019est donc plume \u00e0 la main que je partage les exploits de ces athl\u00e8tes !","sameAs":["https:\/\/www.facebook.com\/julien.correia.52","https:\/\/x.com\/https:\/\/twitter.com\/julienco_psg70"],"url":"https:\/\/dicodusport.fr\/blog\/author\/julien-c\/"}]}},"_links":{"self":[{"href":"https:\/\/dicodusport.fr\/blog\/wp-json\/wp\/v2\/posts\/93416","targetHints":{"allow":["GET"]}}],"collection":[{"href":"https:\/\/dicodusport.fr\/blog\/wp-json\/wp\/v2\/posts"}],"about":[{"href":"https:\/\/dicodusport.fr\/blog\/wp-json\/wp\/v2\/types\/post"}],"author":[{"embeddable":true,"href":"https:\/\/dicodusport.fr\/blog\/wp-json\/wp\/v2\/users\/37"}],"replies":[{"embeddable":true,"href":"https:\/\/dicodusport.fr\/blog\/wp-json\/wp\/v2\/comments?post=93416"}],"version-history":[{"count":0,"href":"https:\/\/dicodusport.fr\/blog\/wp-json\/wp\/v2\/posts\/93416\/revisions"}],"wp:featuredmedia":[{"embeddable":true,"href":"https:\/\/dicodusport.fr\/blog\/wp-json\/wp\/v2\/media\/94969"}],"wp:attachment":[{"href":"https:\/\/dicodusport.fr\/blog\/wp-json\/wp\/v2\/media?parent=93416"}],"wp:term":[{"taxonomy":"category","embeddable":true,"href":"https:\/\/dicodusport.fr\/blog\/wp-json\/wp\/v2\/categories?post=93416"},{"taxonomy":"post_tag","embeddable":true,"href":"https:\/\/dicodusport.fr\/blog\/wp-json\/wp\/v2\/tags?post=93416"}],"curies":[{"name":"wp","href":"https:\/\/api.w.org\/{rel}","templated":true}]}}