{"id":93834,"date":"2020-12-18T12:42:25","date_gmt":"2020-12-18T11:42:25","guid":{"rendered":"https:\/\/dicodusport.fr\/blog\/?p=93834&#038;preview=true&#038;preview_id=93834"},"modified":"2020-12-18T12:42:25","modified_gmt":"2020-12-18T11:42:25","slug":"laventure-continue-entre-ada-hegerberg-et-lolympique-lyonnais","status":"publish","type":"post","link":"https:\/\/dicodusport.fr\/blog\/laventure-continue-entre-ada-hegerberg-et-lolympique-lyonnais\/","title":{"rendered":"L&rsquo;aventure continue entre Ada Hegerberg et l&rsquo;Olympique Lyonnais"},"content":{"rendered":"<p style=\"text-align: justify;\"><strong><em>OL F\u00c9MININ &#8211; Alors que son contrat arrivait \u00e0 terme \u00e0 la fin de la saison 2020-2021, Ada Hegerberg a prolong\u00e9 pour trois nouvelle saisons avec l&rsquo;Olympique Lyonnais.<br \/>\n<\/em><\/strong><\/p>\n<p style=\"text-align: justify;\">2020 est une saison \u00e0 oublier pour la star norv\u00e9gienne <a href=\"https:\/\/dicodusport.fr\/blog\/tag\/ada-hegerberg\/\" target=\"_blank\" rel=\"noopener noreferrer\"><strong>Ada Hegerberg<\/strong><\/a>. Cette derni\u00e8re a en effet \u00e9t\u00e9 \u00e9cart\u00e9e des terrains pour une rupture du ligament crois\u00e9 ant\u00e9rieur du genou, puis une fracture de fatigue du tibia gauche. Elle esp\u00e8re d\u00e9sormais pouvoir retrouver les terrains au mois de janvier prochain. M\u00eame si elle sort d&rsquo;une saison blanche, la confiance de son club est toujours l\u00e0 et <strong>Ada Hegerberg<\/strong> s&rsquo;est engag\u00e9e jusqu&rsquo;en juin 2024 avec Lyon, club qu&rsquo;elle a rejoint en 2014, et avec lequel elle a inscrit la bagatelle de 220 buts en 182 matchs.<\/p>\n<blockquote class=\"twitter-tweet\">\n<p dir=\"ltr\" lang=\"fr\">L\u2019Histoire continue !<\/p>\n<p>Notre Ballon d\u2019Or <a href=\"https:\/\/twitter.com\/AdaStolsmo?ref_src=twsrc%5Etfw\">@AdaStolsmo<\/a> prolonge l\u2019aventure avec l\u2019Olympique Lyonnais jusqu\u2019en juin 2024 ! &#x1f534;&#x1f535;<a href=\"https:\/\/twitter.com\/hashtag\/ADA2024?src=hash&amp;ref_src=twsrc%5Etfw\">#ADA2024<\/a> <a href=\"https:\/\/t.co\/jIyfF1dCAp\">pic.twitter.com\/jIyfF1dCAp<\/a><\/p>\n<p>\u2014 OL F\u00e9minin (@OLfeminin) <a href=\"https:\/\/twitter.com\/OLfeminin\/status\/1339888137099612160?ref_src=twsrc%5Etfw\">December 18, 2020<\/a><\/p><\/blockquote>\n<p><script async src=\"https:\/\/platform.twitter.com\/widgets.js\" charset=\"utf-8\"><\/script><\/p>\n<p><strong><em>Dicodusport<br \/>\n<a href=\"https:\/\/www.facebook.com\/dicodusport\/\" target=\"_blank\" rel=\"noopener noreferrer\"><img loading=\"lazy\" decoding=\"async\" class=\"alignnone wp-image-2909\" src=\"http:\/\/dicodusport.fr\/blog\/wp-content\/uploads\/2017\/07\/logo-facebook-150x150.png\" alt=\"\" width=\"40\" height=\"40\" \/><\/a><a href=\"https:\/\/twitter.com\/dicodusport\" target=\"_blank\" rel=\"noopener noreferrer\"><img loading=\"lazy\" decoding=\"async\" class=\"alignnone wp-image-2908\" src=\"http:\/\/dicodusport.fr\/blog\/wp-content\/uploads\/2017\/07\/logo-twitter-150x150.png\" alt=\"\" width=\"39\" height=\"39\" \/><\/a><\/em><\/strong><\/p>\n","protected":false},"excerpt":{"rendered":"<p>OL F\u00c9MININ &#8211; Alors que son contrat arrivait \u00e0 terme \u00e0 la fin de la saison 2020-2021, Ada Hegerberg a prolong\u00e9 pour trois nouvelle saisons avec l&rsquo;Olympique Lyonnais.<\/p>\n","protected":false},"author":1,"featured_media":93839,"comment_status":"open","ping_status":"closed","sticky":false,"template":"","format":"standard","meta":{"_acf_changed":false,"_daextam_enable_autolinks":"","footnotes":""},"categories":[2301],"tags":[1327,75,449,2069],"class_list":["post-93834","post","type-post","status-publish","format-standard","has-post-thumbnail","hentry","category-football","tag-ada-hegerberg","tag-football","tag-lyon","tag-ol-feminin"],"acf":[],"yoast_head":"<!-- This site is optimized with the Yoast SEO Premium plugin v26.7 (Yoast SEO v26.7) - https:\/\/yoast.com\/wordpress\/plugins\/seo\/ -->\n<title>L&#039;aventure continue entre Ada Hegerberg et l&#039;Olympique Lyonnais<\/title>\n<meta name=\"description\" content=\"OL F\u00c9MININ - Alors que son contrat arrivait \u00e0 terme \u00e0 la fin de la saison 2020-2021, Ada Hegerberg a prolong\u00e9 pour trois nouvelle saisons avec l&#039;Olympique Lyonnais.\" \/>\n<meta name=\"robots\" content=\"index, follow, max-snippet:-1, max-image-preview:large, max-video-preview:-1\" \/>\n<link rel=\"canonical\" href=\"https:\/\/dicodusport.fr\/blog\/laventure-continue-entre-ada-hegerberg-et-lolympique-lyonnais\/\" \/>\n<meta property=\"og:locale\" content=\"fr_FR\" \/>\n<meta property=\"og:type\" content=\"article\" \/>\n<meta property=\"og:title\" content=\"L&#039;aventure continue entre Ada Hegerberg et l&#039;Olympique Lyonnais\" \/>\n<meta property=\"og:description\" content=\"OL F\u00c9MININ - Alors que son contrat arrivait \u00e0 terme \u00e0 la fin de la saison 2020-2021, Ada Hegerberg a prolong\u00e9 pour trois nouvelle saisons avec l&#039;Olympique Lyonnais.\" \/>\n<meta property=\"og:url\" content=\"https:\/\/dicodusport.fr\/blog\/laventure-continue-entre-ada-hegerberg-et-lolympique-lyonnais\/\" \/>\n<meta property=\"og:site_name\" content=\"Dicodusport\" \/>\n<meta property=\"article:publisher\" content=\"https:\/\/www.facebook.com\/dicodusport\" \/>\n<meta property=\"article:author\" content=\"https:\/\/www.facebook.com\/dicodusport\" \/>\n<meta property=\"article:published_time\" content=\"2020-12-18T11:42:25+00:00\" \/>\n<meta property=\"og:image\" content=\"https:\/\/dicodusport.fr\/blog\/wp-content\/uploads\/2020\/12\/Laventure-continue-entre-Ada-Hegerberg-et-lOlympique-Lyonnais.png\" \/>\n\t<meta property=\"og:image:width\" content=\"1200\" \/>\n\t<meta property=\"og:image:height\" content=\"670\" \/>\n\t<meta property=\"og:image:type\" content=\"image\/png\" \/>\n<meta name=\"author\" content=\"Nicolas Jacquemard\" \/>\n<meta name=\"twitter:card\" content=\"summary_large_image\" \/>\n<meta name=\"twitter:title\" content=\"L&#039;aventure continue entre Ada Hegerberg et l&#039;Olympique Lyonnais\" \/>\n<meta name=\"twitter:creator\" content=\"@https:\/\/twitter.com\/Nico_Jacquemard\" \/>\n<meta name=\"twitter:site\" content=\"@dicodusport\" \/>\n<script type=\"application\/ld+json\" class=\"yoast-schema-graph\">{\"@context\":\"https:\/\/schema.org\",\"@graph\":[{\"@type\":\"NewsArticle\",\"@id\":\"https:\/\/dicodusport.fr\/blog\/laventure-continue-entre-ada-hegerberg-et-lolympique-lyonnais\/#article\",\"isPartOf\":{\"@id\":\"https:\/\/dicodusport.fr\/blog\/laventure-continue-entre-ada-hegerberg-et-lolympique-lyonnais\/\"},\"author\":{\"name\":\"Nicolas Jacquemard\",\"@id\":\"https:\/\/dicodusport.fr\/blog\/#\/schema\/person\/55dcb50ad410894e431ed812bbb70191\"},\"headline\":\"L&rsquo;aventure continue entre Ada Hegerberg et l&rsquo;Olympique Lyonnais\",\"datePublished\":\"2020-12-18T11:42:25+00:00\",\"mainEntityOfPage\":{\"@id\":\"https:\/\/dicodusport.fr\/blog\/laventure-continue-entre-ada-hegerberg-et-lolympique-lyonnais\/\"},\"wordCount\":173,\"commentCount\":0,\"publisher\":{\"@id\":\"https:\/\/dicodusport.fr\/blog\/#organization\"},\"image\":{\"@id\":\"https:\/\/dicodusport.fr\/blog\/laventure-continue-entre-ada-hegerberg-et-lolympique-lyonnais\/#primaryimage\"},\"thumbnailUrl\":\"https:\/\/dicodusport.fr\/blog\/wp-content\/uploads\/2020\/12\/Laventure-continue-entre-Ada-Hegerberg-et-lOlympique-Lyonnais.png\",\"keywords\":[\"Ada Hegerberg\",\"Football\",\"Lyon\",\"OL f\u00e9minin\"],\"articleSection\":[\"Football\"],\"inLanguage\":\"fr-FR\",\"potentialAction\":[{\"@type\":\"CommentAction\",\"name\":\"Comment\",\"target\":[\"https:\/\/dicodusport.fr\/blog\/laventure-continue-entre-ada-hegerberg-et-lolympique-lyonnais\/#respond\"]}],\"copyrightYear\":\"2020\",\"copyrightHolder\":{\"@id\":\"https:\/\/dicodusport.fr\/blog\/#organization\"}},{\"@type\":\"WebPage\",\"@id\":\"https:\/\/dicodusport.fr\/blog\/laventure-continue-entre-ada-hegerberg-et-lolympique-lyonnais\/\",\"url\":\"https:\/\/dicodusport.fr\/blog\/laventure-continue-entre-ada-hegerberg-et-lolympique-lyonnais\/\",\"name\":\"L'aventure continue entre Ada Hegerberg et l'Olympique Lyonnais\",\"isPartOf\":{\"@id\":\"https:\/\/dicodusport.fr\/blog\/#website\"},\"primaryImageOfPage\":{\"@id\":\"https:\/\/dicodusport.fr\/blog\/laventure-continue-entre-ada-hegerberg-et-lolympique-lyonnais\/#primaryimage\"},\"image\":{\"@id\":\"https:\/\/dicodusport.fr\/blog\/laventure-continue-entre-ada-hegerberg-et-lolympique-lyonnais\/#primaryimage\"},\"thumbnailUrl\":\"https:\/\/dicodusport.fr\/blog\/wp-content\/uploads\/2020\/12\/Laventure-continue-entre-Ada-Hegerberg-et-lOlympique-Lyonnais.png\",\"datePublished\":\"2020-12-18T11:42:25+00:00\",\"description\":\"OL F\u00c9MININ - Alors que son contrat arrivait \u00e0 terme \u00e0 la fin de la saison 2020-2021, Ada Hegerberg a prolong\u00e9 pour trois nouvelle saisons avec l'Olympique Lyonnais.\",\"breadcrumb\":{\"@id\":\"https:\/\/dicodusport.fr\/blog\/laventure-continue-entre-ada-hegerberg-et-lolympique-lyonnais\/#breadcrumb\"},\"inLanguage\":\"fr-FR\",\"potentialAction\":[{\"@type\":\"ReadAction\",\"target\":[\"https:\/\/dicodusport.fr\/blog\/laventure-continue-entre-ada-hegerberg-et-lolympique-lyonnais\/\"]}]},{\"@type\":\"ImageObject\",\"inLanguage\":\"fr-FR\",\"@id\":\"https:\/\/dicodusport.fr\/blog\/laventure-continue-entre-ada-hegerberg-et-lolympique-lyonnais\/#primaryimage\",\"url\":\"https:\/\/dicodusport.fr\/blog\/wp-content\/uploads\/2020\/12\/Laventure-continue-entre-Ada-Hegerberg-et-lOlympique-Lyonnais.png\",\"contentUrl\":\"https:\/\/dicodusport.fr\/blog\/wp-content\/uploads\/2020\/12\/Laventure-continue-entre-Ada-Hegerberg-et-lOlympique-Lyonnais.png\",\"width\":1200,\"height\":670,\"caption\":\"L'aventure continue entre Ada Hegerberg et l'Olympique Lyonnais\"},{\"@type\":\"BreadcrumbList\",\"@id\":\"https:\/\/dicodusport.fr\/blog\/laventure-continue-entre-ada-hegerberg-et-lolympique-lyonnais\/#breadcrumb\",\"itemListElement\":[{\"@type\":\"ListItem\",\"position\":1,\"name\":\"Accueil\",\"item\":\"https:\/\/dicodusport.fr\/blog\/\"},{\"@type\":\"ListItem\",\"position\":2,\"name\":\"L&rsquo;aventure continue entre Ada Hegerberg et l&rsquo;Olympique Lyonnais\"}]},{\"@type\":\"WebSite\",\"@id\":\"https:\/\/dicodusport.fr\/blog\/#website\",\"url\":\"https:\/\/dicodusport.fr\/blog\/\",\"name\":\"Dicodusport\",\"description\":\"L&#039;encyclop\u00e9die de l&#039;actualit\u00e9 sportive\",\"publisher\":{\"@id\":\"https:\/\/dicodusport.fr\/blog\/#organization\"},\"potentialAction\":[{\"@type\":\"SearchAction\",\"target\":{\"@type\":\"EntryPoint\",\"urlTemplate\":\"https:\/\/dicodusport.fr\/blog\/?s={search_term_string}\"},\"query-input\":{\"@type\":\"PropertyValueSpecification\",\"valueRequired\":true,\"valueName\":\"search_term_string\"}}],\"inLanguage\":\"fr-FR\"},{\"@type\":\"NewsMediaOrganization\",\"@id\":\"https:\/\/dicodusport.fr\/blog\/#organization\",\"name\":\"Dicodusport\",\"url\":\"https:\/\/dicodusport.fr\/blog\/\",\"logo\":{\"@type\":\"ImageObject\",\"inLanguage\":\"fr-FR\",\"@id\":\"https:\/\/dicodusport.fr\/blog\/#\/schema\/logo\/image\/\",\"url\":\"https:\/\/dicodusport.fr\/blog\/wp-content\/uploads\/2020\/06\/cropped-LOGO-DICODUSPORT-2020-SANS-FOND-SANS-TEXTE.png\",\"contentUrl\":\"https:\/\/dicodusport.fr\/blog\/wp-content\/uploads\/2020\/06\/cropped-LOGO-DICODUSPORT-2020-SANS-FOND-SANS-TEXTE.png\",\"width\":512,\"height\":512,\"caption\":\"Dicodusport\"},\"image\":{\"@id\":\"https:\/\/dicodusport.fr\/blog\/#\/schema\/logo\/image\/\"},\"sameAs\":[\"https:\/\/www.facebook.com\/dicodusport\",\"https:\/\/x.com\/dicodusport\",\"https:\/\/www.instagram.com\/dicodusport\/\",\"https:\/\/www.youtube.com\/channel\/UC7V2KZ5sd3htJivAbA4ZG3w\"],\"description\":\"Dicodusport est l'encyclop\u00e9die de l'actualit\u00e9 sportive.\",\"email\":\"bonjour@dicodusport.fr\",\"legalName\":\"DICODUSPORT\",\"foundingDate\":\"2018-01-14\",\"vatID\":\"FR71834470973\",\"taxID\":\"83447097300043\",\"numberOfEmployees\":{\"@type\":\"QuantitativeValue\",\"minValue\":\"1\",\"maxValue\":\"10\"}},{\"@type\":\"Person\",\"@id\":\"https:\/\/dicodusport.fr\/blog\/#\/schema\/person\/55dcb50ad410894e431ed812bbb70191\",\"name\":\"Nicolas Jacquemard\",\"image\":{\"@type\":\"ImageObject\",\"inLanguage\":\"fr-FR\",\"@id\":\"https:\/\/dicodusport.fr\/blog\/#\/schema\/person\/image\/\",\"url\":\"https:\/\/dicodusport.fr\/blog\/wp-content\/uploads\/2021\/05\/Nicolas-Jacquemard-150x150.jpeg\",\"contentUrl\":\"https:\/\/dicodusport.fr\/blog\/wp-content\/uploads\/2021\/05\/Nicolas-Jacquemard-150x150.jpeg\",\"caption\":\"Nicolas Jacquemard\"},\"description\":\"Passionn\u00e9 de sport et entrepreneur depuis mes 18 ans, la cr\u00e9ation de Dicodusport m'a sembl\u00e9 \u00e9vidente pour participer \u00e0 la m\u00e9diatisation d'un plus grand nombre de sports. Le chemin est long mais avec une \u00e9quipe des plus motiv\u00e9es et les Jeux Olympiques de Paris 2024 en point de mire, nous y arriverons ! Journaliste dans le monde du sport depuis plus de 5 ans, je traite aussi bien de football, de rugby, de biathlon que de cyclisme.\",\"sameAs\":[\"https:\/\/www.facebook.com\/dicodusport\",\"https:\/\/x.com\/https:\/\/twitter.com\/Nico_Jacquemard\"],\"url\":\"https:\/\/dicodusport.fr\/blog\/author\/dicodusport\/\"}]}<\/script>\n<!-- \/ Yoast SEO Premium plugin. -->","yoast_head_json":{"title":"L'aventure continue entre Ada Hegerberg et l'Olympique Lyonnais","description":"OL F\u00c9MININ - Alors que son contrat arrivait \u00e0 terme \u00e0 la fin de la saison 2020-2021, Ada Hegerberg a prolong\u00e9 pour trois nouvelle saisons avec l'Olympique Lyonnais.","robots":{"index":"index","follow":"follow","max-snippet":"max-snippet:-1","max-image-preview":"max-image-preview:large","max-video-preview":"max-video-preview:-1"},"canonical":"https:\/\/dicodusport.fr\/blog\/laventure-continue-entre-ada-hegerberg-et-lolympique-lyonnais\/","og_locale":"fr_FR","og_type":"article","og_title":"L'aventure continue entre Ada Hegerberg et l'Olympique Lyonnais","og_description":"OL F\u00c9MININ - Alors que son contrat arrivait \u00e0 terme \u00e0 la fin de la saison 2020-2021, Ada Hegerberg a prolong\u00e9 pour trois nouvelle saisons avec l'Olympique Lyonnais.","og_url":"https:\/\/dicodusport.fr\/blog\/laventure-continue-entre-ada-hegerberg-et-lolympique-lyonnais\/","og_site_name":"Dicodusport","article_publisher":"https:\/\/www.facebook.com\/dicodusport","article_author":"https:\/\/www.facebook.com\/dicodusport","article_published_time":"2020-12-18T11:42:25+00:00","og_image":[{"width":1200,"height":670,"url":"https:\/\/dicodusport.fr\/blog\/wp-content\/uploads\/2020\/12\/Laventure-continue-entre-Ada-Hegerberg-et-lOlympique-Lyonnais.png","type":"image\/png"}],"author":"Nicolas Jacquemard","twitter_card":"summary_large_image","twitter_title":"L'aventure continue entre Ada Hegerberg et l'Olympique Lyonnais","twitter_creator":"@https:\/\/twitter.com\/Nico_Jacquemard","twitter_site":"@dicodusport","schema":{"@context":"https:\/\/schema.org","@graph":[{"@type":"NewsArticle","@id":"https:\/\/dicodusport.fr\/blog\/laventure-continue-entre-ada-hegerberg-et-lolympique-lyonnais\/#article","isPartOf":{"@id":"https:\/\/dicodusport.fr\/blog\/laventure-continue-entre-ada-hegerberg-et-lolympique-lyonnais\/"},"author":{"name":"Nicolas Jacquemard","@id":"https:\/\/dicodusport.fr\/blog\/#\/schema\/person\/55dcb50ad410894e431ed812bbb70191"},"headline":"L&rsquo;aventure continue entre Ada Hegerberg et l&rsquo;Olympique Lyonnais","datePublished":"2020-12-18T11:42:25+00:00","mainEntityOfPage":{"@id":"https:\/\/dicodusport.fr\/blog\/laventure-continue-entre-ada-hegerberg-et-lolympique-lyonnais\/"},"wordCount":173,"commentCount":0,"publisher":{"@id":"https:\/\/dicodusport.fr\/blog\/#organization"},"image":{"@id":"https:\/\/dicodusport.fr\/blog\/laventure-continue-entre-ada-hegerberg-et-lolympique-lyonnais\/#primaryimage"},"thumbnailUrl":"https:\/\/dicodusport.fr\/blog\/wp-content\/uploads\/2020\/12\/Laventure-continue-entre-Ada-Hegerberg-et-lOlympique-Lyonnais.png","keywords":["Ada Hegerberg","Football","Lyon","OL f\u00e9minin"],"articleSection":["Football"],"inLanguage":"fr-FR","potentialAction":[{"@type":"CommentAction","name":"Comment","target":["https:\/\/dicodusport.fr\/blog\/laventure-continue-entre-ada-hegerberg-et-lolympique-lyonnais\/#respond"]}],"copyrightYear":"2020","copyrightHolder":{"@id":"https:\/\/dicodusport.fr\/blog\/#organization"}},{"@type":"WebPage","@id":"https:\/\/dicodusport.fr\/blog\/laventure-continue-entre-ada-hegerberg-et-lolympique-lyonnais\/","url":"https:\/\/dicodusport.fr\/blog\/laventure-continue-entre-ada-hegerberg-et-lolympique-lyonnais\/","name":"L'aventure continue entre Ada Hegerberg et l'Olympique Lyonnais","isPartOf":{"@id":"https:\/\/dicodusport.fr\/blog\/#website"},"primaryImageOfPage":{"@id":"https:\/\/dicodusport.fr\/blog\/laventure-continue-entre-ada-hegerberg-et-lolympique-lyonnais\/#primaryimage"},"image":{"@id":"https:\/\/dicodusport.fr\/blog\/laventure-continue-entre-ada-hegerberg-et-lolympique-lyonnais\/#primaryimage"},"thumbnailUrl":"https:\/\/dicodusport.fr\/blog\/wp-content\/uploads\/2020\/12\/Laventure-continue-entre-Ada-Hegerberg-et-lOlympique-Lyonnais.png","datePublished":"2020-12-18T11:42:25+00:00","description":"OL F\u00c9MININ - Alors que son contrat arrivait \u00e0 terme \u00e0 la fin de la saison 2020-2021, Ada Hegerberg a prolong\u00e9 pour trois nouvelle saisons avec l'Olympique Lyonnais.","breadcrumb":{"@id":"https:\/\/dicodusport.fr\/blog\/laventure-continue-entre-ada-hegerberg-et-lolympique-lyonnais\/#breadcrumb"},"inLanguage":"fr-FR","potentialAction":[{"@type":"ReadAction","target":["https:\/\/dicodusport.fr\/blog\/laventure-continue-entre-ada-hegerberg-et-lolympique-lyonnais\/"]}]},{"@type":"ImageObject","inLanguage":"fr-FR","@id":"https:\/\/dicodusport.fr\/blog\/laventure-continue-entre-ada-hegerberg-et-lolympique-lyonnais\/#primaryimage","url":"https:\/\/dicodusport.fr\/blog\/wp-content\/uploads\/2020\/12\/Laventure-continue-entre-Ada-Hegerberg-et-lOlympique-Lyonnais.png","contentUrl":"https:\/\/dicodusport.fr\/blog\/wp-content\/uploads\/2020\/12\/Laventure-continue-entre-Ada-Hegerberg-et-lOlympique-Lyonnais.png","width":1200,"height":670,"caption":"L'aventure continue entre Ada Hegerberg et l'Olympique Lyonnais"},{"@type":"BreadcrumbList","@id":"https:\/\/dicodusport.fr\/blog\/laventure-continue-entre-ada-hegerberg-et-lolympique-lyonnais\/#breadcrumb","itemListElement":[{"@type":"ListItem","position":1,"name":"Accueil","item":"https:\/\/dicodusport.fr\/blog\/"},{"@type":"ListItem","position":2,"name":"L&rsquo;aventure continue entre Ada Hegerberg et l&rsquo;Olympique Lyonnais"}]},{"@type":"WebSite","@id":"https:\/\/dicodusport.fr\/blog\/#website","url":"https:\/\/dicodusport.fr\/blog\/","name":"Dicodusport","description":"L&#039;encyclop\u00e9die de l&#039;actualit\u00e9 sportive","publisher":{"@id":"https:\/\/dicodusport.fr\/blog\/#organization"},"potentialAction":[{"@type":"SearchAction","target":{"@type":"EntryPoint","urlTemplate":"https:\/\/dicodusport.fr\/blog\/?s={search_term_string}"},"query-input":{"@type":"PropertyValueSpecification","valueRequired":true,"valueName":"search_term_string"}}],"inLanguage":"fr-FR"},{"@type":"NewsMediaOrganization","@id":"https:\/\/dicodusport.fr\/blog\/#organization","name":"Dicodusport","url":"https:\/\/dicodusport.fr\/blog\/","logo":{"@type":"ImageObject","inLanguage":"fr-FR","@id":"https:\/\/dicodusport.fr\/blog\/#\/schema\/logo\/image\/","url":"https:\/\/dicodusport.fr\/blog\/wp-content\/uploads\/2020\/06\/cropped-LOGO-DICODUSPORT-2020-SANS-FOND-SANS-TEXTE.png","contentUrl":"https:\/\/dicodusport.fr\/blog\/wp-content\/uploads\/2020\/06\/cropped-LOGO-DICODUSPORT-2020-SANS-FOND-SANS-TEXTE.png","width":512,"height":512,"caption":"Dicodusport"},"image":{"@id":"https:\/\/dicodusport.fr\/blog\/#\/schema\/logo\/image\/"},"sameAs":["https:\/\/www.facebook.com\/dicodusport","https:\/\/x.com\/dicodusport","https:\/\/www.instagram.com\/dicodusport\/","https:\/\/www.youtube.com\/channel\/UC7V2KZ5sd3htJivAbA4ZG3w"],"description":"Dicodusport est l'encyclop\u00e9die de l'actualit\u00e9 sportive.","email":"bonjour@dicodusport.fr","legalName":"DICODUSPORT","foundingDate":"2018-01-14","vatID":"FR71834470973","taxID":"83447097300043","numberOfEmployees":{"@type":"QuantitativeValue","minValue":"1","maxValue":"10"}},{"@type":"Person","@id":"https:\/\/dicodusport.fr\/blog\/#\/schema\/person\/55dcb50ad410894e431ed812bbb70191","name":"Nicolas Jacquemard","image":{"@type":"ImageObject","inLanguage":"fr-FR","@id":"https:\/\/dicodusport.fr\/blog\/#\/schema\/person\/image\/","url":"https:\/\/dicodusport.fr\/blog\/wp-content\/uploads\/2021\/05\/Nicolas-Jacquemard-150x150.jpeg","contentUrl":"https:\/\/dicodusport.fr\/blog\/wp-content\/uploads\/2021\/05\/Nicolas-Jacquemard-150x150.jpeg","caption":"Nicolas Jacquemard"},"description":"Passionn\u00e9 de sport et entrepreneur depuis mes 18 ans, la cr\u00e9ation de Dicodusport m'a sembl\u00e9 \u00e9vidente pour participer \u00e0 la m\u00e9diatisation d'un plus grand nombre de sports. Le chemin est long mais avec une \u00e9quipe des plus motiv\u00e9es et les Jeux Olympiques de Paris 2024 en point de mire, nous y arriverons ! Journaliste dans le monde du sport depuis plus de 5 ans, je traite aussi bien de football, de rugby, de biathlon que de cyclisme.","sameAs":["https:\/\/www.facebook.com\/dicodusport","https:\/\/x.com\/https:\/\/twitter.com\/Nico_Jacquemard"],"url":"https:\/\/dicodusport.fr\/blog\/author\/dicodusport\/"}]}},"_links":{"self":[{"href":"https:\/\/dicodusport.fr\/blog\/wp-json\/wp\/v2\/posts\/93834","targetHints":{"allow":["GET"]}}],"collection":[{"href":"https:\/\/dicodusport.fr\/blog\/wp-json\/wp\/v2\/posts"}],"about":[{"href":"https:\/\/dicodusport.fr\/blog\/wp-json\/wp\/v2\/types\/post"}],"author":[{"embeddable":true,"href":"https:\/\/dicodusport.fr\/blog\/wp-json\/wp\/v2\/users\/1"}],"replies":[{"embeddable":true,"href":"https:\/\/dicodusport.fr\/blog\/wp-json\/wp\/v2\/comments?post=93834"}],"version-history":[{"count":0,"href":"https:\/\/dicodusport.fr\/blog\/wp-json\/wp\/v2\/posts\/93834\/revisions"}],"wp:featuredmedia":[{"embeddable":true,"href":"https:\/\/dicodusport.fr\/blog\/wp-json\/wp\/v2\/media\/93839"}],"wp:attachment":[{"href":"https:\/\/dicodusport.fr\/blog\/wp-json\/wp\/v2\/media?parent=93834"}],"wp:term":[{"taxonomy":"category","embeddable":true,"href":"https:\/\/dicodusport.fr\/blog\/wp-json\/wp\/v2\/categories?post=93834"},{"taxonomy":"post_tag","embeddable":true,"href":"https:\/\/dicodusport.fr\/blog\/wp-json\/wp\/v2\/tags?post=93834"}],"curies":[{"name":"wp","href":"https:\/\/api.w.org\/{rel}","templated":true}]}}