{"id":94287,"date":"2020-12-20T12:41:47","date_gmt":"2020-12-20T11:41:47","guid":{"rendered":"https:\/\/dicodusport.fr\/blog\/?p=94287&#038;preview=true&#038;preview_id=94287"},"modified":"2020-12-20T13:29:52","modified_gmt":"2020-12-20T12:29:52","slug":"biathlon-hochfilzen-arnd-peiffer-remporte-mass-start-emilien-jacquelin-5eme","status":"publish","type":"post","link":"https:\/\/dicodusport.fr\/blog\/biathlon-hochfilzen-arnd-peiffer-remporte-mass-start-emilien-jacquelin-5eme\/","title":{"rendered":"Hochfilzen : Arnd Peiffer remporte la mass start, \u00c9milien Jacquelin 5\u00e8me"},"content":{"rendered":"<p style=\"text-align: justify;\"><strong><em><a href=\"https:\/\/dicodusport.fr\/blog\/biathlon-hochfilzen-programme-complet-4eme-etape-coupe-du-monde\/\" target=\"_blank\" rel=\"noopener noreferrer\">BIATHLON &#8211; HOCHFILZEN<\/a> &#8211; Au terme d&rsquo;une mass start d\u00e9cousue, l&rsquo;Allemand Arnd Peiffer s&rsquo;est impos\u00e9 ce dimanche \u00e0 Hochfilzen. Il devance le Su\u00e9dois Martin Ponsiluoma et le Norv\u00e9gien Tarjei Boe. \u00c0 la lutte pour le podium, \u00c9milien Jacquelin a chut\u00e9 dans les derniers hectom\u00e8tres et prend la 5\u00e8me place.<\/em><\/strong><\/p>\n<p style=\"text-align: justify;\">Auteur d&rsquo;un 20\/20, <strong>Arnd Peiffer<\/strong> a enlev\u00e9 ce dimanche la mass start d&rsquo;Hochfilzen. L&rsquo;Allemand d\u00e9croche ainsi sa 11\u00e8me victoire sur le circuit, la premier depuis son titre mondial sur le sprint en 2019. Il devance, au sprint, le Su\u00e9dois <strong>Martin Ponsiluoma<\/strong> (19\/20). Derri\u00e8re, le Norv\u00e9gien <strong>Tarjei Boe<\/strong> (19\/20) compl\u00e8te le podium. \u00c0 la bataille pour la victoire avant le dernier tir debout, <strong>Stuart Laegreid<\/strong> (6\u00e8me, 19\/20) et <strong>Johannes Boe<\/strong> (7\u00e8me, 17\/20) ont finalement craqu\u00e9.<\/p>\n<h2 style=\"text-align: justify;\">Jacquelin pas loin de faire mouche<\/h2>\n<p style=\"text-align: justify;\">Des regrets pour <strong>\u00c9milien Jacquelin<\/strong>, puisque le Fran\u00e7ais, deuxi\u00e8me de la poursuite hier, a chut\u00e9 dans les derniers hectom\u00e8tres, alors qu&rsquo;il \u00e9tait \u00e0 la lutte pour le podium. Malgr\u00e9 un 18\/20 face aux cibles (1-0-1-0), l&rsquo;Is\u00e9rois a une nouvelle fois montr\u00e9 qu&rsquo;il \u00e9tait tr\u00e8s fort. Deuxi\u00e8me Fran\u00e7ais, <strong>Quentin Fillon Maillet<\/strong> termine cette premi\u00e8re partie de saison sur une course mitig\u00e9e, en prenant la 9\u00e8me place (18\/20, 1-1-0-0).<\/p>\n<blockquote class=\"twitter-tweet\">\n<p dir=\"ltr\" lang=\"fr\">&#x1f1e9;&#x1f1ea; Victoire d&rsquo;Arnd Peiffer sur cette mass start !<\/p>\n<p>Emilien Jacquelin termine 5e.<a href=\"https:\/\/twitter.com\/hashtag\/lequipeBIATHLON?src=hash&amp;ref_src=twsrc%5Etfw\">#lequipeBIATHLON<\/a> <a href=\"https:\/\/t.co\/3Rt9YzAY8m\">pic.twitter.com\/3Rt9YzAY8m<\/a><\/p>\n<p>\u2014 la chaine L&rsquo;\u00c9quipe (@lachainelequipe) <a href=\"https:\/\/twitter.com\/lachainelequipe\/status\/1340622616093216769?ref_src=twsrc%5Etfw\">December 20, 2020<\/a><\/p><\/blockquote>\n<p><script async src=\"https:\/\/platform.twitter.com\/widgets.js\" charset=\"utf-8\"><\/script><\/p>\n<h2>\u00c0 lire aussi<\/h2>\n<ul>\n<li style=\"text-align: justify;\"><strong><a href=\"https:\/\/dicodusport.fr\/blog\/biathlon-hochfilzen-classement-mass-start-hommes\/\" target=\"_blank\" rel=\"noopener noreferrer\">Biathlon \u2013 Hochfilzen : le classement de la mass start hommes<\/a><\/strong><\/li>\n<li style=\"text-align: justify;\"><strong><a href=\"https:\/\/dicodusport.fr\/blog\/biathlon-coupe-du-monde-2020-2021-classement-general-hommes\/\" target=\"_blank\" rel=\"noopener noreferrer\">Biathlon \u2013 Coupe du monde 2020\/2021 : le classement g\u00e9n\u00e9ral hommes<\/a><br \/>\n<\/strong><strong>\u00a0<\/strong><\/li>\n<\/ul>\n<p><strong><em>Dicodusport<br \/>\n<a href=\"https:\/\/www.facebook.com\/dicodusport\/\" target=\"_blank\" rel=\"noopener noreferrer\"><img loading=\"lazy\" decoding=\"async\" class=\"alignnone wp-image-2909\" src=\"http:\/\/dicodusport.fr\/blog\/wp-content\/uploads\/2017\/07\/logo-facebook-150x150.png\" alt=\"\" width=\"40\" height=\"40\" \/><\/a><a href=\"https:\/\/twitter.com\/dicodusport\" target=\"_blank\" rel=\"noopener noreferrer\"><img loading=\"lazy\" decoding=\"async\" class=\"alignnone wp-image-2908\" src=\"http:\/\/dicodusport.fr\/blog\/wp-content\/uploads\/2017\/07\/logo-twitter-150x150.png\" alt=\"\" width=\"39\" height=\"39\" \/><\/a><\/em><\/strong><\/p>\n","protected":false},"excerpt":{"rendered":"<p>BIATHLON &#8211; HOCHFILZEN &#8211; Au terme d&rsquo;une mass start d\u00e9cousue, l&rsquo;Allemand Arnd Peiffer s&rsquo;est impos\u00e9 ce dimanche \u00e0 Hochfilzen. Il devance le Su\u00e9dois Martin Ponsiluoma et le Norv\u00e9gien Tarjei Boe. \u00c0 la lutte pour le podium, \u00c9milien Jacquelin a chut\u00e9 dans les derniers hectom\u00e8tres et prend la 5\u00e8me place.<\/p>\n","protected":false},"author":4,"featured_media":94296,"comment_status":"open","ping_status":"closed","sticky":false,"template":"","format":"standard","meta":{"_acf_changed":false,"_daextam_enable_autolinks":"","footnotes":""},"categories":[47040],"tags":[12890,6898,13077,24],"class_list":["post-94287","post","type-post","status-publish","format-standard","has-post-thumbnail","hentry","category-coupe-du-monde-de-biathlon","tag-biathlon-hochfilzen","tag-hochfilzen","tag-mass-start-hochfilzen","tag-sport"],"acf":[],"yoast_head":"<!-- This site is optimized with the Yoast SEO Premium plugin v26.7 (Yoast SEO v26.7) - https:\/\/yoast.com\/wordpress\/plugins\/seo\/ -->\n<title>Hochfilzen : Arnd Peiffer remporte la mass start, \u00c9milien Jacquelin 5\u00e8me<\/title>\n<meta name=\"description\" content=\"BIATHLON - HOCHFILZEN - Au terme d&#039;une mass start d\u00e9cousue, l&#039;Allemand Arnd Peiffer s&#039;est impos\u00e9 ce dimanche \u00e0 Hochfilzen.\" \/>\n<meta name=\"robots\" content=\"index, follow, max-snippet:-1, max-image-preview:large, max-video-preview:-1\" \/>\n<link rel=\"canonical\" href=\"https:\/\/dicodusport.fr\/blog\/biathlon-hochfilzen-arnd-peiffer-remporte-mass-start-emilien-jacquelin-5eme\/\" \/>\n<meta property=\"og:locale\" content=\"fr_FR\" \/>\n<meta property=\"og:type\" content=\"article\" \/>\n<meta property=\"og:title\" content=\"Hochfilzen : Arnd Peiffer remporte la mass start, \u00c9milien Jacquelin 5\u00e8me\" \/>\n<meta property=\"og:description\" content=\"BIATHLON - HOCHFILZEN - Au terme d&#039;une mass start d\u00e9cousue, l&#039;Allemand Arnd Peiffer s&#039;est impos\u00e9 ce dimanche \u00e0 Hochfilzen.\" \/>\n<meta property=\"og:url\" content=\"https:\/\/dicodusport.fr\/blog\/biathlon-hochfilzen-arnd-peiffer-remporte-mass-start-emilien-jacquelin-5eme\/\" \/>\n<meta property=\"og:site_name\" content=\"Dicodusport\" \/>\n<meta property=\"article:publisher\" content=\"https:\/\/www.facebook.com\/dicodusport\" \/>\n<meta property=\"article:author\" content=\"https:\/\/www.facebook.com\/florent.ostermann\" \/>\n<meta property=\"article:published_time\" content=\"2020-12-20T11:41:47+00:00\" \/>\n<meta property=\"article:modified_time\" content=\"2020-12-20T12:29:52+00:00\" \/>\n<meta property=\"og:image\" content=\"https:\/\/dicodusport.fr\/blog\/wp-content\/uploads\/2020\/12\/Hochfilzen-Arnd-Peiffer-remporte-la-mass-start-\u00c9milien-Jacquelin-5\u00e8me.png\" \/>\n\t<meta property=\"og:image:width\" content=\"800\" \/>\n\t<meta property=\"og:image:height\" content=\"445\" \/>\n\t<meta property=\"og:image:type\" content=\"image\/png\" \/>\n<meta name=\"author\" content=\"Flo Ostermann\" \/>\n<meta name=\"twitter:card\" content=\"summary_large_image\" \/>\n<meta name=\"twitter:title\" content=\"Hochfilzen : Arnd Peiffer remporte la mass start, \u00c9milien Jacquelin 5\u00e8me\" \/>\n<meta name=\"twitter:creator\" content=\"@https:\/\/twitter.com\/FlOstermann\" \/>\n<meta name=\"twitter:site\" content=\"@dicodusport\" \/>\n<script type=\"application\/ld+json\" class=\"yoast-schema-graph\">{\"@context\":\"https:\/\/schema.org\",\"@graph\":[{\"@type\":\"NewsArticle\",\"@id\":\"https:\/\/dicodusport.fr\/blog\/biathlon-hochfilzen-arnd-peiffer-remporte-mass-start-emilien-jacquelin-5eme\/#article\",\"isPartOf\":{\"@id\":\"https:\/\/dicodusport.fr\/blog\/biathlon-hochfilzen-arnd-peiffer-remporte-mass-start-emilien-jacquelin-5eme\/\"},\"author\":{\"name\":\"Flo Ostermann\",\"@id\":\"https:\/\/dicodusport.fr\/blog\/#\/schema\/person\/cb02af4c173ce4a653b55e9baf388d4a\"},\"headline\":\"Hochfilzen : Arnd Peiffer remporte la mass start, \u00c9milien Jacquelin 5\u00e8me\",\"datePublished\":\"2020-12-20T11:41:47+00:00\",\"dateModified\":\"2020-12-20T12:29:52+00:00\",\"mainEntityOfPage\":{\"@id\":\"https:\/\/dicodusport.fr\/blog\/biathlon-hochfilzen-arnd-peiffer-remporte-mass-start-emilien-jacquelin-5eme\/\"},\"wordCount\":278,\"commentCount\":0,\"publisher\":{\"@id\":\"https:\/\/dicodusport.fr\/blog\/#organization\"},\"image\":{\"@id\":\"https:\/\/dicodusport.fr\/blog\/biathlon-hochfilzen-arnd-peiffer-remporte-mass-start-emilien-jacquelin-5eme\/#primaryimage\"},\"thumbnailUrl\":\"https:\/\/dicodusport.fr\/blog\/wp-content\/uploads\/2020\/12\/Hochfilzen-Arnd-Peiffer-remporte-la-mass-start-\u00c9milien-Jacquelin-5\u00e8me.png\",\"keywords\":[\"Biathlon Hochfilzen\",\"Hochfilzen\",\"Mass start Hochfilzen\",\"sport\"],\"articleSection\":[\"Coupe du monde de biathlon\"],\"inLanguage\":\"fr-FR\",\"potentialAction\":[{\"@type\":\"CommentAction\",\"name\":\"Comment\",\"target\":[\"https:\/\/dicodusport.fr\/blog\/biathlon-hochfilzen-arnd-peiffer-remporte-mass-start-emilien-jacquelin-5eme\/#respond\"]}],\"copyrightYear\":\"2020\",\"copyrightHolder\":{\"@id\":\"https:\/\/dicodusport.fr\/blog\/#organization\"}},{\"@type\":\"WebPage\",\"@id\":\"https:\/\/dicodusport.fr\/blog\/biathlon-hochfilzen-arnd-peiffer-remporte-mass-start-emilien-jacquelin-5eme\/\",\"url\":\"https:\/\/dicodusport.fr\/blog\/biathlon-hochfilzen-arnd-peiffer-remporte-mass-start-emilien-jacquelin-5eme\/\",\"name\":\"Hochfilzen : Arnd Peiffer remporte la mass start, \u00c9milien Jacquelin 5\u00e8me\",\"isPartOf\":{\"@id\":\"https:\/\/dicodusport.fr\/blog\/#website\"},\"primaryImageOfPage\":{\"@id\":\"https:\/\/dicodusport.fr\/blog\/biathlon-hochfilzen-arnd-peiffer-remporte-mass-start-emilien-jacquelin-5eme\/#primaryimage\"},\"image\":{\"@id\":\"https:\/\/dicodusport.fr\/blog\/biathlon-hochfilzen-arnd-peiffer-remporte-mass-start-emilien-jacquelin-5eme\/#primaryimage\"},\"thumbnailUrl\":\"https:\/\/dicodusport.fr\/blog\/wp-content\/uploads\/2020\/12\/Hochfilzen-Arnd-Peiffer-remporte-la-mass-start-\u00c9milien-Jacquelin-5\u00e8me.png\",\"datePublished\":\"2020-12-20T11:41:47+00:00\",\"dateModified\":\"2020-12-20T12:29:52+00:00\",\"description\":\"BIATHLON - HOCHFILZEN - Au terme d'une mass start d\u00e9cousue, l'Allemand Arnd Peiffer s'est impos\u00e9 ce dimanche \u00e0 Hochfilzen.\",\"breadcrumb\":{\"@id\":\"https:\/\/dicodusport.fr\/blog\/biathlon-hochfilzen-arnd-peiffer-remporte-mass-start-emilien-jacquelin-5eme\/#breadcrumb\"},\"inLanguage\":\"fr-FR\",\"potentialAction\":[{\"@type\":\"ReadAction\",\"target\":[\"https:\/\/dicodusport.fr\/blog\/biathlon-hochfilzen-arnd-peiffer-remporte-mass-start-emilien-jacquelin-5eme\/\"]}]},{\"@type\":\"ImageObject\",\"inLanguage\":\"fr-FR\",\"@id\":\"https:\/\/dicodusport.fr\/blog\/biathlon-hochfilzen-arnd-peiffer-remporte-mass-start-emilien-jacquelin-5eme\/#primaryimage\",\"url\":\"https:\/\/dicodusport.fr\/blog\/wp-content\/uploads\/2020\/12\/Hochfilzen-Arnd-Peiffer-remporte-la-mass-start-\u00c9milien-Jacquelin-5\u00e8me.png\",\"contentUrl\":\"https:\/\/dicodusport.fr\/blog\/wp-content\/uploads\/2020\/12\/Hochfilzen-Arnd-Peiffer-remporte-la-mass-start-\u00c9milien-Jacquelin-5\u00e8me.png\",\"width\":800,\"height\":445,\"caption\":\"Arnd Peiffer, c'est (quand m\u00eame) un sacr\u00e9 palmar\u00e8s\"},{\"@type\":\"BreadcrumbList\",\"@id\":\"https:\/\/dicodusport.fr\/blog\/biathlon-hochfilzen-arnd-peiffer-remporte-mass-start-emilien-jacquelin-5eme\/#breadcrumb\",\"itemListElement\":[{\"@type\":\"ListItem\",\"position\":1,\"name\":\"Accueil\",\"item\":\"https:\/\/dicodusport.fr\/blog\/\"},{\"@type\":\"ListItem\",\"position\":2,\"name\":\"Hochfilzen : Arnd Peiffer remporte la mass start, \u00c9milien Jacquelin 5\u00e8me\"}]},{\"@type\":\"WebSite\",\"@id\":\"https:\/\/dicodusport.fr\/blog\/#website\",\"url\":\"https:\/\/dicodusport.fr\/blog\/\",\"name\":\"Dicodusport\",\"description\":\"L&#039;encyclop\u00e9die de l&#039;actualit\u00e9 sportive\",\"publisher\":{\"@id\":\"https:\/\/dicodusport.fr\/blog\/#organization\"},\"potentialAction\":[{\"@type\":\"SearchAction\",\"target\":{\"@type\":\"EntryPoint\",\"urlTemplate\":\"https:\/\/dicodusport.fr\/blog\/?s={search_term_string}\"},\"query-input\":{\"@type\":\"PropertyValueSpecification\",\"valueRequired\":true,\"valueName\":\"search_term_string\"}}],\"inLanguage\":\"fr-FR\"},{\"@type\":\"NewsMediaOrganization\",\"@id\":\"https:\/\/dicodusport.fr\/blog\/#organization\",\"name\":\"Dicodusport\",\"url\":\"https:\/\/dicodusport.fr\/blog\/\",\"logo\":{\"@type\":\"ImageObject\",\"inLanguage\":\"fr-FR\",\"@id\":\"https:\/\/dicodusport.fr\/blog\/#\/schema\/logo\/image\/\",\"url\":\"https:\/\/dicodusport.fr\/blog\/wp-content\/uploads\/2020\/06\/cropped-LOGO-DICODUSPORT-2020-SANS-FOND-SANS-TEXTE.png\",\"contentUrl\":\"https:\/\/dicodusport.fr\/blog\/wp-content\/uploads\/2020\/06\/cropped-LOGO-DICODUSPORT-2020-SANS-FOND-SANS-TEXTE.png\",\"width\":512,\"height\":512,\"caption\":\"Dicodusport\"},\"image\":{\"@id\":\"https:\/\/dicodusport.fr\/blog\/#\/schema\/logo\/image\/\"},\"sameAs\":[\"https:\/\/www.facebook.com\/dicodusport\",\"https:\/\/x.com\/dicodusport\",\"https:\/\/www.instagram.com\/dicodusport\/\",\"https:\/\/www.youtube.com\/channel\/UC7V2KZ5sd3htJivAbA4ZG3w\"],\"description\":\"Dicodusport est l'encyclop\u00e9die de l'actualit\u00e9 sportive.\",\"email\":\"bonjour@dicodusport.fr\",\"legalName\":\"DICODUSPORT\",\"foundingDate\":\"2018-01-14\",\"vatID\":\"FR71834470973\",\"taxID\":\"83447097300043\",\"numberOfEmployees\":{\"@type\":\"QuantitativeValue\",\"minValue\":\"1\",\"maxValue\":\"10\"}},{\"@type\":\"Person\",\"@id\":\"https:\/\/dicodusport.fr\/blog\/#\/schema\/person\/cb02af4c173ce4a653b55e9baf388d4a\",\"name\":\"Flo Ostermann\",\"image\":{\"@type\":\"ImageObject\",\"inLanguage\":\"fr-FR\",\"@id\":\"https:\/\/dicodusport.fr\/blog\/#\/schema\/person\/image\/\",\"url\":\"https:\/\/dicodusport.fr\/blog\/wp-content\/uploads\/2021\/05\/Flo-Ostermann-150x150.jpg\",\"contentUrl\":\"https:\/\/dicodusport.fr\/blog\/wp-content\/uploads\/2021\/05\/Flo-Ostermann-150x150.jpg\",\"caption\":\"Flo Ostermann\"},\"description\":\"Journaliste\/R\u00e9dacteur depuis septembre 2015 - Mes premiers souvenirs dans le sport ? Les envol\u00e9es du Stade Toulousain et les duels Villeneuve-Schumacher et H\u00e4kkinen-Schumacher \u00e0 la fin des ann\u00e9es 90, la Coupe du monde de football en 1998, l\u2019exploit du XV de France face aux All Blacks en 1999, mais aussi Richard C\u0153ur de Lion qui vole sur les montagnes du Tour de France. Bien parti pour devenir professeur d\u2019EPS, les \u00e9v\u00e9nements de la vie (et la flemme d\u2019animer des s\u00e9ances de 3x500 m\u00e8tres toute ma vie) m\u2019ont conduit \u00e0 revoir mes plans. Me voil\u00e0 depuis fin 2017 sur Dicodusport, m\u00e9dia gr\u00e2ce (et pour) lequel je partage ma passion : le sport dans tous ses \u00e9tats. Le tout accompagn\u00e9 par les fous furieux et folles furieuses cit\u00e9s sur cette page !\",\"sameAs\":[\"https:\/\/www.facebook.com\/florent.ostermann\",\"https:\/\/x.com\/https:\/\/twitter.com\/FlOstermann\",\"admin\"],\"url\":\"https:\/\/dicodusport.fr\/blog\/author\/flo\/\"}]}<\/script>\n<!-- \/ Yoast SEO Premium plugin. -->","yoast_head_json":{"title":"Hochfilzen : Arnd Peiffer remporte la mass start, \u00c9milien Jacquelin 5\u00e8me","description":"BIATHLON - HOCHFILZEN - Au terme d'une mass start d\u00e9cousue, l'Allemand Arnd Peiffer s'est impos\u00e9 ce dimanche \u00e0 Hochfilzen.","robots":{"index":"index","follow":"follow","max-snippet":"max-snippet:-1","max-image-preview":"max-image-preview:large","max-video-preview":"max-video-preview:-1"},"canonical":"https:\/\/dicodusport.fr\/blog\/biathlon-hochfilzen-arnd-peiffer-remporte-mass-start-emilien-jacquelin-5eme\/","og_locale":"fr_FR","og_type":"article","og_title":"Hochfilzen : Arnd Peiffer remporte la mass start, \u00c9milien Jacquelin 5\u00e8me","og_description":"BIATHLON - HOCHFILZEN - Au terme d'une mass start d\u00e9cousue, l'Allemand Arnd Peiffer s'est impos\u00e9 ce dimanche \u00e0 Hochfilzen.","og_url":"https:\/\/dicodusport.fr\/blog\/biathlon-hochfilzen-arnd-peiffer-remporte-mass-start-emilien-jacquelin-5eme\/","og_site_name":"Dicodusport","article_publisher":"https:\/\/www.facebook.com\/dicodusport","article_author":"https:\/\/www.facebook.com\/florent.ostermann","article_published_time":"2020-12-20T11:41:47+00:00","article_modified_time":"2020-12-20T12:29:52+00:00","og_image":[{"width":800,"height":445,"url":"https:\/\/dicodusport.fr\/blog\/wp-content\/uploads\/2020\/12\/Hochfilzen-Arnd-Peiffer-remporte-la-mass-start-\u00c9milien-Jacquelin-5\u00e8me.png","type":"image\/png"}],"author":"Flo Ostermann","twitter_card":"summary_large_image","twitter_title":"Hochfilzen : Arnd Peiffer remporte la mass start, \u00c9milien Jacquelin 5\u00e8me","twitter_creator":"@https:\/\/twitter.com\/FlOstermann","twitter_site":"@dicodusport","schema":{"@context":"https:\/\/schema.org","@graph":[{"@type":"NewsArticle","@id":"https:\/\/dicodusport.fr\/blog\/biathlon-hochfilzen-arnd-peiffer-remporte-mass-start-emilien-jacquelin-5eme\/#article","isPartOf":{"@id":"https:\/\/dicodusport.fr\/blog\/biathlon-hochfilzen-arnd-peiffer-remporte-mass-start-emilien-jacquelin-5eme\/"},"author":{"name":"Flo Ostermann","@id":"https:\/\/dicodusport.fr\/blog\/#\/schema\/person\/cb02af4c173ce4a653b55e9baf388d4a"},"headline":"Hochfilzen : Arnd Peiffer remporte la mass start, \u00c9milien Jacquelin 5\u00e8me","datePublished":"2020-12-20T11:41:47+00:00","dateModified":"2020-12-20T12:29:52+00:00","mainEntityOfPage":{"@id":"https:\/\/dicodusport.fr\/blog\/biathlon-hochfilzen-arnd-peiffer-remporte-mass-start-emilien-jacquelin-5eme\/"},"wordCount":278,"commentCount":0,"publisher":{"@id":"https:\/\/dicodusport.fr\/blog\/#organization"},"image":{"@id":"https:\/\/dicodusport.fr\/blog\/biathlon-hochfilzen-arnd-peiffer-remporte-mass-start-emilien-jacquelin-5eme\/#primaryimage"},"thumbnailUrl":"https:\/\/dicodusport.fr\/blog\/wp-content\/uploads\/2020\/12\/Hochfilzen-Arnd-Peiffer-remporte-la-mass-start-\u00c9milien-Jacquelin-5\u00e8me.png","keywords":["Biathlon Hochfilzen","Hochfilzen","Mass start Hochfilzen","sport"],"articleSection":["Coupe du monde de biathlon"],"inLanguage":"fr-FR","potentialAction":[{"@type":"CommentAction","name":"Comment","target":["https:\/\/dicodusport.fr\/blog\/biathlon-hochfilzen-arnd-peiffer-remporte-mass-start-emilien-jacquelin-5eme\/#respond"]}],"copyrightYear":"2020","copyrightHolder":{"@id":"https:\/\/dicodusport.fr\/blog\/#organization"}},{"@type":"WebPage","@id":"https:\/\/dicodusport.fr\/blog\/biathlon-hochfilzen-arnd-peiffer-remporte-mass-start-emilien-jacquelin-5eme\/","url":"https:\/\/dicodusport.fr\/blog\/biathlon-hochfilzen-arnd-peiffer-remporte-mass-start-emilien-jacquelin-5eme\/","name":"Hochfilzen : Arnd Peiffer remporte la mass start, \u00c9milien Jacquelin 5\u00e8me","isPartOf":{"@id":"https:\/\/dicodusport.fr\/blog\/#website"},"primaryImageOfPage":{"@id":"https:\/\/dicodusport.fr\/blog\/biathlon-hochfilzen-arnd-peiffer-remporte-mass-start-emilien-jacquelin-5eme\/#primaryimage"},"image":{"@id":"https:\/\/dicodusport.fr\/blog\/biathlon-hochfilzen-arnd-peiffer-remporte-mass-start-emilien-jacquelin-5eme\/#primaryimage"},"thumbnailUrl":"https:\/\/dicodusport.fr\/blog\/wp-content\/uploads\/2020\/12\/Hochfilzen-Arnd-Peiffer-remporte-la-mass-start-\u00c9milien-Jacquelin-5\u00e8me.png","datePublished":"2020-12-20T11:41:47+00:00","dateModified":"2020-12-20T12:29:52+00:00","description":"BIATHLON - HOCHFILZEN - Au terme d'une mass start d\u00e9cousue, l'Allemand Arnd Peiffer s'est impos\u00e9 ce dimanche \u00e0 Hochfilzen.","breadcrumb":{"@id":"https:\/\/dicodusport.fr\/blog\/biathlon-hochfilzen-arnd-peiffer-remporte-mass-start-emilien-jacquelin-5eme\/#breadcrumb"},"inLanguage":"fr-FR","potentialAction":[{"@type":"ReadAction","target":["https:\/\/dicodusport.fr\/blog\/biathlon-hochfilzen-arnd-peiffer-remporte-mass-start-emilien-jacquelin-5eme\/"]}]},{"@type":"ImageObject","inLanguage":"fr-FR","@id":"https:\/\/dicodusport.fr\/blog\/biathlon-hochfilzen-arnd-peiffer-remporte-mass-start-emilien-jacquelin-5eme\/#primaryimage","url":"https:\/\/dicodusport.fr\/blog\/wp-content\/uploads\/2020\/12\/Hochfilzen-Arnd-Peiffer-remporte-la-mass-start-\u00c9milien-Jacquelin-5\u00e8me.png","contentUrl":"https:\/\/dicodusport.fr\/blog\/wp-content\/uploads\/2020\/12\/Hochfilzen-Arnd-Peiffer-remporte-la-mass-start-\u00c9milien-Jacquelin-5\u00e8me.png","width":800,"height":445,"caption":"Arnd Peiffer, c'est (quand m\u00eame) un sacr\u00e9 palmar\u00e8s"},{"@type":"BreadcrumbList","@id":"https:\/\/dicodusport.fr\/blog\/biathlon-hochfilzen-arnd-peiffer-remporte-mass-start-emilien-jacquelin-5eme\/#breadcrumb","itemListElement":[{"@type":"ListItem","position":1,"name":"Accueil","item":"https:\/\/dicodusport.fr\/blog\/"},{"@type":"ListItem","position":2,"name":"Hochfilzen : Arnd Peiffer remporte la mass start, \u00c9milien Jacquelin 5\u00e8me"}]},{"@type":"WebSite","@id":"https:\/\/dicodusport.fr\/blog\/#website","url":"https:\/\/dicodusport.fr\/blog\/","name":"Dicodusport","description":"L&#039;encyclop\u00e9die de l&#039;actualit\u00e9 sportive","publisher":{"@id":"https:\/\/dicodusport.fr\/blog\/#organization"},"potentialAction":[{"@type":"SearchAction","target":{"@type":"EntryPoint","urlTemplate":"https:\/\/dicodusport.fr\/blog\/?s={search_term_string}"},"query-input":{"@type":"PropertyValueSpecification","valueRequired":true,"valueName":"search_term_string"}}],"inLanguage":"fr-FR"},{"@type":"NewsMediaOrganization","@id":"https:\/\/dicodusport.fr\/blog\/#organization","name":"Dicodusport","url":"https:\/\/dicodusport.fr\/blog\/","logo":{"@type":"ImageObject","inLanguage":"fr-FR","@id":"https:\/\/dicodusport.fr\/blog\/#\/schema\/logo\/image\/","url":"https:\/\/dicodusport.fr\/blog\/wp-content\/uploads\/2020\/06\/cropped-LOGO-DICODUSPORT-2020-SANS-FOND-SANS-TEXTE.png","contentUrl":"https:\/\/dicodusport.fr\/blog\/wp-content\/uploads\/2020\/06\/cropped-LOGO-DICODUSPORT-2020-SANS-FOND-SANS-TEXTE.png","width":512,"height":512,"caption":"Dicodusport"},"image":{"@id":"https:\/\/dicodusport.fr\/blog\/#\/schema\/logo\/image\/"},"sameAs":["https:\/\/www.facebook.com\/dicodusport","https:\/\/x.com\/dicodusport","https:\/\/www.instagram.com\/dicodusport\/","https:\/\/www.youtube.com\/channel\/UC7V2KZ5sd3htJivAbA4ZG3w"],"description":"Dicodusport est l'encyclop\u00e9die de l'actualit\u00e9 sportive.","email":"bonjour@dicodusport.fr","legalName":"DICODUSPORT","foundingDate":"2018-01-14","vatID":"FR71834470973","taxID":"83447097300043","numberOfEmployees":{"@type":"QuantitativeValue","minValue":"1","maxValue":"10"}},{"@type":"Person","@id":"https:\/\/dicodusport.fr\/blog\/#\/schema\/person\/cb02af4c173ce4a653b55e9baf388d4a","name":"Flo Ostermann","image":{"@type":"ImageObject","inLanguage":"fr-FR","@id":"https:\/\/dicodusport.fr\/blog\/#\/schema\/person\/image\/","url":"https:\/\/dicodusport.fr\/blog\/wp-content\/uploads\/2021\/05\/Flo-Ostermann-150x150.jpg","contentUrl":"https:\/\/dicodusport.fr\/blog\/wp-content\/uploads\/2021\/05\/Flo-Ostermann-150x150.jpg","caption":"Flo Ostermann"},"description":"Journaliste\/R\u00e9dacteur depuis septembre 2015 - Mes premiers souvenirs dans le sport ? Les envol\u00e9es du Stade Toulousain et les duels Villeneuve-Schumacher et H\u00e4kkinen-Schumacher \u00e0 la fin des ann\u00e9es 90, la Coupe du monde de football en 1998, l\u2019exploit du XV de France face aux All Blacks en 1999, mais aussi Richard C\u0153ur de Lion qui vole sur les montagnes du Tour de France. Bien parti pour devenir professeur d\u2019EPS, les \u00e9v\u00e9nements de la vie (et la flemme d\u2019animer des s\u00e9ances de 3x500 m\u00e8tres toute ma vie) m\u2019ont conduit \u00e0 revoir mes plans. Me voil\u00e0 depuis fin 2017 sur Dicodusport, m\u00e9dia gr\u00e2ce (et pour) lequel je partage ma passion : le sport dans tous ses \u00e9tats. Le tout accompagn\u00e9 par les fous furieux et folles furieuses cit\u00e9s sur cette page !","sameAs":["https:\/\/www.facebook.com\/florent.ostermann","https:\/\/x.com\/https:\/\/twitter.com\/FlOstermann","admin"],"url":"https:\/\/dicodusport.fr\/blog\/author\/flo\/"}]}},"_links":{"self":[{"href":"https:\/\/dicodusport.fr\/blog\/wp-json\/wp\/v2\/posts\/94287","targetHints":{"allow":["GET"]}}],"collection":[{"href":"https:\/\/dicodusport.fr\/blog\/wp-json\/wp\/v2\/posts"}],"about":[{"href":"https:\/\/dicodusport.fr\/blog\/wp-json\/wp\/v2\/types\/post"}],"author":[{"embeddable":true,"href":"https:\/\/dicodusport.fr\/blog\/wp-json\/wp\/v2\/users\/4"}],"replies":[{"embeddable":true,"href":"https:\/\/dicodusport.fr\/blog\/wp-json\/wp\/v2\/comments?post=94287"}],"version-history":[{"count":0,"href":"https:\/\/dicodusport.fr\/blog\/wp-json\/wp\/v2\/posts\/94287\/revisions"}],"wp:featuredmedia":[{"embeddable":true,"href":"https:\/\/dicodusport.fr\/blog\/wp-json\/wp\/v2\/media\/94296"}],"wp:attachment":[{"href":"https:\/\/dicodusport.fr\/blog\/wp-json\/wp\/v2\/media?parent=94287"}],"wp:term":[{"taxonomy":"category","embeddable":true,"href":"https:\/\/dicodusport.fr\/blog\/wp-json\/wp\/v2\/categories?post=94287"},{"taxonomy":"post_tag","embeddable":true,"href":"https:\/\/dicodusport.fr\/blog\/wp-json\/wp\/v2\/tags?post=94287"}],"curies":[{"name":"wp","href":"https:\/\/api.w.org\/{rel}","templated":true}]}}