{"id":94359,"date":"2020-12-20T16:10:02","date_gmt":"2020-12-20T15:10:02","guid":{"rendered":"https:\/\/dicodusport.fr\/blog\/?p=94359&#038;preview=true&#038;preview_id=94359"},"modified":"2020-12-20T20:34:28","modified_gmt":"2020-12-20T19:34:28","slug":"cyclo-cross-coupe-du-monde-namur-mathieu-van-der-poel-remporte-grande-bataille-face-a-van-aert-et-pidcock","status":"publish","type":"post","link":"https:\/\/dicodusport.fr\/blog\/cyclo-cross-coupe-du-monde-namur-mathieu-van-der-poel-remporte-grande-bataille-face-a-van-aert-et-pidcock\/","title":{"rendered":"Coupe du monde de Namur : Mathieu van der Poel remporte la grande bataille face \u00e0 van Aert et Pidcock"},"content":{"rendered":"<p style=\"text-align: justify;\"><strong><em><a href=\"https:\/\/dicodusport.fr\/blog\/cyclo-cross-calendrier-coupe-du-monde-2020-2021\/\" target=\"_blank\" rel=\"noopener noreferrer\">CYCLO-CROSS &#8211; COUPE DU MONDE 2020\/2021<\/a> &#8211; Au terme d&rsquo;une course dantesque, Mathieu van der Poel a remport\u00e9 la Coupe du monde de Namur (Belgique). Le N\u00e9erlandais devance Wout van Aert et Thomas Pidcock, apr\u00e8s une immense bataille.<\/em><\/strong><\/p>\n<p style=\"text-align: justify;\">Combat de titans \u00e0 Namur ce dimanche, \u00e0 l&rsquo;occasion de la deuxi\u00e8me manche de la <strong>Coupe du monde 2020-2021<\/strong>. Le N\u00e9erlandais <strong>Mathieu van der Poel<\/strong>, champion du monde en titre, s&rsquo;est impos\u00e9 pour la cinqui\u00e8me fois en six ans, au terme d&rsquo;une bataille de tous les instants sur le site de la Citadelle de Namur. Il devance son grand rival, <strong>Wout van Aert<\/strong>, de trois secondes.<\/p>\n<h2 style=\"text-align: justify;\">\u00c0 van der Poel le dernier mot<\/h2>\n<p style=\"text-align: justify;\">Mais avant de se disputer la victoire, MVDP et WVA ont d\u00fb faire face \u00e0 l&rsquo;homme en forme du moment, le Britannique Thomas Pidcock. Vainqueur du SuperPrestige de Gavre il y a une semaine, il a men\u00e9 une bonne partie de la course. Mais le futur coureur de la formation INEOS Grenadiers n&rsquo;a jamais compt\u00e9 plus de 10 secondes que le duo belgo-n\u00e9erlandais. <strong>Van der Poel<\/strong> lan\u00e7ait la chasse en premier dans le 7\u00e8me des 9 tours, avant d&rsquo;\u00eatre rejoint par le vainqueur de Milan &#8211; San Remo sur la route en ao\u00fbt dernier lors de l&rsquo;avant-derni\u00e8re boucle. Les deux rois de la discipline revenaient sur <strong>Pidcock<\/strong>, avant que <strong>Mathieu van der Poel<\/strong> n&rsquo;acc\u00e9l\u00e8re au bon moment dans le dernier tour. <strong>Van der Poel &#8211; van Aert &#8211; Pidcock<\/strong>, trio royal \u00e0 Namur.<\/p>\n<p style=\"text-align: justify;\">Apr\u00e8s le Tour des Flandres sur la route, <strong>Mathieu van der Poel<\/strong> prend donc une nouvelle fois le meilleur sur <strong>Wout van Aert<\/strong>. Revanche \u00e0 Dendermonde dimanche prochain ?<\/p>\n<blockquote class=\"twitter-tweet\">\n<p dir=\"ltr\" lang=\"en\">What a thriller! <a href=\"https:\/\/twitter.com\/mathieuvdpoel?ref_src=twsrc%5Etfw\">@mathieuvdpoel<\/a> wins for the 5&#xfe0f;&#x20e3;th time in Namur! <a href=\"https:\/\/twitter.com\/WoutvanAert?ref_src=twsrc%5Etfw\">@WoutvanAert<\/a> is second, <a href=\"https:\/\/twitter.com\/Tompid?ref_src=twsrc%5Etfw\">@Tompid<\/a> completes the podium. <a href=\"https:\/\/twitter.com\/hashtag\/CXWorldCup?src=hash&amp;ref_src=twsrc%5Etfw\">#CXWorldCup<\/a> <a href=\"https:\/\/t.co\/3HSaUEvjLN\">pic.twitter.com\/3HSaUEvjLN<\/a><\/p>\n<p>\u2014 UCI Cyclo-cross World Cup (@UCIcyclocrossWC) <a href=\"https:\/\/twitter.com\/UCIcyclocrossWC\/status\/1340677783698194435?ref_src=twsrc%5Etfw\">December 20, 2020<\/a><\/p><\/blockquote>\n<p><script async src=\"https:\/\/platform.twitter.com\/widgets.js\" charset=\"utf-8\"><\/script><\/p>\n<ul>\n<li style=\"text-align: justify;\"><strong>\u00c0 lire ici &#8211; <a href=\"https:\/\/dicodusport.fr\/blog\/cyclo-cross-coupe-du-monde-namur-classement-course-hommes\/\" target=\"_blank\" rel=\"noopener noreferrer\">Cyclo-cross \u2013 Coupe du monde de Namur : le classement de la course hommes<\/a><\/strong><\/li>\n<\/ul>\n<p><strong><em>Dicodusport<br \/>\n<a href=\"https:\/\/www.facebook.com\/dicodusport\/\" target=\"_blank\" rel=\"noopener noreferrer\"><img loading=\"lazy\" decoding=\"async\" class=\"alignnone wp-image-2909\" src=\"http:\/\/dicodusport.fr\/blog\/wp-content\/uploads\/2017\/07\/logo-facebook-150x150.png\" alt=\"\" width=\"40\" height=\"40\" \/><\/a><a href=\"https:\/\/twitter.com\/dicodusport\" target=\"_blank\" rel=\"noopener noreferrer\"><img loading=\"lazy\" decoding=\"async\" class=\"alignnone wp-image-2908\" src=\"http:\/\/dicodusport.fr\/blog\/wp-content\/uploads\/2017\/07\/logo-twitter-150x150.png\" alt=\"\" width=\"39\" height=\"39\" \/><\/a><\/em><\/strong><\/p>\n","protected":false},"excerpt":{"rendered":"<p>CYCLO-CROSS &#8211; COUPE DU MONDE 2020\/2021 &#8211; Au terme d&rsquo;une course dantesque, Mathieu van der Poel a remport\u00e9 la Coupe du monde de Namur (Belgique). Le N\u00e9erlandais devance Wout van Aert et Thomas Pidcock, apr\u00e8s une immense bataille.<\/p>\n","protected":false},"author":4,"featured_media":94382,"comment_status":"open","ping_status":"closed","sticky":false,"template":"","format":"standard","meta":{"_acf_changed":false,"_daextam_enable_autolinks":"","footnotes":""},"categories":[9611],"tags":[13075,13074],"class_list":["post-94359","post","type-post","status-publish","format-standard","has-post-thumbnail","hentry","category-cyclo-cross","tag-coupe-du-monde-de-namur","tag-cyclo-cross-namur"],"acf":[],"yoast_head":"<!-- This site is optimized with the Yoast SEO Premium plugin v26.7 (Yoast SEO v26.7) - https:\/\/yoast.com\/wordpress\/plugins\/seo\/ -->\n<title>Coupe du monde de Namur : Mathieu van der Poel remporte la grande bataille face \u00e0 van Aert et Pidcock<\/title>\n<meta name=\"description\" content=\"CYCLO-CROSS - COUPE DU MONDE 2020\/2021 - Au terme d&#039;une course dantesque, Mathieu van der Poel a remport\u00e9 la Coupe du monde de Namur (Belgique).\" \/>\n<meta name=\"robots\" content=\"index, follow, max-snippet:-1, max-image-preview:large, max-video-preview:-1\" \/>\n<link rel=\"canonical\" href=\"https:\/\/dicodusport.fr\/blog\/cyclo-cross-coupe-du-monde-namur-mathieu-van-der-poel-remporte-grande-bataille-face-a-van-aert-et-pidcock\/\" \/>\n<meta property=\"og:locale\" content=\"fr_FR\" \/>\n<meta property=\"og:type\" content=\"article\" \/>\n<meta property=\"og:title\" content=\"Cyclo-cross : Mathieu van der Poel remporte la grande bataille \u00e0 Namur\" \/>\n<meta property=\"og:description\" content=\"CYCLO-CROSS - COUPE DU MONDE 2020\/2021 - Au terme d&#039;une course dantesque, Mathieu van der Poel a remport\u00e9 la Coupe du monde de Namur (Belgique).\" \/>\n<meta property=\"og:url\" content=\"https:\/\/dicodusport.fr\/blog\/cyclo-cross-coupe-du-monde-namur-mathieu-van-der-poel-remporte-grande-bataille-face-a-van-aert-et-pidcock\/\" \/>\n<meta property=\"og:site_name\" content=\"Dicodusport\" \/>\n<meta property=\"article:publisher\" content=\"https:\/\/www.facebook.com\/dicodusport\" \/>\n<meta property=\"article:author\" content=\"https:\/\/www.facebook.com\/florent.ostermann\" \/>\n<meta property=\"article:published_time\" content=\"2020-12-20T15:10:02+00:00\" \/>\n<meta property=\"article:modified_time\" content=\"2020-12-20T19:34:28+00:00\" \/>\n<meta property=\"og:image\" content=\"https:\/\/dicodusport.fr\/blog\/wp-content\/uploads\/2020\/12\/Cyclo-cross-Coupe-du-monde-de-Namur-Imp\u00e9riale-Lucinda-Brand-simpose-en-solitaire.png\" \/>\n\t<meta property=\"og:image:width\" content=\"800\" \/>\n\t<meta property=\"og:image:height\" content=\"445\" \/>\n\t<meta property=\"og:image:type\" content=\"image\/png\" \/>\n<meta name=\"author\" content=\"Flo Ostermann\" \/>\n<meta name=\"twitter:card\" content=\"summary_large_image\" \/>\n<meta name=\"twitter:title\" content=\"Cyclo-cross : Mathieu van der Poel remporte la grande bataille \u00e0 Namur\" \/>\n<meta name=\"twitter:creator\" content=\"@https:\/\/twitter.com\/FlOstermann\" \/>\n<meta name=\"twitter:site\" content=\"@dicodusport\" \/>\n<script type=\"application\/ld+json\" class=\"yoast-schema-graph\">{\"@context\":\"https:\/\/schema.org\",\"@graph\":[{\"@type\":\"NewsArticle\",\"@id\":\"https:\/\/dicodusport.fr\/blog\/cyclo-cross-coupe-du-monde-namur-mathieu-van-der-poel-remporte-grande-bataille-face-a-van-aert-et-pidcock\/#article\",\"isPartOf\":{\"@id\":\"https:\/\/dicodusport.fr\/blog\/cyclo-cross-coupe-du-monde-namur-mathieu-van-der-poel-remporte-grande-bataille-face-a-van-aert-et-pidcock\/\"},\"author\":{\"name\":\"Flo Ostermann\",\"@id\":\"https:\/\/dicodusport.fr\/blog\/#\/schema\/person\/cb02af4c173ce4a653b55e9baf388d4a\"},\"headline\":\"Coupe du monde de Namur : Mathieu van der Poel remporte la grande bataille face \u00e0 van Aert et Pidcock\",\"datePublished\":\"2020-12-20T15:10:02+00:00\",\"dateModified\":\"2020-12-20T19:34:28+00:00\",\"mainEntityOfPage\":{\"@id\":\"https:\/\/dicodusport.fr\/blog\/cyclo-cross-coupe-du-monde-namur-mathieu-van-der-poel-remporte-grande-bataille-face-a-van-aert-et-pidcock\/\"},\"wordCount\":351,\"commentCount\":0,\"publisher\":{\"@id\":\"https:\/\/dicodusport.fr\/blog\/#organization\"},\"image\":{\"@id\":\"https:\/\/dicodusport.fr\/blog\/cyclo-cross-coupe-du-monde-namur-mathieu-van-der-poel-remporte-grande-bataille-face-a-van-aert-et-pidcock\/#primaryimage\"},\"thumbnailUrl\":\"https:\/\/dicodusport.fr\/blog\/wp-content\/uploads\/2020\/12\/Cyclo-cross-Coupe-du-monde-de-Namur-Imp\u00e9riale-Lucinda-Brand-simpose-en-solitaire.png\",\"keywords\":[\"Coupe du monde de Namur\",\"Cyclo-cross Namur\"],\"articleSection\":[\"Cyclo-cross\"],\"inLanguage\":\"fr-FR\",\"potentialAction\":[{\"@type\":\"CommentAction\",\"name\":\"Comment\",\"target\":[\"https:\/\/dicodusport.fr\/blog\/cyclo-cross-coupe-du-monde-namur-mathieu-van-der-poel-remporte-grande-bataille-face-a-van-aert-et-pidcock\/#respond\"]}],\"copyrightYear\":\"2020\",\"copyrightHolder\":{\"@id\":\"https:\/\/dicodusport.fr\/blog\/#organization\"}},{\"@type\":\"WebPage\",\"@id\":\"https:\/\/dicodusport.fr\/blog\/cyclo-cross-coupe-du-monde-namur-mathieu-van-der-poel-remporte-grande-bataille-face-a-van-aert-et-pidcock\/\",\"url\":\"https:\/\/dicodusport.fr\/blog\/cyclo-cross-coupe-du-monde-namur-mathieu-van-der-poel-remporte-grande-bataille-face-a-van-aert-et-pidcock\/\",\"name\":\"Coupe du monde de Namur : Mathieu van der Poel remporte la grande bataille face \u00e0 van Aert et Pidcock\",\"isPartOf\":{\"@id\":\"https:\/\/dicodusport.fr\/blog\/#website\"},\"primaryImageOfPage\":{\"@id\":\"https:\/\/dicodusport.fr\/blog\/cyclo-cross-coupe-du-monde-namur-mathieu-van-der-poel-remporte-grande-bataille-face-a-van-aert-et-pidcock\/#primaryimage\"},\"image\":{\"@id\":\"https:\/\/dicodusport.fr\/blog\/cyclo-cross-coupe-du-monde-namur-mathieu-van-der-poel-remporte-grande-bataille-face-a-van-aert-et-pidcock\/#primaryimage\"},\"thumbnailUrl\":\"https:\/\/dicodusport.fr\/blog\/wp-content\/uploads\/2020\/12\/Cyclo-cross-Coupe-du-monde-de-Namur-Imp\u00e9riale-Lucinda-Brand-simpose-en-solitaire.png\",\"datePublished\":\"2020-12-20T15:10:02+00:00\",\"dateModified\":\"2020-12-20T19:34:28+00:00\",\"description\":\"CYCLO-CROSS - COUPE DU MONDE 2020\/2021 - Au terme d'une course dantesque, Mathieu van der Poel a remport\u00e9 la Coupe du monde de Namur (Belgique).\",\"breadcrumb\":{\"@id\":\"https:\/\/dicodusport.fr\/blog\/cyclo-cross-coupe-du-monde-namur-mathieu-van-der-poel-remporte-grande-bataille-face-a-van-aert-et-pidcock\/#breadcrumb\"},\"inLanguage\":\"fr-FR\",\"potentialAction\":[{\"@type\":\"ReadAction\",\"target\":[\"https:\/\/dicodusport.fr\/blog\/cyclo-cross-coupe-du-monde-namur-mathieu-van-der-poel-remporte-grande-bataille-face-a-van-aert-et-pidcock\/\"]}]},{\"@type\":\"ImageObject\",\"inLanguage\":\"fr-FR\",\"@id\":\"https:\/\/dicodusport.fr\/blog\/cyclo-cross-coupe-du-monde-namur-mathieu-van-der-poel-remporte-grande-bataille-face-a-van-aert-et-pidcock\/#primaryimage\",\"url\":\"https:\/\/dicodusport.fr\/blog\/wp-content\/uploads\/2020\/12\/Cyclo-cross-Coupe-du-monde-de-Namur-Imp\u00e9riale-Lucinda-Brand-simpose-en-solitaire.png\",\"contentUrl\":\"https:\/\/dicodusport.fr\/blog\/wp-content\/uploads\/2020\/12\/Cyclo-cross-Coupe-du-monde-de-Namur-Imp\u00e9riale-Lucinda-Brand-simpose-en-solitaire.png\",\"width\":800,\"height\":445,\"caption\":\"Cyclo-cross - Coupe du monde de Namur - Imp\u00e9riale, Lucinda Brand s'impose en solitaire\"},{\"@type\":\"BreadcrumbList\",\"@id\":\"https:\/\/dicodusport.fr\/blog\/cyclo-cross-coupe-du-monde-namur-mathieu-van-der-poel-remporte-grande-bataille-face-a-van-aert-et-pidcock\/#breadcrumb\",\"itemListElement\":[{\"@type\":\"ListItem\",\"position\":1,\"name\":\"Accueil\",\"item\":\"https:\/\/dicodusport.fr\/blog\/\"},{\"@type\":\"ListItem\",\"position\":2,\"name\":\"Coupe du monde de Namur : Mathieu van der Poel remporte la grande bataille face \u00e0 van Aert et Pidcock\"}]},{\"@type\":\"WebSite\",\"@id\":\"https:\/\/dicodusport.fr\/blog\/#website\",\"url\":\"https:\/\/dicodusport.fr\/blog\/\",\"name\":\"Dicodusport\",\"description\":\"L&#039;encyclop\u00e9die de l&#039;actualit\u00e9 sportive\",\"publisher\":{\"@id\":\"https:\/\/dicodusport.fr\/blog\/#organization\"},\"potentialAction\":[{\"@type\":\"SearchAction\",\"target\":{\"@type\":\"EntryPoint\",\"urlTemplate\":\"https:\/\/dicodusport.fr\/blog\/?s={search_term_string}\"},\"query-input\":{\"@type\":\"PropertyValueSpecification\",\"valueRequired\":true,\"valueName\":\"search_term_string\"}}],\"inLanguage\":\"fr-FR\"},{\"@type\":\"NewsMediaOrganization\",\"@id\":\"https:\/\/dicodusport.fr\/blog\/#organization\",\"name\":\"Dicodusport\",\"url\":\"https:\/\/dicodusport.fr\/blog\/\",\"logo\":{\"@type\":\"ImageObject\",\"inLanguage\":\"fr-FR\",\"@id\":\"https:\/\/dicodusport.fr\/blog\/#\/schema\/logo\/image\/\",\"url\":\"https:\/\/dicodusport.fr\/blog\/wp-content\/uploads\/2020\/06\/cropped-LOGO-DICODUSPORT-2020-SANS-FOND-SANS-TEXTE.png\",\"contentUrl\":\"https:\/\/dicodusport.fr\/blog\/wp-content\/uploads\/2020\/06\/cropped-LOGO-DICODUSPORT-2020-SANS-FOND-SANS-TEXTE.png\",\"width\":512,\"height\":512,\"caption\":\"Dicodusport\"},\"image\":{\"@id\":\"https:\/\/dicodusport.fr\/blog\/#\/schema\/logo\/image\/\"},\"sameAs\":[\"https:\/\/www.facebook.com\/dicodusport\",\"https:\/\/x.com\/dicodusport\",\"https:\/\/www.instagram.com\/dicodusport\/\",\"https:\/\/www.youtube.com\/channel\/UC7V2KZ5sd3htJivAbA4ZG3w\"],\"description\":\"Dicodusport est l'encyclop\u00e9die de l'actualit\u00e9 sportive.\",\"email\":\"bonjour@dicodusport.fr\",\"legalName\":\"DICODUSPORT\",\"foundingDate\":\"2018-01-14\",\"vatID\":\"FR71834470973\",\"taxID\":\"83447097300043\",\"numberOfEmployees\":{\"@type\":\"QuantitativeValue\",\"minValue\":\"1\",\"maxValue\":\"10\"}},{\"@type\":\"Person\",\"@id\":\"https:\/\/dicodusport.fr\/blog\/#\/schema\/person\/cb02af4c173ce4a653b55e9baf388d4a\",\"name\":\"Flo Ostermann\",\"image\":{\"@type\":\"ImageObject\",\"inLanguage\":\"fr-FR\",\"@id\":\"https:\/\/dicodusport.fr\/blog\/#\/schema\/person\/image\/\",\"url\":\"https:\/\/dicodusport.fr\/blog\/wp-content\/uploads\/2021\/05\/Flo-Ostermann-150x150.jpg\",\"contentUrl\":\"https:\/\/dicodusport.fr\/blog\/wp-content\/uploads\/2021\/05\/Flo-Ostermann-150x150.jpg\",\"caption\":\"Flo Ostermann\"},\"description\":\"Journaliste\/R\u00e9dacteur depuis septembre 2015 - Mes premiers souvenirs dans le sport ? Les envol\u00e9es du Stade Toulousain et les duels Villeneuve-Schumacher et H\u00e4kkinen-Schumacher \u00e0 la fin des ann\u00e9es 90, la Coupe du monde de football en 1998, l\u2019exploit du XV de France face aux All Blacks en 1999, mais aussi Richard C\u0153ur de Lion qui vole sur les montagnes du Tour de France. Bien parti pour devenir professeur d\u2019EPS, les \u00e9v\u00e9nements de la vie (et la flemme d\u2019animer des s\u00e9ances de 3x500 m\u00e8tres toute ma vie) m\u2019ont conduit \u00e0 revoir mes plans. Me voil\u00e0 depuis fin 2017 sur Dicodusport, m\u00e9dia gr\u00e2ce (et pour) lequel je partage ma passion : le sport dans tous ses \u00e9tats. Le tout accompagn\u00e9 par les fous furieux et folles furieuses cit\u00e9s sur cette page !\",\"sameAs\":[\"https:\/\/www.facebook.com\/florent.ostermann\",\"https:\/\/x.com\/https:\/\/twitter.com\/FlOstermann\",\"admin\"],\"url\":\"https:\/\/dicodusport.fr\/blog\/author\/flo\/\"}]}<\/script>\n<!-- \/ Yoast SEO Premium plugin. -->","yoast_head_json":{"title":"Coupe du monde de Namur : Mathieu van der Poel remporte la grande bataille face \u00e0 van Aert et Pidcock","description":"CYCLO-CROSS - COUPE DU MONDE 2020\/2021 - Au terme d'une course dantesque, Mathieu van der Poel a remport\u00e9 la Coupe du monde de Namur (Belgique).","robots":{"index":"index","follow":"follow","max-snippet":"max-snippet:-1","max-image-preview":"max-image-preview:large","max-video-preview":"max-video-preview:-1"},"canonical":"https:\/\/dicodusport.fr\/blog\/cyclo-cross-coupe-du-monde-namur-mathieu-van-der-poel-remporte-grande-bataille-face-a-van-aert-et-pidcock\/","og_locale":"fr_FR","og_type":"article","og_title":"Cyclo-cross : Mathieu van der Poel remporte la grande bataille \u00e0 Namur","og_description":"CYCLO-CROSS - COUPE DU MONDE 2020\/2021 - Au terme d'une course dantesque, Mathieu van der Poel a remport\u00e9 la Coupe du monde de Namur (Belgique).","og_url":"https:\/\/dicodusport.fr\/blog\/cyclo-cross-coupe-du-monde-namur-mathieu-van-der-poel-remporte-grande-bataille-face-a-van-aert-et-pidcock\/","og_site_name":"Dicodusport","article_publisher":"https:\/\/www.facebook.com\/dicodusport","article_author":"https:\/\/www.facebook.com\/florent.ostermann","article_published_time":"2020-12-20T15:10:02+00:00","article_modified_time":"2020-12-20T19:34:28+00:00","og_image":[{"width":800,"height":445,"url":"https:\/\/dicodusport.fr\/blog\/wp-content\/uploads\/2020\/12\/Cyclo-cross-Coupe-du-monde-de-Namur-Imp\u00e9riale-Lucinda-Brand-simpose-en-solitaire.png","type":"image\/png"}],"author":"Flo Ostermann","twitter_card":"summary_large_image","twitter_title":"Cyclo-cross : Mathieu van der Poel remporte la grande bataille \u00e0 Namur","twitter_creator":"@https:\/\/twitter.com\/FlOstermann","twitter_site":"@dicodusport","schema":{"@context":"https:\/\/schema.org","@graph":[{"@type":"NewsArticle","@id":"https:\/\/dicodusport.fr\/blog\/cyclo-cross-coupe-du-monde-namur-mathieu-van-der-poel-remporte-grande-bataille-face-a-van-aert-et-pidcock\/#article","isPartOf":{"@id":"https:\/\/dicodusport.fr\/blog\/cyclo-cross-coupe-du-monde-namur-mathieu-van-der-poel-remporte-grande-bataille-face-a-van-aert-et-pidcock\/"},"author":{"name":"Flo Ostermann","@id":"https:\/\/dicodusport.fr\/blog\/#\/schema\/person\/cb02af4c173ce4a653b55e9baf388d4a"},"headline":"Coupe du monde de Namur : Mathieu van der Poel remporte la grande bataille face \u00e0 van Aert et Pidcock","datePublished":"2020-12-20T15:10:02+00:00","dateModified":"2020-12-20T19:34:28+00:00","mainEntityOfPage":{"@id":"https:\/\/dicodusport.fr\/blog\/cyclo-cross-coupe-du-monde-namur-mathieu-van-der-poel-remporte-grande-bataille-face-a-van-aert-et-pidcock\/"},"wordCount":351,"commentCount":0,"publisher":{"@id":"https:\/\/dicodusport.fr\/blog\/#organization"},"image":{"@id":"https:\/\/dicodusport.fr\/blog\/cyclo-cross-coupe-du-monde-namur-mathieu-van-der-poel-remporte-grande-bataille-face-a-van-aert-et-pidcock\/#primaryimage"},"thumbnailUrl":"https:\/\/dicodusport.fr\/blog\/wp-content\/uploads\/2020\/12\/Cyclo-cross-Coupe-du-monde-de-Namur-Imp\u00e9riale-Lucinda-Brand-simpose-en-solitaire.png","keywords":["Coupe du monde de Namur","Cyclo-cross Namur"],"articleSection":["Cyclo-cross"],"inLanguage":"fr-FR","potentialAction":[{"@type":"CommentAction","name":"Comment","target":["https:\/\/dicodusport.fr\/blog\/cyclo-cross-coupe-du-monde-namur-mathieu-van-der-poel-remporte-grande-bataille-face-a-van-aert-et-pidcock\/#respond"]}],"copyrightYear":"2020","copyrightHolder":{"@id":"https:\/\/dicodusport.fr\/blog\/#organization"}},{"@type":"WebPage","@id":"https:\/\/dicodusport.fr\/blog\/cyclo-cross-coupe-du-monde-namur-mathieu-van-der-poel-remporte-grande-bataille-face-a-van-aert-et-pidcock\/","url":"https:\/\/dicodusport.fr\/blog\/cyclo-cross-coupe-du-monde-namur-mathieu-van-der-poel-remporte-grande-bataille-face-a-van-aert-et-pidcock\/","name":"Coupe du monde de Namur : Mathieu van der Poel remporte la grande bataille face \u00e0 van Aert et Pidcock","isPartOf":{"@id":"https:\/\/dicodusport.fr\/blog\/#website"},"primaryImageOfPage":{"@id":"https:\/\/dicodusport.fr\/blog\/cyclo-cross-coupe-du-monde-namur-mathieu-van-der-poel-remporte-grande-bataille-face-a-van-aert-et-pidcock\/#primaryimage"},"image":{"@id":"https:\/\/dicodusport.fr\/blog\/cyclo-cross-coupe-du-monde-namur-mathieu-van-der-poel-remporte-grande-bataille-face-a-van-aert-et-pidcock\/#primaryimage"},"thumbnailUrl":"https:\/\/dicodusport.fr\/blog\/wp-content\/uploads\/2020\/12\/Cyclo-cross-Coupe-du-monde-de-Namur-Imp\u00e9riale-Lucinda-Brand-simpose-en-solitaire.png","datePublished":"2020-12-20T15:10:02+00:00","dateModified":"2020-12-20T19:34:28+00:00","description":"CYCLO-CROSS - COUPE DU MONDE 2020\/2021 - Au terme d'une course dantesque, Mathieu van der Poel a remport\u00e9 la Coupe du monde de Namur (Belgique).","breadcrumb":{"@id":"https:\/\/dicodusport.fr\/blog\/cyclo-cross-coupe-du-monde-namur-mathieu-van-der-poel-remporte-grande-bataille-face-a-van-aert-et-pidcock\/#breadcrumb"},"inLanguage":"fr-FR","potentialAction":[{"@type":"ReadAction","target":["https:\/\/dicodusport.fr\/blog\/cyclo-cross-coupe-du-monde-namur-mathieu-van-der-poel-remporte-grande-bataille-face-a-van-aert-et-pidcock\/"]}]},{"@type":"ImageObject","inLanguage":"fr-FR","@id":"https:\/\/dicodusport.fr\/blog\/cyclo-cross-coupe-du-monde-namur-mathieu-van-der-poel-remporte-grande-bataille-face-a-van-aert-et-pidcock\/#primaryimage","url":"https:\/\/dicodusport.fr\/blog\/wp-content\/uploads\/2020\/12\/Cyclo-cross-Coupe-du-monde-de-Namur-Imp\u00e9riale-Lucinda-Brand-simpose-en-solitaire.png","contentUrl":"https:\/\/dicodusport.fr\/blog\/wp-content\/uploads\/2020\/12\/Cyclo-cross-Coupe-du-monde-de-Namur-Imp\u00e9riale-Lucinda-Brand-simpose-en-solitaire.png","width":800,"height":445,"caption":"Cyclo-cross - Coupe du monde de Namur - Imp\u00e9riale, Lucinda Brand s'impose en solitaire"},{"@type":"BreadcrumbList","@id":"https:\/\/dicodusport.fr\/blog\/cyclo-cross-coupe-du-monde-namur-mathieu-van-der-poel-remporte-grande-bataille-face-a-van-aert-et-pidcock\/#breadcrumb","itemListElement":[{"@type":"ListItem","position":1,"name":"Accueil","item":"https:\/\/dicodusport.fr\/blog\/"},{"@type":"ListItem","position":2,"name":"Coupe du monde de Namur : Mathieu van der Poel remporte la grande bataille face \u00e0 van Aert et Pidcock"}]},{"@type":"WebSite","@id":"https:\/\/dicodusport.fr\/blog\/#website","url":"https:\/\/dicodusport.fr\/blog\/","name":"Dicodusport","description":"L&#039;encyclop\u00e9die de l&#039;actualit\u00e9 sportive","publisher":{"@id":"https:\/\/dicodusport.fr\/blog\/#organization"},"potentialAction":[{"@type":"SearchAction","target":{"@type":"EntryPoint","urlTemplate":"https:\/\/dicodusport.fr\/blog\/?s={search_term_string}"},"query-input":{"@type":"PropertyValueSpecification","valueRequired":true,"valueName":"search_term_string"}}],"inLanguage":"fr-FR"},{"@type":"NewsMediaOrganization","@id":"https:\/\/dicodusport.fr\/blog\/#organization","name":"Dicodusport","url":"https:\/\/dicodusport.fr\/blog\/","logo":{"@type":"ImageObject","inLanguage":"fr-FR","@id":"https:\/\/dicodusport.fr\/blog\/#\/schema\/logo\/image\/","url":"https:\/\/dicodusport.fr\/blog\/wp-content\/uploads\/2020\/06\/cropped-LOGO-DICODUSPORT-2020-SANS-FOND-SANS-TEXTE.png","contentUrl":"https:\/\/dicodusport.fr\/blog\/wp-content\/uploads\/2020\/06\/cropped-LOGO-DICODUSPORT-2020-SANS-FOND-SANS-TEXTE.png","width":512,"height":512,"caption":"Dicodusport"},"image":{"@id":"https:\/\/dicodusport.fr\/blog\/#\/schema\/logo\/image\/"},"sameAs":["https:\/\/www.facebook.com\/dicodusport","https:\/\/x.com\/dicodusport","https:\/\/www.instagram.com\/dicodusport\/","https:\/\/www.youtube.com\/channel\/UC7V2KZ5sd3htJivAbA4ZG3w"],"description":"Dicodusport est l'encyclop\u00e9die de l'actualit\u00e9 sportive.","email":"bonjour@dicodusport.fr","legalName":"DICODUSPORT","foundingDate":"2018-01-14","vatID":"FR71834470973","taxID":"83447097300043","numberOfEmployees":{"@type":"QuantitativeValue","minValue":"1","maxValue":"10"}},{"@type":"Person","@id":"https:\/\/dicodusport.fr\/blog\/#\/schema\/person\/cb02af4c173ce4a653b55e9baf388d4a","name":"Flo Ostermann","image":{"@type":"ImageObject","inLanguage":"fr-FR","@id":"https:\/\/dicodusport.fr\/blog\/#\/schema\/person\/image\/","url":"https:\/\/dicodusport.fr\/blog\/wp-content\/uploads\/2021\/05\/Flo-Ostermann-150x150.jpg","contentUrl":"https:\/\/dicodusport.fr\/blog\/wp-content\/uploads\/2021\/05\/Flo-Ostermann-150x150.jpg","caption":"Flo Ostermann"},"description":"Journaliste\/R\u00e9dacteur depuis septembre 2015 - Mes premiers souvenirs dans le sport ? Les envol\u00e9es du Stade Toulousain et les duels Villeneuve-Schumacher et H\u00e4kkinen-Schumacher \u00e0 la fin des ann\u00e9es 90, la Coupe du monde de football en 1998, l\u2019exploit du XV de France face aux All Blacks en 1999, mais aussi Richard C\u0153ur de Lion qui vole sur les montagnes du Tour de France. Bien parti pour devenir professeur d\u2019EPS, les \u00e9v\u00e9nements de la vie (et la flemme d\u2019animer des s\u00e9ances de 3x500 m\u00e8tres toute ma vie) m\u2019ont conduit \u00e0 revoir mes plans. Me voil\u00e0 depuis fin 2017 sur Dicodusport, m\u00e9dia gr\u00e2ce (et pour) lequel je partage ma passion : le sport dans tous ses \u00e9tats. Le tout accompagn\u00e9 par les fous furieux et folles furieuses cit\u00e9s sur cette page !","sameAs":["https:\/\/www.facebook.com\/florent.ostermann","https:\/\/x.com\/https:\/\/twitter.com\/FlOstermann","admin"],"url":"https:\/\/dicodusport.fr\/blog\/author\/flo\/"}]}},"_links":{"self":[{"href":"https:\/\/dicodusport.fr\/blog\/wp-json\/wp\/v2\/posts\/94359","targetHints":{"allow":["GET"]}}],"collection":[{"href":"https:\/\/dicodusport.fr\/blog\/wp-json\/wp\/v2\/posts"}],"about":[{"href":"https:\/\/dicodusport.fr\/blog\/wp-json\/wp\/v2\/types\/post"}],"author":[{"embeddable":true,"href":"https:\/\/dicodusport.fr\/blog\/wp-json\/wp\/v2\/users\/4"}],"replies":[{"embeddable":true,"href":"https:\/\/dicodusport.fr\/blog\/wp-json\/wp\/v2\/comments?post=94359"}],"version-history":[{"count":0,"href":"https:\/\/dicodusport.fr\/blog\/wp-json\/wp\/v2\/posts\/94359\/revisions"}],"wp:featuredmedia":[{"embeddable":true,"href":"https:\/\/dicodusport.fr\/blog\/wp-json\/wp\/v2\/media\/94382"}],"wp:attachment":[{"href":"https:\/\/dicodusport.fr\/blog\/wp-json\/wp\/v2\/media?parent=94359"}],"wp:term":[{"taxonomy":"category","embeddable":true,"href":"https:\/\/dicodusport.fr\/blog\/wp-json\/wp\/v2\/categories?post=94359"},{"taxonomy":"post_tag","embeddable":true,"href":"https:\/\/dicodusport.fr\/blog\/wp-json\/wp\/v2\/tags?post=94359"}],"curies":[{"name":"wp","href":"https:\/\/api.w.org\/{rel}","templated":true}]}}