{"id":94531,"date":"2020-12-28T16:00:41","date_gmt":"2020-12-28T15:00:41","guid":{"rendered":"https:\/\/dicodusport.fr\/blog\/?p=94531"},"modified":"2020-12-28T15:13:11","modified_gmt":"2020-12-28T14:13:11","slug":"chronique-tricolore-jean-frederic-chapuis-legende-du-skicross","status":"publish","type":"post","link":"https:\/\/dicodusport.fr\/blog\/chronique-tricolore-jean-frederic-chapuis-legende-du-skicross\/","title":{"rendered":"Chronique tricolore : Jean-Fr\u00e9d\u00e9ric Chapuis, l\u00e9gende du skicross"},"content":{"rendered":"<p style=\"text-align: justify;\"><em><strong>Discipline encore inconnue il y a 20 ans, le skicross est reconnu seulement depuis 2003. Popularis\u00e9 en France par la grande Oph\u00e9lie David, l&rsquo;\u00e9quipe de France masculine a eu du mal \u00e0 exister. Jusqu&rsquo;au jour o\u00f9 un certain Jean-Fr\u00e9d\u00e9ric Chapuis est parvenu \u00e0 devenir le roi de la discipline. Globe de cristal, titre mondial et olympique, il a absolument tout gagn\u00e9.<\/strong><\/em><\/p>\n<h2 style=\"text-align: justify;\">Carri\u00e8re avort\u00e9e en ski alpin<\/h2>\n<p style=\"text-align: justify;\">N\u00e9 d&rsquo;un p\u00e8re fran\u00e7ais et d&rsquo;une m\u00e8re suisse, <strong>Jean-Fr\u00e9d\u00e9ric Chapuis<\/strong> commence le ski d\u00e8s ses 3 ans \u00e0 Val Thorens. Membre du club de ski de la station jusqu&rsquo;\u00e0 14 ans, il int\u00e8gre ensuite le comit\u00e9 de Savoie pendant cinq ans. Alors qu&rsquo;il montre de r\u00e9elles qualit\u00e9s, il se fixe l&rsquo;objectif d&rsquo;int\u00e9grer l&rsquo;\u00e9quipe nationale suisse. Il se laisse un an au cours duquel il envisage de faire parti de l&rsquo;\u00e9quipe de ski alpin et ainsi porter les couleurs de la <em>Nati.<\/em> Malheureusement, il rate le coche de peu et rentre alors en France o\u00f9 une proposition l&rsquo;attend. Cette proposition vient de l&rsquo;\u00e9quipe de France de skicross qui lui propose d&rsquo;\u00eatre partenaire d&rsquo;entrainement sans \u00eatre officiellement membre de l&rsquo;\u00e9quipe.<\/p>\n<p style=\"text-align: justify;\">Profitant des places de libres apr\u00e8s les Jeux de Vancouver en 2010, il voit les portes s&rsquo;ouvrir et int\u00e8gre l&rsquo;\u00e9quipe. D\u00e8s sa premi\u00e8re ann\u00e9e, tout fonctionne bien, et il signe une tr\u00e8s bonne 8\u00e8me place pour sa premi\u00e8re manche de Coupe du monde.<\/p>\n<h2 style=\"text-align: justify;\">L&rsquo;ascension fulgurante<\/h2>\n<p style=\"text-align: justify;\">Au cours de la saison 2011-2012, <strong>Jean-Fr\u00e9d\u00e9ric Chapuis<\/strong> monte sur son tout premier podium international gr\u00e2ce \u00e0 une 3\u00e8me place en fin de saison. La saison suivante est celle de la cons\u00e9cration. Aux mondiaux de ski acrobatique 2013 \u00e0 Voss (Norv\u00e8ge), il atteint la finale et cr\u00e9e la surprise en remportant le titre mondial devant son compatriote <strong>Bastien Midol<\/strong>. Il d\u00e9croche alors le tout premier titre masculin fran\u00e7ais dans cette discipline. Sa toute premi\u00e8re victoire en carri\u00e8re.<\/p>\n<p style=\"text-align: justify;\">Apr\u00e8s ce titre mondial, il enchaine avec une 3\u00e8me place puis une premi\u00e8re victoire en Coupe du monde \u00e0 \u00c5re (Su\u00e8de). Au classement g\u00e9n\u00e9ral de la sp\u00e9cialit\u00e9, il termine au pied du podium avec un total de 343 points.<\/p>\n<h2 style=\"text-align: justify;\">Premiers Jeux Olympiques historiques<\/h2>\n<p style=\"text-align: justify;\">Sa saison 2013-2014 est marqu\u00e9e par une nouvelle quatri\u00e8me place au g\u00e9n\u00e9ral de la sp\u00e9cialit\u00e9. Deux nouveaux podiums en Coupe du monde dont une 3\u00e8me place sur la piste de son club, \u00e0 Val Thorens. Et \u00e9galement une nouvelle victoire, toujours en France, \u00e0 La Plagne.<\/p>\n<p style=\"text-align: justify;\">Mais le vrai grand \u00e9v\u00e8nement de l&rsquo;ann\u00e9e, ce sont \u00e9videmment ses premiers <strong>Jeux Olympiques<\/strong> \u00e0 Sotchi (Russie). Apr\u00e8s un parcours parfait, il arrive en finale en compagnie de deux autres Tricolores <strong>Arnaud Bovolenta<\/strong> et <strong>Jonathan Midol<\/strong>. Seul contre tous, le Canadien Brady Leman n&rsquo;a rien pu faire. \u00c0 cause d&rsquo;une chute avant le saut final, il voit les Fran\u00e7ais r\u00e9aliser un tripl\u00e9 historique. Lors de ce run final, <strong>Jean-Fr\u00e9d\u00e9ric Chapuis<\/strong> aura men\u00e9 de bout en bout, et apporte le dernier titre fran\u00e7ais de ces Jeux.<\/p>\n<blockquote class=\"twitter-tweet\">\n<p dir=\"ltr\" lang=\"fr\">&#x1f1eb;&#x1f1f7; 20 f\u00e9vrier 2014 &#x1f5d3;&#xfe0f;<\/p>\n<p>L&rsquo;\u00e9quipe de France de skicross r\u00e9alise un fabuleux tripl\u00e9 aux JO de Sotchi. Une 1\u00e8re dans l&rsquo;histoire du sport fran\u00e7ais aux JO d&rsquo;hiver &#x1f64c;<\/p>\n<p>&#x1f947; Jean-Fr\u00e9d\u00e9ric Chapuis<br \/>\n&#x1f948; <a href=\"https:\/\/twitter.com\/BovolentaArnaud?ref_src=twsrc%5Etfw\">@BovolentaArnaud<\/a><br \/>\n&#x1f949; Jonathan Midol<a href=\"https:\/\/twitter.com\/FedFranceSki?ref_src=twsrc%5Etfw\">@FedFranceSki<\/a> <a href=\"https:\/\/twitter.com\/FranceOlympique?ref_src=twsrc%5Etfw\">@FranceOlympique<\/a><a href=\"https:\/\/t.co\/qr7otkWUWX\">pic.twitter.com\/qr7otkWUWX<\/a><\/p>\n<p>\u2014 SPORTRICOLORE (@sportricolore) <a href=\"https:\/\/twitter.com\/sportricolore\/status\/1230481366753644545?ref_src=twsrc%5Etfw\">February 20, 2020<\/a><\/p><\/blockquote>\n<p><script async src=\"https:\/\/platform.twitter.com\/widgets.js\" charset=\"utf-8\"><\/script><\/p>\n<h2 style=\"text-align: justify;\">Un tripl\u00e9 de cristal pour confirmer<\/h2>\n<p style=\"text-align: justify;\">Si le titre olympique l&rsquo;a rendu c\u00e9l\u00e8bre aux yeux du grand public, il l&rsquo;a aussi lib\u00e9r\u00e9 en Coupe du monde. En 2015, il r\u00e9alise l&rsquo;une de ses meilleures saisons. Gr\u00e2ce \u00e0 7 podiums dont 4 victoires, il remporte le globe de cristal de la sp\u00e9cialit\u00e9 avec pratiquement 200 points d&rsquo;avance sur le second. Il devient le premier Fran\u00e7ais \u00e0 r\u00e9aliser une telle performance. \u00c0 cela, il ajoute une 3\u00e8me place au classement g\u00e9n\u00e9ral de ski acrobatique et une m\u00e9daille d&rsquo;argent mondiale, deux ans apr\u00e8s l&rsquo;or.<\/p>\n<p style=\"text-align: justify;\">Commence alors une domination sans partage. Quatre nouvelles victoires en 2016, dont une \u00e0 Val Thorens. Un copier-coller de la saison pr\u00e9c\u00e9dente puisqu&rsquo;il remporte son deuxi\u00e8me globe de la discipline et la troisi\u00e8me place de ski acrobatique. En 2017, il r\u00e9alise une performance unique en son genre. <strong>Jean-Fr\u00e9d\u00e9ric Chapuis<\/strong> remporte une troisi\u00e8me fois le classement de skicross avec 4 victoires suppl\u00e9mentaires en Coupe du monde. Il rate cependant les Mondiaux en Sierra Nevada o\u00f9 il termine seulement 25\u00e8me.<\/p>\n<h2 style=\"text-align: justify;\">Vaincu mais toujours au top<\/h2>\n<p style=\"text-align: justify;\">En 2018, il participe \u00e0 ses seconds Jeux Olympiques \u00e0 Pyeongchang. Comme le reste de l&rsquo;\u00e9quipe de France, il passe au travers et est \u00e9limin\u00e9 en quarts de finale. Il reste cependant un adversaire redoutable en Coupe du monde : 4 podiums de plus dans la saison. Bien, mais pas assez pour garder son tr\u00f4ne. En effet, il est battu pour le globe de cristal de skicross et termine deuxi\u00e8me derri\u00e8re le Suisse<strong> Marc Bischofberger<\/strong>.<\/p>\n<p style=\"text-align: justify;\">La saison 2018-2019 est marqu\u00e9e par un incroyable doubl\u00e9 fran\u00e7ais. Triple vainqueur au cours de la saison, c&rsquo;est pourtant son co\u00e9quipier <strong>Bastien Midol<\/strong> qui remporte \u00e0 son tour le globe de cristal. Il devient le second Fran\u00e7ais \u00e0 r\u00e9ussir cet exploit. Les deux tricolores r\u00e9alisent 11 podiums \u00e0 eux deux et montrent la sup\u00e9riorit\u00e9 fran\u00e7aise.<\/p>\n<h2 style=\"text-align: justify;\">Jean-Fr\u00e9d\u00e9ric Chapuis en quelques chiffres<\/h2>\n<p style=\"text-align: justify;\">Malgr\u00e9 une ann\u00e9e 2020 difficile, il reste d\u00e9sormais une l\u00e9gende de son sport. La preuve en chiffres.<\/p>\n<ul>\n<li style=\"text-align: justify;\">18 victoires en Coupe du monde (32 podiums)<\/li>\n<li>3 globe de cristal de skicross<\/li>\n<li>2 m\u00e9dailles mondiales (1 titre)<\/li>\n<li>champion olympique<\/li>\n<\/ul>\n<p><strong><em>Maxime Boulard<br \/>\n<a href=\"https:\/\/www.facebook.com\/Max.Bld2\/\" target=\"_blank\" rel=\"noopener noreferrer\"><img loading=\"lazy\" decoding=\"async\" class=\"alignnone wp-image-2909\" src=\"http:\/\/dicodusport.fr\/blog\/wp-content\/uploads\/2017\/07\/logo-facebook-150x150.png\" alt=\"\" width=\"40\" height=\"40\" \/><\/a><a href=\"https:\/\/twitter.com\/MaximeB_2\" target=\"_blank\" rel=\"noopener noreferrer\"><img loading=\"lazy\" decoding=\"async\" class=\"alignnone wp-image-2908\" src=\"http:\/\/dicodusport.fr\/blog\/wp-content\/uploads\/2017\/07\/logo-twitter-150x150.png\" alt=\"\" width=\"39\" height=\"39\" \/><\/a><\/em><\/strong><\/p>\n","protected":false},"excerpt":{"rendered":"<p>Discipline encore inconnue il y a 20 ans, le skicross est reconnu seulement depuis 2003. Popularis\u00e9 en France par la grande Oph\u00e9lie David, l&rsquo;\u00e9quipe de France masculine a eu du mal \u00e0 exister. Jusqu&rsquo;au jour o\u00f9 un certain Jean-Fr\u00e9d\u00e9ric Chapuis est parvenu \u00e0 devenir le roi de la discipline. Globe de cristal, titre mondial et olympique, il a absolument tout gagn\u00e9.<\/p>\n","protected":false},"author":43,"featured_media":95794,"comment_status":"open","ping_status":"closed","sticky":false,"template":"","format":"standard","meta":{"_acf_changed":false,"_daextam_enable_autolinks":"","footnotes":""},"categories":[9217],"tags":[3242,2688,2947,24],"class_list":["post-94531","post","type-post","status-publish","format-standard","has-post-thumbnail","hentry","category-ski","tag-jean-frederic-chapuis","tag-ski-acrobatique","tag-skicross","tag-sport"],"acf":[],"yoast_head":"<!-- This site is optimized with the Yoast SEO Premium plugin v26.7 (Yoast SEO v26.7) - https:\/\/yoast.com\/wordpress\/plugins\/seo\/ -->\n<title>Chronique tricolore : Jean-Fr\u00e9d\u00e9ric Chapuis, l\u00e9gende du skicross<\/title>\n<meta name=\"description\" content=\"L\u00e9gende du skicross, Jean-Fr\u00e9d\u00e9ric Chapuis a tout gagn\u00e9. Trois globe de cristal, champion du monde et olympique, retour sur sa carri\u00e8re.\" \/>\n<meta name=\"robots\" content=\"index, follow, max-snippet:-1, max-image-preview:large, max-video-preview:-1\" \/>\n<link rel=\"canonical\" href=\"https:\/\/dicodusport.fr\/blog\/chronique-tricolore-jean-frederic-chapuis-legende-du-skicross\/\" \/>\n<meta property=\"og:locale\" content=\"fr_FR\" \/>\n<meta property=\"og:type\" content=\"article\" \/>\n<meta property=\"og:title\" content=\"Chronique tricolore : Jean-Fr\u00e9d\u00e9ric Chapuis, l\u00e9gende du skicross\" \/>\n<meta property=\"og:description\" content=\"L\u00e9gende du skicross, Jean-Fr\u00e9d\u00e9ric Chapuis a tout gagn\u00e9. Trois globe de cristal, champion du monde et olympique, retour sur sa carri\u00e8re.\" \/>\n<meta property=\"og:url\" content=\"https:\/\/dicodusport.fr\/blog\/chronique-tricolore-jean-frederic-chapuis-legende-du-skicross\/\" \/>\n<meta property=\"og:site_name\" content=\"Dicodusport\" \/>\n<meta property=\"article:publisher\" content=\"https:\/\/www.facebook.com\/dicodusport\" \/>\n<meta property=\"article:author\" content=\"https:\/\/www.facebook.com\/Max.Bld2\/\" \/>\n<meta property=\"article:published_time\" content=\"2020-12-28T15:00:41+00:00\" \/>\n<meta property=\"og:image\" content=\"https:\/\/dicodusport.fr\/blog\/wp-content\/uploads\/2020\/12\/Chronique-tricolore-Jean-Fr\u00e9d\u00e9ric-Chapuis-l\u00e9gende-du-skicross.png\" \/>\n\t<meta property=\"og:image:width\" content=\"800\" \/>\n\t<meta property=\"og:image:height\" content=\"445\" \/>\n\t<meta property=\"og:image:type\" content=\"image\/png\" \/>\n<meta name=\"author\" content=\"Maxime Boulard\" \/>\n<meta name=\"twitter:card\" content=\"summary_large_image\" \/>\n<meta name=\"twitter:title\" content=\"Chronique tricolore : Jean-Fr\u00e9d\u00e9ric Chapuis, l\u00e9gende du skicross\" \/>\n<meta name=\"twitter:creator\" content=\"@https:\/\/twitter.com\/MaximeB_2\" \/>\n<meta name=\"twitter:site\" content=\"@dicodusport\" \/>\n<script type=\"application\/ld+json\" class=\"yoast-schema-graph\">{\"@context\":\"https:\/\/schema.org\",\"@graph\":[{\"@type\":\"NewsArticle\",\"@id\":\"https:\/\/dicodusport.fr\/blog\/chronique-tricolore-jean-frederic-chapuis-legende-du-skicross\/#article\",\"isPartOf\":{\"@id\":\"https:\/\/dicodusport.fr\/blog\/chronique-tricolore-jean-frederic-chapuis-legende-du-skicross\/\"},\"author\":{\"name\":\"Maxime Boulard\",\"@id\":\"https:\/\/dicodusport.fr\/blog\/#\/schema\/person\/5aab10ee856e86ac63e9819a9da34784\"},\"headline\":\"Chronique tricolore : Jean-Fr\u00e9d\u00e9ric Chapuis, l\u00e9gende du skicross\",\"datePublished\":\"2020-12-28T15:00:41+00:00\",\"mainEntityOfPage\":{\"@id\":\"https:\/\/dicodusport.fr\/blog\/chronique-tricolore-jean-frederic-chapuis-legende-du-skicross\/\"},\"wordCount\":981,\"commentCount\":0,\"publisher\":{\"@id\":\"https:\/\/dicodusport.fr\/blog\/#organization\"},\"image\":{\"@id\":\"https:\/\/dicodusport.fr\/blog\/chronique-tricolore-jean-frederic-chapuis-legende-du-skicross\/#primaryimage\"},\"thumbnailUrl\":\"https:\/\/dicodusport.fr\/blog\/wp-content\/uploads\/2020\/12\/Chronique-tricolore-Jean-Fr\u00e9d\u00e9ric-Chapuis-l\u00e9gende-du-skicross.png\",\"keywords\":[\"Jean-Fr\u00e9d\u00e9ric Chapuis\",\"ski acrobatique\",\"skicross\",\"sport\"],\"articleSection\":[\"Ski\"],\"inLanguage\":\"fr-FR\",\"potentialAction\":[{\"@type\":\"CommentAction\",\"name\":\"Comment\",\"target\":[\"https:\/\/dicodusport.fr\/blog\/chronique-tricolore-jean-frederic-chapuis-legende-du-skicross\/#respond\"]}],\"copyrightYear\":\"2020\",\"copyrightHolder\":{\"@id\":\"https:\/\/dicodusport.fr\/blog\/#organization\"}},{\"@type\":\"WebPage\",\"@id\":\"https:\/\/dicodusport.fr\/blog\/chronique-tricolore-jean-frederic-chapuis-legende-du-skicross\/\",\"url\":\"https:\/\/dicodusport.fr\/blog\/chronique-tricolore-jean-frederic-chapuis-legende-du-skicross\/\",\"name\":\"Chronique tricolore : Jean-Fr\u00e9d\u00e9ric Chapuis, l\u00e9gende du skicross\",\"isPartOf\":{\"@id\":\"https:\/\/dicodusport.fr\/blog\/#website\"},\"primaryImageOfPage\":{\"@id\":\"https:\/\/dicodusport.fr\/blog\/chronique-tricolore-jean-frederic-chapuis-legende-du-skicross\/#primaryimage\"},\"image\":{\"@id\":\"https:\/\/dicodusport.fr\/blog\/chronique-tricolore-jean-frederic-chapuis-legende-du-skicross\/#primaryimage\"},\"thumbnailUrl\":\"https:\/\/dicodusport.fr\/blog\/wp-content\/uploads\/2020\/12\/Chronique-tricolore-Jean-Fr\u00e9d\u00e9ric-Chapuis-l\u00e9gende-du-skicross.png\",\"datePublished\":\"2020-12-28T15:00:41+00:00\",\"description\":\"L\u00e9gende du skicross, Jean-Fr\u00e9d\u00e9ric Chapuis a tout gagn\u00e9. Trois globe de cristal, champion du monde et olympique, retour sur sa carri\u00e8re.\",\"breadcrumb\":{\"@id\":\"https:\/\/dicodusport.fr\/blog\/chronique-tricolore-jean-frederic-chapuis-legende-du-skicross\/#breadcrumb\"},\"inLanguage\":\"fr-FR\",\"potentialAction\":[{\"@type\":\"ReadAction\",\"target\":[\"https:\/\/dicodusport.fr\/blog\/chronique-tricolore-jean-frederic-chapuis-legende-du-skicross\/\"]}]},{\"@type\":\"ImageObject\",\"inLanguage\":\"fr-FR\",\"@id\":\"https:\/\/dicodusport.fr\/blog\/chronique-tricolore-jean-frederic-chapuis-legende-du-skicross\/#primaryimage\",\"url\":\"https:\/\/dicodusport.fr\/blog\/wp-content\/uploads\/2020\/12\/Chronique-tricolore-Jean-Fr\u00e9d\u00e9ric-Chapuis-l\u00e9gende-du-skicross.png\",\"contentUrl\":\"https:\/\/dicodusport.fr\/blog\/wp-content\/uploads\/2020\/12\/Chronique-tricolore-Jean-Fr\u00e9d\u00e9ric-Chapuis-l\u00e9gende-du-skicross.png\",\"width\":800,\"height\":445,\"caption\":\"Chronique tricolore - Jean-Fr\u00e9d\u00e9ric Chapuis, l\u00e9gende du skicross\"},{\"@type\":\"BreadcrumbList\",\"@id\":\"https:\/\/dicodusport.fr\/blog\/chronique-tricolore-jean-frederic-chapuis-legende-du-skicross\/#breadcrumb\",\"itemListElement\":[{\"@type\":\"ListItem\",\"position\":1,\"name\":\"Accueil\",\"item\":\"https:\/\/dicodusport.fr\/blog\/\"},{\"@type\":\"ListItem\",\"position\":2,\"name\":\"Chronique tricolore : Jean-Fr\u00e9d\u00e9ric Chapuis, l\u00e9gende du skicross\"}]},{\"@type\":\"WebSite\",\"@id\":\"https:\/\/dicodusport.fr\/blog\/#website\",\"url\":\"https:\/\/dicodusport.fr\/blog\/\",\"name\":\"Dicodusport\",\"description\":\"L&#039;encyclop\u00e9die de l&#039;actualit\u00e9 sportive\",\"publisher\":{\"@id\":\"https:\/\/dicodusport.fr\/blog\/#organization\"},\"potentialAction\":[{\"@type\":\"SearchAction\",\"target\":{\"@type\":\"EntryPoint\",\"urlTemplate\":\"https:\/\/dicodusport.fr\/blog\/?s={search_term_string}\"},\"query-input\":{\"@type\":\"PropertyValueSpecification\",\"valueRequired\":true,\"valueName\":\"search_term_string\"}}],\"inLanguage\":\"fr-FR\"},{\"@type\":\"NewsMediaOrganization\",\"@id\":\"https:\/\/dicodusport.fr\/blog\/#organization\",\"name\":\"Dicodusport\",\"url\":\"https:\/\/dicodusport.fr\/blog\/\",\"logo\":{\"@type\":\"ImageObject\",\"inLanguage\":\"fr-FR\",\"@id\":\"https:\/\/dicodusport.fr\/blog\/#\/schema\/logo\/image\/\",\"url\":\"https:\/\/dicodusport.fr\/blog\/wp-content\/uploads\/2020\/06\/cropped-LOGO-DICODUSPORT-2020-SANS-FOND-SANS-TEXTE.png\",\"contentUrl\":\"https:\/\/dicodusport.fr\/blog\/wp-content\/uploads\/2020\/06\/cropped-LOGO-DICODUSPORT-2020-SANS-FOND-SANS-TEXTE.png\",\"width\":512,\"height\":512,\"caption\":\"Dicodusport\"},\"image\":{\"@id\":\"https:\/\/dicodusport.fr\/blog\/#\/schema\/logo\/image\/\"},\"sameAs\":[\"https:\/\/www.facebook.com\/dicodusport\",\"https:\/\/x.com\/dicodusport\",\"https:\/\/www.instagram.com\/dicodusport\/\",\"https:\/\/www.youtube.com\/channel\/UC7V2KZ5sd3htJivAbA4ZG3w\"],\"description\":\"Dicodusport est l'encyclop\u00e9die de l'actualit\u00e9 sportive.\",\"email\":\"bonjour@dicodusport.fr\",\"legalName\":\"DICODUSPORT\",\"foundingDate\":\"2018-01-14\",\"vatID\":\"FR71834470973\",\"taxID\":\"83447097300043\",\"numberOfEmployees\":{\"@type\":\"QuantitativeValue\",\"minValue\":\"1\",\"maxValue\":\"10\"}},{\"@type\":\"Person\",\"@id\":\"https:\/\/dicodusport.fr\/blog\/#\/schema\/person\/5aab10ee856e86ac63e9819a9da34784\",\"name\":\"Maxime Boulard\",\"image\":{\"@type\":\"ImageObject\",\"inLanguage\":\"fr-FR\",\"@id\":\"https:\/\/dicodusport.fr\/blog\/#\/schema\/person\/image\/\",\"url\":\"https:\/\/dicodusport.fr\/blog\/wp-content\/uploads\/2021\/05\/Maxime-Boulard-150x150.jpg\",\"contentUrl\":\"https:\/\/dicodusport.fr\/blog\/wp-content\/uploads\/2021\/05\/Maxime-Boulard-150x150.jpg\",\"caption\":\"Maxime Boulard\"},\"description\":\"Journaliste\/r\u00e9dacteur depuis octobre 2020 - Si mon plus vieux souvenir de sport aurait pu m'en d\u00e9go\u00fbter, la finale de la Coupe du monde 2006 a \u00e9t\u00e9 tout le contraire. V\u00e9ritable d\u00e9clencheur d'une passion qui aujourd'hui ne fait que grandir avec le temps, mon leitmotiv est la France qui brille ! Je relate les exploits pass\u00e9s et pr\u00e9sents du sport bleu-blanc-rouge sans m\u00e9nagement depuis octobre 2020. Sport valide ou handisport, aucune diff\u00e9rence, il n'y a que du sport et plusieurs fa\u00e7ons de le pratiquer.\",\"sameAs\":[\"https:\/\/www.facebook.com\/Max.Bld2\/\",\"https:\/\/x.com\/https:\/\/twitter.com\/MaximeB_2\"],\"url\":\"https:\/\/dicodusport.fr\/blog\/author\/maxime-b\/\"}]}<\/script>\n<!-- \/ Yoast SEO Premium plugin. -->","yoast_head_json":{"title":"Chronique tricolore : Jean-Fr\u00e9d\u00e9ric Chapuis, l\u00e9gende du skicross","description":"L\u00e9gende du skicross, Jean-Fr\u00e9d\u00e9ric Chapuis a tout gagn\u00e9. Trois globe de cristal, champion du monde et olympique, retour sur sa carri\u00e8re.","robots":{"index":"index","follow":"follow","max-snippet":"max-snippet:-1","max-image-preview":"max-image-preview:large","max-video-preview":"max-video-preview:-1"},"canonical":"https:\/\/dicodusport.fr\/blog\/chronique-tricolore-jean-frederic-chapuis-legende-du-skicross\/","og_locale":"fr_FR","og_type":"article","og_title":"Chronique tricolore : Jean-Fr\u00e9d\u00e9ric Chapuis, l\u00e9gende du skicross","og_description":"L\u00e9gende du skicross, Jean-Fr\u00e9d\u00e9ric Chapuis a tout gagn\u00e9. Trois globe de cristal, champion du monde et olympique, retour sur sa carri\u00e8re.","og_url":"https:\/\/dicodusport.fr\/blog\/chronique-tricolore-jean-frederic-chapuis-legende-du-skicross\/","og_site_name":"Dicodusport","article_publisher":"https:\/\/www.facebook.com\/dicodusport","article_author":"https:\/\/www.facebook.com\/Max.Bld2\/","article_published_time":"2020-12-28T15:00:41+00:00","og_image":[{"width":800,"height":445,"url":"https:\/\/dicodusport.fr\/blog\/wp-content\/uploads\/2020\/12\/Chronique-tricolore-Jean-Fr\u00e9d\u00e9ric-Chapuis-l\u00e9gende-du-skicross.png","type":"image\/png"}],"author":"Maxime Boulard","twitter_card":"summary_large_image","twitter_title":"Chronique tricolore : Jean-Fr\u00e9d\u00e9ric Chapuis, l\u00e9gende du skicross","twitter_creator":"@https:\/\/twitter.com\/MaximeB_2","twitter_site":"@dicodusport","schema":{"@context":"https:\/\/schema.org","@graph":[{"@type":"NewsArticle","@id":"https:\/\/dicodusport.fr\/blog\/chronique-tricolore-jean-frederic-chapuis-legende-du-skicross\/#article","isPartOf":{"@id":"https:\/\/dicodusport.fr\/blog\/chronique-tricolore-jean-frederic-chapuis-legende-du-skicross\/"},"author":{"name":"Maxime Boulard","@id":"https:\/\/dicodusport.fr\/blog\/#\/schema\/person\/5aab10ee856e86ac63e9819a9da34784"},"headline":"Chronique tricolore : Jean-Fr\u00e9d\u00e9ric Chapuis, l\u00e9gende du skicross","datePublished":"2020-12-28T15:00:41+00:00","mainEntityOfPage":{"@id":"https:\/\/dicodusport.fr\/blog\/chronique-tricolore-jean-frederic-chapuis-legende-du-skicross\/"},"wordCount":981,"commentCount":0,"publisher":{"@id":"https:\/\/dicodusport.fr\/blog\/#organization"},"image":{"@id":"https:\/\/dicodusport.fr\/blog\/chronique-tricolore-jean-frederic-chapuis-legende-du-skicross\/#primaryimage"},"thumbnailUrl":"https:\/\/dicodusport.fr\/blog\/wp-content\/uploads\/2020\/12\/Chronique-tricolore-Jean-Fr\u00e9d\u00e9ric-Chapuis-l\u00e9gende-du-skicross.png","keywords":["Jean-Fr\u00e9d\u00e9ric Chapuis","ski acrobatique","skicross","sport"],"articleSection":["Ski"],"inLanguage":"fr-FR","potentialAction":[{"@type":"CommentAction","name":"Comment","target":["https:\/\/dicodusport.fr\/blog\/chronique-tricolore-jean-frederic-chapuis-legende-du-skicross\/#respond"]}],"copyrightYear":"2020","copyrightHolder":{"@id":"https:\/\/dicodusport.fr\/blog\/#organization"}},{"@type":"WebPage","@id":"https:\/\/dicodusport.fr\/blog\/chronique-tricolore-jean-frederic-chapuis-legende-du-skicross\/","url":"https:\/\/dicodusport.fr\/blog\/chronique-tricolore-jean-frederic-chapuis-legende-du-skicross\/","name":"Chronique tricolore : Jean-Fr\u00e9d\u00e9ric Chapuis, l\u00e9gende du skicross","isPartOf":{"@id":"https:\/\/dicodusport.fr\/blog\/#website"},"primaryImageOfPage":{"@id":"https:\/\/dicodusport.fr\/blog\/chronique-tricolore-jean-frederic-chapuis-legende-du-skicross\/#primaryimage"},"image":{"@id":"https:\/\/dicodusport.fr\/blog\/chronique-tricolore-jean-frederic-chapuis-legende-du-skicross\/#primaryimage"},"thumbnailUrl":"https:\/\/dicodusport.fr\/blog\/wp-content\/uploads\/2020\/12\/Chronique-tricolore-Jean-Fr\u00e9d\u00e9ric-Chapuis-l\u00e9gende-du-skicross.png","datePublished":"2020-12-28T15:00:41+00:00","description":"L\u00e9gende du skicross, Jean-Fr\u00e9d\u00e9ric Chapuis a tout gagn\u00e9. Trois globe de cristal, champion du monde et olympique, retour sur sa carri\u00e8re.","breadcrumb":{"@id":"https:\/\/dicodusport.fr\/blog\/chronique-tricolore-jean-frederic-chapuis-legende-du-skicross\/#breadcrumb"},"inLanguage":"fr-FR","potentialAction":[{"@type":"ReadAction","target":["https:\/\/dicodusport.fr\/blog\/chronique-tricolore-jean-frederic-chapuis-legende-du-skicross\/"]}]},{"@type":"ImageObject","inLanguage":"fr-FR","@id":"https:\/\/dicodusport.fr\/blog\/chronique-tricolore-jean-frederic-chapuis-legende-du-skicross\/#primaryimage","url":"https:\/\/dicodusport.fr\/blog\/wp-content\/uploads\/2020\/12\/Chronique-tricolore-Jean-Fr\u00e9d\u00e9ric-Chapuis-l\u00e9gende-du-skicross.png","contentUrl":"https:\/\/dicodusport.fr\/blog\/wp-content\/uploads\/2020\/12\/Chronique-tricolore-Jean-Fr\u00e9d\u00e9ric-Chapuis-l\u00e9gende-du-skicross.png","width":800,"height":445,"caption":"Chronique tricolore - Jean-Fr\u00e9d\u00e9ric Chapuis, l\u00e9gende du skicross"},{"@type":"BreadcrumbList","@id":"https:\/\/dicodusport.fr\/blog\/chronique-tricolore-jean-frederic-chapuis-legende-du-skicross\/#breadcrumb","itemListElement":[{"@type":"ListItem","position":1,"name":"Accueil","item":"https:\/\/dicodusport.fr\/blog\/"},{"@type":"ListItem","position":2,"name":"Chronique tricolore : Jean-Fr\u00e9d\u00e9ric Chapuis, l\u00e9gende du skicross"}]},{"@type":"WebSite","@id":"https:\/\/dicodusport.fr\/blog\/#website","url":"https:\/\/dicodusport.fr\/blog\/","name":"Dicodusport","description":"L&#039;encyclop\u00e9die de l&#039;actualit\u00e9 sportive","publisher":{"@id":"https:\/\/dicodusport.fr\/blog\/#organization"},"potentialAction":[{"@type":"SearchAction","target":{"@type":"EntryPoint","urlTemplate":"https:\/\/dicodusport.fr\/blog\/?s={search_term_string}"},"query-input":{"@type":"PropertyValueSpecification","valueRequired":true,"valueName":"search_term_string"}}],"inLanguage":"fr-FR"},{"@type":"NewsMediaOrganization","@id":"https:\/\/dicodusport.fr\/blog\/#organization","name":"Dicodusport","url":"https:\/\/dicodusport.fr\/blog\/","logo":{"@type":"ImageObject","inLanguage":"fr-FR","@id":"https:\/\/dicodusport.fr\/blog\/#\/schema\/logo\/image\/","url":"https:\/\/dicodusport.fr\/blog\/wp-content\/uploads\/2020\/06\/cropped-LOGO-DICODUSPORT-2020-SANS-FOND-SANS-TEXTE.png","contentUrl":"https:\/\/dicodusport.fr\/blog\/wp-content\/uploads\/2020\/06\/cropped-LOGO-DICODUSPORT-2020-SANS-FOND-SANS-TEXTE.png","width":512,"height":512,"caption":"Dicodusport"},"image":{"@id":"https:\/\/dicodusport.fr\/blog\/#\/schema\/logo\/image\/"},"sameAs":["https:\/\/www.facebook.com\/dicodusport","https:\/\/x.com\/dicodusport","https:\/\/www.instagram.com\/dicodusport\/","https:\/\/www.youtube.com\/channel\/UC7V2KZ5sd3htJivAbA4ZG3w"],"description":"Dicodusport est l'encyclop\u00e9die de l'actualit\u00e9 sportive.","email":"bonjour@dicodusport.fr","legalName":"DICODUSPORT","foundingDate":"2018-01-14","vatID":"FR71834470973","taxID":"83447097300043","numberOfEmployees":{"@type":"QuantitativeValue","minValue":"1","maxValue":"10"}},{"@type":"Person","@id":"https:\/\/dicodusport.fr\/blog\/#\/schema\/person\/5aab10ee856e86ac63e9819a9da34784","name":"Maxime Boulard","image":{"@type":"ImageObject","inLanguage":"fr-FR","@id":"https:\/\/dicodusport.fr\/blog\/#\/schema\/person\/image\/","url":"https:\/\/dicodusport.fr\/blog\/wp-content\/uploads\/2021\/05\/Maxime-Boulard-150x150.jpg","contentUrl":"https:\/\/dicodusport.fr\/blog\/wp-content\/uploads\/2021\/05\/Maxime-Boulard-150x150.jpg","caption":"Maxime Boulard"},"description":"Journaliste\/r\u00e9dacteur depuis octobre 2020 - Si mon plus vieux souvenir de sport aurait pu m'en d\u00e9go\u00fbter, la finale de la Coupe du monde 2006 a \u00e9t\u00e9 tout le contraire. V\u00e9ritable d\u00e9clencheur d'une passion qui aujourd'hui ne fait que grandir avec le temps, mon leitmotiv est la France qui brille ! Je relate les exploits pass\u00e9s et pr\u00e9sents du sport bleu-blanc-rouge sans m\u00e9nagement depuis octobre 2020. Sport valide ou handisport, aucune diff\u00e9rence, il n'y a que du sport et plusieurs fa\u00e7ons de le pratiquer.","sameAs":["https:\/\/www.facebook.com\/Max.Bld2\/","https:\/\/x.com\/https:\/\/twitter.com\/MaximeB_2"],"url":"https:\/\/dicodusport.fr\/blog\/author\/maxime-b\/"}]}},"_links":{"self":[{"href":"https:\/\/dicodusport.fr\/blog\/wp-json\/wp\/v2\/posts\/94531","targetHints":{"allow":["GET"]}}],"collection":[{"href":"https:\/\/dicodusport.fr\/blog\/wp-json\/wp\/v2\/posts"}],"about":[{"href":"https:\/\/dicodusport.fr\/blog\/wp-json\/wp\/v2\/types\/post"}],"author":[{"embeddable":true,"href":"https:\/\/dicodusport.fr\/blog\/wp-json\/wp\/v2\/users\/43"}],"replies":[{"embeddable":true,"href":"https:\/\/dicodusport.fr\/blog\/wp-json\/wp\/v2\/comments?post=94531"}],"version-history":[{"count":0,"href":"https:\/\/dicodusport.fr\/blog\/wp-json\/wp\/v2\/posts\/94531\/revisions"}],"wp:featuredmedia":[{"embeddable":true,"href":"https:\/\/dicodusport.fr\/blog\/wp-json\/wp\/v2\/media\/95794"}],"wp:attachment":[{"href":"https:\/\/dicodusport.fr\/blog\/wp-json\/wp\/v2\/media?parent=94531"}],"wp:term":[{"taxonomy":"category","embeddable":true,"href":"https:\/\/dicodusport.fr\/blog\/wp-json\/wp\/v2\/categories?post=94531"},{"taxonomy":"post_tag","embeddable":true,"href":"https:\/\/dicodusport.fr\/blog\/wp-json\/wp\/v2\/tags?post=94531"}],"curies":[{"name":"wp","href":"https:\/\/api.w.org\/{rel}","templated":true}]}}