{"id":9457,"date":"2017-12-28T16:00:29","date_gmt":"2017-12-28T15:00:29","guid":{"rendered":"http:\/\/dicodusport.fr\/blog\/?p=9457"},"modified":"2017-12-30T11:07:17","modified_gmt":"2017-12-30T10:07:17","slug":"jeunes-francaises-a-suivre-2018-gros-eraud-gerault","status":"publish","type":"post","link":"https:\/\/dicodusport.fr\/blog\/jeunes-francaises-a-suivre-2018-gros-eraud-gerault\/","title":{"rendered":"Ces jeunes Fran\u00e7aises \u00e0 suivre en 2018 : Gros, Eraud et G\u00e9rault"},"content":{"rendered":"<p style=\"text-align: justify;\"><em><strong>Comme pour les gar\u00e7ons, la saison 2018 est sur le point de d\u00e9marrer et certaines jeunes cyclistes fran\u00e7aises pourraient bien tirer leur \u00e9pingle du jeu. Gros plan sur trois d&rsquo;entre elles qui, chacune dans son style, pourraient bien marquer cette nouvelle ann\u00e9e.\u00a0<\/strong><\/em><\/p>\n<h4 style=\"text-align: justify;\">Mathilde Gros, le ph\u00e9nom\u00e8ne de la piste<\/h4>\n<p style=\"text-align: justify;\">2017 a \u00e9t\u00e9 l&rsquo;ann\u00e9e de la r\u00e9v\u00e9lation au grand public pour la pistarde fran\u00e7aise de 18 ans, qui a commenc\u00e9 le cyclisme en 2014 seulement ! Elle a remport\u00e9 trois titres nationaux chez les seniors et quatre chez les juniors. Sur la sc\u00e8ne internationale, elle a glan\u00e9 trois titres europ\u00e9ens et mondiaux en juniors, avant de devenir vice-championne d&rsquo;Europe senior de la vitesse individuelle. Malgr\u00e9 une blessure \u00e0 une clavicule fin 2017, cette nouvelle ann\u00e9e sera celle de la confirmation pour Mathilde Gros qui a d\u00e9j\u00e0 en t\u00eate Tokyo 2020 et&#8230; Paris 2024 !<\/p>\n<h4 style=\"text-align: justify;\">S\u00e9verine Eraud, la sp\u00e9cialiste de l&rsquo;effort solitaire<\/h4>\n<p style=\"text-align: justify;\">A 22 ans, S\u00e9verine Eraud est double championne de France espoirs et vice-championne de France senior du contre-la-montre. A l&rsquo;\u00e9chelon sup\u00e9rieur, alors qu&rsquo;elle est championne du Monde juniors 2013, elle a pris la cinqui\u00e8me place des championnats d&rsquo;Europe espoirs. Dans les courses en ligne, la jeune Fran\u00e7aise est aussi performante avec des troisi\u00e8mes places aux championnats de France et d&rsquo;Europe en 2016. En 2018, elle devra confirmer ses bonnes dispositions dans une nouvelle \u00e9quipe,\u00a0Experza-Footlogix.<\/p>\n<h4 style=\"text-align: justify;\">L\u00e9na G\u00e9rault, la VTTiste<\/h4>\n<p style=\"text-align: justify;\">En 2016, cette sp\u00e9cialiste du VTT, remporte le championnat de France de course en ligne devant toutes les favorites, alors qu&rsquo;elle a disput\u00e9 sa premi\u00e8re course sur route en 2015. En VTT, elle a d\u00e9croch\u00e9 en 2017 sa premi\u00e8re m\u00e9daille aux championnats du Monde sur le relais mixte avec Jordan Sarrou,\u00a0Pauline Ferrand-Pr\u00e9vot,\u00a0Mathis Azzaro\u00a0et\u00a0Ne\u00eflo Perrin-Ganier. A seulement 22 ans, elle dispose du potentiel pour briller en VTT mais aussi sur route ; l&rsquo;avenir nous dira ce qu&rsquo;elle privil\u00e9gie.<\/p>\n<p><em><strong>Nicolas Jacquemard<\/strong><br \/>\n<\/em><a style=\"color: #000000;\" href=\"https:\/\/twitter.com\/Nico_Jacquemard\" target=\"_blank\" rel=\"noopener noreferrer\"><img loading=\"lazy\" decoding=\"async\" class=\"alignnone wp-image-2908\" src=\"http:\/\/dicodusport.fr\/blog\/wp-content\/uploads\/2017\/07\/logo-twitter-150x150.png\" alt=\"\" width=\"39\" height=\"39\" \/><\/a><a style=\"color: #000000;\" href=\"https:\/\/www.facebook.com\/dicodusport\/\" target=\"_blank\" rel=\"noopener noreferrer\"><img loading=\"lazy\" decoding=\"async\" class=\"alignnone wp-image-2909\" src=\"http:\/\/dicodusport.fr\/blog\/wp-content\/uploads\/2017\/07\/logo-facebook-150x150.png\" alt=\"\" width=\"40\" height=\"40\" \/><\/a><\/p>\n","protected":false},"excerpt":{"rendered":"<p>Comme pour les gar\u00e7ons, la saison 2018 est sur le point de d\u00e9marrer et certaines jeunes cyclistes fran\u00e7aises pourraient bien tirer leur \u00e9pingle du jeu. Gros plan sur trois d&rsquo;entre elles qui, chacune dans son style, pourraient bien marquer cette nouvelle ann\u00e9e.\u00a0 Mathilde Gros, le ph\u00e9nom\u00e8ne de la piste 2017 a \u00e9t\u00e9 l&rsquo;ann\u00e9e de la [&hellip;]<\/p>\n","protected":false},"author":1,"featured_media":9460,"comment_status":"open","ping_status":"closed","sticky":false,"template":"","format":"standard","meta":{"_acf_changed":false,"_daextam_enable_autolinks":"","footnotes":""},"categories":[2,2307],"tags":[2875,1664,1721,692],"class_list":["post-9457","post","type-post","status-publish","format-standard","has-post-thumbnail","hentry","category-actualites","category-cyclisme","tag-cyclisme-feminin","tag-cyclisme-sur-piste","tag-mathilde-gros","tag-vtt"],"acf":[],"yoast_head":"<!-- This site is optimized with the Yoast SEO Premium plugin v26.7 (Yoast SEO v26.7) - https:\/\/yoast.com\/wordpress\/plugins\/seo\/ -->\n<title>Ces jeunes Fran\u00e7aises \u00e0 suivre en 2018 : Gros, Eraud et G\u00e9rault<\/title>\n<meta name=\"description\" content=\"Comme pour les gar\u00e7ons, la saison 2018 est sur le point de d\u00e9marrer et certaines jeunes cyclistes fran\u00e7aises pourraient bien tirer leur \u00e9pingle du jeu.\" \/>\n<meta name=\"robots\" content=\"index, follow, max-snippet:-1, max-image-preview:large, max-video-preview:-1\" \/>\n<link rel=\"canonical\" href=\"https:\/\/dicodusport.fr\/blog\/jeunes-francaises-a-suivre-2018-gros-eraud-gerault\/\" \/>\n<meta property=\"og:locale\" content=\"fr_FR\" \/>\n<meta property=\"og:type\" content=\"article\" \/>\n<meta property=\"og:title\" content=\"Ces jeunes Fran\u00e7aises \u00e0 suivre en 2018 : Gros, Eraud et G\u00e9rault\" \/>\n<meta property=\"og:description\" content=\"Comme pour les gar\u00e7ons, la saison 2018 est sur le point de d\u00e9marrer et certaines jeunes cyclistes fran\u00e7aises pourraient bien tirer leur \u00e9pingle du jeu.\" \/>\n<meta property=\"og:url\" content=\"https:\/\/dicodusport.fr\/blog\/jeunes-francaises-a-suivre-2018-gros-eraud-gerault\/\" \/>\n<meta property=\"og:site_name\" content=\"Dicodusport\" \/>\n<meta property=\"article:publisher\" content=\"https:\/\/www.facebook.com\/dicodusport\" \/>\n<meta property=\"article:author\" content=\"https:\/\/www.facebook.com\/dicodusport\" \/>\n<meta property=\"article:published_time\" content=\"2017-12-28T15:00:29+00:00\" \/>\n<meta property=\"article:modified_time\" content=\"2017-12-30T10:07:17+00:00\" \/>\n<meta property=\"og:image\" content=\"https:\/\/dicodusport.fr\/blog\/wp-content\/uploads\/2017\/12\/Gros-Eraud-Gerault.png\" \/>\n\t<meta property=\"og:image:width\" content=\"1200\" \/>\n\t<meta property=\"og:image:height\" content=\"670\" \/>\n\t<meta property=\"og:image:type\" content=\"image\/png\" \/>\n<meta name=\"author\" content=\"Nicolas Jacquemard\" \/>\n<meta name=\"twitter:card\" content=\"summary_large_image\" \/>\n<meta name=\"twitter:creator\" content=\"@https:\/\/twitter.com\/Nico_Jacquemard\" \/>\n<meta name=\"twitter:site\" content=\"@dicodusport\" \/>\n<script type=\"application\/ld+json\" class=\"yoast-schema-graph\">{\"@context\":\"https:\/\/schema.org\",\"@graph\":[{\"@type\":\"NewsArticle\",\"@id\":\"https:\/\/dicodusport.fr\/blog\/jeunes-francaises-a-suivre-2018-gros-eraud-gerault\/#article\",\"isPartOf\":{\"@id\":\"https:\/\/dicodusport.fr\/blog\/jeunes-francaises-a-suivre-2018-gros-eraud-gerault\/\"},\"author\":{\"name\":\"Nicolas Jacquemard\",\"@id\":\"https:\/\/dicodusport.fr\/blog\/#\/schema\/person\/55dcb50ad410894e431ed812bbb70191\"},\"headline\":\"Ces jeunes Fran\u00e7aises \u00e0 suivre en 2018 : Gros, Eraud et G\u00e9rault\",\"datePublished\":\"2017-12-28T15:00:29+00:00\",\"dateModified\":\"2017-12-30T10:07:17+00:00\",\"mainEntityOfPage\":{\"@id\":\"https:\/\/dicodusport.fr\/blog\/jeunes-francaises-a-suivre-2018-gros-eraud-gerault\/\"},\"wordCount\":347,\"commentCount\":0,\"publisher\":{\"@id\":\"https:\/\/dicodusport.fr\/blog\/#organization\"},\"image\":{\"@id\":\"https:\/\/dicodusport.fr\/blog\/jeunes-francaises-a-suivre-2018-gros-eraud-gerault\/#primaryimage\"},\"thumbnailUrl\":\"https:\/\/dicodusport.fr\/blog\/wp-content\/uploads\/2017\/12\/Gros-Eraud-Gerault.png\",\"keywords\":[\"cyclisme f\u00e9minin\",\"cyclisme sur piste\",\"Mathilde Gros\",\"VTT\"],\"articleSection\":[\"Actualit\u00e9s\",\"Cyclisme\"],\"inLanguage\":\"fr-FR\",\"potentialAction\":[{\"@type\":\"CommentAction\",\"name\":\"Comment\",\"target\":[\"https:\/\/dicodusport.fr\/blog\/jeunes-francaises-a-suivre-2018-gros-eraud-gerault\/#respond\"]}],\"copyrightYear\":\"2017\",\"copyrightHolder\":{\"@id\":\"https:\/\/dicodusport.fr\/blog\/#organization\"}},{\"@type\":\"WebPage\",\"@id\":\"https:\/\/dicodusport.fr\/blog\/jeunes-francaises-a-suivre-2018-gros-eraud-gerault\/\",\"url\":\"https:\/\/dicodusport.fr\/blog\/jeunes-francaises-a-suivre-2018-gros-eraud-gerault\/\",\"name\":\"Ces jeunes Fran\u00e7aises \u00e0 suivre en 2018 : Gros, Eraud et G\u00e9rault\",\"isPartOf\":{\"@id\":\"https:\/\/dicodusport.fr\/blog\/#website\"},\"primaryImageOfPage\":{\"@id\":\"https:\/\/dicodusport.fr\/blog\/jeunes-francaises-a-suivre-2018-gros-eraud-gerault\/#primaryimage\"},\"image\":{\"@id\":\"https:\/\/dicodusport.fr\/blog\/jeunes-francaises-a-suivre-2018-gros-eraud-gerault\/#primaryimage\"},\"thumbnailUrl\":\"https:\/\/dicodusport.fr\/blog\/wp-content\/uploads\/2017\/12\/Gros-Eraud-Gerault.png\",\"datePublished\":\"2017-12-28T15:00:29+00:00\",\"dateModified\":\"2017-12-30T10:07:17+00:00\",\"description\":\"Comme pour les gar\u00e7ons, la saison 2018 est sur le point de d\u00e9marrer et certaines jeunes cyclistes fran\u00e7aises pourraient bien tirer leur \u00e9pingle du jeu.\",\"breadcrumb\":{\"@id\":\"https:\/\/dicodusport.fr\/blog\/jeunes-francaises-a-suivre-2018-gros-eraud-gerault\/#breadcrumb\"},\"inLanguage\":\"fr-FR\",\"potentialAction\":[{\"@type\":\"ReadAction\",\"target\":[\"https:\/\/dicodusport.fr\/blog\/jeunes-francaises-a-suivre-2018-gros-eraud-gerault\/\"]}]},{\"@type\":\"ImageObject\",\"inLanguage\":\"fr-FR\",\"@id\":\"https:\/\/dicodusport.fr\/blog\/jeunes-francaises-a-suivre-2018-gros-eraud-gerault\/#primaryimage\",\"url\":\"https:\/\/dicodusport.fr\/blog\/wp-content\/uploads\/2017\/12\/Gros-Eraud-Gerault.png\",\"contentUrl\":\"https:\/\/dicodusport.fr\/blog\/wp-content\/uploads\/2017\/12\/Gros-Eraud-Gerault.png\",\"width\":1200,\"height\":670},{\"@type\":\"BreadcrumbList\",\"@id\":\"https:\/\/dicodusport.fr\/blog\/jeunes-francaises-a-suivre-2018-gros-eraud-gerault\/#breadcrumb\",\"itemListElement\":[{\"@type\":\"ListItem\",\"position\":1,\"name\":\"Accueil\",\"item\":\"https:\/\/dicodusport.fr\/blog\/\"},{\"@type\":\"ListItem\",\"position\":2,\"name\":\"Ces jeunes Fran\u00e7aises \u00e0 suivre en 2018 : Gros, Eraud et G\u00e9rault\"}]},{\"@type\":\"WebSite\",\"@id\":\"https:\/\/dicodusport.fr\/blog\/#website\",\"url\":\"https:\/\/dicodusport.fr\/blog\/\",\"name\":\"Dicodusport\",\"description\":\"L&#039;encyclop\u00e9die de l&#039;actualit\u00e9 sportive\",\"publisher\":{\"@id\":\"https:\/\/dicodusport.fr\/blog\/#organization\"},\"potentialAction\":[{\"@type\":\"SearchAction\",\"target\":{\"@type\":\"EntryPoint\",\"urlTemplate\":\"https:\/\/dicodusport.fr\/blog\/?s={search_term_string}\"},\"query-input\":{\"@type\":\"PropertyValueSpecification\",\"valueRequired\":true,\"valueName\":\"search_term_string\"}}],\"inLanguage\":\"fr-FR\"},{\"@type\":\"NewsMediaOrganization\",\"@id\":\"https:\/\/dicodusport.fr\/blog\/#organization\",\"name\":\"Dicodusport\",\"url\":\"https:\/\/dicodusport.fr\/blog\/\",\"logo\":{\"@type\":\"ImageObject\",\"inLanguage\":\"fr-FR\",\"@id\":\"https:\/\/dicodusport.fr\/blog\/#\/schema\/logo\/image\/\",\"url\":\"https:\/\/dicodusport.fr\/blog\/wp-content\/uploads\/2020\/06\/cropped-LOGO-DICODUSPORT-2020-SANS-FOND-SANS-TEXTE.png\",\"contentUrl\":\"https:\/\/dicodusport.fr\/blog\/wp-content\/uploads\/2020\/06\/cropped-LOGO-DICODUSPORT-2020-SANS-FOND-SANS-TEXTE.png\",\"width\":512,\"height\":512,\"caption\":\"Dicodusport\"},\"image\":{\"@id\":\"https:\/\/dicodusport.fr\/blog\/#\/schema\/logo\/image\/\"},\"sameAs\":[\"https:\/\/www.facebook.com\/dicodusport\",\"https:\/\/x.com\/dicodusport\",\"https:\/\/www.instagram.com\/dicodusport\/\",\"https:\/\/www.youtube.com\/channel\/UC7V2KZ5sd3htJivAbA4ZG3w\"],\"description\":\"Dicodusport est l'encyclop\u00e9die de l'actualit\u00e9 sportive.\",\"email\":\"bonjour@dicodusport.fr\",\"legalName\":\"DICODUSPORT\",\"foundingDate\":\"2018-01-14\",\"vatID\":\"FR71834470973\",\"taxID\":\"83447097300043\",\"numberOfEmployees\":{\"@type\":\"QuantitativeValue\",\"minValue\":\"1\",\"maxValue\":\"10\"}},{\"@type\":\"Person\",\"@id\":\"https:\/\/dicodusport.fr\/blog\/#\/schema\/person\/55dcb50ad410894e431ed812bbb70191\",\"name\":\"Nicolas Jacquemard\",\"image\":{\"@type\":\"ImageObject\",\"inLanguage\":\"fr-FR\",\"@id\":\"https:\/\/dicodusport.fr\/blog\/#\/schema\/person\/image\/\",\"url\":\"https:\/\/dicodusport.fr\/blog\/wp-content\/uploads\/2021\/05\/Nicolas-Jacquemard-150x150.jpeg\",\"contentUrl\":\"https:\/\/dicodusport.fr\/blog\/wp-content\/uploads\/2021\/05\/Nicolas-Jacquemard-150x150.jpeg\",\"caption\":\"Nicolas Jacquemard\"},\"description\":\"Passionn\u00e9 de sport et entrepreneur depuis mes 18 ans, la cr\u00e9ation de Dicodusport m'a sembl\u00e9 \u00e9vidente pour participer \u00e0 la m\u00e9diatisation d'un plus grand nombre de sports. Le chemin est long mais avec une \u00e9quipe des plus motiv\u00e9es et les Jeux Olympiques de Paris 2024 en point de mire, nous y arriverons ! Journaliste dans le monde du sport depuis plus de 5 ans, je traite aussi bien de football, de rugby, de biathlon que de cyclisme.\",\"sameAs\":[\"https:\/\/www.facebook.com\/dicodusport\",\"https:\/\/x.com\/https:\/\/twitter.com\/Nico_Jacquemard\"],\"url\":\"https:\/\/dicodusport.fr\/blog\/author\/dicodusport\/\"}]}<\/script>\n<!-- \/ Yoast SEO Premium plugin. -->","yoast_head_json":{"title":"Ces jeunes Fran\u00e7aises \u00e0 suivre en 2018 : Gros, Eraud et G\u00e9rault","description":"Comme pour les gar\u00e7ons, la saison 2018 est sur le point de d\u00e9marrer et certaines jeunes cyclistes fran\u00e7aises pourraient bien tirer leur \u00e9pingle du jeu.","robots":{"index":"index","follow":"follow","max-snippet":"max-snippet:-1","max-image-preview":"max-image-preview:large","max-video-preview":"max-video-preview:-1"},"canonical":"https:\/\/dicodusport.fr\/blog\/jeunes-francaises-a-suivre-2018-gros-eraud-gerault\/","og_locale":"fr_FR","og_type":"article","og_title":"Ces jeunes Fran\u00e7aises \u00e0 suivre en 2018 : Gros, Eraud et G\u00e9rault","og_description":"Comme pour les gar\u00e7ons, la saison 2018 est sur le point de d\u00e9marrer et certaines jeunes cyclistes fran\u00e7aises pourraient bien tirer leur \u00e9pingle du jeu.","og_url":"https:\/\/dicodusport.fr\/blog\/jeunes-francaises-a-suivre-2018-gros-eraud-gerault\/","og_site_name":"Dicodusport","article_publisher":"https:\/\/www.facebook.com\/dicodusport","article_author":"https:\/\/www.facebook.com\/dicodusport","article_published_time":"2017-12-28T15:00:29+00:00","article_modified_time":"2017-12-30T10:07:17+00:00","og_image":[{"width":1200,"height":670,"url":"https:\/\/dicodusport.fr\/blog\/wp-content\/uploads\/2017\/12\/Gros-Eraud-Gerault.png","type":"image\/png"}],"author":"Nicolas Jacquemard","twitter_card":"summary_large_image","twitter_creator":"@https:\/\/twitter.com\/Nico_Jacquemard","twitter_site":"@dicodusport","schema":{"@context":"https:\/\/schema.org","@graph":[{"@type":"NewsArticle","@id":"https:\/\/dicodusport.fr\/blog\/jeunes-francaises-a-suivre-2018-gros-eraud-gerault\/#article","isPartOf":{"@id":"https:\/\/dicodusport.fr\/blog\/jeunes-francaises-a-suivre-2018-gros-eraud-gerault\/"},"author":{"name":"Nicolas Jacquemard","@id":"https:\/\/dicodusport.fr\/blog\/#\/schema\/person\/55dcb50ad410894e431ed812bbb70191"},"headline":"Ces jeunes Fran\u00e7aises \u00e0 suivre en 2018 : Gros, Eraud et G\u00e9rault","datePublished":"2017-12-28T15:00:29+00:00","dateModified":"2017-12-30T10:07:17+00:00","mainEntityOfPage":{"@id":"https:\/\/dicodusport.fr\/blog\/jeunes-francaises-a-suivre-2018-gros-eraud-gerault\/"},"wordCount":347,"commentCount":0,"publisher":{"@id":"https:\/\/dicodusport.fr\/blog\/#organization"},"image":{"@id":"https:\/\/dicodusport.fr\/blog\/jeunes-francaises-a-suivre-2018-gros-eraud-gerault\/#primaryimage"},"thumbnailUrl":"https:\/\/dicodusport.fr\/blog\/wp-content\/uploads\/2017\/12\/Gros-Eraud-Gerault.png","keywords":["cyclisme f\u00e9minin","cyclisme sur piste","Mathilde Gros","VTT"],"articleSection":["Actualit\u00e9s","Cyclisme"],"inLanguage":"fr-FR","potentialAction":[{"@type":"CommentAction","name":"Comment","target":["https:\/\/dicodusport.fr\/blog\/jeunes-francaises-a-suivre-2018-gros-eraud-gerault\/#respond"]}],"copyrightYear":"2017","copyrightHolder":{"@id":"https:\/\/dicodusport.fr\/blog\/#organization"}},{"@type":"WebPage","@id":"https:\/\/dicodusport.fr\/blog\/jeunes-francaises-a-suivre-2018-gros-eraud-gerault\/","url":"https:\/\/dicodusport.fr\/blog\/jeunes-francaises-a-suivre-2018-gros-eraud-gerault\/","name":"Ces jeunes Fran\u00e7aises \u00e0 suivre en 2018 : Gros, Eraud et G\u00e9rault","isPartOf":{"@id":"https:\/\/dicodusport.fr\/blog\/#website"},"primaryImageOfPage":{"@id":"https:\/\/dicodusport.fr\/blog\/jeunes-francaises-a-suivre-2018-gros-eraud-gerault\/#primaryimage"},"image":{"@id":"https:\/\/dicodusport.fr\/blog\/jeunes-francaises-a-suivre-2018-gros-eraud-gerault\/#primaryimage"},"thumbnailUrl":"https:\/\/dicodusport.fr\/blog\/wp-content\/uploads\/2017\/12\/Gros-Eraud-Gerault.png","datePublished":"2017-12-28T15:00:29+00:00","dateModified":"2017-12-30T10:07:17+00:00","description":"Comme pour les gar\u00e7ons, la saison 2018 est sur le point de d\u00e9marrer et certaines jeunes cyclistes fran\u00e7aises pourraient bien tirer leur \u00e9pingle du jeu.","breadcrumb":{"@id":"https:\/\/dicodusport.fr\/blog\/jeunes-francaises-a-suivre-2018-gros-eraud-gerault\/#breadcrumb"},"inLanguage":"fr-FR","potentialAction":[{"@type":"ReadAction","target":["https:\/\/dicodusport.fr\/blog\/jeunes-francaises-a-suivre-2018-gros-eraud-gerault\/"]}]},{"@type":"ImageObject","inLanguage":"fr-FR","@id":"https:\/\/dicodusport.fr\/blog\/jeunes-francaises-a-suivre-2018-gros-eraud-gerault\/#primaryimage","url":"https:\/\/dicodusport.fr\/blog\/wp-content\/uploads\/2017\/12\/Gros-Eraud-Gerault.png","contentUrl":"https:\/\/dicodusport.fr\/blog\/wp-content\/uploads\/2017\/12\/Gros-Eraud-Gerault.png","width":1200,"height":670},{"@type":"BreadcrumbList","@id":"https:\/\/dicodusport.fr\/blog\/jeunes-francaises-a-suivre-2018-gros-eraud-gerault\/#breadcrumb","itemListElement":[{"@type":"ListItem","position":1,"name":"Accueil","item":"https:\/\/dicodusport.fr\/blog\/"},{"@type":"ListItem","position":2,"name":"Ces jeunes Fran\u00e7aises \u00e0 suivre en 2018 : Gros, Eraud et G\u00e9rault"}]},{"@type":"WebSite","@id":"https:\/\/dicodusport.fr\/blog\/#website","url":"https:\/\/dicodusport.fr\/blog\/","name":"Dicodusport","description":"L&#039;encyclop\u00e9die de l&#039;actualit\u00e9 sportive","publisher":{"@id":"https:\/\/dicodusport.fr\/blog\/#organization"},"potentialAction":[{"@type":"SearchAction","target":{"@type":"EntryPoint","urlTemplate":"https:\/\/dicodusport.fr\/blog\/?s={search_term_string}"},"query-input":{"@type":"PropertyValueSpecification","valueRequired":true,"valueName":"search_term_string"}}],"inLanguage":"fr-FR"},{"@type":"NewsMediaOrganization","@id":"https:\/\/dicodusport.fr\/blog\/#organization","name":"Dicodusport","url":"https:\/\/dicodusport.fr\/blog\/","logo":{"@type":"ImageObject","inLanguage":"fr-FR","@id":"https:\/\/dicodusport.fr\/blog\/#\/schema\/logo\/image\/","url":"https:\/\/dicodusport.fr\/blog\/wp-content\/uploads\/2020\/06\/cropped-LOGO-DICODUSPORT-2020-SANS-FOND-SANS-TEXTE.png","contentUrl":"https:\/\/dicodusport.fr\/blog\/wp-content\/uploads\/2020\/06\/cropped-LOGO-DICODUSPORT-2020-SANS-FOND-SANS-TEXTE.png","width":512,"height":512,"caption":"Dicodusport"},"image":{"@id":"https:\/\/dicodusport.fr\/blog\/#\/schema\/logo\/image\/"},"sameAs":["https:\/\/www.facebook.com\/dicodusport","https:\/\/x.com\/dicodusport","https:\/\/www.instagram.com\/dicodusport\/","https:\/\/www.youtube.com\/channel\/UC7V2KZ5sd3htJivAbA4ZG3w"],"description":"Dicodusport est l'encyclop\u00e9die de l'actualit\u00e9 sportive.","email":"bonjour@dicodusport.fr","legalName":"DICODUSPORT","foundingDate":"2018-01-14","vatID":"FR71834470973","taxID":"83447097300043","numberOfEmployees":{"@type":"QuantitativeValue","minValue":"1","maxValue":"10"}},{"@type":"Person","@id":"https:\/\/dicodusport.fr\/blog\/#\/schema\/person\/55dcb50ad410894e431ed812bbb70191","name":"Nicolas Jacquemard","image":{"@type":"ImageObject","inLanguage":"fr-FR","@id":"https:\/\/dicodusport.fr\/blog\/#\/schema\/person\/image\/","url":"https:\/\/dicodusport.fr\/blog\/wp-content\/uploads\/2021\/05\/Nicolas-Jacquemard-150x150.jpeg","contentUrl":"https:\/\/dicodusport.fr\/blog\/wp-content\/uploads\/2021\/05\/Nicolas-Jacquemard-150x150.jpeg","caption":"Nicolas Jacquemard"},"description":"Passionn\u00e9 de sport et entrepreneur depuis mes 18 ans, la cr\u00e9ation de Dicodusport m'a sembl\u00e9 \u00e9vidente pour participer \u00e0 la m\u00e9diatisation d'un plus grand nombre de sports. Le chemin est long mais avec une \u00e9quipe des plus motiv\u00e9es et les Jeux Olympiques de Paris 2024 en point de mire, nous y arriverons ! Journaliste dans le monde du sport depuis plus de 5 ans, je traite aussi bien de football, de rugby, de biathlon que de cyclisme.","sameAs":["https:\/\/www.facebook.com\/dicodusport","https:\/\/x.com\/https:\/\/twitter.com\/Nico_Jacquemard"],"url":"https:\/\/dicodusport.fr\/blog\/author\/dicodusport\/"}]}},"_links":{"self":[{"href":"https:\/\/dicodusport.fr\/blog\/wp-json\/wp\/v2\/posts\/9457","targetHints":{"allow":["GET"]}}],"collection":[{"href":"https:\/\/dicodusport.fr\/blog\/wp-json\/wp\/v2\/posts"}],"about":[{"href":"https:\/\/dicodusport.fr\/blog\/wp-json\/wp\/v2\/types\/post"}],"author":[{"embeddable":true,"href":"https:\/\/dicodusport.fr\/blog\/wp-json\/wp\/v2\/users\/1"}],"replies":[{"embeddable":true,"href":"https:\/\/dicodusport.fr\/blog\/wp-json\/wp\/v2\/comments?post=9457"}],"version-history":[{"count":0,"href":"https:\/\/dicodusport.fr\/blog\/wp-json\/wp\/v2\/posts\/9457\/revisions"}],"wp:featuredmedia":[{"embeddable":true,"href":"https:\/\/dicodusport.fr\/blog\/wp-json\/wp\/v2\/media\/9460"}],"wp:attachment":[{"href":"https:\/\/dicodusport.fr\/blog\/wp-json\/wp\/v2\/media?parent=9457"}],"wp:term":[{"taxonomy":"category","embeddable":true,"href":"https:\/\/dicodusport.fr\/blog\/wp-json\/wp\/v2\/categories?post=9457"},{"taxonomy":"post_tag","embeddable":true,"href":"https:\/\/dicodusport.fr\/blog\/wp-json\/wp\/v2\/tags?post=9457"}],"curies":[{"name":"wp","href":"https:\/\/api.w.org\/{rel}","templated":true}]}}