{"id":94980,"date":"2020-12-23T15:59:36","date_gmt":"2020-12-23T14:59:36","guid":{"rendered":"https:\/\/dicodusport.fr\/blog\/?p=94980&#038;preview=true&#038;preview_id=94980"},"modified":"2020-12-24T04:03:15","modified_gmt":"2020-12-24T03:03:15","slug":"x20-trofee-wout-van-aert-s-impose-a-herentals-devant-un-van-der-poel-malheureux","status":"publish","type":"post","link":"https:\/\/dicodusport.fr\/blog\/x20-trofee-wout-van-aert-s-impose-a-herentals-devant-un-van-der-poel-malheureux\/","title":{"rendered":"X2O Trofee : Wout van Aert s&rsquo;impose \u00e0 Herentals devant un van der Poel malheureux"},"content":{"rendered":"<p style=\"text-align: justify;\"><strong><em><a href=\"https:\/\/dicodusport.fr\/blog\/actualites\/cyclisme\/cyclo-cross\/\" target=\"_blank\" rel=\"noopener noreferrer\">CYCLO-CROSS<\/a> &#8211; Wout van Aert (Jumbo-Visma) a remport\u00e9 ce mercredi le cyclo-cross d&rsquo;Herentals (Belgique), th\u00e9\u00e2tre de la 4\u00e8me manche du X2O Trofee. Le Belge devance un Mathieu van der Poel victime d&rsquo;une crevaison \u00e0 mi-course. 1-1 entre les deux rois des labour\u00e9s. Michael Vanthourenhout compl\u00e8te le podium.<\/em><\/strong><\/p>\n<p style=\"text-align: justify;\">On reste sur notre faim, cette fois. Ce mercredi, <strong>Wout van Aert<\/strong> a remport\u00e9 son premier cyclo-cross de la saison. Le coureur de la Jumbo-Visma s&rsquo;impose, qui plus est, chez lui, \u00e0 Herentals, \u00e0 l&rsquo;occasion de la 4\u00e8me manche du X2O Trofee. Dans la boue et sous une pluie battante, le Belge a devanc\u00e9 un <strong>Mathieu van der Poel<\/strong> qui pourra nourrir quelques regrets. Car le deuxi\u00e8me acte de la grande bataille entre <em>MVDP<\/em> et <em>WVA<\/em> a tourn\u00e9 un peu court.<\/p>\n<h2 style=\"text-align: justify;\">1-1 entre les deux cadors<\/h2>\n<p style=\"text-align: justify;\">Alors en t\u00eate, le N\u00e9erlandais, champion du monde en titre, a crev\u00e9 \u00e0 mi-course, alors qu&rsquo;il avait une petite dizaine de secondes d&rsquo;avance sur son meilleur ennemi. Loin de la zone technique, <strong>van der Poel<\/strong> a donc d\u00fb s&rsquo;incliner face au local de l&rsquo;\u00e9tape, pour 35 secondes. Derri\u00e8re, c&rsquo;\u00e9tait sauve qui peut. Un temps au contact des deux monstres de la discipline, <strong>Michael Vanthourenhout<\/strong> termine troisi\u00e8me.<\/p>\n<p style=\"text-align: justify;\">D\u00e9sormais, le N\u00e9erlandais et le Belge sont \u00e0 \u00e9galit\u00e9, 1-1, apr\u00e8s <a href=\"https:\/\/dicodusport.fr\/blog\/cyclo-cross-coupe-du-monde-namur-mathieu-van-der-poel-remporte-grande-bataille-face-a-van-aert-et-pidcock\/\" target=\"_blank\" rel=\"noopener noreferrer\">la victoire de <strong>Mathieu van der Poel<\/strong> sur la Coupe du monde de Namur<\/a> dimanche dernier, devant <strong>Wout van Aert<\/strong>. La belle ce dimanche sur la Coupe du monde de Termonde ?<\/p>\n<blockquote class=\"twitter-tweet\">\n<p dir=\"ltr\" lang=\"en\">A win for <a href=\"https:\/\/twitter.com\/WoutvanAert?ref_src=twsrc%5Etfw\">@WoutvanAert<\/a> in the Trofee Herentals. <a href=\"https:\/\/twitter.com\/hashtag\/X2OBadkamersTrofee?src=hash&amp;ref_src=twsrc%5Etfw\">#X2OBadkamersTrofee<\/a> <a href=\"https:\/\/t.co\/PLXCVYNa2U\">https:\/\/t.co\/PLXCVYNa2U<\/a> <a href=\"https:\/\/t.co\/X5bsHWP7IB\">pic.twitter.com\/X5bsHWP7IB<\/a><\/p>\n<p>\u2014 FirstCycling.com (@FirstCycling) <a href=\"https:\/\/twitter.com\/FirstCycling\/status\/1341761533836189696?ref_src=twsrc%5Etfw\">December 23, 2020<\/a><\/p><\/blockquote>\n<p><script async src=\"https:\/\/platform.twitter.com\/widgets.js\" charset=\"utf-8\"><\/script><\/p>\n<p><strong><em>Dicodusport<br \/>\n<a href=\"https:\/\/www.facebook.com\/dicodusport\/\" target=\"_blank\" rel=\"noopener noreferrer\"><img loading=\"lazy\" decoding=\"async\" class=\"alignnone wp-image-2909\" src=\"http:\/\/dicodusport.fr\/blog\/wp-content\/uploads\/2017\/07\/logo-facebook-150x150.png\" alt=\"\" width=\"40\" height=\"40\" \/><\/a><a href=\"https:\/\/twitter.com\/dicodusport\" target=\"_blank\" rel=\"noopener noreferrer\"><img loading=\"lazy\" decoding=\"async\" class=\"alignnone wp-image-2908\" src=\"http:\/\/dicodusport.fr\/blog\/wp-content\/uploads\/2017\/07\/logo-twitter-150x150.png\" alt=\"\" width=\"39\" height=\"39\" \/><\/a><\/em><\/strong><\/p>\n","protected":false},"excerpt":{"rendered":"<p>CYCLO-CROSS &#8211; Wout van Aert (Jumbo-Visma) a remport\u00e9 ce mercredi le cyclo-cross d&rsquo;Herentals (Belgique), th\u00e9\u00e2tre de la 4\u00e8me manche du X2O Trofee. Le Belge devance un Mathieu van der Poel victime d&rsquo;une crevaison \u00e0 mi-course. 1-1 entre les deux rois des labour\u00e9s.<\/p>\n","protected":false},"author":4,"featured_media":94997,"comment_status":"open","ping_status":"closed","sticky":false,"template":"","format":"standard","meta":{"_acf_changed":false,"_daextam_enable_autolinks":"","footnotes":""},"categories":[9611],"tags":[6666],"class_list":["post-94980","post","type-post","status-publish","format-standard","has-post-thumbnail","hentry","category-cyclo-cross","tag-cyclo-cross"],"acf":[],"yoast_head":"<!-- This site is optimized with the Yoast SEO Premium plugin v26.7 (Yoast SEO v26.7) - https:\/\/yoast.com\/wordpress\/plugins\/seo\/ -->\n<title>X2O Trofee : Wout van Aert s&#039;impose \u00e0 Herentals devant un van der Poel malheureux<\/title>\n<meta name=\"description\" content=\"CYCLO-CROSS - Wout van Aert (Jumbo-Visma) a remport\u00e9 ce mercredi le cyclo-cross d&#039;Herentals (Belgique), th\u00e9\u00e2tre de la 4\u00e8me manche du X2O Trofee.\" \/>\n<meta name=\"robots\" content=\"index, follow, max-snippet:-1, max-image-preview:large, max-video-preview:-1\" \/>\n<link rel=\"canonical\" href=\"https:\/\/dicodusport.fr\/blog\/x20-trofee-wout-van-aert-s-impose-a-herentals-devant-un-van-der-poel-malheureux\/\" \/>\n<meta property=\"og:locale\" content=\"fr_FR\" \/>\n<meta property=\"og:type\" content=\"article\" \/>\n<meta property=\"og:title\" content=\"X2O Trofee : Wout van Aert s&#039;impose \u00e0 Herentals devant un van der Poel malheureux\" \/>\n<meta property=\"og:description\" content=\"CYCLO-CROSS - Wout van Aert (Jumbo-Visma) a remport\u00e9 ce mercredi le cyclo-cross d&#039;Herentals (Belgique), th\u00e9\u00e2tre de la 4\u00e8me manche du X2O Trofee.\" \/>\n<meta property=\"og:url\" content=\"https:\/\/dicodusport.fr\/blog\/x20-trofee-wout-van-aert-s-impose-a-herentals-devant-un-van-der-poel-malheureux\/\" \/>\n<meta property=\"og:site_name\" content=\"Dicodusport\" \/>\n<meta property=\"article:publisher\" content=\"https:\/\/www.facebook.com\/dicodusport\" \/>\n<meta property=\"article:author\" content=\"https:\/\/www.facebook.com\/florent.ostermann\" \/>\n<meta property=\"article:published_time\" content=\"2020-12-23T14:59:36+00:00\" \/>\n<meta property=\"article:modified_time\" content=\"2020-12-24T03:03:15+00:00\" \/>\n<meta property=\"og:image\" content=\"https:\/\/dicodusport.fr\/blog\/wp-content\/uploads\/2020\/12\/Cyclo-cross-X2O-Trofee-Wout-van-Aert-simpose-\u00e0-Herentals-devant-un-van-der-Poel-malheureux.png\" \/>\n\t<meta property=\"og:image:width\" content=\"800\" \/>\n\t<meta property=\"og:image:height\" content=\"445\" \/>\n\t<meta property=\"og:image:type\" content=\"image\/png\" \/>\n<meta name=\"author\" content=\"Flo Ostermann\" \/>\n<meta name=\"twitter:card\" content=\"summary_large_image\" \/>\n<meta name=\"twitter:title\" content=\"X2O Trofee : Wout van Aert s&#039;impose \u00e0 Herentals devant un van der Poel malheureux\" \/>\n<meta name=\"twitter:creator\" content=\"@https:\/\/twitter.com\/FlOstermann\" \/>\n<meta name=\"twitter:site\" content=\"@dicodusport\" \/>\n<script type=\"application\/ld+json\" class=\"yoast-schema-graph\">{\"@context\":\"https:\/\/schema.org\",\"@graph\":[{\"@type\":\"NewsArticle\",\"@id\":\"https:\/\/dicodusport.fr\/blog\/x20-trofee-wout-van-aert-s-impose-a-herentals-devant-un-van-der-poel-malheureux\/#article\",\"isPartOf\":{\"@id\":\"https:\/\/dicodusport.fr\/blog\/x20-trofee-wout-van-aert-s-impose-a-herentals-devant-un-van-der-poel-malheureux\/\"},\"author\":{\"name\":\"Flo Ostermann\",\"@id\":\"https:\/\/dicodusport.fr\/blog\/#\/schema\/person\/cb02af4c173ce4a653b55e9baf388d4a\"},\"headline\":\"X2O Trofee : Wout van Aert s&rsquo;impose \u00e0 Herentals devant un van der Poel malheureux\",\"datePublished\":\"2020-12-23T14:59:36+00:00\",\"dateModified\":\"2020-12-24T03:03:15+00:00\",\"mainEntityOfPage\":{\"@id\":\"https:\/\/dicodusport.fr\/blog\/x20-trofee-wout-van-aert-s-impose-a-herentals-devant-un-van-der-poel-malheureux\/\"},\"wordCount\":298,\"commentCount\":0,\"publisher\":{\"@id\":\"https:\/\/dicodusport.fr\/blog\/#organization\"},\"image\":{\"@id\":\"https:\/\/dicodusport.fr\/blog\/x20-trofee-wout-van-aert-s-impose-a-herentals-devant-un-van-der-poel-malheureux\/#primaryimage\"},\"thumbnailUrl\":\"https:\/\/dicodusport.fr\/blog\/wp-content\/uploads\/2020\/12\/Cyclo-cross-X2O-Trofee-Wout-van-Aert-simpose-\u00e0-Herentals-devant-un-van-der-Poel-malheureux.png\",\"keywords\":[\"Cyclo-cross\"],\"articleSection\":[\"Cyclo-cross\"],\"inLanguage\":\"fr-FR\",\"potentialAction\":[{\"@type\":\"CommentAction\",\"name\":\"Comment\",\"target\":[\"https:\/\/dicodusport.fr\/blog\/x20-trofee-wout-van-aert-s-impose-a-herentals-devant-un-van-der-poel-malheureux\/#respond\"]}],\"copyrightYear\":\"2020\",\"copyrightHolder\":{\"@id\":\"https:\/\/dicodusport.fr\/blog\/#organization\"}},{\"@type\":\"WebPage\",\"@id\":\"https:\/\/dicodusport.fr\/blog\/x20-trofee-wout-van-aert-s-impose-a-herentals-devant-un-van-der-poel-malheureux\/\",\"url\":\"https:\/\/dicodusport.fr\/blog\/x20-trofee-wout-van-aert-s-impose-a-herentals-devant-un-van-der-poel-malheureux\/\",\"name\":\"X2O Trofee : Wout van Aert s'impose \u00e0 Herentals devant un van der Poel malheureux\",\"isPartOf\":{\"@id\":\"https:\/\/dicodusport.fr\/blog\/#website\"},\"primaryImageOfPage\":{\"@id\":\"https:\/\/dicodusport.fr\/blog\/x20-trofee-wout-van-aert-s-impose-a-herentals-devant-un-van-der-poel-malheureux\/#primaryimage\"},\"image\":{\"@id\":\"https:\/\/dicodusport.fr\/blog\/x20-trofee-wout-van-aert-s-impose-a-herentals-devant-un-van-der-poel-malheureux\/#primaryimage\"},\"thumbnailUrl\":\"https:\/\/dicodusport.fr\/blog\/wp-content\/uploads\/2020\/12\/Cyclo-cross-X2O-Trofee-Wout-van-Aert-simpose-\u00e0-Herentals-devant-un-van-der-Poel-malheureux.png\",\"datePublished\":\"2020-12-23T14:59:36+00:00\",\"dateModified\":\"2020-12-24T03:03:15+00:00\",\"description\":\"CYCLO-CROSS - Wout van Aert (Jumbo-Visma) a remport\u00e9 ce mercredi le cyclo-cross d'Herentals (Belgique), th\u00e9\u00e2tre de la 4\u00e8me manche du X2O Trofee.\",\"breadcrumb\":{\"@id\":\"https:\/\/dicodusport.fr\/blog\/x20-trofee-wout-van-aert-s-impose-a-herentals-devant-un-van-der-poel-malheureux\/#breadcrumb\"},\"inLanguage\":\"fr-FR\",\"potentialAction\":[{\"@type\":\"ReadAction\",\"target\":[\"https:\/\/dicodusport.fr\/blog\/x20-trofee-wout-van-aert-s-impose-a-herentals-devant-un-van-der-poel-malheureux\/\"]}]},{\"@type\":\"ImageObject\",\"inLanguage\":\"fr-FR\",\"@id\":\"https:\/\/dicodusport.fr\/blog\/x20-trofee-wout-van-aert-s-impose-a-herentals-devant-un-van-der-poel-malheureux\/#primaryimage\",\"url\":\"https:\/\/dicodusport.fr\/blog\/wp-content\/uploads\/2020\/12\/Cyclo-cross-X2O-Trofee-Wout-van-Aert-simpose-\u00e0-Herentals-devant-un-van-der-Poel-malheureux.png\",\"contentUrl\":\"https:\/\/dicodusport.fr\/blog\/wp-content\/uploads\/2020\/12\/Cyclo-cross-X2O-Trofee-Wout-van-Aert-simpose-\u00e0-Herentals-devant-un-van-der-Poel-malheureux.png\",\"width\":800,\"height\":445,\"caption\":\"Cyclo-cross - X2O Trofee - Wout van Aert s'impose \u00e0 Herentals devant un van der Poel malheureux\"},{\"@type\":\"BreadcrumbList\",\"@id\":\"https:\/\/dicodusport.fr\/blog\/x20-trofee-wout-van-aert-s-impose-a-herentals-devant-un-van-der-poel-malheureux\/#breadcrumb\",\"itemListElement\":[{\"@type\":\"ListItem\",\"position\":1,\"name\":\"Accueil\",\"item\":\"https:\/\/dicodusport.fr\/blog\/\"},{\"@type\":\"ListItem\",\"position\":2,\"name\":\"X2O Trofee : Wout van Aert s&rsquo;impose \u00e0 Herentals devant un van der Poel malheureux\"}]},{\"@type\":\"WebSite\",\"@id\":\"https:\/\/dicodusport.fr\/blog\/#website\",\"url\":\"https:\/\/dicodusport.fr\/blog\/\",\"name\":\"Dicodusport\",\"description\":\"L&#039;encyclop\u00e9die de l&#039;actualit\u00e9 sportive\",\"publisher\":{\"@id\":\"https:\/\/dicodusport.fr\/blog\/#organization\"},\"potentialAction\":[{\"@type\":\"SearchAction\",\"target\":{\"@type\":\"EntryPoint\",\"urlTemplate\":\"https:\/\/dicodusport.fr\/blog\/?s={search_term_string}\"},\"query-input\":{\"@type\":\"PropertyValueSpecification\",\"valueRequired\":true,\"valueName\":\"search_term_string\"}}],\"inLanguage\":\"fr-FR\"},{\"@type\":\"NewsMediaOrganization\",\"@id\":\"https:\/\/dicodusport.fr\/blog\/#organization\",\"name\":\"Dicodusport\",\"url\":\"https:\/\/dicodusport.fr\/blog\/\",\"logo\":{\"@type\":\"ImageObject\",\"inLanguage\":\"fr-FR\",\"@id\":\"https:\/\/dicodusport.fr\/blog\/#\/schema\/logo\/image\/\",\"url\":\"https:\/\/dicodusport.fr\/blog\/wp-content\/uploads\/2020\/06\/cropped-LOGO-DICODUSPORT-2020-SANS-FOND-SANS-TEXTE.png\",\"contentUrl\":\"https:\/\/dicodusport.fr\/blog\/wp-content\/uploads\/2020\/06\/cropped-LOGO-DICODUSPORT-2020-SANS-FOND-SANS-TEXTE.png\",\"width\":512,\"height\":512,\"caption\":\"Dicodusport\"},\"image\":{\"@id\":\"https:\/\/dicodusport.fr\/blog\/#\/schema\/logo\/image\/\"},\"sameAs\":[\"https:\/\/www.facebook.com\/dicodusport\",\"https:\/\/x.com\/dicodusport\",\"https:\/\/www.instagram.com\/dicodusport\/\",\"https:\/\/www.youtube.com\/channel\/UC7V2KZ5sd3htJivAbA4ZG3w\"],\"description\":\"Dicodusport est l'encyclop\u00e9die de l'actualit\u00e9 sportive.\",\"email\":\"bonjour@dicodusport.fr\",\"legalName\":\"DICODUSPORT\",\"foundingDate\":\"2018-01-14\",\"vatID\":\"FR71834470973\",\"taxID\":\"83447097300043\",\"numberOfEmployees\":{\"@type\":\"QuantitativeValue\",\"minValue\":\"1\",\"maxValue\":\"10\"}},{\"@type\":\"Person\",\"@id\":\"https:\/\/dicodusport.fr\/blog\/#\/schema\/person\/cb02af4c173ce4a653b55e9baf388d4a\",\"name\":\"Flo Ostermann\",\"image\":{\"@type\":\"ImageObject\",\"inLanguage\":\"fr-FR\",\"@id\":\"https:\/\/dicodusport.fr\/blog\/#\/schema\/person\/image\/\",\"url\":\"https:\/\/dicodusport.fr\/blog\/wp-content\/uploads\/2021\/05\/Flo-Ostermann-150x150.jpg\",\"contentUrl\":\"https:\/\/dicodusport.fr\/blog\/wp-content\/uploads\/2021\/05\/Flo-Ostermann-150x150.jpg\",\"caption\":\"Flo Ostermann\"},\"description\":\"Journaliste\/R\u00e9dacteur depuis septembre 2015 - Mes premiers souvenirs dans le sport ? Les envol\u00e9es du Stade Toulousain et les duels Villeneuve-Schumacher et H\u00e4kkinen-Schumacher \u00e0 la fin des ann\u00e9es 90, la Coupe du monde de football en 1998, l\u2019exploit du XV de France face aux All Blacks en 1999, mais aussi Richard C\u0153ur de Lion qui vole sur les montagnes du Tour de France. Bien parti pour devenir professeur d\u2019EPS, les \u00e9v\u00e9nements de la vie (et la flemme d\u2019animer des s\u00e9ances de 3x500 m\u00e8tres toute ma vie) m\u2019ont conduit \u00e0 revoir mes plans. Me voil\u00e0 depuis fin 2017 sur Dicodusport, m\u00e9dia gr\u00e2ce (et pour) lequel je partage ma passion : le sport dans tous ses \u00e9tats. Le tout accompagn\u00e9 par les fous furieux et folles furieuses cit\u00e9s sur cette page !\",\"sameAs\":[\"https:\/\/www.facebook.com\/florent.ostermann\",\"https:\/\/x.com\/https:\/\/twitter.com\/FlOstermann\",\"admin\"],\"url\":\"https:\/\/dicodusport.fr\/blog\/author\/flo\/\"}]}<\/script>\n<!-- \/ Yoast SEO Premium plugin. -->","yoast_head_json":{"title":"X2O Trofee : Wout van Aert s'impose \u00e0 Herentals devant un van der Poel malheureux","description":"CYCLO-CROSS - Wout van Aert (Jumbo-Visma) a remport\u00e9 ce mercredi le cyclo-cross d'Herentals (Belgique), th\u00e9\u00e2tre de la 4\u00e8me manche du X2O Trofee.","robots":{"index":"index","follow":"follow","max-snippet":"max-snippet:-1","max-image-preview":"max-image-preview:large","max-video-preview":"max-video-preview:-1"},"canonical":"https:\/\/dicodusport.fr\/blog\/x20-trofee-wout-van-aert-s-impose-a-herentals-devant-un-van-der-poel-malheureux\/","og_locale":"fr_FR","og_type":"article","og_title":"X2O Trofee : Wout van Aert s'impose \u00e0 Herentals devant un van der Poel malheureux","og_description":"CYCLO-CROSS - Wout van Aert (Jumbo-Visma) a remport\u00e9 ce mercredi le cyclo-cross d'Herentals (Belgique), th\u00e9\u00e2tre de la 4\u00e8me manche du X2O Trofee.","og_url":"https:\/\/dicodusport.fr\/blog\/x20-trofee-wout-van-aert-s-impose-a-herentals-devant-un-van-der-poel-malheureux\/","og_site_name":"Dicodusport","article_publisher":"https:\/\/www.facebook.com\/dicodusport","article_author":"https:\/\/www.facebook.com\/florent.ostermann","article_published_time":"2020-12-23T14:59:36+00:00","article_modified_time":"2020-12-24T03:03:15+00:00","og_image":[{"width":800,"height":445,"url":"https:\/\/dicodusport.fr\/blog\/wp-content\/uploads\/2020\/12\/Cyclo-cross-X2O-Trofee-Wout-van-Aert-simpose-\u00e0-Herentals-devant-un-van-der-Poel-malheureux.png","type":"image\/png"}],"author":"Flo Ostermann","twitter_card":"summary_large_image","twitter_title":"X2O Trofee : Wout van Aert s'impose \u00e0 Herentals devant un van der Poel malheureux","twitter_creator":"@https:\/\/twitter.com\/FlOstermann","twitter_site":"@dicodusport","schema":{"@context":"https:\/\/schema.org","@graph":[{"@type":"NewsArticle","@id":"https:\/\/dicodusport.fr\/blog\/x20-trofee-wout-van-aert-s-impose-a-herentals-devant-un-van-der-poel-malheureux\/#article","isPartOf":{"@id":"https:\/\/dicodusport.fr\/blog\/x20-trofee-wout-van-aert-s-impose-a-herentals-devant-un-van-der-poel-malheureux\/"},"author":{"name":"Flo Ostermann","@id":"https:\/\/dicodusport.fr\/blog\/#\/schema\/person\/cb02af4c173ce4a653b55e9baf388d4a"},"headline":"X2O Trofee : Wout van Aert s&rsquo;impose \u00e0 Herentals devant un van der Poel malheureux","datePublished":"2020-12-23T14:59:36+00:00","dateModified":"2020-12-24T03:03:15+00:00","mainEntityOfPage":{"@id":"https:\/\/dicodusport.fr\/blog\/x20-trofee-wout-van-aert-s-impose-a-herentals-devant-un-van-der-poel-malheureux\/"},"wordCount":298,"commentCount":0,"publisher":{"@id":"https:\/\/dicodusport.fr\/blog\/#organization"},"image":{"@id":"https:\/\/dicodusport.fr\/blog\/x20-trofee-wout-van-aert-s-impose-a-herentals-devant-un-van-der-poel-malheureux\/#primaryimage"},"thumbnailUrl":"https:\/\/dicodusport.fr\/blog\/wp-content\/uploads\/2020\/12\/Cyclo-cross-X2O-Trofee-Wout-van-Aert-simpose-\u00e0-Herentals-devant-un-van-der-Poel-malheureux.png","keywords":["Cyclo-cross"],"articleSection":["Cyclo-cross"],"inLanguage":"fr-FR","potentialAction":[{"@type":"CommentAction","name":"Comment","target":["https:\/\/dicodusport.fr\/blog\/x20-trofee-wout-van-aert-s-impose-a-herentals-devant-un-van-der-poel-malheureux\/#respond"]}],"copyrightYear":"2020","copyrightHolder":{"@id":"https:\/\/dicodusport.fr\/blog\/#organization"}},{"@type":"WebPage","@id":"https:\/\/dicodusport.fr\/blog\/x20-trofee-wout-van-aert-s-impose-a-herentals-devant-un-van-der-poel-malheureux\/","url":"https:\/\/dicodusport.fr\/blog\/x20-trofee-wout-van-aert-s-impose-a-herentals-devant-un-van-der-poel-malheureux\/","name":"X2O Trofee : Wout van Aert s'impose \u00e0 Herentals devant un van der Poel malheureux","isPartOf":{"@id":"https:\/\/dicodusport.fr\/blog\/#website"},"primaryImageOfPage":{"@id":"https:\/\/dicodusport.fr\/blog\/x20-trofee-wout-van-aert-s-impose-a-herentals-devant-un-van-der-poel-malheureux\/#primaryimage"},"image":{"@id":"https:\/\/dicodusport.fr\/blog\/x20-trofee-wout-van-aert-s-impose-a-herentals-devant-un-van-der-poel-malheureux\/#primaryimage"},"thumbnailUrl":"https:\/\/dicodusport.fr\/blog\/wp-content\/uploads\/2020\/12\/Cyclo-cross-X2O-Trofee-Wout-van-Aert-simpose-\u00e0-Herentals-devant-un-van-der-Poel-malheureux.png","datePublished":"2020-12-23T14:59:36+00:00","dateModified":"2020-12-24T03:03:15+00:00","description":"CYCLO-CROSS - Wout van Aert (Jumbo-Visma) a remport\u00e9 ce mercredi le cyclo-cross d'Herentals (Belgique), th\u00e9\u00e2tre de la 4\u00e8me manche du X2O Trofee.","breadcrumb":{"@id":"https:\/\/dicodusport.fr\/blog\/x20-trofee-wout-van-aert-s-impose-a-herentals-devant-un-van-der-poel-malheureux\/#breadcrumb"},"inLanguage":"fr-FR","potentialAction":[{"@type":"ReadAction","target":["https:\/\/dicodusport.fr\/blog\/x20-trofee-wout-van-aert-s-impose-a-herentals-devant-un-van-der-poel-malheureux\/"]}]},{"@type":"ImageObject","inLanguage":"fr-FR","@id":"https:\/\/dicodusport.fr\/blog\/x20-trofee-wout-van-aert-s-impose-a-herentals-devant-un-van-der-poel-malheureux\/#primaryimage","url":"https:\/\/dicodusport.fr\/blog\/wp-content\/uploads\/2020\/12\/Cyclo-cross-X2O-Trofee-Wout-van-Aert-simpose-\u00e0-Herentals-devant-un-van-der-Poel-malheureux.png","contentUrl":"https:\/\/dicodusport.fr\/blog\/wp-content\/uploads\/2020\/12\/Cyclo-cross-X2O-Trofee-Wout-van-Aert-simpose-\u00e0-Herentals-devant-un-van-der-Poel-malheureux.png","width":800,"height":445,"caption":"Cyclo-cross - X2O Trofee - Wout van Aert s'impose \u00e0 Herentals devant un van der Poel malheureux"},{"@type":"BreadcrumbList","@id":"https:\/\/dicodusport.fr\/blog\/x20-trofee-wout-van-aert-s-impose-a-herentals-devant-un-van-der-poel-malheureux\/#breadcrumb","itemListElement":[{"@type":"ListItem","position":1,"name":"Accueil","item":"https:\/\/dicodusport.fr\/blog\/"},{"@type":"ListItem","position":2,"name":"X2O Trofee : Wout van Aert s&rsquo;impose \u00e0 Herentals devant un van der Poel malheureux"}]},{"@type":"WebSite","@id":"https:\/\/dicodusport.fr\/blog\/#website","url":"https:\/\/dicodusport.fr\/blog\/","name":"Dicodusport","description":"L&#039;encyclop\u00e9die de l&#039;actualit\u00e9 sportive","publisher":{"@id":"https:\/\/dicodusport.fr\/blog\/#organization"},"potentialAction":[{"@type":"SearchAction","target":{"@type":"EntryPoint","urlTemplate":"https:\/\/dicodusport.fr\/blog\/?s={search_term_string}"},"query-input":{"@type":"PropertyValueSpecification","valueRequired":true,"valueName":"search_term_string"}}],"inLanguage":"fr-FR"},{"@type":"NewsMediaOrganization","@id":"https:\/\/dicodusport.fr\/blog\/#organization","name":"Dicodusport","url":"https:\/\/dicodusport.fr\/blog\/","logo":{"@type":"ImageObject","inLanguage":"fr-FR","@id":"https:\/\/dicodusport.fr\/blog\/#\/schema\/logo\/image\/","url":"https:\/\/dicodusport.fr\/blog\/wp-content\/uploads\/2020\/06\/cropped-LOGO-DICODUSPORT-2020-SANS-FOND-SANS-TEXTE.png","contentUrl":"https:\/\/dicodusport.fr\/blog\/wp-content\/uploads\/2020\/06\/cropped-LOGO-DICODUSPORT-2020-SANS-FOND-SANS-TEXTE.png","width":512,"height":512,"caption":"Dicodusport"},"image":{"@id":"https:\/\/dicodusport.fr\/blog\/#\/schema\/logo\/image\/"},"sameAs":["https:\/\/www.facebook.com\/dicodusport","https:\/\/x.com\/dicodusport","https:\/\/www.instagram.com\/dicodusport\/","https:\/\/www.youtube.com\/channel\/UC7V2KZ5sd3htJivAbA4ZG3w"],"description":"Dicodusport est l'encyclop\u00e9die de l'actualit\u00e9 sportive.","email":"bonjour@dicodusport.fr","legalName":"DICODUSPORT","foundingDate":"2018-01-14","vatID":"FR71834470973","taxID":"83447097300043","numberOfEmployees":{"@type":"QuantitativeValue","minValue":"1","maxValue":"10"}},{"@type":"Person","@id":"https:\/\/dicodusport.fr\/blog\/#\/schema\/person\/cb02af4c173ce4a653b55e9baf388d4a","name":"Flo Ostermann","image":{"@type":"ImageObject","inLanguage":"fr-FR","@id":"https:\/\/dicodusport.fr\/blog\/#\/schema\/person\/image\/","url":"https:\/\/dicodusport.fr\/blog\/wp-content\/uploads\/2021\/05\/Flo-Ostermann-150x150.jpg","contentUrl":"https:\/\/dicodusport.fr\/blog\/wp-content\/uploads\/2021\/05\/Flo-Ostermann-150x150.jpg","caption":"Flo Ostermann"},"description":"Journaliste\/R\u00e9dacteur depuis septembre 2015 - Mes premiers souvenirs dans le sport ? Les envol\u00e9es du Stade Toulousain et les duels Villeneuve-Schumacher et H\u00e4kkinen-Schumacher \u00e0 la fin des ann\u00e9es 90, la Coupe du monde de football en 1998, l\u2019exploit du XV de France face aux All Blacks en 1999, mais aussi Richard C\u0153ur de Lion qui vole sur les montagnes du Tour de France. Bien parti pour devenir professeur d\u2019EPS, les \u00e9v\u00e9nements de la vie (et la flemme d\u2019animer des s\u00e9ances de 3x500 m\u00e8tres toute ma vie) m\u2019ont conduit \u00e0 revoir mes plans. Me voil\u00e0 depuis fin 2017 sur Dicodusport, m\u00e9dia gr\u00e2ce (et pour) lequel je partage ma passion : le sport dans tous ses \u00e9tats. Le tout accompagn\u00e9 par les fous furieux et folles furieuses cit\u00e9s sur cette page !","sameAs":["https:\/\/www.facebook.com\/florent.ostermann","https:\/\/x.com\/https:\/\/twitter.com\/FlOstermann","admin"],"url":"https:\/\/dicodusport.fr\/blog\/author\/flo\/"}]}},"_links":{"self":[{"href":"https:\/\/dicodusport.fr\/blog\/wp-json\/wp\/v2\/posts\/94980","targetHints":{"allow":["GET"]}}],"collection":[{"href":"https:\/\/dicodusport.fr\/blog\/wp-json\/wp\/v2\/posts"}],"about":[{"href":"https:\/\/dicodusport.fr\/blog\/wp-json\/wp\/v2\/types\/post"}],"author":[{"embeddable":true,"href":"https:\/\/dicodusport.fr\/blog\/wp-json\/wp\/v2\/users\/4"}],"replies":[{"embeddable":true,"href":"https:\/\/dicodusport.fr\/blog\/wp-json\/wp\/v2\/comments?post=94980"}],"version-history":[{"count":0,"href":"https:\/\/dicodusport.fr\/blog\/wp-json\/wp\/v2\/posts\/94980\/revisions"}],"wp:featuredmedia":[{"embeddable":true,"href":"https:\/\/dicodusport.fr\/blog\/wp-json\/wp\/v2\/media\/94997"}],"wp:attachment":[{"href":"https:\/\/dicodusport.fr\/blog\/wp-json\/wp\/v2\/media?parent=94980"}],"wp:term":[{"taxonomy":"category","embeddable":true,"href":"https:\/\/dicodusport.fr\/blog\/wp-json\/wp\/v2\/categories?post=94980"},{"taxonomy":"post_tag","embeddable":true,"href":"https:\/\/dicodusport.fr\/blog\/wp-json\/wp\/v2\/tags?post=94980"}],"curies":[{"name":"wp","href":"https:\/\/api.w.org\/{rel}","templated":true}]}}