{"id":95499,"date":"2020-12-26T20:04:38","date_gmt":"2020-12-26T19:04:38","guid":{"rendered":"https:\/\/dicodusport.fr\/blog\/?p=95499&#038;preview=true&#038;preview_id=95499"},"modified":"2025-08-24T13:35:19","modified_gmt":"2025-08-24T11:35:19","slug":"vendee-globe-jeremie-beyou-continue-sa-remontada","status":"publish","type":"post","link":"https:\/\/dicodusport.fr\/blog\/vendee-globe-jeremie-beyou-continue-sa-remontada\/","title":{"rendered":"Vend\u00e9e Globe : J\u00e9r\u00e9mie Beyou continue sa remontada"},"content":{"rendered":"<p style=\"text-align: justify;\"><em><a style=\"font-weight: bold;\" href=\"https:\/\/dicodusport.fr\/blog\/actualites\/voile\/vendee-globe-2020\/\">Vend\u00e9e Globe 2020<\/a><b> &#8211; Parti avec neuf jours de retard apr\u00e8s <\/b><strong>un retour forc\u00e9 aux Sables-d&rsquo;Olonne<\/strong><b>, J\u00e9r\u00e9mie Beyou (Charal) est en train de se relancer dans la course. Son monocoque, <a href=\"https:\/\/dicodusport.fr\/blog\/vendee-globe-2020-tous-les-bateaux-sont-partis\/\">parmi les plus aboutis de la flotte<\/a>, a travers\u00e9 l&rsquo;Oc\u00e9an Indien \u00e0 toute vitesse. Encore dernier il y a quinze jours, le skipper fran\u00e7ais a d\u00e9pass\u00e9 neuf de ses concurrents depuis.<\/b><\/em><\/p>\n<p style=\"text-align: justify;\"><strong>J\u00e9r\u00e9mie Beyou<\/strong> avait vu ses ambitions douch\u00e9es trois jours apr\u00e8s le d\u00e9part de ce Vend\u00e9e Globe. Parmi les grands favoris, il avait heurt\u00e9 un OFNI au large de l&rsquo;Espagne. Il avait <a href=\"https:\/\/dicodusport.fr\/blog\/vendee-globe-jeremie-beyou-contraint-de-rentrer-aux-sables-dolonne\/\">d\u00fb retourner aux Sables-d&rsquo;Olonne<\/a> pour r\u00e9parer son safran endommag\u00e9. Le troisi\u00e8me du dernier Vend\u00e9e Globe \u00e9tait alors reparti avec <strong>9 jours et plus de 2700 milles de retard<\/strong> sur la t\u00eate de la course. Depuis, il a entrepris une lente remont\u00e9e qui s&rsquo;est largement acc\u00e9l\u00e9r\u00e9e une fois le Cap de Bonne-Esp\u00e9rance pass\u00e9. Dans l&rsquo;Oc\u00e9an Indien, le skipper a enfin pu d\u00e9montrer les capacit\u00e9s de son navire, \u00e9quip\u00e9 de <em>foilers<\/em> de derni\u00e8re g\u00e9n\u00e9ration. Sur une mer relativement plate avec des vents d&rsquo;une vingtaine de n\u0153uds, <b>il a d\u00e9boul\u00e9 \u00e0 19,5 n\u0153uds de moyenne, avalant un \u00e0 un tous les concurrents sur son passage<\/b>.<\/p>\n<h2 style=\"text-align: justify;\">\u00ab Dans la remont\u00e9e de l\u2019Atlantique, il y aura des places \u00e0 se faire \u00bb<\/h2>\n<p style=\"text-align: justify;\">Actuellement au c\u0153ur <a href=\"https:\/\/www.vendeeglobe.org\/fr\/actualites\/21271\/la-course-du-taureau-a-travers-les-champs-de-vent\">d&rsquo;une d\u00e9pression au large de la Tasmanie<\/a>, <strong>Beyou va maintenant s&rsquo;attaquer \u00e0 l&rsquo;Oc\u00e9an Pacifique<\/strong>, dans lequel les leaders sont d\u00e9j\u00e0 bien embarqu\u00e9s. Ce samedi matin, il a d\u00e9pass\u00e9 St\u00e9phane Le Diraison (Time For Oceans), dernier rempart avant un groupe de trois skippers (Pip Hare (Medallia), Arnaud Boissi\u00e8res (La Mie C\u00e2line) et Alan Roura (La Fabrique)), situ\u00e9 400 milles devant. Il a pris la 18\u00e8me place <a href=\"https:\/\/dicodusport.fr\/blog\/vendee-globe-2020-classement-course\/\">du classement<\/a>. Et <strong>le Finist\u00e9rien ne compte pas s&rsquo;arr\u00eater l\u00e0<\/strong>. Il l&rsquo;a <a href=\"https:\/\/www.vendeeglobe.org\/fr\/actualites\/21271\/la-course-du-taureau-a-travers-les-champs-de-vent\">lui-m\u00eame confirm\u00e9<\/a> : \u00ab <em>Mon objectif reste toujours le m\u00eame : passer le cap Horn avec un bateau en bon \u00e9tat. Apr\u00e8s dans la remont\u00e9e de l\u2019Atlantique, il y aura des places \u00e0 se faire\u2026<\/em>\u00a0\u00bb<\/p>\n<p><em><strong>Tom Compayrot<\/strong><br \/>\n<\/em><a href=\"https:\/\/twitter.com\/Tom_Cprt\" target=\"_blank\" rel=\"noopener noreferrer\"><img loading=\"lazy\" decoding=\"async\" class=\"alignnone wp-image-2908\" src=\"http:\/\/dicodusport.fr\/blog\/wp-content\/uploads\/2017\/07\/logo-twitter-150x150.png\" alt=\"\" width=\"39\" height=\"39\" \/><\/a><\/p>\n","protected":false},"excerpt":{"rendered":"<p>Vend\u00e9e Globe 2020 &#8211; C&rsquo;est le genre d&rsquo;image qu&rsquo;on a l&rsquo;habitude de voir au d\u00e9part de la course. Mais cette fois, c&rsquo;est au 37\u00e8me jour de course que cinq skippers se sont retrouv\u00e9s dans un mouchoir de poche au large de l&rsquo;Australie. L\u00e9g\u00e8rement distanc\u00e9s par le trio de t\u00eate, Jean Le Cam (Yes We Cam!), Boris Herrmann (SeaExplorer), Louis Burton (Bureau Vall\u00e9e), Benjamin Dutreux (OMIA) et Damien Seguin (APICIL) \u00e9taient si proches qu&rsquo;ils ont tous pu se voir en m\u00eame temps ce mardi. De quoi donner des images incroyables.<\/p>\n","protected":false},"author":13,"featured_media":95509,"comment_status":"open","ping_status":"closed","sticky":false,"template":"","format":"standard","meta":{"_acf_changed":false,"_daextam_enable_autolinks":"","footnotes":""},"categories":[9184],"tags":[3094,526],"class_list":["post-95499","post","type-post","status-publish","format-standard","has-post-thumbnail","hentry","category-voile","tag-vendee-globe","tag-voile"],"acf":[],"yoast_head":"<!-- This site is optimized with the Yoast SEO Premium plugin v26.7 (Yoast SEO v26.7) - https:\/\/yoast.com\/wordpress\/plugins\/seo\/ -->\n<title>Vend\u00e9e Globe : J\u00e9r\u00e9mie Beyou continue sa remontada<\/title>\n<meta name=\"description\" content=\"Encore dernier il y a 15 jours, J\u00e9r\u00e9mie Beyou a d\u00e9pass\u00e9 neuf de ses concurrents depuis. Il avait pris le d\u00e9part avec 9 jours de retard.\" \/>\n<meta name=\"robots\" content=\"index, follow, max-snippet:-1, max-image-preview:large, max-video-preview:-1\" \/>\n<link rel=\"canonical\" href=\"https:\/\/dicodusport.fr\/blog\/vendee-globe-jeremie-beyou-continue-sa-remontada\/\" \/>\n<meta property=\"og:locale\" content=\"fr_FR\" \/>\n<meta property=\"og:type\" content=\"article\" \/>\n<meta property=\"og:title\" content=\"Vend\u00e9e Globe : J\u00e9r\u00e9mie Beyou continue sa remontada\" \/>\n<meta property=\"og:description\" content=\"Encore dernier il y a 15 jours, J\u00e9r\u00e9mie Beyou a d\u00e9pass\u00e9 neuf de ses concurrents depuis. Il avait pris le d\u00e9part avec 9 jours de retard.\" \/>\n<meta property=\"og:url\" content=\"https:\/\/dicodusport.fr\/blog\/vendee-globe-jeremie-beyou-continue-sa-remontada\/\" \/>\n<meta property=\"og:site_name\" content=\"Dicodusport\" \/>\n<meta property=\"article:publisher\" content=\"https:\/\/www.facebook.com\/dicodusport\" \/>\n<meta property=\"article:published_time\" content=\"2020-12-26T19:04:38+00:00\" \/>\n<meta property=\"article:modified_time\" content=\"2025-08-24T11:35:19+00:00\" \/>\n<meta property=\"og:image\" content=\"https:\/\/dicodusport.fr\/blog\/wp-content\/uploads\/2020\/12\/Vend\u00e9e-Globe-J\u00e9r\u00e9mie-Beyou-continue-sa-remontada.png\" \/>\n\t<meta property=\"og:image:width\" content=\"800\" \/>\n\t<meta property=\"og:image:height\" content=\"445\" \/>\n\t<meta property=\"og:image:type\" content=\"image\/png\" \/>\n<meta name=\"author\" content=\"Tom Compayrot\" \/>\n<meta name=\"twitter:card\" content=\"summary_large_image\" \/>\n<meta name=\"twitter:title\" content=\"Vend\u00e9e Globe : J\u00e9r\u00e9mie Beyou continue sa remontada\" \/>\n<meta name=\"twitter:creator\" content=\"@https:\/\/twitter.com\/Tom_Cprt\" \/>\n<meta name=\"twitter:site\" content=\"@dicodusport\" \/>\n<script type=\"application\/ld+json\" class=\"yoast-schema-graph\">{\"@context\":\"https:\/\/schema.org\",\"@graph\":[{\"@type\":\"NewsArticle\",\"@id\":\"https:\/\/dicodusport.fr\/blog\/vendee-globe-jeremie-beyou-continue-sa-remontada\/#article\",\"isPartOf\":{\"@id\":\"https:\/\/dicodusport.fr\/blog\/vendee-globe-jeremie-beyou-continue-sa-remontada\/\"},\"author\":{\"name\":\"Tom Compayrot\",\"@id\":\"https:\/\/dicodusport.fr\/blog\/#\/schema\/person\/bf1e4f404e108bd2be5b447b16bde9a7\"},\"headline\":\"Vend\u00e9e Globe : J\u00e9r\u00e9mie Beyou continue sa remontada\",\"datePublished\":\"2020-12-26T19:04:38+00:00\",\"dateModified\":\"2025-08-24T11:35:19+00:00\",\"mainEntityOfPage\":{\"@id\":\"https:\/\/dicodusport.fr\/blog\/vendee-globe-jeremie-beyou-continue-sa-remontada\/\"},\"wordCount\":381,\"commentCount\":0,\"publisher\":{\"@id\":\"https:\/\/dicodusport.fr\/blog\/#organization\"},\"image\":{\"@id\":\"https:\/\/dicodusport.fr\/blog\/vendee-globe-jeremie-beyou-continue-sa-remontada\/#primaryimage\"},\"thumbnailUrl\":\"https:\/\/dicodusport.fr\/blog\/wp-content\/uploads\/2020\/12\/Vend\u00e9e-Globe-J\u00e9r\u00e9mie-Beyou-continue-sa-remontada.png\",\"keywords\":[\"Vend\u00e9e Globe\",\"Voile\"],\"articleSection\":[\"Voile\"],\"inLanguage\":\"fr-FR\",\"potentialAction\":[{\"@type\":\"CommentAction\",\"name\":\"Comment\",\"target\":[\"https:\/\/dicodusport.fr\/blog\/vendee-globe-jeremie-beyou-continue-sa-remontada\/#respond\"]}],\"copyrightYear\":\"2020\",\"copyrightHolder\":{\"@id\":\"https:\/\/dicodusport.fr\/blog\/#organization\"}},{\"@type\":\"WebPage\",\"@id\":\"https:\/\/dicodusport.fr\/blog\/vendee-globe-jeremie-beyou-continue-sa-remontada\/\",\"url\":\"https:\/\/dicodusport.fr\/blog\/vendee-globe-jeremie-beyou-continue-sa-remontada\/\",\"name\":\"Vend\u00e9e Globe : J\u00e9r\u00e9mie Beyou continue sa remontada\",\"isPartOf\":{\"@id\":\"https:\/\/dicodusport.fr\/blog\/#website\"},\"primaryImageOfPage\":{\"@id\":\"https:\/\/dicodusport.fr\/blog\/vendee-globe-jeremie-beyou-continue-sa-remontada\/#primaryimage\"},\"image\":{\"@id\":\"https:\/\/dicodusport.fr\/blog\/vendee-globe-jeremie-beyou-continue-sa-remontada\/#primaryimage\"},\"thumbnailUrl\":\"https:\/\/dicodusport.fr\/blog\/wp-content\/uploads\/2020\/12\/Vend\u00e9e-Globe-J\u00e9r\u00e9mie-Beyou-continue-sa-remontada.png\",\"datePublished\":\"2020-12-26T19:04:38+00:00\",\"dateModified\":\"2025-08-24T11:35:19+00:00\",\"description\":\"Encore dernier il y a 15 jours, J\u00e9r\u00e9mie Beyou a d\u00e9pass\u00e9 neuf de ses concurrents depuis. Il avait pris le d\u00e9part avec 9 jours de retard.\",\"breadcrumb\":{\"@id\":\"https:\/\/dicodusport.fr\/blog\/vendee-globe-jeremie-beyou-continue-sa-remontada\/#breadcrumb\"},\"inLanguage\":\"fr-FR\",\"potentialAction\":[{\"@type\":\"ReadAction\",\"target\":[\"https:\/\/dicodusport.fr\/blog\/vendee-globe-jeremie-beyou-continue-sa-remontada\/\"]}]},{\"@type\":\"ImageObject\",\"inLanguage\":\"fr-FR\",\"@id\":\"https:\/\/dicodusport.fr\/blog\/vendee-globe-jeremie-beyou-continue-sa-remontada\/#primaryimage\",\"url\":\"https:\/\/dicodusport.fr\/blog\/wp-content\/uploads\/2020\/12\/Vend\u00e9e-Globe-J\u00e9r\u00e9mie-Beyou-continue-sa-remontada.png\",\"contentUrl\":\"https:\/\/dicodusport.fr\/blog\/wp-content\/uploads\/2020\/12\/Vend\u00e9e-Globe-J\u00e9r\u00e9mie-Beyou-continue-sa-remontada.png\",\"width\":800,\"height\":445,\"caption\":\"Vend\u00e9e Globe - J\u00e9r\u00e9mie Beyou continue sa remontada\"},{\"@type\":\"BreadcrumbList\",\"@id\":\"https:\/\/dicodusport.fr\/blog\/vendee-globe-jeremie-beyou-continue-sa-remontada\/#breadcrumb\",\"itemListElement\":[{\"@type\":\"ListItem\",\"position\":1,\"name\":\"Accueil\",\"item\":\"https:\/\/dicodusport.fr\/blog\/\"},{\"@type\":\"ListItem\",\"position\":2,\"name\":\"Vend\u00e9e Globe : J\u00e9r\u00e9mie Beyou continue sa remontada\"}]},{\"@type\":\"WebSite\",\"@id\":\"https:\/\/dicodusport.fr\/blog\/#website\",\"url\":\"https:\/\/dicodusport.fr\/blog\/\",\"name\":\"Dicodusport\",\"description\":\"L&#039;encyclop\u00e9die de l&#039;actualit\u00e9 sportive\",\"publisher\":{\"@id\":\"https:\/\/dicodusport.fr\/blog\/#organization\"},\"potentialAction\":[{\"@type\":\"SearchAction\",\"target\":{\"@type\":\"EntryPoint\",\"urlTemplate\":\"https:\/\/dicodusport.fr\/blog\/?s={search_term_string}\"},\"query-input\":{\"@type\":\"PropertyValueSpecification\",\"valueRequired\":true,\"valueName\":\"search_term_string\"}}],\"inLanguage\":\"fr-FR\"},{\"@type\":\"NewsMediaOrganization\",\"@id\":\"https:\/\/dicodusport.fr\/blog\/#organization\",\"name\":\"Dicodusport\",\"url\":\"https:\/\/dicodusport.fr\/blog\/\",\"logo\":{\"@type\":\"ImageObject\",\"inLanguage\":\"fr-FR\",\"@id\":\"https:\/\/dicodusport.fr\/blog\/#\/schema\/logo\/image\/\",\"url\":\"https:\/\/dicodusport.fr\/blog\/wp-content\/uploads\/2020\/06\/cropped-LOGO-DICODUSPORT-2020-SANS-FOND-SANS-TEXTE.png\",\"contentUrl\":\"https:\/\/dicodusport.fr\/blog\/wp-content\/uploads\/2020\/06\/cropped-LOGO-DICODUSPORT-2020-SANS-FOND-SANS-TEXTE.png\",\"width\":512,\"height\":512,\"caption\":\"Dicodusport\"},\"image\":{\"@id\":\"https:\/\/dicodusport.fr\/blog\/#\/schema\/logo\/image\/\"},\"sameAs\":[\"https:\/\/www.facebook.com\/dicodusport\",\"https:\/\/x.com\/dicodusport\",\"https:\/\/www.instagram.com\/dicodusport\/\",\"https:\/\/www.youtube.com\/channel\/UC7V2KZ5sd3htJivAbA4ZG3w\"],\"description\":\"Dicodusport est l'encyclop\u00e9die de l'actualit\u00e9 sportive.\",\"email\":\"bonjour@dicodusport.fr\",\"legalName\":\"DICODUSPORT\",\"foundingDate\":\"2018-01-14\",\"vatID\":\"FR71834470973\",\"taxID\":\"83447097300043\",\"numberOfEmployees\":{\"@type\":\"QuantitativeValue\",\"minValue\":\"1\",\"maxValue\":\"10\"}},{\"@type\":\"Person\",\"@id\":\"https:\/\/dicodusport.fr\/blog\/#\/schema\/person\/bf1e4f404e108bd2be5b447b16bde9a7\",\"name\":\"Tom Compayrot\",\"image\":{\"@type\":\"ImageObject\",\"inLanguage\":\"fr-FR\",\"@id\":\"https:\/\/dicodusport.fr\/blog\/#\/schema\/person\/image\/\",\"url\":\"https:\/\/dicodusport.fr\/blog\/wp-content\/uploads\/2021\/05\/Tom-Compayrot-150x150.jpg\",\"contentUrl\":\"https:\/\/dicodusport.fr\/blog\/wp-content\/uploads\/2021\/05\/Tom-Compayrot-150x150.jpg\",\"caption\":\"Tom Compayrot\"},\"description\":\"Journaliste\/r\u00e9dacteur depuis mars 2017 - Amoureux de la petite balle jaune et du gros ballon orange qui tra\u00eene sa carcasse sur Dicodusport depuis 2017. Rafael Nadal et LeBron James sont les meilleurs joueurs de l'histoire.\",\"sameAs\":[\"https:\/\/x.com\/https:\/\/twitter.com\/Tom_Cprt\"],\"url\":\"https:\/\/dicodusport.fr\/blog\/author\/tom\/\"}]}<\/script>\n<!-- \/ Yoast SEO Premium plugin. -->","yoast_head_json":{"title":"Vend\u00e9e Globe : J\u00e9r\u00e9mie Beyou continue sa remontada","description":"Encore dernier il y a 15 jours, J\u00e9r\u00e9mie Beyou a d\u00e9pass\u00e9 neuf de ses concurrents depuis. Il avait pris le d\u00e9part avec 9 jours de retard.","robots":{"index":"index","follow":"follow","max-snippet":"max-snippet:-1","max-image-preview":"max-image-preview:large","max-video-preview":"max-video-preview:-1"},"canonical":"https:\/\/dicodusport.fr\/blog\/vendee-globe-jeremie-beyou-continue-sa-remontada\/","og_locale":"fr_FR","og_type":"article","og_title":"Vend\u00e9e Globe : J\u00e9r\u00e9mie Beyou continue sa remontada","og_description":"Encore dernier il y a 15 jours, J\u00e9r\u00e9mie Beyou a d\u00e9pass\u00e9 neuf de ses concurrents depuis. Il avait pris le d\u00e9part avec 9 jours de retard.","og_url":"https:\/\/dicodusport.fr\/blog\/vendee-globe-jeremie-beyou-continue-sa-remontada\/","og_site_name":"Dicodusport","article_publisher":"https:\/\/www.facebook.com\/dicodusport","article_published_time":"2020-12-26T19:04:38+00:00","article_modified_time":"2025-08-24T11:35:19+00:00","og_image":[{"width":800,"height":445,"url":"https:\/\/dicodusport.fr\/blog\/wp-content\/uploads\/2020\/12\/Vend\u00e9e-Globe-J\u00e9r\u00e9mie-Beyou-continue-sa-remontada.png","type":"image\/png"}],"author":"Tom Compayrot","twitter_card":"summary_large_image","twitter_title":"Vend\u00e9e Globe : J\u00e9r\u00e9mie Beyou continue sa remontada","twitter_creator":"@https:\/\/twitter.com\/Tom_Cprt","twitter_site":"@dicodusport","schema":{"@context":"https:\/\/schema.org","@graph":[{"@type":"NewsArticle","@id":"https:\/\/dicodusport.fr\/blog\/vendee-globe-jeremie-beyou-continue-sa-remontada\/#article","isPartOf":{"@id":"https:\/\/dicodusport.fr\/blog\/vendee-globe-jeremie-beyou-continue-sa-remontada\/"},"author":{"name":"Tom Compayrot","@id":"https:\/\/dicodusport.fr\/blog\/#\/schema\/person\/bf1e4f404e108bd2be5b447b16bde9a7"},"headline":"Vend\u00e9e Globe : J\u00e9r\u00e9mie Beyou continue sa remontada","datePublished":"2020-12-26T19:04:38+00:00","dateModified":"2025-08-24T11:35:19+00:00","mainEntityOfPage":{"@id":"https:\/\/dicodusport.fr\/blog\/vendee-globe-jeremie-beyou-continue-sa-remontada\/"},"wordCount":381,"commentCount":0,"publisher":{"@id":"https:\/\/dicodusport.fr\/blog\/#organization"},"image":{"@id":"https:\/\/dicodusport.fr\/blog\/vendee-globe-jeremie-beyou-continue-sa-remontada\/#primaryimage"},"thumbnailUrl":"https:\/\/dicodusport.fr\/blog\/wp-content\/uploads\/2020\/12\/Vend\u00e9e-Globe-J\u00e9r\u00e9mie-Beyou-continue-sa-remontada.png","keywords":["Vend\u00e9e Globe","Voile"],"articleSection":["Voile"],"inLanguage":"fr-FR","potentialAction":[{"@type":"CommentAction","name":"Comment","target":["https:\/\/dicodusport.fr\/blog\/vendee-globe-jeremie-beyou-continue-sa-remontada\/#respond"]}],"copyrightYear":"2020","copyrightHolder":{"@id":"https:\/\/dicodusport.fr\/blog\/#organization"}},{"@type":"WebPage","@id":"https:\/\/dicodusport.fr\/blog\/vendee-globe-jeremie-beyou-continue-sa-remontada\/","url":"https:\/\/dicodusport.fr\/blog\/vendee-globe-jeremie-beyou-continue-sa-remontada\/","name":"Vend\u00e9e Globe : J\u00e9r\u00e9mie Beyou continue sa remontada","isPartOf":{"@id":"https:\/\/dicodusport.fr\/blog\/#website"},"primaryImageOfPage":{"@id":"https:\/\/dicodusport.fr\/blog\/vendee-globe-jeremie-beyou-continue-sa-remontada\/#primaryimage"},"image":{"@id":"https:\/\/dicodusport.fr\/blog\/vendee-globe-jeremie-beyou-continue-sa-remontada\/#primaryimage"},"thumbnailUrl":"https:\/\/dicodusport.fr\/blog\/wp-content\/uploads\/2020\/12\/Vend\u00e9e-Globe-J\u00e9r\u00e9mie-Beyou-continue-sa-remontada.png","datePublished":"2020-12-26T19:04:38+00:00","dateModified":"2025-08-24T11:35:19+00:00","description":"Encore dernier il y a 15 jours, J\u00e9r\u00e9mie Beyou a d\u00e9pass\u00e9 neuf de ses concurrents depuis. Il avait pris le d\u00e9part avec 9 jours de retard.","breadcrumb":{"@id":"https:\/\/dicodusport.fr\/blog\/vendee-globe-jeremie-beyou-continue-sa-remontada\/#breadcrumb"},"inLanguage":"fr-FR","potentialAction":[{"@type":"ReadAction","target":["https:\/\/dicodusport.fr\/blog\/vendee-globe-jeremie-beyou-continue-sa-remontada\/"]}]},{"@type":"ImageObject","inLanguage":"fr-FR","@id":"https:\/\/dicodusport.fr\/blog\/vendee-globe-jeremie-beyou-continue-sa-remontada\/#primaryimage","url":"https:\/\/dicodusport.fr\/blog\/wp-content\/uploads\/2020\/12\/Vend\u00e9e-Globe-J\u00e9r\u00e9mie-Beyou-continue-sa-remontada.png","contentUrl":"https:\/\/dicodusport.fr\/blog\/wp-content\/uploads\/2020\/12\/Vend\u00e9e-Globe-J\u00e9r\u00e9mie-Beyou-continue-sa-remontada.png","width":800,"height":445,"caption":"Vend\u00e9e Globe - J\u00e9r\u00e9mie Beyou continue sa remontada"},{"@type":"BreadcrumbList","@id":"https:\/\/dicodusport.fr\/blog\/vendee-globe-jeremie-beyou-continue-sa-remontada\/#breadcrumb","itemListElement":[{"@type":"ListItem","position":1,"name":"Accueil","item":"https:\/\/dicodusport.fr\/blog\/"},{"@type":"ListItem","position":2,"name":"Vend\u00e9e Globe : J\u00e9r\u00e9mie Beyou continue sa remontada"}]},{"@type":"WebSite","@id":"https:\/\/dicodusport.fr\/blog\/#website","url":"https:\/\/dicodusport.fr\/blog\/","name":"Dicodusport","description":"L&#039;encyclop\u00e9die de l&#039;actualit\u00e9 sportive","publisher":{"@id":"https:\/\/dicodusport.fr\/blog\/#organization"},"potentialAction":[{"@type":"SearchAction","target":{"@type":"EntryPoint","urlTemplate":"https:\/\/dicodusport.fr\/blog\/?s={search_term_string}"},"query-input":{"@type":"PropertyValueSpecification","valueRequired":true,"valueName":"search_term_string"}}],"inLanguage":"fr-FR"},{"@type":"NewsMediaOrganization","@id":"https:\/\/dicodusport.fr\/blog\/#organization","name":"Dicodusport","url":"https:\/\/dicodusport.fr\/blog\/","logo":{"@type":"ImageObject","inLanguage":"fr-FR","@id":"https:\/\/dicodusport.fr\/blog\/#\/schema\/logo\/image\/","url":"https:\/\/dicodusport.fr\/blog\/wp-content\/uploads\/2020\/06\/cropped-LOGO-DICODUSPORT-2020-SANS-FOND-SANS-TEXTE.png","contentUrl":"https:\/\/dicodusport.fr\/blog\/wp-content\/uploads\/2020\/06\/cropped-LOGO-DICODUSPORT-2020-SANS-FOND-SANS-TEXTE.png","width":512,"height":512,"caption":"Dicodusport"},"image":{"@id":"https:\/\/dicodusport.fr\/blog\/#\/schema\/logo\/image\/"},"sameAs":["https:\/\/www.facebook.com\/dicodusport","https:\/\/x.com\/dicodusport","https:\/\/www.instagram.com\/dicodusport\/","https:\/\/www.youtube.com\/channel\/UC7V2KZ5sd3htJivAbA4ZG3w"],"description":"Dicodusport est l'encyclop\u00e9die de l'actualit\u00e9 sportive.","email":"bonjour@dicodusport.fr","legalName":"DICODUSPORT","foundingDate":"2018-01-14","vatID":"FR71834470973","taxID":"83447097300043","numberOfEmployees":{"@type":"QuantitativeValue","minValue":"1","maxValue":"10"}},{"@type":"Person","@id":"https:\/\/dicodusport.fr\/blog\/#\/schema\/person\/bf1e4f404e108bd2be5b447b16bde9a7","name":"Tom Compayrot","image":{"@type":"ImageObject","inLanguage":"fr-FR","@id":"https:\/\/dicodusport.fr\/blog\/#\/schema\/person\/image\/","url":"https:\/\/dicodusport.fr\/blog\/wp-content\/uploads\/2021\/05\/Tom-Compayrot-150x150.jpg","contentUrl":"https:\/\/dicodusport.fr\/blog\/wp-content\/uploads\/2021\/05\/Tom-Compayrot-150x150.jpg","caption":"Tom Compayrot"},"description":"Journaliste\/r\u00e9dacteur depuis mars 2017 - Amoureux de la petite balle jaune et du gros ballon orange qui tra\u00eene sa carcasse sur Dicodusport depuis 2017. Rafael Nadal et LeBron James sont les meilleurs joueurs de l'histoire.","sameAs":["https:\/\/x.com\/https:\/\/twitter.com\/Tom_Cprt"],"url":"https:\/\/dicodusport.fr\/blog\/author\/tom\/"}]}},"_links":{"self":[{"href":"https:\/\/dicodusport.fr\/blog\/wp-json\/wp\/v2\/posts\/95499","targetHints":{"allow":["GET"]}}],"collection":[{"href":"https:\/\/dicodusport.fr\/blog\/wp-json\/wp\/v2\/posts"}],"about":[{"href":"https:\/\/dicodusport.fr\/blog\/wp-json\/wp\/v2\/types\/post"}],"author":[{"embeddable":true,"href":"https:\/\/dicodusport.fr\/blog\/wp-json\/wp\/v2\/users\/13"}],"replies":[{"embeddable":true,"href":"https:\/\/dicodusport.fr\/blog\/wp-json\/wp\/v2\/comments?post=95499"}],"version-history":[{"count":1,"href":"https:\/\/dicodusport.fr\/blog\/wp-json\/wp\/v2\/posts\/95499\/revisions"}],"predecessor-version":[{"id":605121,"href":"https:\/\/dicodusport.fr\/blog\/wp-json\/wp\/v2\/posts\/95499\/revisions\/605121"}],"wp:featuredmedia":[{"embeddable":true,"href":"https:\/\/dicodusport.fr\/blog\/wp-json\/wp\/v2\/media\/95509"}],"wp:attachment":[{"href":"https:\/\/dicodusport.fr\/blog\/wp-json\/wp\/v2\/media?parent=95499"}],"wp:term":[{"taxonomy":"category","embeddable":true,"href":"https:\/\/dicodusport.fr\/blog\/wp-json\/wp\/v2\/categories?post=95499"},{"taxonomy":"post_tag","embeddable":true,"href":"https:\/\/dicodusport.fr\/blog\/wp-json\/wp\/v2\/tags?post=95499"}],"curies":[{"name":"wp","href":"https:\/\/api.w.org\/{rel}","templated":true}]}}