{"id":95756,"date":"2020-12-29T17:30:10","date_gmt":"2020-12-29T16:30:10","guid":{"rendered":"https:\/\/dicodusport.fr\/blog\/?p=95756"},"modified":"2020-12-30T02:01:06","modified_gmt":"2020-12-30T01:01:06","slug":"retro-cyclisme-saison-2020-4-dates-cles","status":"publish","type":"post","link":"https:\/\/dicodusport.fr\/blog\/retro-cyclisme-saison-2020-4-dates-cles\/","title":{"rendered":"R\u00e9tro Cyclisme : la saison 2020 en 4 dates cl\u00e9s"},"content":{"rendered":"<p style=\"text-align: justify;\"><em><strong>CYCLISME &#8211; L&rsquo;ann\u00e9e s&rsquo;ach\u00e8ve et il y a beaucoup de choses \u00e0 dire sur la saison de cyclisme 2020. Entre confinement, chute spectaculaire et victoires de prestige, retour en 4 dates sur une saison mouvement\u00e9e.<\/strong><\/em><\/p>\n<h2 style=\"text-align: justify;\">Le 14 mars 2020 : Paris-Nice s&rsquo;arr\u00eate, la saison aussi<\/h2>\n<p style=\"text-align: justify;\">La course commen\u00e7ait avec un pneu crev\u00e9. Quand <strong>Paris-Nice<\/strong> s&rsquo;\u00e9lance de Plaisir le 8 mars, le gouvernement interdit les rassemblements de plus de 1000 personnes. Sur le bord des routes, personne n&rsquo;a de masque. Personne non plus, tout court. On peut s&rsquo;amuser \u00e0 compter ceux qui bravent le vent, la pluie et la froid de ce d\u00e9but mars. A travers la France, <strong>Paris-Nice<\/strong> circule et le coronavirus aussi. Dans sa traditionnelle progression m\u00e9ridionale, il est un \u00e9tonnement de voir les cyclistes parcourir des routes vides et se faire remettre des bouquets seuls. En attendant la suspension des affaires du monde, le cyclisme continue de tourner, mais \u00e0 vide et plus tout \u00e0 fait rond.<\/p>\n<p style=\"text-align: justify;\">Quand on aborde la 7\u00e8me \u00e9tape et les choses s\u00e9rieuses le 14 mars, <strong>Max Schachmann<\/strong> a le maillot jaune sur les \u00e9paules. D&rsquo;une \u00e9chapp\u00e9e dans laquelle s&rsquo;est gliss\u00e9 <strong>Julian Alaphilippe<\/strong>, il ne se trouve que <strong>Thomas de Gendt<\/strong> pour attaquer. Le groupe se fait reprendre par les costauds et c&rsquo;est <strong>Nairo Quintana<\/strong> qui termine le boulot.<strong> Schachmann<\/strong> a r\u00e9ussi \u00e0 suivre <strong>Pinot, Higuita <\/strong>et<strong> Nibali<\/strong> mais on se dit que la suite des \u00e9v\u00e9nements ne va pas \u00eatre en sa faveur.<\/p>\n<p style=\"text-align: justify;\">Les choses n&rsquo;auraient cependant pas pu plus tourner en sa faveur. Le 15 mars, les Fran\u00e7ais sont appel\u00e9s \u00e0 voter pour le premier tour des \u00e9lections municipales et <strong>ASO<\/strong> annule la derni\u00e8re \u00e9tape de <strong>Paris-Nice<\/strong>. <strong>Schachmann<\/strong> conserve son maillot jaune et remporte pour la premi\u00e8re fois une course d&rsquo;une semaine.<\/p>\n<p style=\"text-align: justify;\">Cette d\u00e9cision logique fait suite \u00e0 plusieurs cas similaires, notamment l&rsquo;<strong>UAE<\/strong> <strong>Tour<\/strong>. Le peloton est d\u00e9cim\u00e9 par une infection qui ne fait alors que commencer \u00e0 parler d&rsquo;elle. Il faudra attendre tellement longtemps pour que l&rsquo;on revoie des cyclistes sur les routes&#8230; Une attente aussi longue qu&rsquo;une \u00e9tape de transition entre Grenoble et Saint-\u00c9tienne.<\/p>\n<p style=\"text-align: center;\" align=\"left\"><a href=\"http:\/\/dicodusport.fr\/blog\/retro-cyclisme-saison-2020-4-dates-cles\/2\/#deux\" class=\"su-button su-button-style-flat\" style=\"color:#FFFFFF;background-color:#005f9b;border-color:#004c7c;border-radius:4px\" target=\"_self\"><span style=\"color:#FFFFFF;padding:0px 20px;font-size:16px;line-height:32px;border-color:#4d8fb9;border-radius:4px;text-shadow:none\"> Suivant<\/span><\/a>\n<p style=\"text-align: justify;\"><!--nextpage--><\/p>\n<h2 style=\"text-align: justify;\"><a id=\"deux\"><\/a>Le 15 ao\u00fbt 2020 : Evenepoel, espoir presque bris\u00e9<\/h2>\n<p style=\"text-align: justify;\">Il y a plusieurs \u00e9coles de pens\u00e9e. D&rsquo;abord celle qui consid\u00e8re que la vie est une volont\u00e9 divine, une cr\u00e9ation d&rsquo;un Sup\u00e9rieur vers lequel il faut tendre. Ensuite, celle qui veut croire que la vie est un processus fait d&rsquo;une combinaison de facteurs et d\u2019interactions organis\u00e9s qu&rsquo;il conviendrait d&rsquo;appeler \u00ab\u00a0La Vie\u00a0\u00bb. Enfin celle qui pr\u00e9tend que la vie n&rsquo;est d\u00fb qu&rsquo;\u00e0 un hasard, \u00e0 un agencement particulier qui se r\u00e9p\u00e8te al\u00e9atoirement et qui donne indistinctement forme \u00e0 la sauge, au plancton ou au tapir.<\/p>\n<p style=\"text-align: justify;\">On ne sait pas ce que pense <strong>Remco Evenepoel<\/strong> de cette question. Il y a tout de m\u00eame fort \u00e0 parier que ce 15 ao\u00fbt lors du <strong>Tour de Lombardie<\/strong>, <strong>Remco<\/strong> a b\u00e9ni le hasard qui l&rsquo;avait fait tomber \u00e0 cet endroit-l\u00e0 de la route. \u00c0 40 kilom\u00e8tres de l&rsquo;arriv\u00e9e et alors qu&rsquo;il fait figure d&rsquo;\u00e9pouvantail dans un groupe d&rsquo;\u00e9chapp\u00e9s, on retrouve son v\u00e9lo sur le c\u00f4t\u00e9 droit de la route. On ne voit pas <strong>Evenepoel<\/strong> et on devine le pire quand on voit le parapet, le pont en pierre et le vide. Deux ans auparavant, on avait souri de soulagement apr\u00e8s que <strong>Philippe Gilbert<\/strong> \u00e9tait remont\u00e9 en selle et de son parapet rest\u00e9 c\u00e9l\u00e8bre. On se rappelle surtout qu&rsquo;on avait pleur\u00e9 <strong>Bjorg Lambrecht<\/strong> sur le <strong>Tour de Pologne<\/strong> comme <strong>Remco<\/strong> l&rsquo;avait pleur\u00e9 quelques jours plus tard lors du <strong>championnat d&rsquo;Europe du chrono<\/strong> en 2019.<\/p>\n<p><span class=\"GyHW9nDuvqOYQCg7RVt4cBw8o6fzZ2imIhXdKr1bPsaJ\"><iframe loading=\"lazy\" title=\"Cyclisme - Tour de Lombardie: la chute vertigineuse de Remco Evenepoel \/ L&#039;\u00c9quipe 2020\" width=\"740\" height=\"416\" src=\"https:\/\/www.youtube.com\/embed\/j0wOCFuHLJU?feature=oembed\" frameborder=\"0\" allow=\"accelerometer; autoplay; clipboard-write; encrypted-media; gyroscope; picture-in-picture; web-share\" allowfullscreen><\/iframe><\/span><\/p>\n<p style=\"text-align: justify;\">On a perdu <strong>Remco Evenepoel<\/strong> et la r\u00e9alisation italienne, fid\u00e8le \u00e0 elle-m\u00eame, ne nous aide pas. Il faut plusieurs minutes &#8211; une seconde est une heure &#8211; pour que la radio de la course nous dise qu&rsquo;on l&rsquo;a retrouv\u00e9. \u00c9tat ind\u00e9termin\u00e9. Il est plusieurs m\u00e8tres plus bas donc, les centim\u00e8tres sont des ann\u00e9es-lumi\u00e8res. Des \u00e9ternit\u00e9s plus tard, on a de bonnes nouvelles venant d&rsquo;ann\u00e9es-lumi\u00e8re plus loin : <a href=\"https:\/\/www.ledauphine.com\/sport\/2020\/10\/20\/comme-si-j-etais-paralyse-remco-evenepoel-revient-sur-sa-chute-au-tour-de-lombardie\"><strong>Evenepoel<\/strong> va bien<\/a>. Des contusions bien s\u00fbr, des fractures immanquablement, mais il n&rsquo;est pas en danger de mort. Bient\u00f4t, les secours l&rsquo;\u00e9vacuent. Les r\u00e9seaux sociaux se chargent des nouvelles d\u00e9finitivement rassurantes.<\/p>\n<p style=\"text-align: justify;\">Cette chute, au-del\u00e0 d&rsquo;avoir chang\u00e9 la physionomie de la course et de la fin de saison, r\u00e9v\u00e8le plusieurs choses. D&rsquo;abord que tout prodige et tout immense espoir que soit <strong>Remco Evenepoel<\/strong>, il lui reste beaucoup de choses \u00e0 apprendre. Garder sa lucidit\u00e9, mieux appr\u00e9hender les trajectoires et en garder sous la p\u00e9dale. Sans quoi la prochaine chute pourrait \u00eatre plus dramatique. Ensuite que <strong>Remco Evenepoel<\/strong> est d\u00e9j\u00e0 bel et bien une figure majeure du cyclisme mondial. Avant l&rsquo;accident, il faisait partie des outsiders capables de s&rsquo;imposer sur le <strong>Giro<\/strong>. Enfin qu&rsquo;il y a des images qui hantent et ressurgissent, f\u00e9lonnes, \u00e0 la moindre occasion. De <strong>Casartelli<\/strong> \u00e0 <strong>Lambrecht<\/strong>.<\/p>\n<p style=\"text-align: center;\"><a href=\"http:\/\/dicodusport.fr\/blog\/retro-cyclisme-saison-2020-4-dates-cles\/3\/#trois\" class=\"su-button su-button-style-flat\" style=\"color:#FFFFFF;background-color:#005f9b;border-color:#004c7c;border-radius:4px\" target=\"_self\"><span style=\"color:#FFFFFF;padding:0px 20px;font-size:16px;line-height:32px;border-color:#4d8fb9;border-radius:4px;text-shadow:none\"> Suivant<\/span><\/a>\n<p style=\"text-align: justify;\"><!--nextpage--><\/p>\n<h2 style=\"text-align: justify;\"><a id=\"trois\"><\/a>19 septembre : stupeur et trouble sur le Tour de France<\/h2>\n<p style=\"text-align: justify;\">On nous avait d\u00e9j\u00e0 fait le coup. En 1989, <strong>Fignon<\/strong> avait d\u00e9j\u00e0 perdu le <strong>Tour de France<\/strong> dans un contre-la-montre, celui-ci de cl\u00f4ture. Les temps sont diff\u00e9rents et l&rsquo;\u00e9tape 21 du Tour eSt r\u00e9serv\u00e9e au v\u00e9lo-tourisme, au champagne et au sprint. <strong>ASO<\/strong> s&rsquo;est tout de m\u00eame amus\u00e9 \u00e0 caler un chrono difficile \u00e0 la <strong>Planche des Belles-Filles<\/strong> la veille des Champs. On nous avait donc d\u00e9j\u00e0 fait le coup d&rsquo;un chrono qui change tout, du maillot jaune qui change d&rsquo;\u00e9paules \u00e0 la derni\u00e8re minute et des comptes \u00e0 rebours qu&rsquo;on \u00e9graine.<\/p>\n<p style=\"text-align: justify;\">Pourtant, ce coup-l\u00e0 non on ne l&rsquo;a pas vu venir. Avec 57 secondes d&rsquo;avance et une \u00e9preuve qui l&rsquo;avantage, <strong>Primoz Roglic<\/strong> devait emporter le morceau. Il fait partie des meilleurs rouleurs du monde, la montagne a montr\u00e9 qu&rsquo;il est \u00e0 l&rsquo;aise dans les c\u00f4tes. Pire encore, il a parmi les meilleurs sp\u00e9cialistes de la discipline dans son \u00e9quipe : <strong>Van Aert<\/strong> et <strong>Dumoulin<\/strong>. D\u00e8s lors, que pourrait-il se passer ?<\/p>\n<p style=\"text-align: justify;\">Il se passe que son meilleur adversaire et compatriote <strong>Tadej Pogacar<\/strong> a une rage pr\u00e9-pasteurienne. Largu\u00e9 dans la 7\u00e8 \u00e9tape, il avait perdu 1 minute et 20 secondes sur <strong>Roglic<\/strong> et quelques uns des tous meilleurs du peloton. Il promet alors d&rsquo;attaquer sans rel\u00e2che d&rsquo;ici la fin de l&rsquo;\u00e9preuve. Promesse tenue et l&rsquo;\u00e9cart au d\u00e9part de la 20\u00e8 \u00e9tape est donc de 57 secondes. On voit <strong>Pogacar<\/strong> s&rsquo;\u00e9lancer, en un clignement d\u2019\u0153il et un bidon plus tard il est au premier interm\u00e9diaire. Le temps de comprendre, le second est pass\u00e9. L&rsquo;instant qu&rsquo;il faut pour vaincre l&rsquo;incr\u00e9dulit\u00e9 et il a fini. Le temps est bon : 55 minutes 55 secondes. Le ciel est bleu.<\/p>\n<p style=\"text-align: justify;\">Le danger est maintenant imminent pour <strong>Primoz Roglic<\/strong>. Il aurait pu courir en chaussons, il doit maintenant serrer \u00e0 fond les cale-pieds. 13 secondes dans la musette au premier partiel, 36 au deuxi\u00e8me. \u00c7a sent le p\u00e2t\u00e9. Et un p\u00e2t\u00e9 particuli\u00e8rement rance pour<strong> Roglic<\/strong> puisqu&rsquo;il sait que c&rsquo;est dans la partie finale du chrono que <strong>Pogacar<\/strong> a explos\u00e9 les compteurs. <strong>Primoz<\/strong> n&rsquo;\u00e9tait pas pr\u00eat \u00e0 \u00e7a mentalement et la pression se transforme en un poids gigantesque. Quand il en finit, <strong>Roglic<\/strong> ne fait m\u00eame pas un mauvais temps, il n&rsquo;a pas rat\u00e9 sa course. Il est tomb\u00e9 sur un os et un boulet de canon. <strong>Primoz Roglic<\/strong> a perdu le Tour de France 2020. Le Slov\u00e8ne est mort, vive le Slov\u00e8ne. <strong>Tadej Pogacar<\/strong> aura le maillot jaune \u00e0 Paris le lendemain.<\/p>\n<p style=\"text-align: justify;\">Cette succession de coups de th\u00e9\u00e2tre et de bouleversements de la hi\u00e9rarchie n&rsquo;en finit plus depuis la fin du Tour de France et n&rsquo;en finit plus d&rsquo;interroger. D&rsquo;abord cet embouteillage de Slov\u00e8nes sur la bo\u00eete aux Champs-Elys\u00e9es nous rappelle que le cyclisme national avait \u00e9t\u00e9 durement mis en cause dans l&rsquo;affaire <strong>Aderlass<\/strong>. La politique anti-dopage slov\u00e8ne r\u00e9put\u00e9e laxiste continue d&rsquo;alimenter fantasmes et rumeurs. Ensuite l&rsquo;encadrement de la <strong>Team UAE<\/strong> ne fait rien pour apaiser le feu des soup\u00e7ons. Directeur sportif sur le Tour, <strong>Joxean Fernandez Matxin<\/strong> \u00e9tait revenu sur les lieux du crime. En 2008, l&rsquo;\u00e9quipe <strong>Saunier-Duval<\/strong> qu&rsquo;il manageait avait d\u00fb quitter le Tour derri\u00e8re <strong>Riccardo Ricco<\/strong>. L&rsquo;ombre de <strong>Mauro Gianetti<\/strong> ne faisait qu&rsquo;assombrir ce tableau.<\/p>\n<p style=\"text-align: justify;\">Enfin, les performances individuelles continuent d&rsquo;\u00e9tonner. On songe ainsi \u00e0 <strong>Wout van Aert<\/strong>, capable de disputer un sprint \u00e0 <strong>Peter Sagan<\/strong>, de d\u00e9cramponner <strong>Egan Bernal<\/strong> dans la montagne et de faire le 4\u00e8me temps \u00e0 la <strong>Planche des Belles-Filles<\/strong>.<\/p>\n<div id=\"attachment_95973\" style=\"width: 810px\" class=\"wp-caption aligncenter\"><a href=\"https:\/\/dicodusport.fr\/blog\/wp-content\/uploads\/2020\/12\/R\u00e9tro-Cyclisme-La-saison-2020-en-4-dates-cl\u00e9s.png\"><img loading=\"lazy\" decoding=\"async\" aria-describedby=\"caption-attachment-95973\" class=\"size-full wp-image-95973\" src=\"https:\/\/dicodusport.fr\/blog\/wp-content\/uploads\/2020\/12\/R\u00e9tro-Cyclisme-La-saison-2020-en-4-dates-cl\u00e9s.png\" alt=\"\" width=\"800\" height=\"445\" srcset=\"https:\/\/dicodusport.fr\/blog\/wp-content\/uploads\/2020\/12\/R\u00e9tro-Cyclisme-La-saison-2020-en-4-dates-cl\u00e9s.png 800w, https:\/\/dicodusport.fr\/blog\/wp-content\/uploads\/2020\/12\/R\u00e9tro-Cyclisme-La-saison-2020-en-4-dates-cl\u00e9s-300x167.png 300w, https:\/\/dicodusport.fr\/blog\/wp-content\/uploads\/2020\/12\/R\u00e9tro-Cyclisme-La-saison-2020-en-4-dates-cl\u00e9s-768x427.png 768w\" sizes=\"auto, (max-width: 800px) 100vw, 800px\" \/><\/a><p id=\"caption-attachment-95973\" class=\"wp-caption-text\">Roglic &#8211; Pogacar, le doute est permis &#8211; Photo UAE Team Emirates<\/p><\/div>\n<p style=\"text-align: center;\"><a href=\"http:\/\/dicodusport.fr\/blog\/retro-cyclisme-saison-2020-4-dates-cles\/4\/#quatre\" class=\"su-button su-button-style-flat\" style=\"color:#FFFFFF;background-color:#005f9b;border-color:#004c7c;border-radius:4px\" target=\"_self\"><span style=\"color:#FFFFFF;padding:0px 20px;font-size:16px;line-height:32px;border-color:#4d8fb9;border-radius:4px;text-shadow:none\"> Suivant<\/span><\/a>\n<p style=\"text-align: justify;\"><!--nextpage--><\/p>\n<h2 style=\"text-align: justify;\"><a id=\"quatre\"><\/a>27 septembre : l&rsquo;arc-en-ciel de Julian Alaphilippe<\/h2>\n<p style=\"text-align: justify;\">On ne peut pas dire que c&rsquo;\u00e9tait avec une immense confiance qu&rsquo;on voyait se profiler les Mondiaux. Pr\u00e9vus \u00e0 <strong>Aigle<\/strong> et <strong>Martigny<\/strong> en Suisse, il avait d\u00e9j\u00e0 fallu trouver un terrain de substitution. L&rsquo;<strong>UCI<\/strong> s&rsquo;\u00e9tait rabattu sur <strong>Imola<\/strong> et le clan fran\u00e7ais faisait la moue. Pas tant parce qu&rsquo;on avait rejet\u00e9 la candidature de la <strong>Planche des Belles-Filles<\/strong>. Surtout parce que les cartes \u00e9taient rebattues. Sur le circuit suisse, on pouvait nommer 3 ou 4 leaders fran\u00e7ais en position de s&rsquo;imposer. A Imola, il n&rsquo;en restait qu&rsquo;1 ou 2.<\/p>\n<p style=\"text-align: justify;\">Parmi ceux-l\u00e0, l&rsquo;in\u00e9vitable <strong>Julian Alaphilippe<\/strong>. M\u00eame si l&rsquo;Auvergnat montait en puissance, on pouvait \u00eatre frustr\u00e9 de ses performances compar\u00e9es en N-1. Dans le <strong>Tour de France<\/strong>, on avait mesur\u00e9 l&rsquo;\u00e9cart qui s\u00e9parait \u00e0 la fois sa forme relative et compar\u00e9e. Il est vrai qu&rsquo;en 2019, le niveau de l&rsquo;adversit\u00e9 \u00e0 laquelle il avait d\u00fb faire face \u00e9tait inf\u00e9rieur. Et la pancarte n&rsquo;\u00e9tait pas si grosse.<\/p>\n<p style=\"text-align: justify;\">Mais <strong>Julian Alaphilippe<\/strong> n&rsquo;avait pas fait myst\u00e8re de ses ambitions. Pour 2020, son objectif principal sont les Mondiaux. Qu&rsquo;ils aient lieu en Suisse ou en Italie. Mieux encore, le Fran\u00e7ais annonce o\u00f9 et quand il va attaquer. Bluff ou confiance d\u00e9mesur\u00e9e ? Le d\u00e9but de course est id\u00e9al et le travail d&rsquo;\u00e9quipe est parfait. Premi\u00e8re bastos de <strong>Quentin Pacher<\/strong>, <strong>Nans Peters<\/strong> reprend en ch\u0153ur. On y voit plus clair. <strong>Tadej Pogacar<\/strong> continue de clairsemer un groupe qui d\u00e9sormais ne contient que des costauds. Que <strong>Carapaz<\/strong>, <strong>Nibali<\/strong>, <strong>Landa<\/strong> ou <strong>Valverde<\/strong> attaquent, et <strong>Guillaume Martin<\/strong> saute dans leur roue. \u00c0 15 bornes et au pied de la <strong>Cima Gallisterna<\/strong>, <strong>Madouas<\/strong> et <strong>Molard<\/strong> replacent <strong>Alaphilippe<\/strong>.<\/p>\n<p style=\"text-align: justify;\">Au moment dit, dans la bosse dite, <strong>Julian Alaphilippe<\/strong> place une attaque au punch stratosph\u00e9rique dont lui seul a le secret. Il cloue sur place <strong>van Aert, Kwiatkowski, Fuglsang, Hirschi <\/strong>et<strong> Roglic<\/strong>. <strong>Julian Alaphilippe<\/strong> est seul au monde et r\u00e9siste pendant 12 kilom\u00e8tres. Drapp\u00e9 de bleu de blanc et de rouge sur la ligne d&rsquo;arriv\u00e9e, <a href=\"https:\/\/dicodusport.fr\/blog\/cyclisme-championnats-du-monde-2020-course-en-ligne-hommes-julian-alaphilippe-sacre\/\">il gagne le droit de porter l&rsquo;arc-en-ciel pour un an<\/a>.<\/p>\n<p style=\"text-align: justify;\">Finalement, <strong>Julian Alaphilippe<\/strong> a dit ce qu&rsquo;il allait faire et fait ce qu&rsquo;il avait dit. Dans une ann\u00e9e \u00e0 tout le moins particuli\u00e8re, le Fran\u00e7ais qu&rsquo;on croyait un temps distanc\u00e9 par la concurrence a coch\u00e9 plusieurs des cases qu&rsquo;il avait s\u00e9lectionn\u00e9es. Apr\u00e8s avoir failli faire le doubl\u00e9 sur <strong>Milan San-Remo<\/strong>, il a remport\u00e9 l&rsquo;\u00e9tape du <strong>Tour<\/strong> qu&rsquo;il avait dans le viseur. Et il aurait port\u00e9 le maillot jaune plus longtemps si une erreur de la <strong>Deceuninck<\/strong> ne l&rsquo;en avait pas emp\u00each\u00e9. Avec ce titre mondial, <strong>Julian Alaphilippe<\/strong> s&rsquo;impose bien comme le meilleur cycliste fran\u00e7ais et confirme sa place dans la hi\u00e9rarchie mondiale. <strong>Plus encore, il prend une place de choix dans l&rsquo;histoire du cyclisme hexagonal et mondial.<\/strong><\/p>\n<p style=\"text-align: center;\"><a href=\"http:\/\/dicodusport.fr\/blog\/retro-cyclisme-saison-2020-4-dates-cles\/\" class=\"su-button su-button-style-flat\" style=\"color:#FFFFFF;background-color:#005f9b;border-color:#004c7c;border-radius:4px\" target=\"_self\"><span style=\"color:#FFFFFF;padding:0px 20px;font-size:16px;line-height:32px;border-color:#4d8fb9;border-radius:4px;text-shadow:none\"> Revenir au d\u00e9but<\/span><\/a>\n","protected":false},"excerpt":{"rendered":"<p>CYCLISME &#8211; L&rsquo;ann\u00e9e s&rsquo;ach\u00e8ve et il y a beaucoup de choses \u00e0 dire sur la saison de cyclisme 2020. Entre confinement, chute spectaculaire et victoires de prestige, retour en 4 dates sur une saison mouvement\u00e9e.<\/p>\n","protected":false},"author":40,"featured_media":95974,"comment_status":"open","ping_status":"closed","sticky":false,"template":"","format":"standard","meta":{"_acf_changed":false,"_daextam_enable_autolinks":"","footnotes":""},"categories":[2307],"tags":[574,4045,8420,24],"class_list":["post-95756","post","type-post","status-publish","format-standard","has-post-thumbnail","hentry","category-cyclisme","tag-cyclisme","tag-paris-nice","tag-remco-evenepoel","tag-sport"],"acf":[],"yoast_head":"<!-- This site is optimized with the Yoast SEO Premium plugin v26.7 (Yoast SEO v26.7) - https:\/\/yoast.com\/wordpress\/plugins\/seo\/ -->\n<title>R\u00e9tro Cyclisme : la saison 2020 en 4 dates cl\u00e9s<\/title>\n<meta name=\"description\" content=\"L&#039;ann\u00e9e s&#039;ach\u00e8ve et il y a beaucoup de choses \u00e0 dire sur la saison de cyclisme 2020. Retour en 4 dates sur une saison mouvement\u00e9e.\" \/>\n<meta name=\"robots\" content=\"index, follow, max-snippet:-1, max-image-preview:large, max-video-preview:-1\" \/>\n<link rel=\"canonical\" href=\"https:\/\/dicodusport.fr\/blog\/retro-cyclisme-saison-2020-4-dates-cles\/\" \/>\n<link rel=\"next\" href=\"https:\/\/dicodusport.fr\/blog\/retro-cyclisme-saison-2020-4-dates-cles\/2\/\" \/>\n<meta property=\"og:locale\" content=\"fr_FR\" \/>\n<meta property=\"og:type\" content=\"article\" \/>\n<meta property=\"og:title\" content=\"R\u00e9tro Cyclisme : la saison 2020 en 4 dates cl\u00e9s\" \/>\n<meta property=\"og:description\" content=\"L&#039;ann\u00e9e s&#039;ach\u00e8ve et il y a beaucoup de choses \u00e0 dire sur la saison de cyclisme 2020. Retour en 4 dates sur une saison mouvement\u00e9e.\" \/>\n<meta property=\"og:url\" content=\"https:\/\/dicodusport.fr\/blog\/retro-cyclisme-saison-2020-4-dates-cles\/\" \/>\n<meta property=\"og:site_name\" content=\"Dicodusport\" \/>\n<meta property=\"article:publisher\" content=\"https:\/\/www.facebook.com\/dicodusport\" \/>\n<meta property=\"article:published_time\" content=\"2020-12-29T16:30:10+00:00\" \/>\n<meta property=\"article:modified_time\" content=\"2020-12-30T01:01:06+00:00\" \/>\n<meta property=\"og:image\" content=\"https:\/\/dicodusport.fr\/blog\/wp-content\/uploads\/2020\/12\/Route-R\u00e9tro-Cyclisme-La-saison-2020-en-4-dates-cl\u00e9s.png\" \/>\n\t<meta property=\"og:image:width\" content=\"800\" \/>\n\t<meta property=\"og:image:height\" content=\"445\" \/>\n\t<meta property=\"og:image:type\" content=\"image\/png\" \/>\n<meta name=\"author\" content=\"Jordane Mougenot-Pelletier\" \/>\n<meta name=\"twitter:card\" content=\"summary_large_image\" \/>\n<meta name=\"twitter:title\" content=\"R\u00e9tro Cyclisme : la saison 2020 en 4 dates cl\u00e9s\" \/>\n<meta name=\"twitter:creator\" content=\"@https:\/\/twitter.com\/jmp_pmj\" \/>\n<meta name=\"twitter:site\" content=\"@dicodusport\" \/>\n<script type=\"application\/ld+json\" class=\"yoast-schema-graph\">{\"@context\":\"https:\/\/schema.org\",\"@graph\":[{\"@type\":\"NewsArticle\",\"@id\":\"https:\/\/dicodusport.fr\/blog\/retro-cyclisme-saison-2020-4-dates-cles\/#article\",\"isPartOf\":{\"@id\":\"https:\/\/dicodusport.fr\/blog\/retro-cyclisme-saison-2020-4-dates-cles\/\"},\"author\":{\"name\":\"Jordane Mougenot-Pelletier\",\"@id\":\"https:\/\/dicodusport.fr\/blog\/#\/schema\/person\/20a73cde459581e727623fffec174040\"},\"headline\":\"R\u00e9tro Cyclisme : la saison 2020 en 4 dates cl\u00e9s\",\"datePublished\":\"2020-12-29T16:30:10+00:00\",\"dateModified\":\"2020-12-30T01:01:06+00:00\",\"mainEntityOfPage\":{\"@id\":\"https:\/\/dicodusport.fr\/blog\/retro-cyclisme-saison-2020-4-dates-cles\/\"},\"wordCount\":2090,\"commentCount\":0,\"publisher\":{\"@id\":\"https:\/\/dicodusport.fr\/blog\/#organization\"},\"image\":{\"@id\":\"https:\/\/dicodusport.fr\/blog\/retro-cyclisme-saison-2020-4-dates-cles\/#primaryimage\"},\"thumbnailUrl\":\"https:\/\/dicodusport.fr\/blog\/wp-content\/uploads\/2020\/12\/Route-R\u00e9tro-Cyclisme-La-saison-2020-en-4-dates-cl\u00e9s.png\",\"keywords\":[\"Cyclisme\",\"Paris-Nice\",\"Remco Evenepoel\",\"sport\"],\"articleSection\":[\"Cyclisme\"],\"inLanguage\":\"fr-FR\",\"potentialAction\":[{\"@type\":\"CommentAction\",\"name\":\"Comment\",\"target\":[\"https:\/\/dicodusport.fr\/blog\/retro-cyclisme-saison-2020-4-dates-cles\/#respond\"]}],\"copyrightYear\":\"2020\",\"copyrightHolder\":{\"@id\":\"https:\/\/dicodusport.fr\/blog\/#organization\"}},{\"@type\":\"WebPage\",\"@id\":\"https:\/\/dicodusport.fr\/blog\/retro-cyclisme-saison-2020-4-dates-cles\/\",\"url\":\"https:\/\/dicodusport.fr\/blog\/retro-cyclisme-saison-2020-4-dates-cles\/\",\"name\":\"R\u00e9tro Cyclisme : la saison 2020 en 4 dates cl\u00e9s\",\"isPartOf\":{\"@id\":\"https:\/\/dicodusport.fr\/blog\/#website\"},\"primaryImageOfPage\":{\"@id\":\"https:\/\/dicodusport.fr\/blog\/retro-cyclisme-saison-2020-4-dates-cles\/#primaryimage\"},\"image\":{\"@id\":\"https:\/\/dicodusport.fr\/blog\/retro-cyclisme-saison-2020-4-dates-cles\/#primaryimage\"},\"thumbnailUrl\":\"https:\/\/dicodusport.fr\/blog\/wp-content\/uploads\/2020\/12\/Route-R\u00e9tro-Cyclisme-La-saison-2020-en-4-dates-cl\u00e9s.png\",\"datePublished\":\"2020-12-29T16:30:10+00:00\",\"dateModified\":\"2020-12-30T01:01:06+00:00\",\"description\":\"L'ann\u00e9e s'ach\u00e8ve et il y a beaucoup de choses \u00e0 dire sur la saison de cyclisme 2020. Retour en 4 dates sur une saison mouvement\u00e9e.\",\"inLanguage\":\"fr-FR\",\"potentialAction\":[{\"@type\":\"ReadAction\",\"target\":[\"https:\/\/dicodusport.fr\/blog\/retro-cyclisme-saison-2020-4-dates-cles\/\"]}]},{\"@type\":\"ImageObject\",\"inLanguage\":\"fr-FR\",\"@id\":\"https:\/\/dicodusport.fr\/blog\/retro-cyclisme-saison-2020-4-dates-cles\/#primaryimage\",\"url\":\"https:\/\/dicodusport.fr\/blog\/wp-content\/uploads\/2020\/12\/Route-R\u00e9tro-Cyclisme-La-saison-2020-en-4-dates-cl\u00e9s.png\",\"contentUrl\":\"https:\/\/dicodusport.fr\/blog\/wp-content\/uploads\/2020\/12\/Route-R\u00e9tro-Cyclisme-La-saison-2020-en-4-dates-cl\u00e9s.png\",\"width\":800,\"height\":445,\"caption\":\"Route - R\u00e9tro Cyclisme - La saison 2020 en 4 dates cl\u00e9s\"},{\"@type\":\"WebSite\",\"@id\":\"https:\/\/dicodusport.fr\/blog\/#website\",\"url\":\"https:\/\/dicodusport.fr\/blog\/\",\"name\":\"Dicodusport\",\"description\":\"L&#039;encyclop\u00e9die de l&#039;actualit\u00e9 sportive\",\"publisher\":{\"@id\":\"https:\/\/dicodusport.fr\/blog\/#organization\"},\"potentialAction\":[{\"@type\":\"SearchAction\",\"target\":{\"@type\":\"EntryPoint\",\"urlTemplate\":\"https:\/\/dicodusport.fr\/blog\/?s={search_term_string}\"},\"query-input\":{\"@type\":\"PropertyValueSpecification\",\"valueRequired\":true,\"valueName\":\"search_term_string\"}}],\"inLanguage\":\"fr-FR\"},{\"@type\":\"NewsMediaOrganization\",\"@id\":\"https:\/\/dicodusport.fr\/blog\/#organization\",\"name\":\"Dicodusport\",\"url\":\"https:\/\/dicodusport.fr\/blog\/\",\"logo\":{\"@type\":\"ImageObject\",\"inLanguage\":\"fr-FR\",\"@id\":\"https:\/\/dicodusport.fr\/blog\/#\/schema\/logo\/image\/\",\"url\":\"https:\/\/dicodusport.fr\/blog\/wp-content\/uploads\/2020\/06\/cropped-LOGO-DICODUSPORT-2020-SANS-FOND-SANS-TEXTE.png\",\"contentUrl\":\"https:\/\/dicodusport.fr\/blog\/wp-content\/uploads\/2020\/06\/cropped-LOGO-DICODUSPORT-2020-SANS-FOND-SANS-TEXTE.png\",\"width\":512,\"height\":512,\"caption\":\"Dicodusport\"},\"image\":{\"@id\":\"https:\/\/dicodusport.fr\/blog\/#\/schema\/logo\/image\/\"},\"sameAs\":[\"https:\/\/www.facebook.com\/dicodusport\",\"https:\/\/x.com\/dicodusport\",\"https:\/\/www.instagram.com\/dicodusport\/\",\"https:\/\/www.youtube.com\/channel\/UC7V2KZ5sd3htJivAbA4ZG3w\"],\"description\":\"Dicodusport est l'encyclop\u00e9die de l'actualit\u00e9 sportive.\",\"email\":\"bonjour@dicodusport.fr\",\"legalName\":\"DICODUSPORT\",\"foundingDate\":\"2018-01-14\",\"vatID\":\"FR71834470973\",\"taxID\":\"83447097300043\",\"numberOfEmployees\":{\"@type\":\"QuantitativeValue\",\"minValue\":\"1\",\"maxValue\":\"10\"}},{\"@type\":\"Person\",\"@id\":\"https:\/\/dicodusport.fr\/blog\/#\/schema\/person\/20a73cde459581e727623fffec174040\",\"name\":\"Jordane Mougenot-Pelletier\",\"image\":{\"@type\":\"ImageObject\",\"inLanguage\":\"fr-FR\",\"@id\":\"https:\/\/dicodusport.fr\/blog\/#\/schema\/person\/image\/\",\"url\":\"https:\/\/dicodusport.fr\/blog\/wp-content\/uploads\/2021\/05\/Jordane-MP-150x150.jpg\",\"contentUrl\":\"https:\/\/dicodusport.fr\/blog\/wp-content\/uploads\/2021\/05\/Jordane-MP-150x150.jpg\",\"caption\":\"Jordane Mougenot-Pelletier\"},\"description\":\"Journaliste\/r\u00e9dacteur depuis mai 2018 - Dans mon sang coule \u00e0 la fois le feu des penne \u00e0 l'arrabiata et la glace du Grand Colombier. Amoureux des belles lettres et des Talking Heads, je supporte un club olympique. Int\u00e9ress\u00e9 par les relations qu'entretient le sport avec la soci\u00e9t\u00e9, je m'int\u00e9resse autant \u00e0 Marc C\u00e9cillon qu'\u00e0 Pep Guardiola, \u00e0 Tonya Harding qu'\u00e0 Philipp Roth. Enfant des 90's, on ne me fera pas croire qu'il y a eu plus beau \u00e0 voir depuis Zin\u00e9dine Zidane, Marco Pantani et Pete Sampras. La b\u00e9chamel est une invention du diable, la Super Ligue aussi.\",\"sameAs\":[\"https:\/\/x.com\/https:\/\/twitter.com\/jmp_pmj\"],\"url\":\"https:\/\/dicodusport.fr\/blog\/author\/jordane\/\"}]}<\/script>\n<!-- \/ Yoast SEO Premium plugin. -->","yoast_head_json":{"title":"R\u00e9tro Cyclisme : la saison 2020 en 4 dates cl\u00e9s","description":"L'ann\u00e9e s'ach\u00e8ve et il y a beaucoup de choses \u00e0 dire sur la saison de cyclisme 2020. Retour en 4 dates sur une saison mouvement\u00e9e.","robots":{"index":"index","follow":"follow","max-snippet":"max-snippet:-1","max-image-preview":"max-image-preview:large","max-video-preview":"max-video-preview:-1"},"canonical":"https:\/\/dicodusport.fr\/blog\/retro-cyclisme-saison-2020-4-dates-cles\/","next":"https:\/\/dicodusport.fr\/blog\/retro-cyclisme-saison-2020-4-dates-cles\/2\/","og_locale":"fr_FR","og_type":"article","og_title":"R\u00e9tro Cyclisme : la saison 2020 en 4 dates cl\u00e9s","og_description":"L'ann\u00e9e s'ach\u00e8ve et il y a beaucoup de choses \u00e0 dire sur la saison de cyclisme 2020. Retour en 4 dates sur une saison mouvement\u00e9e.","og_url":"https:\/\/dicodusport.fr\/blog\/retro-cyclisme-saison-2020-4-dates-cles\/","og_site_name":"Dicodusport","article_publisher":"https:\/\/www.facebook.com\/dicodusport","article_published_time":"2020-12-29T16:30:10+00:00","article_modified_time":"2020-12-30T01:01:06+00:00","og_image":[{"width":800,"height":445,"url":"https:\/\/dicodusport.fr\/blog\/wp-content\/uploads\/2020\/12\/Route-R\u00e9tro-Cyclisme-La-saison-2020-en-4-dates-cl\u00e9s.png","type":"image\/png"}],"author":"Jordane Mougenot-Pelletier","twitter_card":"summary_large_image","twitter_title":"R\u00e9tro Cyclisme : la saison 2020 en 4 dates cl\u00e9s","twitter_creator":"@https:\/\/twitter.com\/jmp_pmj","twitter_site":"@dicodusport","schema":{"@context":"https:\/\/schema.org","@graph":[{"@type":"NewsArticle","@id":"https:\/\/dicodusport.fr\/blog\/retro-cyclisme-saison-2020-4-dates-cles\/#article","isPartOf":{"@id":"https:\/\/dicodusport.fr\/blog\/retro-cyclisme-saison-2020-4-dates-cles\/"},"author":{"name":"Jordane Mougenot-Pelletier","@id":"https:\/\/dicodusport.fr\/blog\/#\/schema\/person\/20a73cde459581e727623fffec174040"},"headline":"R\u00e9tro Cyclisme : la saison 2020 en 4 dates cl\u00e9s","datePublished":"2020-12-29T16:30:10+00:00","dateModified":"2020-12-30T01:01:06+00:00","mainEntityOfPage":{"@id":"https:\/\/dicodusport.fr\/blog\/retro-cyclisme-saison-2020-4-dates-cles\/"},"wordCount":2090,"commentCount":0,"publisher":{"@id":"https:\/\/dicodusport.fr\/blog\/#organization"},"image":{"@id":"https:\/\/dicodusport.fr\/blog\/retro-cyclisme-saison-2020-4-dates-cles\/#primaryimage"},"thumbnailUrl":"https:\/\/dicodusport.fr\/blog\/wp-content\/uploads\/2020\/12\/Route-R\u00e9tro-Cyclisme-La-saison-2020-en-4-dates-cl\u00e9s.png","keywords":["Cyclisme","Paris-Nice","Remco Evenepoel","sport"],"articleSection":["Cyclisme"],"inLanguage":"fr-FR","potentialAction":[{"@type":"CommentAction","name":"Comment","target":["https:\/\/dicodusport.fr\/blog\/retro-cyclisme-saison-2020-4-dates-cles\/#respond"]}],"copyrightYear":"2020","copyrightHolder":{"@id":"https:\/\/dicodusport.fr\/blog\/#organization"}},{"@type":"WebPage","@id":"https:\/\/dicodusport.fr\/blog\/retro-cyclisme-saison-2020-4-dates-cles\/","url":"https:\/\/dicodusport.fr\/blog\/retro-cyclisme-saison-2020-4-dates-cles\/","name":"R\u00e9tro Cyclisme : la saison 2020 en 4 dates cl\u00e9s","isPartOf":{"@id":"https:\/\/dicodusport.fr\/blog\/#website"},"primaryImageOfPage":{"@id":"https:\/\/dicodusport.fr\/blog\/retro-cyclisme-saison-2020-4-dates-cles\/#primaryimage"},"image":{"@id":"https:\/\/dicodusport.fr\/blog\/retro-cyclisme-saison-2020-4-dates-cles\/#primaryimage"},"thumbnailUrl":"https:\/\/dicodusport.fr\/blog\/wp-content\/uploads\/2020\/12\/Route-R\u00e9tro-Cyclisme-La-saison-2020-en-4-dates-cl\u00e9s.png","datePublished":"2020-12-29T16:30:10+00:00","dateModified":"2020-12-30T01:01:06+00:00","description":"L'ann\u00e9e s'ach\u00e8ve et il y a beaucoup de choses \u00e0 dire sur la saison de cyclisme 2020. Retour en 4 dates sur une saison mouvement\u00e9e.","inLanguage":"fr-FR","potentialAction":[{"@type":"ReadAction","target":["https:\/\/dicodusport.fr\/blog\/retro-cyclisme-saison-2020-4-dates-cles\/"]}]},{"@type":"ImageObject","inLanguage":"fr-FR","@id":"https:\/\/dicodusport.fr\/blog\/retro-cyclisme-saison-2020-4-dates-cles\/#primaryimage","url":"https:\/\/dicodusport.fr\/blog\/wp-content\/uploads\/2020\/12\/Route-R\u00e9tro-Cyclisme-La-saison-2020-en-4-dates-cl\u00e9s.png","contentUrl":"https:\/\/dicodusport.fr\/blog\/wp-content\/uploads\/2020\/12\/Route-R\u00e9tro-Cyclisme-La-saison-2020-en-4-dates-cl\u00e9s.png","width":800,"height":445,"caption":"Route - R\u00e9tro Cyclisme - La saison 2020 en 4 dates cl\u00e9s"},{"@type":"WebSite","@id":"https:\/\/dicodusport.fr\/blog\/#website","url":"https:\/\/dicodusport.fr\/blog\/","name":"Dicodusport","description":"L&#039;encyclop\u00e9die de l&#039;actualit\u00e9 sportive","publisher":{"@id":"https:\/\/dicodusport.fr\/blog\/#organization"},"potentialAction":[{"@type":"SearchAction","target":{"@type":"EntryPoint","urlTemplate":"https:\/\/dicodusport.fr\/blog\/?s={search_term_string}"},"query-input":{"@type":"PropertyValueSpecification","valueRequired":true,"valueName":"search_term_string"}}],"inLanguage":"fr-FR"},{"@type":"NewsMediaOrganization","@id":"https:\/\/dicodusport.fr\/blog\/#organization","name":"Dicodusport","url":"https:\/\/dicodusport.fr\/blog\/","logo":{"@type":"ImageObject","inLanguage":"fr-FR","@id":"https:\/\/dicodusport.fr\/blog\/#\/schema\/logo\/image\/","url":"https:\/\/dicodusport.fr\/blog\/wp-content\/uploads\/2020\/06\/cropped-LOGO-DICODUSPORT-2020-SANS-FOND-SANS-TEXTE.png","contentUrl":"https:\/\/dicodusport.fr\/blog\/wp-content\/uploads\/2020\/06\/cropped-LOGO-DICODUSPORT-2020-SANS-FOND-SANS-TEXTE.png","width":512,"height":512,"caption":"Dicodusport"},"image":{"@id":"https:\/\/dicodusport.fr\/blog\/#\/schema\/logo\/image\/"},"sameAs":["https:\/\/www.facebook.com\/dicodusport","https:\/\/x.com\/dicodusport","https:\/\/www.instagram.com\/dicodusport\/","https:\/\/www.youtube.com\/channel\/UC7V2KZ5sd3htJivAbA4ZG3w"],"description":"Dicodusport est l'encyclop\u00e9die de l'actualit\u00e9 sportive.","email":"bonjour@dicodusport.fr","legalName":"DICODUSPORT","foundingDate":"2018-01-14","vatID":"FR71834470973","taxID":"83447097300043","numberOfEmployees":{"@type":"QuantitativeValue","minValue":"1","maxValue":"10"}},{"@type":"Person","@id":"https:\/\/dicodusport.fr\/blog\/#\/schema\/person\/20a73cde459581e727623fffec174040","name":"Jordane Mougenot-Pelletier","image":{"@type":"ImageObject","inLanguage":"fr-FR","@id":"https:\/\/dicodusport.fr\/blog\/#\/schema\/person\/image\/","url":"https:\/\/dicodusport.fr\/blog\/wp-content\/uploads\/2021\/05\/Jordane-MP-150x150.jpg","contentUrl":"https:\/\/dicodusport.fr\/blog\/wp-content\/uploads\/2021\/05\/Jordane-MP-150x150.jpg","caption":"Jordane Mougenot-Pelletier"},"description":"Journaliste\/r\u00e9dacteur depuis mai 2018 - Dans mon sang coule \u00e0 la fois le feu des penne \u00e0 l'arrabiata et la glace du Grand Colombier. Amoureux des belles lettres et des Talking Heads, je supporte un club olympique. Int\u00e9ress\u00e9 par les relations qu'entretient le sport avec la soci\u00e9t\u00e9, je m'int\u00e9resse autant \u00e0 Marc C\u00e9cillon qu'\u00e0 Pep Guardiola, \u00e0 Tonya Harding qu'\u00e0 Philipp Roth. Enfant des 90's, on ne me fera pas croire qu'il y a eu plus beau \u00e0 voir depuis Zin\u00e9dine Zidane, Marco Pantani et Pete Sampras. La b\u00e9chamel est une invention du diable, la Super Ligue aussi.","sameAs":["https:\/\/x.com\/https:\/\/twitter.com\/jmp_pmj"],"url":"https:\/\/dicodusport.fr\/blog\/author\/jordane\/"}]}},"_links":{"self":[{"href":"https:\/\/dicodusport.fr\/blog\/wp-json\/wp\/v2\/posts\/95756","targetHints":{"allow":["GET"]}}],"collection":[{"href":"https:\/\/dicodusport.fr\/blog\/wp-json\/wp\/v2\/posts"}],"about":[{"href":"https:\/\/dicodusport.fr\/blog\/wp-json\/wp\/v2\/types\/post"}],"author":[{"embeddable":true,"href":"https:\/\/dicodusport.fr\/blog\/wp-json\/wp\/v2\/users\/40"}],"replies":[{"embeddable":true,"href":"https:\/\/dicodusport.fr\/blog\/wp-json\/wp\/v2\/comments?post=95756"}],"version-history":[{"count":0,"href":"https:\/\/dicodusport.fr\/blog\/wp-json\/wp\/v2\/posts\/95756\/revisions"}],"wp:featuredmedia":[{"embeddable":true,"href":"https:\/\/dicodusport.fr\/blog\/wp-json\/wp\/v2\/media\/95974"}],"wp:attachment":[{"href":"https:\/\/dicodusport.fr\/blog\/wp-json\/wp\/v2\/media?parent=95756"}],"wp:term":[{"taxonomy":"category","embeddable":true,"href":"https:\/\/dicodusport.fr\/blog\/wp-json\/wp\/v2\/categories?post=95756"},{"taxonomy":"post_tag","embeddable":true,"href":"https:\/\/dicodusport.fr\/blog\/wp-json\/wp\/v2\/tags?post=95756"}],"curies":[{"name":"wp","href":"https:\/\/api.w.org\/{rel}","templated":true}]}}