{"id":958,"date":"2017-01-20T16:11:50","date_gmt":"2017-01-20T15:11:50","guid":{"rendered":"http:\/\/dicodusport.fr\/blog\/?p=958"},"modified":"2021-04-13T23:27:20","modified_gmt":"2021-04-13T21:27:20","slug":"solene-legendre-la-moto-dans-peau","status":"publish","type":"post","link":"https:\/\/dicodusport.fr\/blog\/solene-legendre-la-moto-dans-peau\/","title":{"rendered":"Sol\u00e8ne Legendre, la moto dans la peau"},"content":{"rendered":"<p class=\"p1\" style=\"text-align: justify;\"><em><span style=\"color: #000000;\">On a rencontr\u00e9 Sol\u00e8ne Legendre, jeune espoir du <span style=\"color: #0000ff;\"><a style=\"color: #0000ff;\" href=\"http:\/\/dicodusport.fr\/definition-sport\/moto-cross\/\" target=\"_blank\" rel=\"noopener\">motocross<\/a><\/span> fran\u00e7ais, qui tentera sa chance pour la premi\u00e8re fois au championnat de France !\u00a0<\/span><\/em><\/p>\n<p class=\"p1\" style=\"text-align: justify;\"><span style=\"text-decoration: underline; color: #000000;\"><strong><span class=\"s1\">Sol\u00e8ne, peux-tu te pr\u00e9senter en quelques mots ?<\/span><\/strong><\/span><\/p>\n<p class=\"p1\" style=\"text-align: justify;\"><span class=\"s1\" style=\"color: #000000;\">Je suis une jeune fille de 17ans, ayant comme passion le <span style=\"color: #0000ff;\"><a style=\"color: #0000ff;\" href=\"http:\/\/dicodusport.fr\/definition-sport\/moto-cross\/\" target=\"_blank\" rel=\"noopener\">motocross<\/a><\/span>. Cette passion m&rsquo;a \u00e9t\u00e9 transmis tr\u00e8s jeune par mon papa, ancien champion de trial. Je suis actuellement en fili\u00e8re ES d&rsquo;un lyc\u00e9e g\u00e9n\u00e9ral o\u00f9 je compte passer mon bac, pour ensuite m&rsquo;orienter vers la m\u00e9canique moto. Je suis une fille ambitieuse et d\u00e9termin\u00e9 dans tout ce que j&rsquo;entreprends.\u00a0<\/span><\/p>\n<p class=\"p1\" style=\"text-align: justify;\"><span style=\"text-decoration: underline; color: #000000;\"><strong><span class=\"s1\">Comment as-tu commenc\u00e9 la moto ?<\/span><\/strong><\/span><\/p>\n<p class=\"p1\" style=\"text-align: justify;\"><span class=\"s1\" style=\"color: #000000;\">J&rsquo;ai commenc\u00e9 la moto \u00e0 l&rsquo;\u00e2ge de 3 ans et demi, le jardin comme terrain de jeu et mon papa comme coach. J&rsquo;ai appris tr\u00e8s jeune \u00e0 savoir manier ma moto, sachant faire de la moto avant m\u00eame de faire du v\u00e9lo.\u00a0<\/span><\/p>\n<p class=\"p1\" style=\"text-align: justify;\"><span style=\"text-decoration: underline; color: #000000;\"><strong><span class=\"s1\">Quel est ton plus beau souvenir sur une moto ?<\/span><\/strong><\/span><\/p>\n<p class=\"p1\" style=\"text-align: justify;\"><span class=\"s1\" style=\"color: #000000;\">Mon plus beau souvenir sur une moto est sans aucun doute lorsque j&rsquo;ai commenc\u00e9 \u00e0 apprendre \u00a0dans mon jardin, un casque de v\u00e9lo sur la t\u00eate et mon p\u00e8re courant derri\u00e8re moi en tentant de m&rsquo;attraper par la veste. C&rsquo;\u00e9tait juste g\u00e9nial.\u00a0<\/span><\/p>\n<p class=\"p1\" style=\"text-align: justify;\"><span style=\"text-decoration: underline; color: #000000;\"><strong><span class=\"s1\">Pourquoi avoir lanc\u00e9 une campagne de crowdfunding ?<\/span><\/strong><\/span><\/p>\n<p class=\"p1\" style=\"text-align: justify;\"><span class=\"s1\" style=\"color: #000000;\">J&rsquo;ai d\u00fb lancer une campagne de crowdfunding pour financer ce championnat car \u00e9tant en lyc\u00e9e g\u00e9n\u00e9ral, je n&rsquo;ai pas de revenu pour aider mes parents, qui eux sont d\u00e9j\u00e0 en difficult\u00e9 financi\u00e8re.. j&rsquo;ai donc tent\u00e9 de cr\u00e9er cette campagne afin de voir si cela valait vraiment le coup, et visiblement je vais pouvoir r\u00e9aliser mon r\u00eave gr\u00e2ce aux nombreuses contributions que j&rsquo;ai pu r\u00e9colter.\u00a0<\/span><\/p>\n<p class=\"p1\" style=\"text-align: justify;\"><span style=\"text-decoration: underline; color: #000000;\"><strong><span class=\"s1\">Pourquoi avoir choisi <span style=\"color: #0000ff;\"><a style=\"color: #0000ff; text-decoration: underline;\" href=\"http:\/\/fosburit.com\" target=\"_blank\" rel=\"noopener\">Fosburit<\/a><\/span> ?<\/span><\/strong><\/span><\/p>\n<p class=\"p1\" style=\"text-align: justify;\"><span class=\"s1\" style=\"color: #000000;\">J&rsquo;ai pr\u00e9f\u00e9r\u00e9 m&rsquo;orienter vers une plateforme enti\u00e8rement consacr\u00e9e aux financements sportifs plut\u00f4t qu&rsquo;une plateforme faisant des campagnes en tout genre.\u00a0<\/span><\/p>\n<p class=\"p1\" style=\"text-align: justify;\"><span style=\"text-decoration: underline; color: #000000;\"><strong><span class=\"s1\">Quels sont tes prochains objectifs sportifs?<\/span><\/strong><\/span><\/p>\n<p class=\"p1\" style=\"text-align: justify;\"><span class=\"s1\" style=\"color: #000000;\">Apr\u00e8s le Championnat je compte revenir \u00e0 mes entra\u00eenements quotidiens, faire quelques courses l&rsquo;ann\u00e9e \u00e0 suivre ainsi que de me consacrer dans mes \u00e9tudes et ma vie professionnelle. Mais suivant mes r\u00e9sultats j&rsquo;opterais peut \u00eatre sur une prochaine ann\u00e9e en ligue.\u00a0<\/span><\/p>\n<p class=\"p1\" style=\"text-align: justify;\"><span style=\"text-decoration: underline; color: #000000;\"><strong><span class=\"s1\">Quand tu n\u2019es pas sur une moto, comment occupes tu ton temps ?<\/span><\/strong><\/span><\/p>\n<p class=\"p1\" style=\"text-align: justify;\"><span class=\"s1\"><span style=\"color: #000000;\">Je passe mon temps \u00e0 la salle de sport afin de m&rsquo;entra\u00eener r\u00e9guli\u00e8rement. Sinon j&rsquo;aime beaucoup les jeux vid\u00e9os et la photographie qui sont des passe-temps.<\/span><\/span><\/p>\n<p><strong>Pour soutenir Sol\u00e8ne au championnat de France c&rsquo;est par <span style=\"color: #0000ff;\"><a style=\"color: #0000ff;\" href=\"http:\/\/www.fosburit.com\/projets\/projet\/place-championnat-de-france-de-motocross-feminin\/\" target=\"_blank\" rel=\"noopener\">ici<\/a><\/span> !<\/strong><\/p>\n<p>&nbsp;<\/p>\n<p class=\"p1\" style=\"text-align: justify;\"><em><a style=\"color: #000000; text-decoration: underline;\" href=\"http:\/\/www.dicodusport.fr\" target=\"_blank\" rel=\"noopener\"><img loading=\"lazy\" decoding=\"async\" class=\"wp-image-4 aligncenter\" src=\"http:\/\/dicodusport.fr\/blog\/wp-content\/uploads\/2016\/04\/logo-150x150.png\" alt=\"logo\" width=\"106\" height=\"106\" \/><\/a><\/em><\/p>\n","protected":false},"excerpt":{"rendered":"<p>On a rencontr\u00e9 Sol\u00e8ne Legendre, jeune espoir du motocross fran\u00e7ais, qui tentera sa chance pour la premi\u00e8re fois au championnat de France !\u00a0 Sol\u00e8ne, peux-tu te pr\u00e9senter en quelques mots ? Je suis une jeune fille de 17ans, ayant comme passion le motocross. Cette passion m&rsquo;a \u00e9t\u00e9 transmis tr\u00e8s jeune par mon papa, ancien champion [&hellip;]<\/p>\n","protected":false},"author":1,"featured_media":959,"comment_status":"open","ping_status":"closed","sticky":false,"template":"","format":"standard","meta":{"_acf_changed":false,"_daextam_enable_autolinks":"","footnotes":""},"categories":[4,2312],"tags":[38,96,649,423],"class_list":["post-958","post","type-post","status-publish","format-standard","has-post-thumbnail","hentry","category-portraits","category-sports-mecaniques","tag-dicodusport-fr","tag-fosburit","tag-motocross","tag-startup"],"acf":[],"yoast_head":"<!-- This site is optimized with the Yoast SEO Premium plugin v26.7 (Yoast SEO v26.7) - https:\/\/yoast.com\/wordpress\/plugins\/seo\/ -->\n<title>Sol\u00e8ne Legendre, la moto dans la peau<\/title>\n<meta name=\"description\" content=\"On a rencontr\u00e9 Sol\u00e8ne Legendre, jeune espoir du motocross fran\u00e7ais, qui tentera sa chance pour la premi\u00e8re fois au championnat de France !\" \/>\n<meta name=\"robots\" content=\"index, follow, max-snippet:-1, max-image-preview:large, max-video-preview:-1\" \/>\n<link rel=\"canonical\" href=\"https:\/\/dicodusport.fr\/blog\/solene-legendre-la-moto-dans-peau\/\" \/>\n<meta property=\"og:locale\" content=\"fr_FR\" \/>\n<meta property=\"og:type\" content=\"article\" \/>\n<meta property=\"og:title\" content=\"Sol\u00e8ne Legendre, la moto dans la peau\" \/>\n<meta property=\"og:description\" content=\"On a rencontr\u00e9 Sol\u00e8ne Legendre, jeune espoir du motocross fran\u00e7ais, qui tentera sa chance pour la premi\u00e8re fois au championnat de France !\" \/>\n<meta property=\"og:url\" content=\"https:\/\/dicodusport.fr\/blog\/solene-legendre-la-moto-dans-peau\/\" \/>\n<meta property=\"og:site_name\" content=\"Dicodusport\" \/>\n<meta property=\"article:publisher\" content=\"https:\/\/www.facebook.com\/dicodusport\" \/>\n<meta property=\"article:author\" content=\"https:\/\/www.facebook.com\/dicodusport\" \/>\n<meta property=\"article:published_time\" content=\"2017-01-20T15:11:50+00:00\" \/>\n<meta property=\"article:modified_time\" content=\"2021-04-13T21:27:20+00:00\" \/>\n<meta property=\"og:image\" content=\"https:\/\/dicodusport.fr\/blog\/wp-content\/uploads\/2017\/01\/Sol\u00e8ne-Legendre.png\" \/>\n\t<meta property=\"og:image:width\" content=\"1200\" \/>\n\t<meta property=\"og:image:height\" content=\"670\" \/>\n\t<meta property=\"og:image:type\" content=\"image\/png\" \/>\n<meta name=\"author\" content=\"Nicolas Jacquemard\" \/>\n<meta name=\"twitter:card\" content=\"summary_large_image\" \/>\n<meta name=\"twitter:creator\" content=\"@https:\/\/twitter.com\/Nico_Jacquemard\" \/>\n<meta name=\"twitter:site\" content=\"@dicodusport\" \/>\n<script type=\"application\/ld+json\" class=\"yoast-schema-graph\">{\"@context\":\"https:\/\/schema.org\",\"@graph\":[{\"@type\":\"NewsArticle\",\"@id\":\"https:\/\/dicodusport.fr\/blog\/solene-legendre-la-moto-dans-peau\/#article\",\"isPartOf\":{\"@id\":\"https:\/\/dicodusport.fr\/blog\/solene-legendre-la-moto-dans-peau\/\"},\"author\":{\"name\":\"Nicolas Jacquemard\",\"@id\":\"https:\/\/dicodusport.fr\/blog\/#\/schema\/person\/55dcb50ad410894e431ed812bbb70191\"},\"headline\":\"Sol\u00e8ne Legendre, la moto dans la peau\",\"datePublished\":\"2017-01-20T15:11:50+00:00\",\"dateModified\":\"2021-04-13T21:27:20+00:00\",\"mainEntityOfPage\":{\"@id\":\"https:\/\/dicodusport.fr\/blog\/solene-legendre-la-moto-dans-peau\/\"},\"wordCount\":447,\"commentCount\":0,\"publisher\":{\"@id\":\"https:\/\/dicodusport.fr\/blog\/#organization\"},\"image\":{\"@id\":\"https:\/\/dicodusport.fr\/blog\/solene-legendre-la-moto-dans-peau\/#primaryimage\"},\"thumbnailUrl\":\"https:\/\/dicodusport.fr\/blog\/wp-content\/uploads\/2017\/01\/Sol\u00e8ne-Legendre.png\",\"keywords\":[\"dicodusport.fr\",\"fosburit\",\"motocross\",\"Startup\"],\"articleSection\":[\"Portraits\",\"Sports m\u00e9caniques\"],\"inLanguage\":\"fr-FR\",\"potentialAction\":[{\"@type\":\"CommentAction\",\"name\":\"Comment\",\"target\":[\"https:\/\/dicodusport.fr\/blog\/solene-legendre-la-moto-dans-peau\/#respond\"]}],\"copyrightYear\":\"2017\",\"copyrightHolder\":{\"@id\":\"https:\/\/dicodusport.fr\/blog\/#organization\"}},{\"@type\":\"WebPage\",\"@id\":\"https:\/\/dicodusport.fr\/blog\/solene-legendre-la-moto-dans-peau\/\",\"url\":\"https:\/\/dicodusport.fr\/blog\/solene-legendre-la-moto-dans-peau\/\",\"name\":\"Sol\u00e8ne Legendre, la moto dans la peau\",\"isPartOf\":{\"@id\":\"https:\/\/dicodusport.fr\/blog\/#website\"},\"primaryImageOfPage\":{\"@id\":\"https:\/\/dicodusport.fr\/blog\/solene-legendre-la-moto-dans-peau\/#primaryimage\"},\"image\":{\"@id\":\"https:\/\/dicodusport.fr\/blog\/solene-legendre-la-moto-dans-peau\/#primaryimage\"},\"thumbnailUrl\":\"https:\/\/dicodusport.fr\/blog\/wp-content\/uploads\/2017\/01\/Sol\u00e8ne-Legendre.png\",\"datePublished\":\"2017-01-20T15:11:50+00:00\",\"dateModified\":\"2021-04-13T21:27:20+00:00\",\"description\":\"On a rencontr\u00e9 Sol\u00e8ne Legendre, jeune espoir du motocross fran\u00e7ais, qui tentera sa chance pour la premi\u00e8re fois au championnat de France !\",\"breadcrumb\":{\"@id\":\"https:\/\/dicodusport.fr\/blog\/solene-legendre-la-moto-dans-peau\/#breadcrumb\"},\"inLanguage\":\"fr-FR\",\"potentialAction\":[{\"@type\":\"ReadAction\",\"target\":[\"https:\/\/dicodusport.fr\/blog\/solene-legendre-la-moto-dans-peau\/\"]}]},{\"@type\":\"ImageObject\",\"inLanguage\":\"fr-FR\",\"@id\":\"https:\/\/dicodusport.fr\/blog\/solene-legendre-la-moto-dans-peau\/#primaryimage\",\"url\":\"https:\/\/dicodusport.fr\/blog\/wp-content\/uploads\/2017\/01\/Sol\u00e8ne-Legendre.png\",\"contentUrl\":\"https:\/\/dicodusport.fr\/blog\/wp-content\/uploads\/2017\/01\/Sol\u00e8ne-Legendre.png\",\"width\":1200,\"height\":670,\"caption\":\"Sol\u00e8ne Legendre\"},{\"@type\":\"BreadcrumbList\",\"@id\":\"https:\/\/dicodusport.fr\/blog\/solene-legendre-la-moto-dans-peau\/#breadcrumb\",\"itemListElement\":[{\"@type\":\"ListItem\",\"position\":1,\"name\":\"Accueil\",\"item\":\"https:\/\/dicodusport.fr\/blog\/\"},{\"@type\":\"ListItem\",\"position\":2,\"name\":\"Sol\u00e8ne Legendre, la moto dans la peau\"}]},{\"@type\":\"WebSite\",\"@id\":\"https:\/\/dicodusport.fr\/blog\/#website\",\"url\":\"https:\/\/dicodusport.fr\/blog\/\",\"name\":\"Dicodusport\",\"description\":\"L&#039;encyclop\u00e9die de l&#039;actualit\u00e9 sportive\",\"publisher\":{\"@id\":\"https:\/\/dicodusport.fr\/blog\/#organization\"},\"potentialAction\":[{\"@type\":\"SearchAction\",\"target\":{\"@type\":\"EntryPoint\",\"urlTemplate\":\"https:\/\/dicodusport.fr\/blog\/?s={search_term_string}\"},\"query-input\":{\"@type\":\"PropertyValueSpecification\",\"valueRequired\":true,\"valueName\":\"search_term_string\"}}],\"inLanguage\":\"fr-FR\"},{\"@type\":\"NewsMediaOrganization\",\"@id\":\"https:\/\/dicodusport.fr\/blog\/#organization\",\"name\":\"Dicodusport\",\"url\":\"https:\/\/dicodusport.fr\/blog\/\",\"logo\":{\"@type\":\"ImageObject\",\"inLanguage\":\"fr-FR\",\"@id\":\"https:\/\/dicodusport.fr\/blog\/#\/schema\/logo\/image\/\",\"url\":\"https:\/\/dicodusport.fr\/blog\/wp-content\/uploads\/2020\/06\/cropped-LOGO-DICODUSPORT-2020-SANS-FOND-SANS-TEXTE.png\",\"contentUrl\":\"https:\/\/dicodusport.fr\/blog\/wp-content\/uploads\/2020\/06\/cropped-LOGO-DICODUSPORT-2020-SANS-FOND-SANS-TEXTE.png\",\"width\":512,\"height\":512,\"caption\":\"Dicodusport\"},\"image\":{\"@id\":\"https:\/\/dicodusport.fr\/blog\/#\/schema\/logo\/image\/\"},\"sameAs\":[\"https:\/\/www.facebook.com\/dicodusport\",\"https:\/\/x.com\/dicodusport\",\"https:\/\/www.instagram.com\/dicodusport\/\",\"https:\/\/www.youtube.com\/channel\/UC7V2KZ5sd3htJivAbA4ZG3w\"],\"description\":\"Dicodusport est l'encyclop\u00e9die de l'actualit\u00e9 sportive.\",\"email\":\"bonjour@dicodusport.fr\",\"legalName\":\"DICODUSPORT\",\"foundingDate\":\"2018-01-14\",\"vatID\":\"FR71834470973\",\"taxID\":\"83447097300043\",\"numberOfEmployees\":{\"@type\":\"QuantitativeValue\",\"minValue\":\"1\",\"maxValue\":\"10\"}},{\"@type\":\"Person\",\"@id\":\"https:\/\/dicodusport.fr\/blog\/#\/schema\/person\/55dcb50ad410894e431ed812bbb70191\",\"name\":\"Nicolas Jacquemard\",\"image\":{\"@type\":\"ImageObject\",\"inLanguage\":\"fr-FR\",\"@id\":\"https:\/\/dicodusport.fr\/blog\/#\/schema\/person\/image\/\",\"url\":\"https:\/\/dicodusport.fr\/blog\/wp-content\/uploads\/2021\/05\/Nicolas-Jacquemard-150x150.jpeg\",\"contentUrl\":\"https:\/\/dicodusport.fr\/blog\/wp-content\/uploads\/2021\/05\/Nicolas-Jacquemard-150x150.jpeg\",\"caption\":\"Nicolas Jacquemard\"},\"description\":\"Passionn\u00e9 de sport et entrepreneur depuis mes 18 ans, la cr\u00e9ation de Dicodusport m'a sembl\u00e9 \u00e9vidente pour participer \u00e0 la m\u00e9diatisation d'un plus grand nombre de sports. Le chemin est long mais avec une \u00e9quipe des plus motiv\u00e9es et les Jeux Olympiques de Paris 2024 en point de mire, nous y arriverons ! Journaliste dans le monde du sport depuis plus de 5 ans, je traite aussi bien de football, de rugby, de biathlon que de cyclisme.\",\"sameAs\":[\"https:\/\/www.facebook.com\/dicodusport\",\"https:\/\/x.com\/https:\/\/twitter.com\/Nico_Jacquemard\"],\"url\":\"https:\/\/dicodusport.fr\/blog\/author\/dicodusport\/\"}]}<\/script>\n<!-- \/ Yoast SEO Premium plugin. -->","yoast_head_json":{"title":"Sol\u00e8ne Legendre, la moto dans la peau","description":"On a rencontr\u00e9 Sol\u00e8ne Legendre, jeune espoir du motocross fran\u00e7ais, qui tentera sa chance pour la premi\u00e8re fois au championnat de France !","robots":{"index":"index","follow":"follow","max-snippet":"max-snippet:-1","max-image-preview":"max-image-preview:large","max-video-preview":"max-video-preview:-1"},"canonical":"https:\/\/dicodusport.fr\/blog\/solene-legendre-la-moto-dans-peau\/","og_locale":"fr_FR","og_type":"article","og_title":"Sol\u00e8ne Legendre, la moto dans la peau","og_description":"On a rencontr\u00e9 Sol\u00e8ne Legendre, jeune espoir du motocross fran\u00e7ais, qui tentera sa chance pour la premi\u00e8re fois au championnat de France !","og_url":"https:\/\/dicodusport.fr\/blog\/solene-legendre-la-moto-dans-peau\/","og_site_name":"Dicodusport","article_publisher":"https:\/\/www.facebook.com\/dicodusport","article_author":"https:\/\/www.facebook.com\/dicodusport","article_published_time":"2017-01-20T15:11:50+00:00","article_modified_time":"2021-04-13T21:27:20+00:00","og_image":[{"width":1200,"height":670,"url":"https:\/\/dicodusport.fr\/blog\/wp-content\/uploads\/2017\/01\/Sol\u00e8ne-Legendre.png","type":"image\/png"}],"author":"Nicolas Jacquemard","twitter_card":"summary_large_image","twitter_creator":"@https:\/\/twitter.com\/Nico_Jacquemard","twitter_site":"@dicodusport","schema":{"@context":"https:\/\/schema.org","@graph":[{"@type":"NewsArticle","@id":"https:\/\/dicodusport.fr\/blog\/solene-legendre-la-moto-dans-peau\/#article","isPartOf":{"@id":"https:\/\/dicodusport.fr\/blog\/solene-legendre-la-moto-dans-peau\/"},"author":{"name":"Nicolas Jacquemard","@id":"https:\/\/dicodusport.fr\/blog\/#\/schema\/person\/55dcb50ad410894e431ed812bbb70191"},"headline":"Sol\u00e8ne Legendre, la moto dans la peau","datePublished":"2017-01-20T15:11:50+00:00","dateModified":"2021-04-13T21:27:20+00:00","mainEntityOfPage":{"@id":"https:\/\/dicodusport.fr\/blog\/solene-legendre-la-moto-dans-peau\/"},"wordCount":447,"commentCount":0,"publisher":{"@id":"https:\/\/dicodusport.fr\/blog\/#organization"},"image":{"@id":"https:\/\/dicodusport.fr\/blog\/solene-legendre-la-moto-dans-peau\/#primaryimage"},"thumbnailUrl":"https:\/\/dicodusport.fr\/blog\/wp-content\/uploads\/2017\/01\/Sol\u00e8ne-Legendre.png","keywords":["dicodusport.fr","fosburit","motocross","Startup"],"articleSection":["Portraits","Sports m\u00e9caniques"],"inLanguage":"fr-FR","potentialAction":[{"@type":"CommentAction","name":"Comment","target":["https:\/\/dicodusport.fr\/blog\/solene-legendre-la-moto-dans-peau\/#respond"]}],"copyrightYear":"2017","copyrightHolder":{"@id":"https:\/\/dicodusport.fr\/blog\/#organization"}},{"@type":"WebPage","@id":"https:\/\/dicodusport.fr\/blog\/solene-legendre-la-moto-dans-peau\/","url":"https:\/\/dicodusport.fr\/blog\/solene-legendre-la-moto-dans-peau\/","name":"Sol\u00e8ne Legendre, la moto dans la peau","isPartOf":{"@id":"https:\/\/dicodusport.fr\/blog\/#website"},"primaryImageOfPage":{"@id":"https:\/\/dicodusport.fr\/blog\/solene-legendre-la-moto-dans-peau\/#primaryimage"},"image":{"@id":"https:\/\/dicodusport.fr\/blog\/solene-legendre-la-moto-dans-peau\/#primaryimage"},"thumbnailUrl":"https:\/\/dicodusport.fr\/blog\/wp-content\/uploads\/2017\/01\/Sol\u00e8ne-Legendre.png","datePublished":"2017-01-20T15:11:50+00:00","dateModified":"2021-04-13T21:27:20+00:00","description":"On a rencontr\u00e9 Sol\u00e8ne Legendre, jeune espoir du motocross fran\u00e7ais, qui tentera sa chance pour la premi\u00e8re fois au championnat de France !","breadcrumb":{"@id":"https:\/\/dicodusport.fr\/blog\/solene-legendre-la-moto-dans-peau\/#breadcrumb"},"inLanguage":"fr-FR","potentialAction":[{"@type":"ReadAction","target":["https:\/\/dicodusport.fr\/blog\/solene-legendre-la-moto-dans-peau\/"]}]},{"@type":"ImageObject","inLanguage":"fr-FR","@id":"https:\/\/dicodusport.fr\/blog\/solene-legendre-la-moto-dans-peau\/#primaryimage","url":"https:\/\/dicodusport.fr\/blog\/wp-content\/uploads\/2017\/01\/Sol\u00e8ne-Legendre.png","contentUrl":"https:\/\/dicodusport.fr\/blog\/wp-content\/uploads\/2017\/01\/Sol\u00e8ne-Legendre.png","width":1200,"height":670,"caption":"Sol\u00e8ne Legendre"},{"@type":"BreadcrumbList","@id":"https:\/\/dicodusport.fr\/blog\/solene-legendre-la-moto-dans-peau\/#breadcrumb","itemListElement":[{"@type":"ListItem","position":1,"name":"Accueil","item":"https:\/\/dicodusport.fr\/blog\/"},{"@type":"ListItem","position":2,"name":"Sol\u00e8ne Legendre, la moto dans la peau"}]},{"@type":"WebSite","@id":"https:\/\/dicodusport.fr\/blog\/#website","url":"https:\/\/dicodusport.fr\/blog\/","name":"Dicodusport","description":"L&#039;encyclop\u00e9die de l&#039;actualit\u00e9 sportive","publisher":{"@id":"https:\/\/dicodusport.fr\/blog\/#organization"},"potentialAction":[{"@type":"SearchAction","target":{"@type":"EntryPoint","urlTemplate":"https:\/\/dicodusport.fr\/blog\/?s={search_term_string}"},"query-input":{"@type":"PropertyValueSpecification","valueRequired":true,"valueName":"search_term_string"}}],"inLanguage":"fr-FR"},{"@type":"NewsMediaOrganization","@id":"https:\/\/dicodusport.fr\/blog\/#organization","name":"Dicodusport","url":"https:\/\/dicodusport.fr\/blog\/","logo":{"@type":"ImageObject","inLanguage":"fr-FR","@id":"https:\/\/dicodusport.fr\/blog\/#\/schema\/logo\/image\/","url":"https:\/\/dicodusport.fr\/blog\/wp-content\/uploads\/2020\/06\/cropped-LOGO-DICODUSPORT-2020-SANS-FOND-SANS-TEXTE.png","contentUrl":"https:\/\/dicodusport.fr\/blog\/wp-content\/uploads\/2020\/06\/cropped-LOGO-DICODUSPORT-2020-SANS-FOND-SANS-TEXTE.png","width":512,"height":512,"caption":"Dicodusport"},"image":{"@id":"https:\/\/dicodusport.fr\/blog\/#\/schema\/logo\/image\/"},"sameAs":["https:\/\/www.facebook.com\/dicodusport","https:\/\/x.com\/dicodusport","https:\/\/www.instagram.com\/dicodusport\/","https:\/\/www.youtube.com\/channel\/UC7V2KZ5sd3htJivAbA4ZG3w"],"description":"Dicodusport est l'encyclop\u00e9die de l'actualit\u00e9 sportive.","email":"bonjour@dicodusport.fr","legalName":"DICODUSPORT","foundingDate":"2018-01-14","vatID":"FR71834470973","taxID":"83447097300043","numberOfEmployees":{"@type":"QuantitativeValue","minValue":"1","maxValue":"10"}},{"@type":"Person","@id":"https:\/\/dicodusport.fr\/blog\/#\/schema\/person\/55dcb50ad410894e431ed812bbb70191","name":"Nicolas Jacquemard","image":{"@type":"ImageObject","inLanguage":"fr-FR","@id":"https:\/\/dicodusport.fr\/blog\/#\/schema\/person\/image\/","url":"https:\/\/dicodusport.fr\/blog\/wp-content\/uploads\/2021\/05\/Nicolas-Jacquemard-150x150.jpeg","contentUrl":"https:\/\/dicodusport.fr\/blog\/wp-content\/uploads\/2021\/05\/Nicolas-Jacquemard-150x150.jpeg","caption":"Nicolas Jacquemard"},"description":"Passionn\u00e9 de sport et entrepreneur depuis mes 18 ans, la cr\u00e9ation de Dicodusport m'a sembl\u00e9 \u00e9vidente pour participer \u00e0 la m\u00e9diatisation d'un plus grand nombre de sports. Le chemin est long mais avec une \u00e9quipe des plus motiv\u00e9es et les Jeux Olympiques de Paris 2024 en point de mire, nous y arriverons ! Journaliste dans le monde du sport depuis plus de 5 ans, je traite aussi bien de football, de rugby, de biathlon que de cyclisme.","sameAs":["https:\/\/www.facebook.com\/dicodusport","https:\/\/x.com\/https:\/\/twitter.com\/Nico_Jacquemard"],"url":"https:\/\/dicodusport.fr\/blog\/author\/dicodusport\/"}]}},"_links":{"self":[{"href":"https:\/\/dicodusport.fr\/blog\/wp-json\/wp\/v2\/posts\/958","targetHints":{"allow":["GET"]}}],"collection":[{"href":"https:\/\/dicodusport.fr\/blog\/wp-json\/wp\/v2\/posts"}],"about":[{"href":"https:\/\/dicodusport.fr\/blog\/wp-json\/wp\/v2\/types\/post"}],"author":[{"embeddable":true,"href":"https:\/\/dicodusport.fr\/blog\/wp-json\/wp\/v2\/users\/1"}],"replies":[{"embeddable":true,"href":"https:\/\/dicodusport.fr\/blog\/wp-json\/wp\/v2\/comments?post=958"}],"version-history":[{"count":0,"href":"https:\/\/dicodusport.fr\/blog\/wp-json\/wp\/v2\/posts\/958\/revisions"}],"wp:featuredmedia":[{"embeddable":true,"href":"https:\/\/dicodusport.fr\/blog\/wp-json\/wp\/v2\/media\/959"}],"wp:attachment":[{"href":"https:\/\/dicodusport.fr\/blog\/wp-json\/wp\/v2\/media?parent=958"}],"wp:term":[{"taxonomy":"category","embeddable":true,"href":"https:\/\/dicodusport.fr\/blog\/wp-json\/wp\/v2\/categories?post=958"},{"taxonomy":"post_tag","embeddable":true,"href":"https:\/\/dicodusport.fr\/blog\/wp-json\/wp\/v2\/tags?post=958"}],"curies":[{"name":"wp","href":"https:\/\/api.w.org\/{rel}","templated":true}]}}