{"id":96097,"date":"2020-12-30T16:49:28","date_gmt":"2020-12-30T15:49:28","guid":{"rendered":"https:\/\/dicodusport.fr\/blog\/?p=96097&#038;preview=true&#038;preview_id=96097"},"modified":"2020-12-30T19:18:09","modified_gmt":"2020-12-30T18:18:09","slug":"ethias-cross-mathieu-van-der-poel-ecrase-le-cyclo-cross-de-bredene","status":"publish","type":"post","link":"https:\/\/dicodusport.fr\/blog\/ethias-cross-mathieu-van-der-poel-ecrase-le-cyclo-cross-de-bredene\/","title":{"rendered":"Ethias Cross : Mathieu van der Poel \u00e9crase le cyclo-cross de Bredene"},"content":{"rendered":"<p style=\"text-align: justify;\"><strong><em>ETHIAS CROSS &#8211; Trois jours apr\u00e8s avoir subi <a href=\"https:\/\/dicodusport.fr\/blog\/coupe-du-monde-de-dendermonde-wout-van-aert-surclasse-mathieu-van-der-poel\/\" target=\"_blank\" rel=\"noopener noreferrer\">la loi de Wout van Aert en Coupe du monde<\/a>, Mathieu van der Poel a remis les pendules \u00e0 l&rsquo;heure \u00e0 Bredene.\u00a0<\/em><\/strong><\/p>\n<p style=\"text-align: justify;\">Son meilleur ennemi, <strong>Wout Van Aert<\/strong>, n&rsquo;\u00e9tait pas au d\u00e9part de cette course comptant pour l&rsquo;Ethias Cross. Mathieu van der Poel a ainsi \u00e9cras\u00e9 la concurrence malgr\u00e9 un beau plateau et s&rsquo;impose avec plus de une minute d&rsquo;avance sur le second, <strong>Toon Aerts<\/strong>. le N\u00e9erlandrais est le seul non Belge du Top 10 o\u00f9 l&rsquo;on retrouve notamment <strong>Michael Vanthourenhout<\/strong> sur la troisi\u00e8me marche du podium ou encore <strong>Tim Merlier<\/strong>, huiti\u00e8me.<\/p>\n<p style=\"text-align: justify;\">Chez les femmes, en l&rsquo;absence des toutes meilleurs mondiales, c&rsquo;est la Hongroise <strong>Blanka Kata Vas<\/strong> qui s&rsquo;est impos\u00e9e devant deux Belges, <strong>Sanne Cant<\/strong> et <strong>Alicia Franck<\/strong>.<\/p>\n<blockquote class=\"twitter-tweet\">\n<p dir=\"ltr\" lang=\"en\"><a href=\"https:\/\/twitter.com\/hashtag\/EthiasCross?src=hash&amp;ref_src=twsrc%5Etfw\">#EthiasCross<\/a> Bredene &#8211; Top 10 <a href=\"https:\/\/t.co\/mXaaUq6hUq\">pic.twitter.com\/mXaaUq6hUq<\/a><\/p>\n<p>\u2014 La Flamme Rouge (@laflammerouge16) <a href=\"https:\/\/twitter.com\/laflammerouge16\/status\/1344300801708142592?ref_src=twsrc%5Etfw\">December 30, 2020<\/a><\/p><\/blockquote>\n<p style=\"text-align: justify;\"><script async src=\"https:\/\/platform.twitter.com\/widgets.js\" charset=\"utf-8\"><\/script><\/p>\n<p style=\"text-align: justify;\"><strong><em>Dicodusport<br \/>\n<a href=\"https:\/\/www.facebook.com\/dicodusport\/\" target=\"_blank\" rel=\"noopener noreferrer\"><img loading=\"lazy\" decoding=\"async\" class=\"alignnone wp-image-2909\" src=\"http:\/\/dicodusport.fr\/blog\/wp-content\/uploads\/2017\/07\/logo-facebook-150x150.png\" alt=\"\" width=\"40\" height=\"40\" \/><\/a><a href=\"https:\/\/twitter.com\/dicodusport\" target=\"_blank\" rel=\"noopener noreferrer\"><img loading=\"lazy\" decoding=\"async\" class=\"alignnone wp-image-2908\" src=\"http:\/\/dicodusport.fr\/blog\/wp-content\/uploads\/2017\/07\/logo-twitter-150x150.png\" alt=\"\" width=\"39\" height=\"39\" \/><\/a><\/em><\/strong><\/p>\n","protected":false},"excerpt":{"rendered":"<p>Trois jours apr\u00e8s avoir subi la loi de Wout Can Aert en Coupe du monde, Mathieu van der Poel a remis les pendules \u00e0 l&rsquo;heure \u00e0 Bredene.\u00a0<\/p>\n","protected":false},"author":1,"featured_media":94827,"comment_status":"open","ping_status":"closed","sticky":false,"template":"","format":"standard","meta":{"_acf_changed":false,"_daextam_enable_autolinks":"","footnotes":""},"categories":[9611],"tags":[6666,6597],"class_list":["post-96097","post","type-post","status-publish","format-standard","has-post-thumbnail","hentry","category-cyclo-cross","tag-cyclo-cross","tag-mathieu-van-der-poel"],"acf":[],"yoast_head":"<!-- This site is optimized with the Yoast SEO Premium plugin v26.7 (Yoast SEO v26.7) - https:\/\/yoast.com\/wordpress\/plugins\/seo\/ -->\n<title>Ethias Cross : Mathieu van der Poel \u00e9crase le cyclo-cross de Bredene<\/title>\n<meta name=\"description\" content=\"Trois jours apr\u00e8s avoir subi la loi de Wout Can Aert en Coupe du monde, Mathieu van der Poel a remis les pendules \u00e0 l&#039;heure \u00e0 Bredene.\u00a0\" \/>\n<meta name=\"robots\" content=\"index, follow, max-snippet:-1, max-image-preview:large, max-video-preview:-1\" \/>\n<link rel=\"canonical\" href=\"https:\/\/dicodusport.fr\/blog\/ethias-cross-mathieu-van-der-poel-ecrase-le-cyclo-cross-de-bredene\/\" \/>\n<meta property=\"og:locale\" content=\"fr_FR\" \/>\n<meta property=\"og:type\" content=\"article\" \/>\n<meta property=\"og:title\" content=\"Ethias Cross : Mathieu van der Poel \u00e9crase le cyclo-cross de Bredene\" \/>\n<meta property=\"og:description\" content=\"Trois jours apr\u00e8s avoir subi la loi de Wout Can Aert en Coupe du monde, Mathieu van der Poel a remis les pendules \u00e0 l&#039;heure \u00e0 Bredene.\u00a0\" \/>\n<meta property=\"og:url\" content=\"https:\/\/dicodusport.fr\/blog\/ethias-cross-mathieu-van-der-poel-ecrase-le-cyclo-cross-de-bredene\/\" \/>\n<meta property=\"og:site_name\" content=\"Dicodusport\" \/>\n<meta property=\"article:publisher\" content=\"https:\/\/www.facebook.com\/dicodusport\" \/>\n<meta property=\"article:author\" content=\"https:\/\/www.facebook.com\/dicodusport\" \/>\n<meta property=\"article:published_time\" content=\"2020-12-30T15:49:28+00:00\" \/>\n<meta property=\"article:modified_time\" content=\"2020-12-30T18:18:09+00:00\" \/>\n<meta property=\"og:image\" content=\"https:\/\/dicodusport.fr\/blog\/wp-content\/uploads\/2020\/12\/Ethias-Cross-Mathieu-van-der-Poel-en-d\u00e9monstration-sur-le-cyclo-cross-dEssen.png\" \/>\n\t<meta property=\"og:image:width\" content=\"800\" \/>\n\t<meta property=\"og:image:height\" content=\"445\" \/>\n\t<meta property=\"og:image:type\" content=\"image\/png\" \/>\n<meta name=\"author\" content=\"Nicolas Jacquemard\" \/>\n<meta name=\"twitter:card\" content=\"summary_large_image\" \/>\n<meta name=\"twitter:title\" content=\"Ethias Cross : Mathieu van der Poel \u00e9crase le cyclo-cross de Bredene\" \/>\n<meta name=\"twitter:creator\" content=\"@https:\/\/twitter.com\/Nico_Jacquemard\" \/>\n<meta name=\"twitter:site\" content=\"@dicodusport\" \/>\n<script type=\"application\/ld+json\" class=\"yoast-schema-graph\">{\"@context\":\"https:\/\/schema.org\",\"@graph\":[{\"@type\":\"NewsArticle\",\"@id\":\"https:\/\/dicodusport.fr\/blog\/ethias-cross-mathieu-van-der-poel-ecrase-le-cyclo-cross-de-bredene\/#article\",\"isPartOf\":{\"@id\":\"https:\/\/dicodusport.fr\/blog\/ethias-cross-mathieu-van-der-poel-ecrase-le-cyclo-cross-de-bredene\/\"},\"author\":{\"name\":\"Nicolas Jacquemard\",\"@id\":\"https:\/\/dicodusport.fr\/blog\/#\/schema\/person\/55dcb50ad410894e431ed812bbb70191\"},\"headline\":\"Ethias Cross : Mathieu van der Poel \u00e9crase le cyclo-cross de Bredene\",\"datePublished\":\"2020-12-30T15:49:28+00:00\",\"dateModified\":\"2020-12-30T18:18:09+00:00\",\"mainEntityOfPage\":{\"@id\":\"https:\/\/dicodusport.fr\/blog\/ethias-cross-mathieu-van-der-poel-ecrase-le-cyclo-cross-de-bredene\/\"},\"wordCount\":164,\"commentCount\":0,\"publisher\":{\"@id\":\"https:\/\/dicodusport.fr\/blog\/#organization\"},\"image\":{\"@id\":\"https:\/\/dicodusport.fr\/blog\/ethias-cross-mathieu-van-der-poel-ecrase-le-cyclo-cross-de-bredene\/#primaryimage\"},\"thumbnailUrl\":\"https:\/\/dicodusport.fr\/blog\/wp-content\/uploads\/2020\/12\/Ethias-Cross-Mathieu-van-der-Poel-en-d\u00e9monstration-sur-le-cyclo-cross-dEssen.png\",\"keywords\":[\"Cyclo-cross\",\"Mathieu van der Poel\"],\"articleSection\":[\"Cyclo-cross\"],\"inLanguage\":\"fr-FR\",\"potentialAction\":[{\"@type\":\"CommentAction\",\"name\":\"Comment\",\"target\":[\"https:\/\/dicodusport.fr\/blog\/ethias-cross-mathieu-van-der-poel-ecrase-le-cyclo-cross-de-bredene\/#respond\"]}],\"copyrightYear\":\"2020\",\"copyrightHolder\":{\"@id\":\"https:\/\/dicodusport.fr\/blog\/#organization\"}},{\"@type\":\"WebPage\",\"@id\":\"https:\/\/dicodusport.fr\/blog\/ethias-cross-mathieu-van-der-poel-ecrase-le-cyclo-cross-de-bredene\/\",\"url\":\"https:\/\/dicodusport.fr\/blog\/ethias-cross-mathieu-van-der-poel-ecrase-le-cyclo-cross-de-bredene\/\",\"name\":\"Ethias Cross : Mathieu van der Poel \u00e9crase le cyclo-cross de Bredene\",\"isPartOf\":{\"@id\":\"https:\/\/dicodusport.fr\/blog\/#website\"},\"primaryImageOfPage\":{\"@id\":\"https:\/\/dicodusport.fr\/blog\/ethias-cross-mathieu-van-der-poel-ecrase-le-cyclo-cross-de-bredene\/#primaryimage\"},\"image\":{\"@id\":\"https:\/\/dicodusport.fr\/blog\/ethias-cross-mathieu-van-der-poel-ecrase-le-cyclo-cross-de-bredene\/#primaryimage\"},\"thumbnailUrl\":\"https:\/\/dicodusport.fr\/blog\/wp-content\/uploads\/2020\/12\/Ethias-Cross-Mathieu-van-der-Poel-en-d\u00e9monstration-sur-le-cyclo-cross-dEssen.png\",\"datePublished\":\"2020-12-30T15:49:28+00:00\",\"dateModified\":\"2020-12-30T18:18:09+00:00\",\"description\":\"Trois jours apr\u00e8s avoir subi la loi de Wout Can Aert en Coupe du monde, Mathieu van der Poel a remis les pendules \u00e0 l'heure \u00e0 Bredene.\u00a0\",\"breadcrumb\":{\"@id\":\"https:\/\/dicodusport.fr\/blog\/ethias-cross-mathieu-van-der-poel-ecrase-le-cyclo-cross-de-bredene\/#breadcrumb\"},\"inLanguage\":\"fr-FR\",\"potentialAction\":[{\"@type\":\"ReadAction\",\"target\":[\"https:\/\/dicodusport.fr\/blog\/ethias-cross-mathieu-van-der-poel-ecrase-le-cyclo-cross-de-bredene\/\"]}]},{\"@type\":\"ImageObject\",\"inLanguage\":\"fr-FR\",\"@id\":\"https:\/\/dicodusport.fr\/blog\/ethias-cross-mathieu-van-der-poel-ecrase-le-cyclo-cross-de-bredene\/#primaryimage\",\"url\":\"https:\/\/dicodusport.fr\/blog\/wp-content\/uploads\/2020\/12\/Ethias-Cross-Mathieu-van-der-Poel-en-d\u00e9monstration-sur-le-cyclo-cross-dEssen.png\",\"contentUrl\":\"https:\/\/dicodusport.fr\/blog\/wp-content\/uploads\/2020\/12\/Ethias-Cross-Mathieu-van-der-Poel-en-d\u00e9monstration-sur-le-cyclo-cross-dEssen.png\",\"width\":800,\"height\":445,\"caption\":\"Cyclo-cross - Coupe du monde de Dendermonde : la startlist de la course hommes\"},{\"@type\":\"BreadcrumbList\",\"@id\":\"https:\/\/dicodusport.fr\/blog\/ethias-cross-mathieu-van-der-poel-ecrase-le-cyclo-cross-de-bredene\/#breadcrumb\",\"itemListElement\":[{\"@type\":\"ListItem\",\"position\":1,\"name\":\"Accueil\",\"item\":\"https:\/\/dicodusport.fr\/blog\/\"},{\"@type\":\"ListItem\",\"position\":2,\"name\":\"Ethias Cross : Mathieu van der Poel \u00e9crase le cyclo-cross de Bredene\"}]},{\"@type\":\"WebSite\",\"@id\":\"https:\/\/dicodusport.fr\/blog\/#website\",\"url\":\"https:\/\/dicodusport.fr\/blog\/\",\"name\":\"Dicodusport\",\"description\":\"L&#039;encyclop\u00e9die de l&#039;actualit\u00e9 sportive\",\"publisher\":{\"@id\":\"https:\/\/dicodusport.fr\/blog\/#organization\"},\"potentialAction\":[{\"@type\":\"SearchAction\",\"target\":{\"@type\":\"EntryPoint\",\"urlTemplate\":\"https:\/\/dicodusport.fr\/blog\/?s={search_term_string}\"},\"query-input\":{\"@type\":\"PropertyValueSpecification\",\"valueRequired\":true,\"valueName\":\"search_term_string\"}}],\"inLanguage\":\"fr-FR\"},{\"@type\":\"NewsMediaOrganization\",\"@id\":\"https:\/\/dicodusport.fr\/blog\/#organization\",\"name\":\"Dicodusport\",\"url\":\"https:\/\/dicodusport.fr\/blog\/\",\"logo\":{\"@type\":\"ImageObject\",\"inLanguage\":\"fr-FR\",\"@id\":\"https:\/\/dicodusport.fr\/blog\/#\/schema\/logo\/image\/\",\"url\":\"https:\/\/dicodusport.fr\/blog\/wp-content\/uploads\/2020\/06\/cropped-LOGO-DICODUSPORT-2020-SANS-FOND-SANS-TEXTE.png\",\"contentUrl\":\"https:\/\/dicodusport.fr\/blog\/wp-content\/uploads\/2020\/06\/cropped-LOGO-DICODUSPORT-2020-SANS-FOND-SANS-TEXTE.png\",\"width\":512,\"height\":512,\"caption\":\"Dicodusport\"},\"image\":{\"@id\":\"https:\/\/dicodusport.fr\/blog\/#\/schema\/logo\/image\/\"},\"sameAs\":[\"https:\/\/www.facebook.com\/dicodusport\",\"https:\/\/x.com\/dicodusport\",\"https:\/\/www.instagram.com\/dicodusport\/\",\"https:\/\/www.youtube.com\/channel\/UC7V2KZ5sd3htJivAbA4ZG3w\"],\"description\":\"Dicodusport est l'encyclop\u00e9die de l'actualit\u00e9 sportive.\",\"email\":\"bonjour@dicodusport.fr\",\"legalName\":\"DICODUSPORT\",\"foundingDate\":\"2018-01-14\",\"vatID\":\"FR71834470973\",\"taxID\":\"83447097300043\",\"numberOfEmployees\":{\"@type\":\"QuantitativeValue\",\"minValue\":\"1\",\"maxValue\":\"10\"}},{\"@type\":\"Person\",\"@id\":\"https:\/\/dicodusport.fr\/blog\/#\/schema\/person\/55dcb50ad410894e431ed812bbb70191\",\"name\":\"Nicolas Jacquemard\",\"image\":{\"@type\":\"ImageObject\",\"inLanguage\":\"fr-FR\",\"@id\":\"https:\/\/dicodusport.fr\/blog\/#\/schema\/person\/image\/\",\"url\":\"https:\/\/dicodusport.fr\/blog\/wp-content\/uploads\/2021\/05\/Nicolas-Jacquemard-150x150.jpeg\",\"contentUrl\":\"https:\/\/dicodusport.fr\/blog\/wp-content\/uploads\/2021\/05\/Nicolas-Jacquemard-150x150.jpeg\",\"caption\":\"Nicolas Jacquemard\"},\"description\":\"Passionn\u00e9 de sport et entrepreneur depuis mes 18 ans, la cr\u00e9ation de Dicodusport m'a sembl\u00e9 \u00e9vidente pour participer \u00e0 la m\u00e9diatisation d'un plus grand nombre de sports. Le chemin est long mais avec une \u00e9quipe des plus motiv\u00e9es et les Jeux Olympiques de Paris 2024 en point de mire, nous y arriverons ! Journaliste dans le monde du sport depuis plus de 5 ans, je traite aussi bien de football, de rugby, de biathlon que de cyclisme.\",\"sameAs\":[\"https:\/\/www.facebook.com\/dicodusport\",\"https:\/\/x.com\/https:\/\/twitter.com\/Nico_Jacquemard\"],\"url\":\"https:\/\/dicodusport.fr\/blog\/author\/dicodusport\/\"}]}<\/script>\n<!-- \/ Yoast SEO Premium plugin. -->","yoast_head_json":{"title":"Ethias Cross : Mathieu van der Poel \u00e9crase le cyclo-cross de Bredene","description":"Trois jours apr\u00e8s avoir subi la loi de Wout Can Aert en Coupe du monde, Mathieu van der Poel a remis les pendules \u00e0 l'heure \u00e0 Bredene.\u00a0","robots":{"index":"index","follow":"follow","max-snippet":"max-snippet:-1","max-image-preview":"max-image-preview:large","max-video-preview":"max-video-preview:-1"},"canonical":"https:\/\/dicodusport.fr\/blog\/ethias-cross-mathieu-van-der-poel-ecrase-le-cyclo-cross-de-bredene\/","og_locale":"fr_FR","og_type":"article","og_title":"Ethias Cross : Mathieu van der Poel \u00e9crase le cyclo-cross de Bredene","og_description":"Trois jours apr\u00e8s avoir subi la loi de Wout Can Aert en Coupe du monde, Mathieu van der Poel a remis les pendules \u00e0 l'heure \u00e0 Bredene.\u00a0","og_url":"https:\/\/dicodusport.fr\/blog\/ethias-cross-mathieu-van-der-poel-ecrase-le-cyclo-cross-de-bredene\/","og_site_name":"Dicodusport","article_publisher":"https:\/\/www.facebook.com\/dicodusport","article_author":"https:\/\/www.facebook.com\/dicodusport","article_published_time":"2020-12-30T15:49:28+00:00","article_modified_time":"2020-12-30T18:18:09+00:00","og_image":[{"width":800,"height":445,"url":"https:\/\/dicodusport.fr\/blog\/wp-content\/uploads\/2020\/12\/Ethias-Cross-Mathieu-van-der-Poel-en-d\u00e9monstration-sur-le-cyclo-cross-dEssen.png","type":"image\/png"}],"author":"Nicolas Jacquemard","twitter_card":"summary_large_image","twitter_title":"Ethias Cross : Mathieu van der Poel \u00e9crase le cyclo-cross de Bredene","twitter_creator":"@https:\/\/twitter.com\/Nico_Jacquemard","twitter_site":"@dicodusport","schema":{"@context":"https:\/\/schema.org","@graph":[{"@type":"NewsArticle","@id":"https:\/\/dicodusport.fr\/blog\/ethias-cross-mathieu-van-der-poel-ecrase-le-cyclo-cross-de-bredene\/#article","isPartOf":{"@id":"https:\/\/dicodusport.fr\/blog\/ethias-cross-mathieu-van-der-poel-ecrase-le-cyclo-cross-de-bredene\/"},"author":{"name":"Nicolas Jacquemard","@id":"https:\/\/dicodusport.fr\/blog\/#\/schema\/person\/55dcb50ad410894e431ed812bbb70191"},"headline":"Ethias Cross : Mathieu van der Poel \u00e9crase le cyclo-cross de Bredene","datePublished":"2020-12-30T15:49:28+00:00","dateModified":"2020-12-30T18:18:09+00:00","mainEntityOfPage":{"@id":"https:\/\/dicodusport.fr\/blog\/ethias-cross-mathieu-van-der-poel-ecrase-le-cyclo-cross-de-bredene\/"},"wordCount":164,"commentCount":0,"publisher":{"@id":"https:\/\/dicodusport.fr\/blog\/#organization"},"image":{"@id":"https:\/\/dicodusport.fr\/blog\/ethias-cross-mathieu-van-der-poel-ecrase-le-cyclo-cross-de-bredene\/#primaryimage"},"thumbnailUrl":"https:\/\/dicodusport.fr\/blog\/wp-content\/uploads\/2020\/12\/Ethias-Cross-Mathieu-van-der-Poel-en-d\u00e9monstration-sur-le-cyclo-cross-dEssen.png","keywords":["Cyclo-cross","Mathieu van der Poel"],"articleSection":["Cyclo-cross"],"inLanguage":"fr-FR","potentialAction":[{"@type":"CommentAction","name":"Comment","target":["https:\/\/dicodusport.fr\/blog\/ethias-cross-mathieu-van-der-poel-ecrase-le-cyclo-cross-de-bredene\/#respond"]}],"copyrightYear":"2020","copyrightHolder":{"@id":"https:\/\/dicodusport.fr\/blog\/#organization"}},{"@type":"WebPage","@id":"https:\/\/dicodusport.fr\/blog\/ethias-cross-mathieu-van-der-poel-ecrase-le-cyclo-cross-de-bredene\/","url":"https:\/\/dicodusport.fr\/blog\/ethias-cross-mathieu-van-der-poel-ecrase-le-cyclo-cross-de-bredene\/","name":"Ethias Cross : Mathieu van der Poel \u00e9crase le cyclo-cross de Bredene","isPartOf":{"@id":"https:\/\/dicodusport.fr\/blog\/#website"},"primaryImageOfPage":{"@id":"https:\/\/dicodusport.fr\/blog\/ethias-cross-mathieu-van-der-poel-ecrase-le-cyclo-cross-de-bredene\/#primaryimage"},"image":{"@id":"https:\/\/dicodusport.fr\/blog\/ethias-cross-mathieu-van-der-poel-ecrase-le-cyclo-cross-de-bredene\/#primaryimage"},"thumbnailUrl":"https:\/\/dicodusport.fr\/blog\/wp-content\/uploads\/2020\/12\/Ethias-Cross-Mathieu-van-der-Poel-en-d\u00e9monstration-sur-le-cyclo-cross-dEssen.png","datePublished":"2020-12-30T15:49:28+00:00","dateModified":"2020-12-30T18:18:09+00:00","description":"Trois jours apr\u00e8s avoir subi la loi de Wout Can Aert en Coupe du monde, Mathieu van der Poel a remis les pendules \u00e0 l'heure \u00e0 Bredene.\u00a0","breadcrumb":{"@id":"https:\/\/dicodusport.fr\/blog\/ethias-cross-mathieu-van-der-poel-ecrase-le-cyclo-cross-de-bredene\/#breadcrumb"},"inLanguage":"fr-FR","potentialAction":[{"@type":"ReadAction","target":["https:\/\/dicodusport.fr\/blog\/ethias-cross-mathieu-van-der-poel-ecrase-le-cyclo-cross-de-bredene\/"]}]},{"@type":"ImageObject","inLanguage":"fr-FR","@id":"https:\/\/dicodusport.fr\/blog\/ethias-cross-mathieu-van-der-poel-ecrase-le-cyclo-cross-de-bredene\/#primaryimage","url":"https:\/\/dicodusport.fr\/blog\/wp-content\/uploads\/2020\/12\/Ethias-Cross-Mathieu-van-der-Poel-en-d\u00e9monstration-sur-le-cyclo-cross-dEssen.png","contentUrl":"https:\/\/dicodusport.fr\/blog\/wp-content\/uploads\/2020\/12\/Ethias-Cross-Mathieu-van-der-Poel-en-d\u00e9monstration-sur-le-cyclo-cross-dEssen.png","width":800,"height":445,"caption":"Cyclo-cross - Coupe du monde de Dendermonde : la startlist de la course hommes"},{"@type":"BreadcrumbList","@id":"https:\/\/dicodusport.fr\/blog\/ethias-cross-mathieu-van-der-poel-ecrase-le-cyclo-cross-de-bredene\/#breadcrumb","itemListElement":[{"@type":"ListItem","position":1,"name":"Accueil","item":"https:\/\/dicodusport.fr\/blog\/"},{"@type":"ListItem","position":2,"name":"Ethias Cross : Mathieu van der Poel \u00e9crase le cyclo-cross de Bredene"}]},{"@type":"WebSite","@id":"https:\/\/dicodusport.fr\/blog\/#website","url":"https:\/\/dicodusport.fr\/blog\/","name":"Dicodusport","description":"L&#039;encyclop\u00e9die de l&#039;actualit\u00e9 sportive","publisher":{"@id":"https:\/\/dicodusport.fr\/blog\/#organization"},"potentialAction":[{"@type":"SearchAction","target":{"@type":"EntryPoint","urlTemplate":"https:\/\/dicodusport.fr\/blog\/?s={search_term_string}"},"query-input":{"@type":"PropertyValueSpecification","valueRequired":true,"valueName":"search_term_string"}}],"inLanguage":"fr-FR"},{"@type":"NewsMediaOrganization","@id":"https:\/\/dicodusport.fr\/blog\/#organization","name":"Dicodusport","url":"https:\/\/dicodusport.fr\/blog\/","logo":{"@type":"ImageObject","inLanguage":"fr-FR","@id":"https:\/\/dicodusport.fr\/blog\/#\/schema\/logo\/image\/","url":"https:\/\/dicodusport.fr\/blog\/wp-content\/uploads\/2020\/06\/cropped-LOGO-DICODUSPORT-2020-SANS-FOND-SANS-TEXTE.png","contentUrl":"https:\/\/dicodusport.fr\/blog\/wp-content\/uploads\/2020\/06\/cropped-LOGO-DICODUSPORT-2020-SANS-FOND-SANS-TEXTE.png","width":512,"height":512,"caption":"Dicodusport"},"image":{"@id":"https:\/\/dicodusport.fr\/blog\/#\/schema\/logo\/image\/"},"sameAs":["https:\/\/www.facebook.com\/dicodusport","https:\/\/x.com\/dicodusport","https:\/\/www.instagram.com\/dicodusport\/","https:\/\/www.youtube.com\/channel\/UC7V2KZ5sd3htJivAbA4ZG3w"],"description":"Dicodusport est l'encyclop\u00e9die de l'actualit\u00e9 sportive.","email":"bonjour@dicodusport.fr","legalName":"DICODUSPORT","foundingDate":"2018-01-14","vatID":"FR71834470973","taxID":"83447097300043","numberOfEmployees":{"@type":"QuantitativeValue","minValue":"1","maxValue":"10"}},{"@type":"Person","@id":"https:\/\/dicodusport.fr\/blog\/#\/schema\/person\/55dcb50ad410894e431ed812bbb70191","name":"Nicolas Jacquemard","image":{"@type":"ImageObject","inLanguage":"fr-FR","@id":"https:\/\/dicodusport.fr\/blog\/#\/schema\/person\/image\/","url":"https:\/\/dicodusport.fr\/blog\/wp-content\/uploads\/2021\/05\/Nicolas-Jacquemard-150x150.jpeg","contentUrl":"https:\/\/dicodusport.fr\/blog\/wp-content\/uploads\/2021\/05\/Nicolas-Jacquemard-150x150.jpeg","caption":"Nicolas Jacquemard"},"description":"Passionn\u00e9 de sport et entrepreneur depuis mes 18 ans, la cr\u00e9ation de Dicodusport m'a sembl\u00e9 \u00e9vidente pour participer \u00e0 la m\u00e9diatisation d'un plus grand nombre de sports. Le chemin est long mais avec une \u00e9quipe des plus motiv\u00e9es et les Jeux Olympiques de Paris 2024 en point de mire, nous y arriverons ! Journaliste dans le monde du sport depuis plus de 5 ans, je traite aussi bien de football, de rugby, de biathlon que de cyclisme.","sameAs":["https:\/\/www.facebook.com\/dicodusport","https:\/\/x.com\/https:\/\/twitter.com\/Nico_Jacquemard"],"url":"https:\/\/dicodusport.fr\/blog\/author\/dicodusport\/"}]}},"_links":{"self":[{"href":"https:\/\/dicodusport.fr\/blog\/wp-json\/wp\/v2\/posts\/96097","targetHints":{"allow":["GET"]}}],"collection":[{"href":"https:\/\/dicodusport.fr\/blog\/wp-json\/wp\/v2\/posts"}],"about":[{"href":"https:\/\/dicodusport.fr\/blog\/wp-json\/wp\/v2\/types\/post"}],"author":[{"embeddable":true,"href":"https:\/\/dicodusport.fr\/blog\/wp-json\/wp\/v2\/users\/1"}],"replies":[{"embeddable":true,"href":"https:\/\/dicodusport.fr\/blog\/wp-json\/wp\/v2\/comments?post=96097"}],"version-history":[{"count":0,"href":"https:\/\/dicodusport.fr\/blog\/wp-json\/wp\/v2\/posts\/96097\/revisions"}],"wp:featuredmedia":[{"embeddable":true,"href":"https:\/\/dicodusport.fr\/blog\/wp-json\/wp\/v2\/media\/94827"}],"wp:attachment":[{"href":"https:\/\/dicodusport.fr\/blog\/wp-json\/wp\/v2\/media?parent=96097"}],"wp:term":[{"taxonomy":"category","embeddable":true,"href":"https:\/\/dicodusport.fr\/blog\/wp-json\/wp\/v2\/categories?post=96097"},{"taxonomy":"post_tag","embeddable":true,"href":"https:\/\/dicodusport.fr\/blog\/wp-json\/wp\/v2\/tags?post=96097"}],"curies":[{"name":"wp","href":"https:\/\/api.w.org\/{rel}","templated":true}]}}