{"id":96217,"date":"2021-01-01T10:44:19","date_gmt":"2021-01-01T09:44:19","guid":{"rendered":"https:\/\/dicodusport.fr\/blog\/?p=96217"},"modified":"2021-01-01T10:56:07","modified_gmt":"2021-01-01T09:56:07","slug":"le-combat-du-week-end-ryan-garcia-vs-luke-campbell","status":"publish","type":"post","link":"https:\/\/dicodusport.fr\/blog\/le-combat-du-week-end-ryan-garcia-vs-luke-campbell\/","title":{"rendered":"Le combat du week-end\u00a0: Ryan Garcia vs Luke Campbell"},"content":{"rendered":"<p style=\"text-align: justify;\" align=\"justify\"><em><strong><a href=\"https:\/\/dicodusport.fr\/blog\/actualites\/sports-de-combat\/boxe\/\" target=\"_blank\" rel=\"noopener noreferrer\">Boxe anglaise<\/a> &#8211; Poids l\u00e9gers \u2013 Pour bien commencer l\u2019ann\u00e9e, les amateurs de boxe auront le droit \u00e0 une belle affiche ce week-end. Le jeune boxeur prometteur am\u00e9ricain Ryan Garcia affronte le Britannique Luke Campbell. C\u2019est un combat attendu entre deux boxeurs du top 10 des poids l\u00e9gers.<\/strong><\/em><\/p>\n<p style=\"text-align: justify;\" align=\"justify\">Pour dig\u00e9rer la f\u00eate du nouvel an, quoi de mieux qu\u2019un beau combat de boxe ? Les poids l\u00e9gers repr\u00e9sentent une des cat\u00e9gories les plus relev\u00e9es au monde. Avec deux boxeurs du top 10 qui s\u2019affrontent, il y a de fortes chances que \u00e7a fasse des \u00e9tincelles. D\u2019un c\u00f4t\u00e9, un jeune am\u00e9ricain tr\u00e8s prometteur \u00e0 la recherche d\u2019un combat r\u00e9f\u00e9rence. De l\u2019autre, un Britannique exp\u00e9riment\u00e9 qui a d\u00e9j\u00e0 affront\u00e9 des grands noms. Le combat entre <strong>Ryan Garcia<\/strong> et <strong>Luke Campbell<\/strong> aura lieu samedi \u00e0 23h, dans l\u2019<strong>American Airlines Center <\/strong>de<strong> Dallas<\/strong>. La ceinture int\u00e9rimaire WBC de champion du monde est en jeu.<\/p>\n<h2 style=\"text-align: justify;\" align=\"justify\">La fougue contre l&rsquo;exp\u00e9rience<\/h2>\n<p style=\"text-align: justify;\" align=\"justify\">A seulement 22 ans, <strong>Ryan Garcia<\/strong> fait d\u00e9j\u00e0 parler de lui. C\u2019est un poids l\u00e9gers d\u20191m78 et d\u2019une envergure \u00e9gale \u00e0 sa taille. Il est pour l\u2019instant invaincu avec vingt combats pour vingt victoires. Ce qui impressionne encore davantage, c\u2019est la mani\u00e8re spectaculaire avec laquelle il remporte ses combats. Le jeune am\u00e9ricain a d\u00e9j\u00e0 fait dix-sept victimes par KO sur le ring. Ses coups sont tr\u00e8s rapides et son punch est foudroyant. <strong>Garcia<\/strong> fait partie des meilleurs boxeurs de sa cat\u00e9gorie. La seule chose qui lui manque, pour l&rsquo;instant, c&rsquo;est de ne pas avoir effectu\u00e9 de match r\u00e9f\u00e9rence. En effet, le jeune prodige n&rsquo;a toujours pas box\u00e9 un combattant du top 30 des poids l\u00e9gers. Un cap qu&rsquo;il tentera de passer samedi soir.<\/p>\n<p style=\"text-align: justify;\" align=\"justify\"><strong>Luke Campbell<\/strong> est plus \u00e2g\u00e9 et bien plus exp\u00e9riment\u00e9 que son adversaire. A 33 ans, le <strong>Britannique<\/strong> a d\u00e9j\u00e0 affront\u00e9 des pointures. En 2017, il affronte le V\u00e9n\u00e9zu\u00e9lien <strong>Jorge Linares <\/strong>(47 v, 29 KO, 5 d), pour le titre WBC des l\u00e9gers. A cette \u00e9poque le <strong>V\u00e9n\u00e9zu\u00e9lien<\/strong> est l&rsquo;un des meilleurs poids l\u00e9gers et gagne sur d\u00e9cision partag\u00e9e des juges. Encore mieux, en 2019, <strong>Campbell<\/strong> se met en travers de la route du meilleur boxeur incontest\u00e9 des l\u00e9gers \u00e0 cette \u00e9poque, l&rsquo;Ukrainien <strong>Vasyl Lomachenko<\/strong> (14 v, 10 KO, 2 d). Le <strong>Britannique<\/strong> s&rsquo;inclinera sur d\u00e9cision unanime des juges. On peut aussi citer ses deux combats face au Fran\u00e7ais <strong>Yvan Mendy<\/strong> (46 v, 22 KO, 5 d, 1 nul). Le premier, en 2015, avait d\u00e9bouch\u00e9 sur une victoire du <strong>Fran\u00e7ais<\/strong>, avant que le <strong>Britannique<\/strong> ne gagne la revanche en 2018.<\/p>\n<h2 style=\"text-align: justify;\" align=\"justify\">Deux des meilleurs boxeurs de leur cat\u00e9gorie<\/h2>\n<p style=\"text-align: justify;\"><strong style=\"text-align: justify;\">Campbell<\/strong><span style=\"text-align: justify;\"> mesure 1m75 pour une envergure d&rsquo;1m80. Il a donc une bonne allonge et il est aussi tr\u00e8s rapide. C&rsquo;est une fausse patte, c&rsquo;est-\u00e0-dire qu&rsquo;il est gaucher, ce qui peut d\u00e9stabiliser ses adversaires. Le <strong>Britannique<\/strong> est tr\u00e8s bien consid\u00e9r\u00e9 par les classements de r\u00e9f\u00e9rence en boxe anglaise.<\/span> Pour le site <strong>Boxrec<\/strong>, <strong>Luke Campbell<\/strong> est le huiti\u00e8me meilleur boxeur poids l\u00e9gers de la plan\u00e8te. <strong>Ring Magazine<\/strong> le classe encore mieux, puisqu&rsquo;il le met en cinqui\u00e8me position. <strong>Transnational Boxing Rankings<\/strong> le place m\u00eame quatri\u00e8me, derri\u00e8re le trio <strong>Lopez-Lomachenko-Haney<\/strong>. Le <strong>Britannique<\/strong> a effectu\u00e9 vingt combats professionnels avec dix-sept victoires, dont seize avant la limite, et en a perdu trois. <span style=\"text-align: justify;\">Par ailleurs, en boxe amateur, <strong>Campbell<\/strong> s&rsquo;est arrog\u00e9 le titre olympique en 2012.<\/span><\/p>\n<p style=\"text-align: justify;\"><strong>Ryan Garcia<\/strong>, de son c\u00f4t\u00e9, est aussi tr\u00e8s bien consid\u00e9r\u00e9. Dans les diff\u00e9rents classements, il est bien ancr\u00e9 dans le top 10. <strong>Boxrec<\/strong> le classe neuvi\u00e8me, tandis que <strong>Ring<\/strong> et <strong>Transnational Boxing Rankings<\/strong> le mettent en sixi\u00e8me position. Les deux boxeurs sont donc tout proches dans ces classements, avec un l\u00e9ger avantage pour <strong>Campbell<\/strong>.<\/p>\n<h2 style=\"text-align: justify;\" align=\"justify\">Garcia a tout compris aux codes de son \u00e9poque<\/h2>\n<p style=\"text-align: justify;\">Le pugiliste qui attise le plus la curiosit\u00e9 pour ce combat est sans conteste <strong>Ryan Garcia<\/strong>. En effet, si l&rsquo;Am\u00e9ricain est un terrible puncheur sur le ring, c&rsquo;est aussi un sacr\u00e9 communiquant en dehors. <strong>Ryan Garcia<\/strong>, alors qu&rsquo;il n&rsquo;a que 22 ans et aucun combat r\u00e9f\u00e9rence au compteur, est un des pugilistes les plus connus du monde. <strong>7,8 millions<\/strong>, c&rsquo;est le nombre d&rsquo;abonn\u00e9s sur son compte <strong>Instagram<\/strong>. A titre de comparaison, <strong>Teofimo Lopez<\/strong> (16 v, 12 KO), qui est le meilleur boxeur poids l\u00e9gers du moment, ne compte qu&rsquo;un demi-million d&rsquo;abonn\u00e9s.<strong> Saul Canelo Alvarez <\/strong>(54 v, 36KO, 1 d, 2 n), meilleur boxeur actuel toutes cat\u00e9gories confondues pour beaucoup de sp\u00e9cialistes, a 400 000 abonn\u00e9s de moins que <strong>Garcia<\/strong>. A travers ses comptes <strong>Instagram<\/strong> et <strong>Twitter<\/strong>, sa chaine <strong>Youtube<\/strong>, <strong>Ryan Garcia<\/strong> d\u00e9veloppe sa marque. Il s&rsquo;affiche aussi avec des c\u00e9l\u00e9brit\u00e9s des r\u00e9seaux sociaux, \u00e0 l&rsquo;image des fr\u00e8res <strong>Jake<\/strong> et <strong>Logan<\/strong> <strong>Paul<\/strong>. <strong>Ryan Garcia<\/strong> a tout compris aux codes de son \u00e9poque.<\/p>\n<p style=\"text-align: justify;\">Le jeune am\u00e9ricain a aussi sign\u00e9 avec le promoteur <strong>Golden Boy Promotions<\/strong>. <strong>Oscar de la Hoya<\/strong>, ancienne l\u00e9gende \u00e0 la t\u00eate de cette soci\u00e9t\u00e9 de promoteurs, ne tarit pas d&rsquo;\u00e9loges sur son jeune prot\u00e9g\u00e9. Dans une interview pour le journal britannique <strong>The Guardian<\/strong>, l&rsquo;ancien champion voit en <strong>Garcia<\/strong> la star montante de la boxe anglaise. \u00ab <em>Je crois qu&rsquo;il est destin\u00e9 \u00e0 devenir le boxeur le plus populaire du monde. A 22 ans, il a d\u00e9j\u00e0 7,5 millions de suiveurs sur Instagram, donc j&rsquo;imagine, quand il aura 30 ans comme Canelo, il aura 30 ou 40 millions d&rsquo;abonn\u00e9s, facile <\/em>\u00bb.<\/p>\n<p style=\"text-align: justify;\">Samedi, <strong>Ryan Garcia<\/strong> va disputer le combat le plus compliqu\u00e9 de sa jeune carri\u00e8re. S&rsquo;il bat <strong>Luke Campbell<\/strong>, il pourra rapidement pr\u00e9tendre \u00e0 un titre de champion du monde. Le <strong>Britannique<\/strong>, quant \u00e0 lui, cherche une nouvelle opportunit\u00e9 de boxer pour un titre mondial.<\/p>\n<blockquote class=\"twitter-tweet\">\n<p dir=\"ltr\" lang=\"fr\">Ryan Garcia &#x1f1fa;&#x1f1f2; vs Luke Campbell &#x1f1ec;&#x1f1e7;<\/p>\n<p>Dans la nuit de samedi 02\/01 \u00e0 dimanche 03\/01 sur DAZN !<\/p>\n<p>La pression commence \u00e0 monter&#8230; &#x1f92f;<a href=\"https:\/\/t.co\/qGb1hDEVfp\">pic.twitter.com\/qGb1hDEVfp<\/a><\/p>\n<p>\u2014 Overhand (@Overhand_fr) <a href=\"https:\/\/twitter.com\/Overhand_fr\/status\/1344764131832967172?ref_src=twsrc%5Etfw\">December 31, 2020<\/a><\/p><\/blockquote>\n<p><script async src=\"https:\/\/platform.twitter.com\/widgets.js\" charset=\"utf-8\"><\/script><\/p>\n<p style=\"text-align: justify;\"><em><strong>Alexandre Jeffroy<br \/>\n<a href=\"https:\/\/www.facebook.com\/alexandre.jeffroy.3\/\" target=\"_blank\" rel=\"noopener noreferrer\"><img loading=\"lazy\" decoding=\"async\" class=\"alignnone wp-image-2909\" src=\"http:\/\/dicodusport.fr\/blog\/wp-content\/uploads\/2017\/07\/logo-facebook-150x150.png\" sizes=\"auto, (max-width: 40px) 100vw, 40px\" srcset=\"https:\/\/dicodusport.fr\/blog\/wp-content\/uploads\/2017\/07\/logo-facebook-150x150.png 150w, https:\/\/dicodusport.fr\/blog\/wp-content\/uploads\/2017\/07\/logo-facebook-300x300.png 300w, https:\/\/dicodusport.fr\/blog\/wp-content\/uploads\/2017\/07\/logo-facebook.png 400w\" alt=\"\" width=\"40\" height=\"40\" \/><\/a><a href=\"https:\/\/twitter.com\/smokinalexjoe\" target=\"_blank\" rel=\"noopener noreferrer\"><img loading=\"lazy\" decoding=\"async\" class=\"alignnone wp-image-2908\" src=\"http:\/\/dicodusport.fr\/blog\/wp-content\/uploads\/2017\/07\/logo-twitter-150x150.png\" alt=\"\" width=\"39\" height=\"39\" \/><\/a><\/strong><\/em><\/p>\n","protected":false},"excerpt":{"rendered":"<p>Boxe anglaise &#8211; Poids l\u00e9gers \u2013 Pour bien commencer l\u2019ann\u00e9e, les amateurs de boxe auront le droit \u00e0 une belle affiche ce week-end. Le jeune boxeur prometteur am\u00e9ricain Ryan Garcia affronte le Britannique Luke Campbell. C\u2019est un combat attendu entre deux boxeurs du top 10 des poids l\u00e9gers.<\/p>\n","protected":false},"author":45,"featured_media":96258,"comment_status":"open","ping_status":"closed","sticky":false,"template":"","format":"standard","meta":{"_acf_changed":false,"_daextam_enable_autolinks":"","footnotes":""},"categories":[8672],"tags":[622,1696,6144,13250,13251],"class_list":["post-96217","post","type-post","status-publish","format-standard","has-post-thumbnail","hentry","category-boxe","tag-boxe","tag-boxe-anglaise","tag-dallas","tag-poids-legers","tag-ryan-garcia"],"acf":[],"yoast_head":"<!-- This site is optimized with the Yoast SEO Premium plugin v26.7 (Yoast SEO v26.7) - https:\/\/yoast.com\/wordpress\/plugins\/seo\/ -->\n<title>Le combat du week-end\u00a0: Ryan Garcia vs Luke Campbell<\/title>\n<meta name=\"description\" content=\"BOXE - Ce samedi, le jeune boxeur am\u00e9ricain Ryan Garcia affronte le Britannique Luke Campbell pour une affiche du top 10 poids l\u00e9gers.\" \/>\n<meta name=\"robots\" content=\"index, follow, max-snippet:-1, max-image-preview:large, max-video-preview:-1\" \/>\n<link rel=\"canonical\" href=\"https:\/\/dicodusport.fr\/blog\/le-combat-du-week-end-ryan-garcia-vs-luke-campbell\/\" \/>\n<meta property=\"og:locale\" content=\"fr_FR\" \/>\n<meta property=\"og:type\" content=\"article\" \/>\n<meta property=\"og:title\" content=\"Le combat du week-end\u00a0: Ryan Garcia vs Luke Campbell\" \/>\n<meta property=\"og:description\" content=\"BOXE - Ce samedi, le jeune boxeur am\u00e9ricain Ryan Garcia affronte le Britannique Luke Campbell pour une affiche du top 10 poids l\u00e9gers.\" \/>\n<meta property=\"og:url\" content=\"https:\/\/dicodusport.fr\/blog\/le-combat-du-week-end-ryan-garcia-vs-luke-campbell\/\" \/>\n<meta property=\"og:site_name\" content=\"Dicodusport\" \/>\n<meta property=\"article:publisher\" content=\"https:\/\/www.facebook.com\/dicodusport\" \/>\n<meta property=\"article:author\" content=\"https:\/\/www.facebook.com\/alexandre.jeffroy.3\/\" \/>\n<meta property=\"article:published_time\" content=\"2021-01-01T09:44:19+00:00\" \/>\n<meta property=\"article:modified_time\" content=\"2021-01-01T09:56:07+00:00\" \/>\n<meta property=\"og:image\" content=\"https:\/\/dicodusport.fr\/blog\/wp-content\/uploads\/2020\/12\/Le-combat-du-week-end-Ryan-Garcia-vs-Luke-Campbell.png\" \/>\n\t<meta property=\"og:image:width\" content=\"800\" \/>\n\t<meta property=\"og:image:height\" content=\"445\" \/>\n\t<meta property=\"og:image:type\" content=\"image\/png\" \/>\n<meta name=\"author\" content=\"Alexandre Jeffroy\" \/>\n<meta name=\"twitter:card\" content=\"summary_large_image\" \/>\n<meta name=\"twitter:title\" content=\"Le combat du week-end\u00a0: Ryan Garcia vs Luke Campbell\" \/>\n<meta name=\"twitter:creator\" content=\"@https:\/\/twitter.com\/smokinalexjoe\" \/>\n<meta name=\"twitter:site\" content=\"@dicodusport\" \/>\n<script type=\"application\/ld+json\" class=\"yoast-schema-graph\">{\"@context\":\"https:\/\/schema.org\",\"@graph\":[{\"@type\":\"NewsArticle\",\"@id\":\"https:\/\/dicodusport.fr\/blog\/le-combat-du-week-end-ryan-garcia-vs-luke-campbell\/#article\",\"isPartOf\":{\"@id\":\"https:\/\/dicodusport.fr\/blog\/le-combat-du-week-end-ryan-garcia-vs-luke-campbell\/\"},\"author\":{\"name\":\"Alexandre Jeffroy\",\"@id\":\"https:\/\/dicodusport.fr\/blog\/#\/schema\/person\/0e50be5ee9a0e6705846ac950257c4a0\"},\"headline\":\"Le combat du week-end\u00a0: Ryan Garcia vs Luke Campbell\",\"datePublished\":\"2021-01-01T09:44:19+00:00\",\"dateModified\":\"2021-01-01T09:56:07+00:00\",\"mainEntityOfPage\":{\"@id\":\"https:\/\/dicodusport.fr\/blog\/le-combat-du-week-end-ryan-garcia-vs-luke-campbell\/\"},\"wordCount\":1048,\"commentCount\":0,\"publisher\":{\"@id\":\"https:\/\/dicodusport.fr\/blog\/#organization\"},\"image\":{\"@id\":\"https:\/\/dicodusport.fr\/blog\/le-combat-du-week-end-ryan-garcia-vs-luke-campbell\/#primaryimage\"},\"thumbnailUrl\":\"https:\/\/dicodusport.fr\/blog\/wp-content\/uploads\/2020\/12\/Le-combat-du-week-end-Ryan-Garcia-vs-Luke-Campbell.png\",\"keywords\":[\"boxe\",\"boxe anglaise\",\"Dallas\",\"poids l\u00e9gers\",\"Ryan Garcia\"],\"articleSection\":[\"Boxe\"],\"inLanguage\":\"fr-FR\",\"potentialAction\":[{\"@type\":\"CommentAction\",\"name\":\"Comment\",\"target\":[\"https:\/\/dicodusport.fr\/blog\/le-combat-du-week-end-ryan-garcia-vs-luke-campbell\/#respond\"]}],\"copyrightYear\":\"2021\",\"copyrightHolder\":{\"@id\":\"https:\/\/dicodusport.fr\/blog\/#organization\"}},{\"@type\":\"WebPage\",\"@id\":\"https:\/\/dicodusport.fr\/blog\/le-combat-du-week-end-ryan-garcia-vs-luke-campbell\/\",\"url\":\"https:\/\/dicodusport.fr\/blog\/le-combat-du-week-end-ryan-garcia-vs-luke-campbell\/\",\"name\":\"Le combat du week-end\u00a0: Ryan Garcia vs Luke Campbell\",\"isPartOf\":{\"@id\":\"https:\/\/dicodusport.fr\/blog\/#website\"},\"primaryImageOfPage\":{\"@id\":\"https:\/\/dicodusport.fr\/blog\/le-combat-du-week-end-ryan-garcia-vs-luke-campbell\/#primaryimage\"},\"image\":{\"@id\":\"https:\/\/dicodusport.fr\/blog\/le-combat-du-week-end-ryan-garcia-vs-luke-campbell\/#primaryimage\"},\"thumbnailUrl\":\"https:\/\/dicodusport.fr\/blog\/wp-content\/uploads\/2020\/12\/Le-combat-du-week-end-Ryan-Garcia-vs-Luke-Campbell.png\",\"datePublished\":\"2021-01-01T09:44:19+00:00\",\"dateModified\":\"2021-01-01T09:56:07+00:00\",\"description\":\"BOXE - Ce samedi, le jeune boxeur am\u00e9ricain Ryan Garcia affronte le Britannique Luke Campbell pour une affiche du top 10 poids l\u00e9gers.\",\"breadcrumb\":{\"@id\":\"https:\/\/dicodusport.fr\/blog\/le-combat-du-week-end-ryan-garcia-vs-luke-campbell\/#breadcrumb\"},\"inLanguage\":\"fr-FR\",\"potentialAction\":[{\"@type\":\"ReadAction\",\"target\":[\"https:\/\/dicodusport.fr\/blog\/le-combat-du-week-end-ryan-garcia-vs-luke-campbell\/\"]}]},{\"@type\":\"ImageObject\",\"inLanguage\":\"fr-FR\",\"@id\":\"https:\/\/dicodusport.fr\/blog\/le-combat-du-week-end-ryan-garcia-vs-luke-campbell\/#primaryimage\",\"url\":\"https:\/\/dicodusport.fr\/blog\/wp-content\/uploads\/2020\/12\/Le-combat-du-week-end-Ryan-Garcia-vs-Luke-Campbell.png\",\"contentUrl\":\"https:\/\/dicodusport.fr\/blog\/wp-content\/uploads\/2020\/12\/Le-combat-du-week-end-Ryan-Garcia-vs-Luke-Campbell.png\",\"width\":800,\"height\":445,\"caption\":\"Le combat du week-end - Ryan Garcia vs Luke Campbell\"},{\"@type\":\"BreadcrumbList\",\"@id\":\"https:\/\/dicodusport.fr\/blog\/le-combat-du-week-end-ryan-garcia-vs-luke-campbell\/#breadcrumb\",\"itemListElement\":[{\"@type\":\"ListItem\",\"position\":1,\"name\":\"Accueil\",\"item\":\"https:\/\/dicodusport.fr\/blog\/\"},{\"@type\":\"ListItem\",\"position\":2,\"name\":\"Le combat du week-end\u00a0: Ryan Garcia vs Luke Campbell\"}]},{\"@type\":\"WebSite\",\"@id\":\"https:\/\/dicodusport.fr\/blog\/#website\",\"url\":\"https:\/\/dicodusport.fr\/blog\/\",\"name\":\"Dicodusport\",\"description\":\"L&#039;encyclop\u00e9die de l&#039;actualit\u00e9 sportive\",\"publisher\":{\"@id\":\"https:\/\/dicodusport.fr\/blog\/#organization\"},\"potentialAction\":[{\"@type\":\"SearchAction\",\"target\":{\"@type\":\"EntryPoint\",\"urlTemplate\":\"https:\/\/dicodusport.fr\/blog\/?s={search_term_string}\"},\"query-input\":{\"@type\":\"PropertyValueSpecification\",\"valueRequired\":true,\"valueName\":\"search_term_string\"}}],\"inLanguage\":\"fr-FR\"},{\"@type\":\"NewsMediaOrganization\",\"@id\":\"https:\/\/dicodusport.fr\/blog\/#organization\",\"name\":\"Dicodusport\",\"url\":\"https:\/\/dicodusport.fr\/blog\/\",\"logo\":{\"@type\":\"ImageObject\",\"inLanguage\":\"fr-FR\",\"@id\":\"https:\/\/dicodusport.fr\/blog\/#\/schema\/logo\/image\/\",\"url\":\"https:\/\/dicodusport.fr\/blog\/wp-content\/uploads\/2020\/06\/cropped-LOGO-DICODUSPORT-2020-SANS-FOND-SANS-TEXTE.png\",\"contentUrl\":\"https:\/\/dicodusport.fr\/blog\/wp-content\/uploads\/2020\/06\/cropped-LOGO-DICODUSPORT-2020-SANS-FOND-SANS-TEXTE.png\",\"width\":512,\"height\":512,\"caption\":\"Dicodusport\"},\"image\":{\"@id\":\"https:\/\/dicodusport.fr\/blog\/#\/schema\/logo\/image\/\"},\"sameAs\":[\"https:\/\/www.facebook.com\/dicodusport\",\"https:\/\/x.com\/dicodusport\",\"https:\/\/www.instagram.com\/dicodusport\/\",\"https:\/\/www.youtube.com\/channel\/UC7V2KZ5sd3htJivAbA4ZG3w\"],\"description\":\"Dicodusport est l'encyclop\u00e9die de l'actualit\u00e9 sportive.\",\"email\":\"bonjour@dicodusport.fr\",\"legalName\":\"DICODUSPORT\",\"foundingDate\":\"2018-01-14\",\"vatID\":\"FR71834470973\",\"taxID\":\"83447097300043\",\"numberOfEmployees\":{\"@type\":\"QuantitativeValue\",\"minValue\":\"1\",\"maxValue\":\"10\"}},{\"@type\":\"Person\",\"@id\":\"https:\/\/dicodusport.fr\/blog\/#\/schema\/person\/0e50be5ee9a0e6705846ac950257c4a0\",\"name\":\"Alexandre Jeffroy\",\"image\":{\"@type\":\"ImageObject\",\"inLanguage\":\"fr-FR\",\"@id\":\"https:\/\/dicodusport.fr\/blog\/#\/schema\/person\/image\/\",\"url\":\"https:\/\/dicodusport.fr\/blog\/wp-content\/uploads\/2021\/05\/Alexandre-Jeffroy-150x150.jpg\",\"contentUrl\":\"https:\/\/dicodusport.fr\/blog\/wp-content\/uploads\/2021\/05\/Alexandre-Jeffroy-150x150.jpg\",\"caption\":\"Alexandre Jeffroy\"},\"description\":\"Journaliste\/R\u00e9dacteur depuis octobre 2020 - Bolt qui foudroie le record du monde du 100 m\u00e8tres, les derniers essais de Dominici, les premi\u00e8res charges d\u00e9vastatrices de Bastarocket... de beaux souvenirs pour une grande passion, celle du sport. L\u2019histoire du sport aussi. Comprendre le r\u00f4le qu\u2019il a eu, celui qu\u2019il a et celui qu\u2019il aura dans notre soci\u00e9t\u00e9. Le sport au pass\u00e9, au pr\u00e9sent, au futur. Le sport tous les jours, matin, midi et soir. A d\u00e9faut d\u2019\u00eatre un grand sportif, je suis et je raconte l\u2019actualit\u00e9 et l\u2019histoire des championnes et des champions qui savent se d\u00e9passer pour accomplir des merveilles.\",\"sameAs\":[\"https:\/\/www.facebook.com\/alexandre.jeffroy.3\/\",\"https:\/\/x.com\/https:\/\/twitter.com\/smokinalexjoe\"],\"url\":\"https:\/\/dicodusport.fr\/blog\/author\/alexandrejeffroy\/\"}]}<\/script>\n<!-- \/ Yoast SEO Premium plugin. -->","yoast_head_json":{"title":"Le combat du week-end\u00a0: Ryan Garcia vs Luke Campbell","description":"BOXE - Ce samedi, le jeune boxeur am\u00e9ricain Ryan Garcia affronte le Britannique Luke Campbell pour une affiche du top 10 poids l\u00e9gers.","robots":{"index":"index","follow":"follow","max-snippet":"max-snippet:-1","max-image-preview":"max-image-preview:large","max-video-preview":"max-video-preview:-1"},"canonical":"https:\/\/dicodusport.fr\/blog\/le-combat-du-week-end-ryan-garcia-vs-luke-campbell\/","og_locale":"fr_FR","og_type":"article","og_title":"Le combat du week-end\u00a0: Ryan Garcia vs Luke Campbell","og_description":"BOXE - Ce samedi, le jeune boxeur am\u00e9ricain Ryan Garcia affronte le Britannique Luke Campbell pour une affiche du top 10 poids l\u00e9gers.","og_url":"https:\/\/dicodusport.fr\/blog\/le-combat-du-week-end-ryan-garcia-vs-luke-campbell\/","og_site_name":"Dicodusport","article_publisher":"https:\/\/www.facebook.com\/dicodusport","article_author":"https:\/\/www.facebook.com\/alexandre.jeffroy.3\/","article_published_time":"2021-01-01T09:44:19+00:00","article_modified_time":"2021-01-01T09:56:07+00:00","og_image":[{"width":800,"height":445,"url":"https:\/\/dicodusport.fr\/blog\/wp-content\/uploads\/2020\/12\/Le-combat-du-week-end-Ryan-Garcia-vs-Luke-Campbell.png","type":"image\/png"}],"author":"Alexandre Jeffroy","twitter_card":"summary_large_image","twitter_title":"Le combat du week-end\u00a0: Ryan Garcia vs Luke Campbell","twitter_creator":"@https:\/\/twitter.com\/smokinalexjoe","twitter_site":"@dicodusport","schema":{"@context":"https:\/\/schema.org","@graph":[{"@type":"NewsArticle","@id":"https:\/\/dicodusport.fr\/blog\/le-combat-du-week-end-ryan-garcia-vs-luke-campbell\/#article","isPartOf":{"@id":"https:\/\/dicodusport.fr\/blog\/le-combat-du-week-end-ryan-garcia-vs-luke-campbell\/"},"author":{"name":"Alexandre Jeffroy","@id":"https:\/\/dicodusport.fr\/blog\/#\/schema\/person\/0e50be5ee9a0e6705846ac950257c4a0"},"headline":"Le combat du week-end\u00a0: Ryan Garcia vs Luke Campbell","datePublished":"2021-01-01T09:44:19+00:00","dateModified":"2021-01-01T09:56:07+00:00","mainEntityOfPage":{"@id":"https:\/\/dicodusport.fr\/blog\/le-combat-du-week-end-ryan-garcia-vs-luke-campbell\/"},"wordCount":1048,"commentCount":0,"publisher":{"@id":"https:\/\/dicodusport.fr\/blog\/#organization"},"image":{"@id":"https:\/\/dicodusport.fr\/blog\/le-combat-du-week-end-ryan-garcia-vs-luke-campbell\/#primaryimage"},"thumbnailUrl":"https:\/\/dicodusport.fr\/blog\/wp-content\/uploads\/2020\/12\/Le-combat-du-week-end-Ryan-Garcia-vs-Luke-Campbell.png","keywords":["boxe","boxe anglaise","Dallas","poids l\u00e9gers","Ryan Garcia"],"articleSection":["Boxe"],"inLanguage":"fr-FR","potentialAction":[{"@type":"CommentAction","name":"Comment","target":["https:\/\/dicodusport.fr\/blog\/le-combat-du-week-end-ryan-garcia-vs-luke-campbell\/#respond"]}],"copyrightYear":"2021","copyrightHolder":{"@id":"https:\/\/dicodusport.fr\/blog\/#organization"}},{"@type":"WebPage","@id":"https:\/\/dicodusport.fr\/blog\/le-combat-du-week-end-ryan-garcia-vs-luke-campbell\/","url":"https:\/\/dicodusport.fr\/blog\/le-combat-du-week-end-ryan-garcia-vs-luke-campbell\/","name":"Le combat du week-end\u00a0: Ryan Garcia vs Luke Campbell","isPartOf":{"@id":"https:\/\/dicodusport.fr\/blog\/#website"},"primaryImageOfPage":{"@id":"https:\/\/dicodusport.fr\/blog\/le-combat-du-week-end-ryan-garcia-vs-luke-campbell\/#primaryimage"},"image":{"@id":"https:\/\/dicodusport.fr\/blog\/le-combat-du-week-end-ryan-garcia-vs-luke-campbell\/#primaryimage"},"thumbnailUrl":"https:\/\/dicodusport.fr\/blog\/wp-content\/uploads\/2020\/12\/Le-combat-du-week-end-Ryan-Garcia-vs-Luke-Campbell.png","datePublished":"2021-01-01T09:44:19+00:00","dateModified":"2021-01-01T09:56:07+00:00","description":"BOXE - Ce samedi, le jeune boxeur am\u00e9ricain Ryan Garcia affronte le Britannique Luke Campbell pour une affiche du top 10 poids l\u00e9gers.","breadcrumb":{"@id":"https:\/\/dicodusport.fr\/blog\/le-combat-du-week-end-ryan-garcia-vs-luke-campbell\/#breadcrumb"},"inLanguage":"fr-FR","potentialAction":[{"@type":"ReadAction","target":["https:\/\/dicodusport.fr\/blog\/le-combat-du-week-end-ryan-garcia-vs-luke-campbell\/"]}]},{"@type":"ImageObject","inLanguage":"fr-FR","@id":"https:\/\/dicodusport.fr\/blog\/le-combat-du-week-end-ryan-garcia-vs-luke-campbell\/#primaryimage","url":"https:\/\/dicodusport.fr\/blog\/wp-content\/uploads\/2020\/12\/Le-combat-du-week-end-Ryan-Garcia-vs-Luke-Campbell.png","contentUrl":"https:\/\/dicodusport.fr\/blog\/wp-content\/uploads\/2020\/12\/Le-combat-du-week-end-Ryan-Garcia-vs-Luke-Campbell.png","width":800,"height":445,"caption":"Le combat du week-end - Ryan Garcia vs Luke Campbell"},{"@type":"BreadcrumbList","@id":"https:\/\/dicodusport.fr\/blog\/le-combat-du-week-end-ryan-garcia-vs-luke-campbell\/#breadcrumb","itemListElement":[{"@type":"ListItem","position":1,"name":"Accueil","item":"https:\/\/dicodusport.fr\/blog\/"},{"@type":"ListItem","position":2,"name":"Le combat du week-end\u00a0: Ryan Garcia vs Luke Campbell"}]},{"@type":"WebSite","@id":"https:\/\/dicodusport.fr\/blog\/#website","url":"https:\/\/dicodusport.fr\/blog\/","name":"Dicodusport","description":"L&#039;encyclop\u00e9die de l&#039;actualit\u00e9 sportive","publisher":{"@id":"https:\/\/dicodusport.fr\/blog\/#organization"},"potentialAction":[{"@type":"SearchAction","target":{"@type":"EntryPoint","urlTemplate":"https:\/\/dicodusport.fr\/blog\/?s={search_term_string}"},"query-input":{"@type":"PropertyValueSpecification","valueRequired":true,"valueName":"search_term_string"}}],"inLanguage":"fr-FR"},{"@type":"NewsMediaOrganization","@id":"https:\/\/dicodusport.fr\/blog\/#organization","name":"Dicodusport","url":"https:\/\/dicodusport.fr\/blog\/","logo":{"@type":"ImageObject","inLanguage":"fr-FR","@id":"https:\/\/dicodusport.fr\/blog\/#\/schema\/logo\/image\/","url":"https:\/\/dicodusport.fr\/blog\/wp-content\/uploads\/2020\/06\/cropped-LOGO-DICODUSPORT-2020-SANS-FOND-SANS-TEXTE.png","contentUrl":"https:\/\/dicodusport.fr\/blog\/wp-content\/uploads\/2020\/06\/cropped-LOGO-DICODUSPORT-2020-SANS-FOND-SANS-TEXTE.png","width":512,"height":512,"caption":"Dicodusport"},"image":{"@id":"https:\/\/dicodusport.fr\/blog\/#\/schema\/logo\/image\/"},"sameAs":["https:\/\/www.facebook.com\/dicodusport","https:\/\/x.com\/dicodusport","https:\/\/www.instagram.com\/dicodusport\/","https:\/\/www.youtube.com\/channel\/UC7V2KZ5sd3htJivAbA4ZG3w"],"description":"Dicodusport est l'encyclop\u00e9die de l'actualit\u00e9 sportive.","email":"bonjour@dicodusport.fr","legalName":"DICODUSPORT","foundingDate":"2018-01-14","vatID":"FR71834470973","taxID":"83447097300043","numberOfEmployees":{"@type":"QuantitativeValue","minValue":"1","maxValue":"10"}},{"@type":"Person","@id":"https:\/\/dicodusport.fr\/blog\/#\/schema\/person\/0e50be5ee9a0e6705846ac950257c4a0","name":"Alexandre Jeffroy","image":{"@type":"ImageObject","inLanguage":"fr-FR","@id":"https:\/\/dicodusport.fr\/blog\/#\/schema\/person\/image\/","url":"https:\/\/dicodusport.fr\/blog\/wp-content\/uploads\/2021\/05\/Alexandre-Jeffroy-150x150.jpg","contentUrl":"https:\/\/dicodusport.fr\/blog\/wp-content\/uploads\/2021\/05\/Alexandre-Jeffroy-150x150.jpg","caption":"Alexandre Jeffroy"},"description":"Journaliste\/R\u00e9dacteur depuis octobre 2020 - Bolt qui foudroie le record du monde du 100 m\u00e8tres, les derniers essais de Dominici, les premi\u00e8res charges d\u00e9vastatrices de Bastarocket... de beaux souvenirs pour une grande passion, celle du sport. L\u2019histoire du sport aussi. Comprendre le r\u00f4le qu\u2019il a eu, celui qu\u2019il a et celui qu\u2019il aura dans notre soci\u00e9t\u00e9. Le sport au pass\u00e9, au pr\u00e9sent, au futur. Le sport tous les jours, matin, midi et soir. A d\u00e9faut d\u2019\u00eatre un grand sportif, je suis et je raconte l\u2019actualit\u00e9 et l\u2019histoire des championnes et des champions qui savent se d\u00e9passer pour accomplir des merveilles.","sameAs":["https:\/\/www.facebook.com\/alexandre.jeffroy.3\/","https:\/\/x.com\/https:\/\/twitter.com\/smokinalexjoe"],"url":"https:\/\/dicodusport.fr\/blog\/author\/alexandrejeffroy\/"}]}},"_links":{"self":[{"href":"https:\/\/dicodusport.fr\/blog\/wp-json\/wp\/v2\/posts\/96217","targetHints":{"allow":["GET"]}}],"collection":[{"href":"https:\/\/dicodusport.fr\/blog\/wp-json\/wp\/v2\/posts"}],"about":[{"href":"https:\/\/dicodusport.fr\/blog\/wp-json\/wp\/v2\/types\/post"}],"author":[{"embeddable":true,"href":"https:\/\/dicodusport.fr\/blog\/wp-json\/wp\/v2\/users\/45"}],"replies":[{"embeddable":true,"href":"https:\/\/dicodusport.fr\/blog\/wp-json\/wp\/v2\/comments?post=96217"}],"version-history":[{"count":0,"href":"https:\/\/dicodusport.fr\/blog\/wp-json\/wp\/v2\/posts\/96217\/revisions"}],"wp:featuredmedia":[{"embeddable":true,"href":"https:\/\/dicodusport.fr\/blog\/wp-json\/wp\/v2\/media\/96258"}],"wp:attachment":[{"href":"https:\/\/dicodusport.fr\/blog\/wp-json\/wp\/v2\/media?parent=96217"}],"wp:term":[{"taxonomy":"category","embeddable":true,"href":"https:\/\/dicodusport.fr\/blog\/wp-json\/wp\/v2\/categories?post=96217"},{"taxonomy":"post_tag","embeddable":true,"href":"https:\/\/dicodusport.fr\/blog\/wp-json\/wp\/v2\/tags?post=96217"}],"curies":[{"name":"wp","href":"https:\/\/api.w.org\/{rel}","templated":true}]}}