{"id":96286,"date":"2021-01-01T14:12:00","date_gmt":"2021-01-01T13:12:00","guid":{"rendered":"https:\/\/dicodusport.fr\/blog\/?p=96286&#038;preview=true&#038;preview_id=96286"},"modified":"2021-01-01T14:12:00","modified_gmt":"2021-01-01T13:12:00","slug":"ski-de-fond-richard-jouve-debute-2021-avec-un-podium-sur-le-sprint-de-val-mustair","status":"publish","type":"post","link":"https:\/\/dicodusport.fr\/blog\/ski-de-fond-richard-jouve-debute-2021-avec-un-podium-sur-le-sprint-de-val-mustair\/","title":{"rendered":"Ski de fond : Richard Jouve d\u00e9bute 2021 avec un podium sur le sprint de Val M\u00fcstair"},"content":{"rendered":"<p style=\"text-align: justify;\"><strong><em>SKI DE FOND &#8211; Richard Jouve lance id\u00e9alement son ann\u00e9e 201 avec une troisi\u00e8me place sur le sprint de Val M\u00fcstair. Lucas Chanavat est sixi\u00e8me.\u00a0<\/em><\/strong><\/p>\n<p style=\"text-align: justify;\">Deuxi\u00e8me de sa demi-finale derri\u00e8re <strong>Federico Pellegrino<\/strong>, <strong>Richard Jouve<\/strong> n&rsquo;a rien pu faire non plus face \u00e0 l&rsquo;Italien en finale. Mais le natif de Brian\u00e7on prend une belle troisi\u00e8me place. Federico Pellegrino a devanc\u00e9 le Russe <strong>Alexander Bolshunov<\/strong> de quelques m\u00e8tres sur la ligne d&rsquo;arriv\u00e9e. Vainqueur de sa demi-finale, <strong>Lucas Chanavat<\/strong> n&rsquo;a pas pu faire mieux que sixi\u00e8me de cette belle finale du sprint en Suisse.<\/p>\n<blockquote class=\"twitter-tweet\">\n<p dir=\"ltr\" lang=\"fr\">L\u2019ann\u00e9e 2021 commence bien pour <a href=\"https:\/\/twitter.com\/Richardjouve?ref_src=twsrc%5Etfw\">@Richardjouve<\/a> qui prend la 3e place du sprint de <a href=\"https:\/\/twitter.com\/hashtag\/ValMustair?src=hash&amp;ref_src=twsrc%5Etfw\">#ValMustair<\/a> derri\u00e8re un intouchable <a href=\"https:\/\/twitter.com\/hashtag\/Pellegrino?src=hash&amp;ref_src=twsrc%5Etfw\">#Pellegrino<\/a> et <a href=\"https:\/\/twitter.com\/hashtag\/Bolshunov?src=hash&amp;ref_src=twsrc%5Etfw\">#Bolshunov<\/a>. <a href=\"https:\/\/twitter.com\/ChanavatLucas?ref_src=twsrc%5Etfw\">@ChanavatLucas<\/a> 6e. <a href=\"https:\/\/twitter.com\/Eurosport_FR?ref_src=twsrc%5Etfw\">@Eurosport_FR<\/a> <a href=\"https:\/\/twitter.com\/hashtag\/ChaletClub?src=hash&amp;ref_src=twsrc%5Etfw\">#ChaletClub<\/a> <a href=\"https:\/\/twitter.com\/SimonDSantos?ref_src=twsrc%5Etfw\">@SimonDSantos<\/a> <a href=\"https:\/\/twitter.com\/JefDEVAUX?ref_src=twsrc%5Etfw\">@JefDEVAUX<\/a> <a href=\"https:\/\/t.co\/xx4oJvh5de\">pic.twitter.com\/xx4oJvh5de<\/a><\/p>\n<p>\u2014 Chalet &#x2744;&#xfe0f; Club (@ChaletClub2021) <a href=\"https:\/\/twitter.com\/ChaletClub2021\/status\/1344983236238307329?ref_src=twsrc%5Etfw\">January 1, 2021<\/a><\/p><\/blockquote>\n<p style=\"text-align: justify;\"><script async src=\"https:\/\/platform.twitter.com\/widgets.js\" charset=\"utf-8\"><\/script><\/p>\n<p style=\"text-align: justify;\"><strong><em>Dicodusport<br \/>\n<a href=\"https:\/\/www.facebook.com\/dicodusport\/\" target=\"_blank\" rel=\"noopener noreferrer\"><img loading=\"lazy\" decoding=\"async\" class=\"alignnone wp-image-2909\" src=\"http:\/\/dicodusport.fr\/blog\/wp-content\/uploads\/2017\/07\/logo-facebook-150x150.png\" alt=\"\" width=\"40\" height=\"40\" \/><\/a><a href=\"https:\/\/twitter.com\/dicodusport\" target=\"_blank\" rel=\"noopener noreferrer\"><img loading=\"lazy\" decoding=\"async\" class=\"alignnone wp-image-2908\" src=\"http:\/\/dicodusport.fr\/blog\/wp-content\/uploads\/2017\/07\/logo-twitter-150x150.png\" alt=\"\" width=\"39\" height=\"39\" \/><\/a><\/em><\/strong><\/p>\n","protected":false},"excerpt":{"rendered":"<p>SKI DE FOND &#8211; Richard Jouve lance id\u00e9alement son ann\u00e9e 201 avec une troisi\u00e8me place sur le sprint de Val M\u00fcstair. Lucas Chanavat est sixi\u00e8me.\u00a0<\/p>\n","protected":false},"author":1,"featured_media":96293,"comment_status":"open","ping_status":"closed","sticky":false,"template":"","format":"standard","meta":{"_acf_changed":false,"_daextam_enable_autolinks":"","footnotes":""},"categories":[2313],"tags":[3895,2819],"class_list":["post-96286","post","type-post","status-publish","format-standard","has-post-thumbnail","hentry","category-sports-dhiver","tag-richard-jouve","tag-ski-de-fond"],"acf":[],"yoast_head":"<!-- This site is optimized with the Yoast SEO Premium plugin v26.7 (Yoast SEO v26.7) - https:\/\/yoast.com\/wordpress\/plugins\/seo\/ -->\n<title>Ski de fond : Richard Jouve d\u00e9bute 2021 avec un podium sur le sprint de Val M\u00fcstair<\/title>\n<meta name=\"description\" content=\"SKI DE FOND - Richard Jouve lance id\u00e9alement son ann\u00e9e 201 avec une troisi\u00e8me place sur le sprint de Val M\u00fcstair. Lucas Chanavat est sixi\u00e8me.\u00a0\" \/>\n<meta name=\"robots\" content=\"index, follow, max-snippet:-1, max-image-preview:large, max-video-preview:-1\" \/>\n<link rel=\"canonical\" href=\"https:\/\/dicodusport.fr\/blog\/ski-de-fond-richard-jouve-debute-2021-avec-un-podium-sur-le-sprint-de-val-mustair\/\" \/>\n<meta property=\"og:locale\" content=\"fr_FR\" \/>\n<meta property=\"og:type\" content=\"article\" \/>\n<meta property=\"og:title\" content=\"Ski de fond : Richard Jouve d\u00e9bute 2021 avec un podium sur le sprint de Val M\u00fcstair\" \/>\n<meta property=\"og:description\" content=\"SKI DE FOND - Richard Jouve lance id\u00e9alement son ann\u00e9e 201 avec une troisi\u00e8me place sur le sprint de Val M\u00fcstair. Lucas Chanavat est sixi\u00e8me.\u00a0\" \/>\n<meta property=\"og:url\" content=\"https:\/\/dicodusport.fr\/blog\/ski-de-fond-richard-jouve-debute-2021-avec-un-podium-sur-le-sprint-de-val-mustair\/\" \/>\n<meta property=\"og:site_name\" content=\"Dicodusport\" \/>\n<meta property=\"article:publisher\" content=\"https:\/\/www.facebook.com\/dicodusport\" \/>\n<meta property=\"article:author\" content=\"https:\/\/www.facebook.com\/dicodusport\" \/>\n<meta property=\"article:published_time\" content=\"2021-01-01T13:12:00+00:00\" \/>\n<meta property=\"og:image\" content=\"https:\/\/dicodusport.fr\/blog\/wp-content\/uploads\/2021\/01\/Ski-de-fond-Richard-Jouve-d\u00e9bute-2021-avec-un-podium-sur-le-sprint-de-Val-M\u00fcstair.png\" \/>\n\t<meta property=\"og:image:width\" content=\"800\" \/>\n\t<meta property=\"og:image:height\" content=\"445\" \/>\n\t<meta property=\"og:image:type\" content=\"image\/png\" \/>\n<meta name=\"author\" content=\"Nicolas Jacquemard\" \/>\n<meta name=\"twitter:card\" content=\"summary_large_image\" \/>\n<meta name=\"twitter:title\" content=\"Ski de fond : Richard Jouve d\u00e9bute 2021 avec un podium sur le sprint de Val M\u00fcstair\" \/>\n<meta name=\"twitter:creator\" content=\"@https:\/\/twitter.com\/Nico_Jacquemard\" \/>\n<meta name=\"twitter:site\" content=\"@dicodusport\" \/>\n<script type=\"application\/ld+json\" class=\"yoast-schema-graph\">{\"@context\":\"https:\/\/schema.org\",\"@graph\":[{\"@type\":\"NewsArticle\",\"@id\":\"https:\/\/dicodusport.fr\/blog\/ski-de-fond-richard-jouve-debute-2021-avec-un-podium-sur-le-sprint-de-val-mustair\/#article\",\"isPartOf\":{\"@id\":\"https:\/\/dicodusport.fr\/blog\/ski-de-fond-richard-jouve-debute-2021-avec-un-podium-sur-le-sprint-de-val-mustair\/\"},\"author\":{\"name\":\"Nicolas Jacquemard\",\"@id\":\"https:\/\/dicodusport.fr\/blog\/#\/schema\/person\/55dcb50ad410894e431ed812bbb70191\"},\"headline\":\"Ski de fond : Richard Jouve d\u00e9bute 2021 avec un podium sur le sprint de Val M\u00fcstair\",\"datePublished\":\"2021-01-01T13:12:00+00:00\",\"mainEntityOfPage\":{\"@id\":\"https:\/\/dicodusport.fr\/blog\/ski-de-fond-richard-jouve-debute-2021-avec-un-podium-sur-le-sprint-de-val-mustair\/\"},\"wordCount\":166,\"commentCount\":0,\"publisher\":{\"@id\":\"https:\/\/dicodusport.fr\/blog\/#organization\"},\"image\":{\"@id\":\"https:\/\/dicodusport.fr\/blog\/ski-de-fond-richard-jouve-debute-2021-avec-un-podium-sur-le-sprint-de-val-mustair\/#primaryimage\"},\"thumbnailUrl\":\"https:\/\/dicodusport.fr\/blog\/wp-content\/uploads\/2021\/01\/Ski-de-fond-Richard-Jouve-d\u00e9bute-2021-avec-un-podium-sur-le-sprint-de-Val-M\u00fcstair.png\",\"keywords\":[\"Richard Jouve\",\"Ski de fond\"],\"articleSection\":[\"Sports d'hiver\"],\"inLanguage\":\"fr-FR\",\"potentialAction\":[{\"@type\":\"CommentAction\",\"name\":\"Comment\",\"target\":[\"https:\/\/dicodusport.fr\/blog\/ski-de-fond-richard-jouve-debute-2021-avec-un-podium-sur-le-sprint-de-val-mustair\/#respond\"]}],\"copyrightYear\":\"2021\",\"copyrightHolder\":{\"@id\":\"https:\/\/dicodusport.fr\/blog\/#organization\"}},{\"@type\":\"WebPage\",\"@id\":\"https:\/\/dicodusport.fr\/blog\/ski-de-fond-richard-jouve-debute-2021-avec-un-podium-sur-le-sprint-de-val-mustair\/\",\"url\":\"https:\/\/dicodusport.fr\/blog\/ski-de-fond-richard-jouve-debute-2021-avec-un-podium-sur-le-sprint-de-val-mustair\/\",\"name\":\"Ski de fond : Richard Jouve d\u00e9bute 2021 avec un podium sur le sprint de Val M\u00fcstair\",\"isPartOf\":{\"@id\":\"https:\/\/dicodusport.fr\/blog\/#website\"},\"primaryImageOfPage\":{\"@id\":\"https:\/\/dicodusport.fr\/blog\/ski-de-fond-richard-jouve-debute-2021-avec-un-podium-sur-le-sprint-de-val-mustair\/#primaryimage\"},\"image\":{\"@id\":\"https:\/\/dicodusport.fr\/blog\/ski-de-fond-richard-jouve-debute-2021-avec-un-podium-sur-le-sprint-de-val-mustair\/#primaryimage\"},\"thumbnailUrl\":\"https:\/\/dicodusport.fr\/blog\/wp-content\/uploads\/2021\/01\/Ski-de-fond-Richard-Jouve-d\u00e9bute-2021-avec-un-podium-sur-le-sprint-de-Val-M\u00fcstair.png\",\"datePublished\":\"2021-01-01T13:12:00+00:00\",\"description\":\"SKI DE FOND - Richard Jouve lance id\u00e9alement son ann\u00e9e 201 avec une troisi\u00e8me place sur le sprint de Val M\u00fcstair. Lucas Chanavat est sixi\u00e8me.\u00a0\",\"breadcrumb\":{\"@id\":\"https:\/\/dicodusport.fr\/blog\/ski-de-fond-richard-jouve-debute-2021-avec-un-podium-sur-le-sprint-de-val-mustair\/#breadcrumb\"},\"inLanguage\":\"fr-FR\",\"potentialAction\":[{\"@type\":\"ReadAction\",\"target\":[\"https:\/\/dicodusport.fr\/blog\/ski-de-fond-richard-jouve-debute-2021-avec-un-podium-sur-le-sprint-de-val-mustair\/\"]}]},{\"@type\":\"ImageObject\",\"inLanguage\":\"fr-FR\",\"@id\":\"https:\/\/dicodusport.fr\/blog\/ski-de-fond-richard-jouve-debute-2021-avec-un-podium-sur-le-sprint-de-val-mustair\/#primaryimage\",\"url\":\"https:\/\/dicodusport.fr\/blog\/wp-content\/uploads\/2021\/01\/Ski-de-fond-Richard-Jouve-d\u00e9bute-2021-avec-un-podium-sur-le-sprint-de-Val-M\u00fcstair.png\",\"contentUrl\":\"https:\/\/dicodusport.fr\/blog\/wp-content\/uploads\/2021\/01\/Ski-de-fond-Richard-Jouve-d\u00e9bute-2021-avec-un-podium-sur-le-sprint-de-Val-M\u00fcstair.png\",\"width\":800,\"height\":445,\"caption\":\"Ski de fond - Richard Jouve d\u00e9bute 2021 avec un podium sur le sprint de Val M\u00fcstair\"},{\"@type\":\"BreadcrumbList\",\"@id\":\"https:\/\/dicodusport.fr\/blog\/ski-de-fond-richard-jouve-debute-2021-avec-un-podium-sur-le-sprint-de-val-mustair\/#breadcrumb\",\"itemListElement\":[{\"@type\":\"ListItem\",\"position\":1,\"name\":\"Accueil\",\"item\":\"https:\/\/dicodusport.fr\/blog\/\"},{\"@type\":\"ListItem\",\"position\":2,\"name\":\"Ski de fond : Richard Jouve d\u00e9bute 2021 avec un podium sur le sprint de Val M\u00fcstair\"}]},{\"@type\":\"WebSite\",\"@id\":\"https:\/\/dicodusport.fr\/blog\/#website\",\"url\":\"https:\/\/dicodusport.fr\/blog\/\",\"name\":\"Dicodusport\",\"description\":\"L&#039;encyclop\u00e9die de l&#039;actualit\u00e9 sportive\",\"publisher\":{\"@id\":\"https:\/\/dicodusport.fr\/blog\/#organization\"},\"potentialAction\":[{\"@type\":\"SearchAction\",\"target\":{\"@type\":\"EntryPoint\",\"urlTemplate\":\"https:\/\/dicodusport.fr\/blog\/?s={search_term_string}\"},\"query-input\":{\"@type\":\"PropertyValueSpecification\",\"valueRequired\":true,\"valueName\":\"search_term_string\"}}],\"inLanguage\":\"fr-FR\"},{\"@type\":\"NewsMediaOrganization\",\"@id\":\"https:\/\/dicodusport.fr\/blog\/#organization\",\"name\":\"Dicodusport\",\"url\":\"https:\/\/dicodusport.fr\/blog\/\",\"logo\":{\"@type\":\"ImageObject\",\"inLanguage\":\"fr-FR\",\"@id\":\"https:\/\/dicodusport.fr\/blog\/#\/schema\/logo\/image\/\",\"url\":\"https:\/\/dicodusport.fr\/blog\/wp-content\/uploads\/2020\/06\/cropped-LOGO-DICODUSPORT-2020-SANS-FOND-SANS-TEXTE.png\",\"contentUrl\":\"https:\/\/dicodusport.fr\/blog\/wp-content\/uploads\/2020\/06\/cropped-LOGO-DICODUSPORT-2020-SANS-FOND-SANS-TEXTE.png\",\"width\":512,\"height\":512,\"caption\":\"Dicodusport\"},\"image\":{\"@id\":\"https:\/\/dicodusport.fr\/blog\/#\/schema\/logo\/image\/\"},\"sameAs\":[\"https:\/\/www.facebook.com\/dicodusport\",\"https:\/\/x.com\/dicodusport\",\"https:\/\/www.instagram.com\/dicodusport\/\",\"https:\/\/www.youtube.com\/channel\/UC7V2KZ5sd3htJivAbA4ZG3w\"],\"description\":\"Dicodusport est l'encyclop\u00e9die de l'actualit\u00e9 sportive.\",\"email\":\"bonjour@dicodusport.fr\",\"legalName\":\"DICODUSPORT\",\"foundingDate\":\"2018-01-14\",\"vatID\":\"FR71834470973\",\"taxID\":\"83447097300043\",\"numberOfEmployees\":{\"@type\":\"QuantitativeValue\",\"minValue\":\"1\",\"maxValue\":\"10\"}},{\"@type\":\"Person\",\"@id\":\"https:\/\/dicodusport.fr\/blog\/#\/schema\/person\/55dcb50ad410894e431ed812bbb70191\",\"name\":\"Nicolas Jacquemard\",\"image\":{\"@type\":\"ImageObject\",\"inLanguage\":\"fr-FR\",\"@id\":\"https:\/\/dicodusport.fr\/blog\/#\/schema\/person\/image\/\",\"url\":\"https:\/\/dicodusport.fr\/blog\/wp-content\/uploads\/2021\/05\/Nicolas-Jacquemard-150x150.jpeg\",\"contentUrl\":\"https:\/\/dicodusport.fr\/blog\/wp-content\/uploads\/2021\/05\/Nicolas-Jacquemard-150x150.jpeg\",\"caption\":\"Nicolas Jacquemard\"},\"description\":\"Passionn\u00e9 de sport et entrepreneur depuis mes 18 ans, la cr\u00e9ation de Dicodusport m'a sembl\u00e9 \u00e9vidente pour participer \u00e0 la m\u00e9diatisation d'un plus grand nombre de sports. Le chemin est long mais avec une \u00e9quipe des plus motiv\u00e9es et les Jeux Olympiques de Paris 2024 en point de mire, nous y arriverons ! Journaliste dans le monde du sport depuis plus de 5 ans, je traite aussi bien de football, de rugby, de biathlon que de cyclisme.\",\"sameAs\":[\"https:\/\/www.facebook.com\/dicodusport\",\"https:\/\/x.com\/https:\/\/twitter.com\/Nico_Jacquemard\"],\"url\":\"https:\/\/dicodusport.fr\/blog\/author\/dicodusport\/\"}]}<\/script>\n<!-- \/ Yoast SEO Premium plugin. -->","yoast_head_json":{"title":"Ski de fond : Richard Jouve d\u00e9bute 2021 avec un podium sur le sprint de Val M\u00fcstair","description":"SKI DE FOND - Richard Jouve lance id\u00e9alement son ann\u00e9e 201 avec une troisi\u00e8me place sur le sprint de Val M\u00fcstair. Lucas Chanavat est sixi\u00e8me.\u00a0","robots":{"index":"index","follow":"follow","max-snippet":"max-snippet:-1","max-image-preview":"max-image-preview:large","max-video-preview":"max-video-preview:-1"},"canonical":"https:\/\/dicodusport.fr\/blog\/ski-de-fond-richard-jouve-debute-2021-avec-un-podium-sur-le-sprint-de-val-mustair\/","og_locale":"fr_FR","og_type":"article","og_title":"Ski de fond : Richard Jouve d\u00e9bute 2021 avec un podium sur le sprint de Val M\u00fcstair","og_description":"SKI DE FOND - Richard Jouve lance id\u00e9alement son ann\u00e9e 201 avec une troisi\u00e8me place sur le sprint de Val M\u00fcstair. Lucas Chanavat est sixi\u00e8me.\u00a0","og_url":"https:\/\/dicodusport.fr\/blog\/ski-de-fond-richard-jouve-debute-2021-avec-un-podium-sur-le-sprint-de-val-mustair\/","og_site_name":"Dicodusport","article_publisher":"https:\/\/www.facebook.com\/dicodusport","article_author":"https:\/\/www.facebook.com\/dicodusport","article_published_time":"2021-01-01T13:12:00+00:00","og_image":[{"width":800,"height":445,"url":"https:\/\/dicodusport.fr\/blog\/wp-content\/uploads\/2021\/01\/Ski-de-fond-Richard-Jouve-d\u00e9bute-2021-avec-un-podium-sur-le-sprint-de-Val-M\u00fcstair.png","type":"image\/png"}],"author":"Nicolas Jacquemard","twitter_card":"summary_large_image","twitter_title":"Ski de fond : Richard Jouve d\u00e9bute 2021 avec un podium sur le sprint de Val M\u00fcstair","twitter_creator":"@https:\/\/twitter.com\/Nico_Jacquemard","twitter_site":"@dicodusport","schema":{"@context":"https:\/\/schema.org","@graph":[{"@type":"NewsArticle","@id":"https:\/\/dicodusport.fr\/blog\/ski-de-fond-richard-jouve-debute-2021-avec-un-podium-sur-le-sprint-de-val-mustair\/#article","isPartOf":{"@id":"https:\/\/dicodusport.fr\/blog\/ski-de-fond-richard-jouve-debute-2021-avec-un-podium-sur-le-sprint-de-val-mustair\/"},"author":{"name":"Nicolas Jacquemard","@id":"https:\/\/dicodusport.fr\/blog\/#\/schema\/person\/55dcb50ad410894e431ed812bbb70191"},"headline":"Ski de fond : Richard Jouve d\u00e9bute 2021 avec un podium sur le sprint de Val M\u00fcstair","datePublished":"2021-01-01T13:12:00+00:00","mainEntityOfPage":{"@id":"https:\/\/dicodusport.fr\/blog\/ski-de-fond-richard-jouve-debute-2021-avec-un-podium-sur-le-sprint-de-val-mustair\/"},"wordCount":166,"commentCount":0,"publisher":{"@id":"https:\/\/dicodusport.fr\/blog\/#organization"},"image":{"@id":"https:\/\/dicodusport.fr\/blog\/ski-de-fond-richard-jouve-debute-2021-avec-un-podium-sur-le-sprint-de-val-mustair\/#primaryimage"},"thumbnailUrl":"https:\/\/dicodusport.fr\/blog\/wp-content\/uploads\/2021\/01\/Ski-de-fond-Richard-Jouve-d\u00e9bute-2021-avec-un-podium-sur-le-sprint-de-Val-M\u00fcstair.png","keywords":["Richard Jouve","Ski de fond"],"articleSection":["Sports d'hiver"],"inLanguage":"fr-FR","potentialAction":[{"@type":"CommentAction","name":"Comment","target":["https:\/\/dicodusport.fr\/blog\/ski-de-fond-richard-jouve-debute-2021-avec-un-podium-sur-le-sprint-de-val-mustair\/#respond"]}],"copyrightYear":"2021","copyrightHolder":{"@id":"https:\/\/dicodusport.fr\/blog\/#organization"}},{"@type":"WebPage","@id":"https:\/\/dicodusport.fr\/blog\/ski-de-fond-richard-jouve-debute-2021-avec-un-podium-sur-le-sprint-de-val-mustair\/","url":"https:\/\/dicodusport.fr\/blog\/ski-de-fond-richard-jouve-debute-2021-avec-un-podium-sur-le-sprint-de-val-mustair\/","name":"Ski de fond : Richard Jouve d\u00e9bute 2021 avec un podium sur le sprint de Val M\u00fcstair","isPartOf":{"@id":"https:\/\/dicodusport.fr\/blog\/#website"},"primaryImageOfPage":{"@id":"https:\/\/dicodusport.fr\/blog\/ski-de-fond-richard-jouve-debute-2021-avec-un-podium-sur-le-sprint-de-val-mustair\/#primaryimage"},"image":{"@id":"https:\/\/dicodusport.fr\/blog\/ski-de-fond-richard-jouve-debute-2021-avec-un-podium-sur-le-sprint-de-val-mustair\/#primaryimage"},"thumbnailUrl":"https:\/\/dicodusport.fr\/blog\/wp-content\/uploads\/2021\/01\/Ski-de-fond-Richard-Jouve-d\u00e9bute-2021-avec-un-podium-sur-le-sprint-de-Val-M\u00fcstair.png","datePublished":"2021-01-01T13:12:00+00:00","description":"SKI DE FOND - Richard Jouve lance id\u00e9alement son ann\u00e9e 201 avec une troisi\u00e8me place sur le sprint de Val M\u00fcstair. Lucas Chanavat est sixi\u00e8me.\u00a0","breadcrumb":{"@id":"https:\/\/dicodusport.fr\/blog\/ski-de-fond-richard-jouve-debute-2021-avec-un-podium-sur-le-sprint-de-val-mustair\/#breadcrumb"},"inLanguage":"fr-FR","potentialAction":[{"@type":"ReadAction","target":["https:\/\/dicodusport.fr\/blog\/ski-de-fond-richard-jouve-debute-2021-avec-un-podium-sur-le-sprint-de-val-mustair\/"]}]},{"@type":"ImageObject","inLanguage":"fr-FR","@id":"https:\/\/dicodusport.fr\/blog\/ski-de-fond-richard-jouve-debute-2021-avec-un-podium-sur-le-sprint-de-val-mustair\/#primaryimage","url":"https:\/\/dicodusport.fr\/blog\/wp-content\/uploads\/2021\/01\/Ski-de-fond-Richard-Jouve-d\u00e9bute-2021-avec-un-podium-sur-le-sprint-de-Val-M\u00fcstair.png","contentUrl":"https:\/\/dicodusport.fr\/blog\/wp-content\/uploads\/2021\/01\/Ski-de-fond-Richard-Jouve-d\u00e9bute-2021-avec-un-podium-sur-le-sprint-de-Val-M\u00fcstair.png","width":800,"height":445,"caption":"Ski de fond - Richard Jouve d\u00e9bute 2021 avec un podium sur le sprint de Val M\u00fcstair"},{"@type":"BreadcrumbList","@id":"https:\/\/dicodusport.fr\/blog\/ski-de-fond-richard-jouve-debute-2021-avec-un-podium-sur-le-sprint-de-val-mustair\/#breadcrumb","itemListElement":[{"@type":"ListItem","position":1,"name":"Accueil","item":"https:\/\/dicodusport.fr\/blog\/"},{"@type":"ListItem","position":2,"name":"Ski de fond : Richard Jouve d\u00e9bute 2021 avec un podium sur le sprint de Val M\u00fcstair"}]},{"@type":"WebSite","@id":"https:\/\/dicodusport.fr\/blog\/#website","url":"https:\/\/dicodusport.fr\/blog\/","name":"Dicodusport","description":"L&#039;encyclop\u00e9die de l&#039;actualit\u00e9 sportive","publisher":{"@id":"https:\/\/dicodusport.fr\/blog\/#organization"},"potentialAction":[{"@type":"SearchAction","target":{"@type":"EntryPoint","urlTemplate":"https:\/\/dicodusport.fr\/blog\/?s={search_term_string}"},"query-input":{"@type":"PropertyValueSpecification","valueRequired":true,"valueName":"search_term_string"}}],"inLanguage":"fr-FR"},{"@type":"NewsMediaOrganization","@id":"https:\/\/dicodusport.fr\/blog\/#organization","name":"Dicodusport","url":"https:\/\/dicodusport.fr\/blog\/","logo":{"@type":"ImageObject","inLanguage":"fr-FR","@id":"https:\/\/dicodusport.fr\/blog\/#\/schema\/logo\/image\/","url":"https:\/\/dicodusport.fr\/blog\/wp-content\/uploads\/2020\/06\/cropped-LOGO-DICODUSPORT-2020-SANS-FOND-SANS-TEXTE.png","contentUrl":"https:\/\/dicodusport.fr\/blog\/wp-content\/uploads\/2020\/06\/cropped-LOGO-DICODUSPORT-2020-SANS-FOND-SANS-TEXTE.png","width":512,"height":512,"caption":"Dicodusport"},"image":{"@id":"https:\/\/dicodusport.fr\/blog\/#\/schema\/logo\/image\/"},"sameAs":["https:\/\/www.facebook.com\/dicodusport","https:\/\/x.com\/dicodusport","https:\/\/www.instagram.com\/dicodusport\/","https:\/\/www.youtube.com\/channel\/UC7V2KZ5sd3htJivAbA4ZG3w"],"description":"Dicodusport est l'encyclop\u00e9die de l'actualit\u00e9 sportive.","email":"bonjour@dicodusport.fr","legalName":"DICODUSPORT","foundingDate":"2018-01-14","vatID":"FR71834470973","taxID":"83447097300043","numberOfEmployees":{"@type":"QuantitativeValue","minValue":"1","maxValue":"10"}},{"@type":"Person","@id":"https:\/\/dicodusport.fr\/blog\/#\/schema\/person\/55dcb50ad410894e431ed812bbb70191","name":"Nicolas Jacquemard","image":{"@type":"ImageObject","inLanguage":"fr-FR","@id":"https:\/\/dicodusport.fr\/blog\/#\/schema\/person\/image\/","url":"https:\/\/dicodusport.fr\/blog\/wp-content\/uploads\/2021\/05\/Nicolas-Jacquemard-150x150.jpeg","contentUrl":"https:\/\/dicodusport.fr\/blog\/wp-content\/uploads\/2021\/05\/Nicolas-Jacquemard-150x150.jpeg","caption":"Nicolas Jacquemard"},"description":"Passionn\u00e9 de sport et entrepreneur depuis mes 18 ans, la cr\u00e9ation de Dicodusport m'a sembl\u00e9 \u00e9vidente pour participer \u00e0 la m\u00e9diatisation d'un plus grand nombre de sports. Le chemin est long mais avec une \u00e9quipe des plus motiv\u00e9es et les Jeux Olympiques de Paris 2024 en point de mire, nous y arriverons ! Journaliste dans le monde du sport depuis plus de 5 ans, je traite aussi bien de football, de rugby, de biathlon que de cyclisme.","sameAs":["https:\/\/www.facebook.com\/dicodusport","https:\/\/x.com\/https:\/\/twitter.com\/Nico_Jacquemard"],"url":"https:\/\/dicodusport.fr\/blog\/author\/dicodusport\/"}]}},"_links":{"self":[{"href":"https:\/\/dicodusport.fr\/blog\/wp-json\/wp\/v2\/posts\/96286","targetHints":{"allow":["GET"]}}],"collection":[{"href":"https:\/\/dicodusport.fr\/blog\/wp-json\/wp\/v2\/posts"}],"about":[{"href":"https:\/\/dicodusport.fr\/blog\/wp-json\/wp\/v2\/types\/post"}],"author":[{"embeddable":true,"href":"https:\/\/dicodusport.fr\/blog\/wp-json\/wp\/v2\/users\/1"}],"replies":[{"embeddable":true,"href":"https:\/\/dicodusport.fr\/blog\/wp-json\/wp\/v2\/comments?post=96286"}],"version-history":[{"count":0,"href":"https:\/\/dicodusport.fr\/blog\/wp-json\/wp\/v2\/posts\/96286\/revisions"}],"wp:featuredmedia":[{"embeddable":true,"href":"https:\/\/dicodusport.fr\/blog\/wp-json\/wp\/v2\/media\/96293"}],"wp:attachment":[{"href":"https:\/\/dicodusport.fr\/blog\/wp-json\/wp\/v2\/media?parent=96286"}],"wp:term":[{"taxonomy":"category","embeddable":true,"href":"https:\/\/dicodusport.fr\/blog\/wp-json\/wp\/v2\/categories?post=96286"},{"taxonomy":"post_tag","embeddable":true,"href":"https:\/\/dicodusport.fr\/blog\/wp-json\/wp\/v2\/tags?post=96286"}],"curies":[{"name":"wp","href":"https:\/\/api.w.org\/{rel}","templated":true}]}}