{"id":96613,"date":"2021-01-03T16:11:36","date_gmt":"2021-01-03T15:11:36","guid":{"rendered":"https:\/\/dicodusport.fr\/blog\/?p=96613&#038;preview=true&#038;preview_id=96613"},"modified":"2021-01-03T22:35:11","modified_gmt":"2021-01-03T21:35:11","slug":"cyclo-cross-coupe-du-monde-mathieu-van-der-poel-atomise-la-concurrence-a-hulst","status":"publish","type":"post","link":"https:\/\/dicodusport.fr\/blog\/cyclo-cross-coupe-du-monde-mathieu-van-der-poel-atomise-la-concurrence-a-hulst\/","title":{"rendered":"Coupe du monde : Mathieu van der Poel atomise la concurrence \u00e0 Hulst"},"content":{"rendered":"<p style=\"text-align: justify;\"><em><b><a href=\"https:\/\/dicodusport.fr\/blog\/cyclo-cross-calendrier-coupe-du-monde-2020-2021\/\" target=\"_blank\" rel=\"noopener noreferrer\">CYCLO-CROSS &#8211; COUPE DU MONDE 2020-2021<\/a> &#8211; Sans rival, Mathieu van der Poel a terrass\u00e9 la concurrence ce dimanche, \u00e0 Hulst (Pays-Bas), th\u00e9\u00e2tre de la 4\u00e8me manche de la Coupe du monde. Le N\u00e9erlandais, champion du monde en titre, a r\u00e9alis\u00e9 une d\u00e9monstration de force, ne laissant aucune chance \u00e0 Wout Van Aert, deuxi\u00e8me \u00e0 une minute et trente secondes. Tom Pidcock, troisi\u00e8me, compl\u00e8te le podium.<\/b><\/em><\/p>\n<p style=\"text-align: justify;\"><strong>Mathieu van der Poel<\/strong> est victorieux pour la troisi\u00e8me fois en trois jours en 2021. Ce dimanche, le N\u00e9erlandais a \u00e9t\u00e9 tout simplement monstrueux sur le circuit in\u00e9dit de Hulst, aux Pays-Bas, pour d\u00e9crocher son 8\u00e8me succ\u00e8s cette saison. Auteur d&rsquo;un excellent d\u00e9part en premi\u00e8re ligne, <strong>van der Poel<\/strong> a fait cavalier seul durant pratiquement toute la course, en dominant les d\u00e9bats lors des 10 tours au programme ce dimanche. C&rsquo;est son deuxi\u00e8me bouquet en Coupe du monde en 2020-2021, apr\u00e8s s&rsquo;\u00eatre impos\u00e9 \u00e0 Namur.<\/p>\n<p style=\"text-align: justify;\">Deuxi\u00e8me, <strong>Wout Van Aert<\/strong> n&rsquo;a pas exist\u00e9. Apr\u00e8s un d\u00e9part moyen, le Belge, leader du classement g\u00e9n\u00e9ral de la Coupe du monde, a commis de nombreuses erreurs en d\u00e9but de course, et notamment lors d&rsquo;un changement de v\u00e9lo. Au final, il termine \u00e0 1&rsquo;31 de son meilleur ennemi n\u00e9erlandais, qu&rsquo;il avait largement domin\u00e9 la semaine pass\u00e9e \u00e0 Dendermonde (Belgique). La r\u00e9ponse du berger \u00e0 la berg\u00e8re. Le Britannique <strong>Tom Pidcock<\/strong> compl\u00e8te quant \u00e0 lui le podium, apr\u00e8s avoir tenu longtemps dans la roue de Van Aert.<\/p>\n<blockquote class=\"twitter-tweet\">\n<p dir=\"ltr\" lang=\"en\">Once again we&rsquo;ve witnessed the supremacy of <a href=\"https:\/\/twitter.com\/mathieuvdpoel?ref_src=twsrc%5Etfw\">@mathieuvdpoel<\/a>. This is your podium:<\/p>\n<p>1&#xfe0f;&#x20e3; <a href=\"https:\/\/twitter.com\/mathieuvdpoel?ref_src=twsrc%5Etfw\">@mathieuvdpoel<\/a><br \/>\n2&#xfe0f;&#x20e3; <a href=\"https:\/\/twitter.com\/WoutvanAert?ref_src=twsrc%5Etfw\">@WoutvanAert<\/a><br \/>\n3&#xfe0f;&#x20e3; <a href=\"https:\/\/twitter.com\/Tompid?ref_src=twsrc%5Etfw\">@Tompid<\/a> <a href=\"https:\/\/twitter.com\/hashtag\/CXWorldCup?src=hash&amp;ref_src=twsrc%5Etfw\">#CXWorldCup<\/a> <a href=\"https:\/\/t.co\/CigOOAvu7N\">pic.twitter.com\/CigOOAvu7N<\/a><\/p>\n<p>\u2014 UCI Cyclo-cross World Cup (@UCIcyclocrossWC) <a href=\"https:\/\/twitter.com\/UCIcyclocrossWC\/status\/1345750718947487753?ref_src=twsrc%5Etfw\">January 3, 2021<\/a><\/p><\/blockquote>\n<p><script async src=\"https:\/\/platform.twitter.com\/widgets.js\" charset=\"utf-8\"><\/script><\/p>\n<h2 style=\"text-align: justify;\">Le classement g\u00e9n\u00e9ral de la Coupe du monde de cyclo-cross<\/h2>\n<blockquote class=\"twitter-tweet\">\n<p dir=\"ltr\" lang=\"it\"><a href=\"https:\/\/twitter.com\/hashtag\/ciclocross?src=hash&amp;ref_src=twsrc%5Etfw\">#ciclocross<\/a> <a href=\"https:\/\/twitter.com\/hashtag\/CXWorldCup?src=hash&amp;ref_src=twsrc%5Etfw\">#CXWorldCup<\/a><br \/>\nMathieu van der Poel risale al secondo posto in Coppa del Mondo e insidia il primato di Wout Van Aert.<\/p>\n<p>Il Campione del Mondo ha dominato la prova di Hulst lasciando il rivale diretto in seconda posizione. Al terzo posto ha chiuso Tom Pidcock &#x1f53d;<a href=\"https:\/\/twitter.com\/hashtag\/Hulst?src=hash&amp;ref_src=twsrc%5Etfw\">#Hulst<\/a> <a href=\"https:\/\/t.co\/Z3vuMabbIl\">pic.twitter.com\/Z3vuMabbIl<\/a><\/p>\n<p>\u2014 CyclingTime (@Cyclingtimenews) <a href=\"https:\/\/twitter.com\/Cyclingtimenews\/status\/1345756444059201538?ref_src=twsrc%5Etfw\">January 3, 2021<\/a><\/p><\/blockquote>\n<p><script async src=\"https:\/\/platform.twitter.com\/widgets.js\" charset=\"utf-8\"><\/script><\/p>\n<ul>\n<li style=\"text-align: justify;\"><strong>\u00c0 lire aussi &#8211; <a href=\"https:\/\/dicodusport.fr\/blog\/cyclo-cross-coupe-du-monde-hulst-classement-course-hommes\/\" target=\"_blank\" rel=\"noopener noreferrer\">Cyclo-cross \u2013 Coupe du monde de Hulst : le classement de la course hommes<\/a><\/strong><\/li>\n<\/ul>\n<p><strong><em>Dicodusport<br \/>\n<a href=\"https:\/\/www.facebook.com\/dicodusport\/\" target=\"_blank\" rel=\"noopener noreferrer\"><img loading=\"lazy\" decoding=\"async\" class=\"alignnone wp-image-2909\" src=\"http:\/\/dicodusport.fr\/blog\/wp-content\/uploads\/2017\/07\/logo-facebook-150x150.png\" alt=\"\" width=\"40\" height=\"40\" \/><\/a><a href=\"https:\/\/twitter.com\/dicodusport\" target=\"_blank\" rel=\"noopener noreferrer\"><img loading=\"lazy\" decoding=\"async\" class=\"alignnone wp-image-2908\" src=\"http:\/\/dicodusport.fr\/blog\/wp-content\/uploads\/2017\/07\/logo-twitter-150x150.png\" alt=\"\" width=\"39\" height=\"39\" \/><\/a><\/em><\/strong><\/p>\n","protected":false},"excerpt":{"rendered":"<p>CYCLO-CROSS &#8211; COUPE DU MONDE 2020-2021 &#8211; Sans rival, Mathieu van der Poel a terrass\u00e9 la concurrence ce dimanche, \u00e0 Hulst (Pays-Bas). Le N\u00e9erlandais, champion du monde en titre, a r\u00e9alis\u00e9 une d\u00e9monstration de force, ne laissant aucune chance \u00e0 Wout van Aert, deuxi\u00e8me \u00e0 plus d&rsquo;une minute et trente secondes. Tom Pidcock, troisi\u00e8me, compl\u00e8te le podium.<\/p>\n","protected":false},"author":4,"featured_media":96643,"comment_status":"open","ping_status":"closed","sticky":false,"template":"","format":"standard","meta":{"_acf_changed":false,"_daextam_enable_autolinks":"","footnotes":""},"categories":[9611],"tags":[13297,6666,13284,24],"class_list":["post-96613","post","type-post","status-publish","format-standard","has-post-thumbnail","hentry","category-cyclo-cross","tag-coupe-du-monde-de-hulst","tag-cyclo-cross","tag-cyclo-cross-hulst","tag-sport"],"acf":[],"yoast_head":"<!-- This site is optimized with the Yoast SEO Premium plugin v26.7 (Yoast SEO v26.7) - https:\/\/yoast.com\/wordpress\/plugins\/seo\/ -->\n<title>Coupe du monde : Mathieu van der Poel atomise la concurrence \u00e0 Hulst<\/title>\n<meta name=\"description\" content=\"CYCLO-CROSS - COUPE DU MONDE 2020-2021 - Sans rival, Mathieu van der Poel a terrass\u00e9 la concurrence ce dimanche, \u00e0 Hulst (Pays-Bas).\" \/>\n<meta name=\"robots\" content=\"index, follow, max-snippet:-1, max-image-preview:large, max-video-preview:-1\" \/>\n<link rel=\"canonical\" href=\"https:\/\/dicodusport.fr\/blog\/cyclo-cross-coupe-du-monde-mathieu-van-der-poel-atomise-la-concurrence-a-hulst\/\" \/>\n<meta property=\"og:locale\" content=\"fr_FR\" \/>\n<meta property=\"og:type\" content=\"article\" \/>\n<meta property=\"og:title\" content=\"Coupe du monde : Mathieu van der Poel atomise la concurrence \u00e0 Hulst\" \/>\n<meta property=\"og:description\" content=\"CYCLO-CROSS - COUPE DU MONDE 2020-2021 - Sans rival, Mathieu van der Poel a terrass\u00e9 la concurrence ce dimanche, \u00e0 Hulst (Pays-Bas).\" \/>\n<meta property=\"og:url\" content=\"https:\/\/dicodusport.fr\/blog\/cyclo-cross-coupe-du-monde-mathieu-van-der-poel-atomise-la-concurrence-a-hulst\/\" \/>\n<meta property=\"og:site_name\" content=\"Dicodusport\" \/>\n<meta property=\"article:publisher\" content=\"https:\/\/www.facebook.com\/dicodusport\" \/>\n<meta property=\"article:author\" content=\"https:\/\/www.facebook.com\/florent.ostermann\" \/>\n<meta property=\"article:published_time\" content=\"2021-01-03T15:11:36+00:00\" \/>\n<meta property=\"article:modified_time\" content=\"2021-01-03T21:35:11+00:00\" \/>\n<meta property=\"og:image\" content=\"https:\/\/dicodusport.fr\/blog\/wp-content\/uploads\/2021\/01\/Cyclo-cross-Coupe-du-monde-Mathieu-van-der-Poel-atomise-la-concurrence-\u00e0-Hulst.png\" \/>\n\t<meta property=\"og:image:width\" content=\"800\" \/>\n\t<meta property=\"og:image:height\" content=\"445\" \/>\n\t<meta property=\"og:image:type\" content=\"image\/png\" \/>\n<meta name=\"author\" content=\"Flo Ostermann\" \/>\n<meta name=\"twitter:card\" content=\"summary_large_image\" \/>\n<meta name=\"twitter:title\" content=\"Coupe du monde : Mathieu van der Poel atomise la concurrence \u00e0 Hulst\" \/>\n<meta name=\"twitter:creator\" content=\"@https:\/\/twitter.com\/FlOstermann\" \/>\n<meta name=\"twitter:site\" content=\"@dicodusport\" \/>\n<script type=\"application\/ld+json\" class=\"yoast-schema-graph\">{\"@context\":\"https:\/\/schema.org\",\"@graph\":[{\"@type\":\"NewsArticle\",\"@id\":\"https:\/\/dicodusport.fr\/blog\/cyclo-cross-coupe-du-monde-mathieu-van-der-poel-atomise-la-concurrence-a-hulst\/#article\",\"isPartOf\":{\"@id\":\"https:\/\/dicodusport.fr\/blog\/cyclo-cross-coupe-du-monde-mathieu-van-der-poel-atomise-la-concurrence-a-hulst\/\"},\"author\":{\"name\":\"Flo Ostermann\",\"@id\":\"https:\/\/dicodusport.fr\/blog\/#\/schema\/person\/cb02af4c173ce4a653b55e9baf388d4a\"},\"headline\":\"Coupe du monde : Mathieu van der Poel atomise la concurrence \u00e0 Hulst\",\"datePublished\":\"2021-01-03T15:11:36+00:00\",\"dateModified\":\"2021-01-03T21:35:11+00:00\",\"mainEntityOfPage\":{\"@id\":\"https:\/\/dicodusport.fr\/blog\/cyclo-cross-coupe-du-monde-mathieu-van-der-poel-atomise-la-concurrence-a-hulst\/\"},\"wordCount\":399,\"commentCount\":0,\"publisher\":{\"@id\":\"https:\/\/dicodusport.fr\/blog\/#organization\"},\"image\":{\"@id\":\"https:\/\/dicodusport.fr\/blog\/cyclo-cross-coupe-du-monde-mathieu-van-der-poel-atomise-la-concurrence-a-hulst\/#primaryimage\"},\"thumbnailUrl\":\"https:\/\/dicodusport.fr\/blog\/wp-content\/uploads\/2021\/01\/Cyclo-cross-Coupe-du-monde-Mathieu-van-der-Poel-atomise-la-concurrence-\u00e0-Hulst.png\",\"keywords\":[\"Coupe du monde de Hulst\",\"Cyclo-cross\",\"Cyclo-cross Hulst\",\"sport\"],\"articleSection\":[\"Cyclo-cross\"],\"inLanguage\":\"fr-FR\",\"potentialAction\":[{\"@type\":\"CommentAction\",\"name\":\"Comment\",\"target\":[\"https:\/\/dicodusport.fr\/blog\/cyclo-cross-coupe-du-monde-mathieu-van-der-poel-atomise-la-concurrence-a-hulst\/#respond\"]}],\"copyrightYear\":\"2021\",\"copyrightHolder\":{\"@id\":\"https:\/\/dicodusport.fr\/blog\/#organization\"}},{\"@type\":\"WebPage\",\"@id\":\"https:\/\/dicodusport.fr\/blog\/cyclo-cross-coupe-du-monde-mathieu-van-der-poel-atomise-la-concurrence-a-hulst\/\",\"url\":\"https:\/\/dicodusport.fr\/blog\/cyclo-cross-coupe-du-monde-mathieu-van-der-poel-atomise-la-concurrence-a-hulst\/\",\"name\":\"Coupe du monde : Mathieu van der Poel atomise la concurrence \u00e0 Hulst\",\"isPartOf\":{\"@id\":\"https:\/\/dicodusport.fr\/blog\/#website\"},\"primaryImageOfPage\":{\"@id\":\"https:\/\/dicodusport.fr\/blog\/cyclo-cross-coupe-du-monde-mathieu-van-der-poel-atomise-la-concurrence-a-hulst\/#primaryimage\"},\"image\":{\"@id\":\"https:\/\/dicodusport.fr\/blog\/cyclo-cross-coupe-du-monde-mathieu-van-der-poel-atomise-la-concurrence-a-hulst\/#primaryimage\"},\"thumbnailUrl\":\"https:\/\/dicodusport.fr\/blog\/wp-content\/uploads\/2021\/01\/Cyclo-cross-Coupe-du-monde-Mathieu-van-der-Poel-atomise-la-concurrence-\u00e0-Hulst.png\",\"datePublished\":\"2021-01-03T15:11:36+00:00\",\"dateModified\":\"2021-01-03T21:35:11+00:00\",\"description\":\"CYCLO-CROSS - COUPE DU MONDE 2020-2021 - Sans rival, Mathieu van der Poel a terrass\u00e9 la concurrence ce dimanche, \u00e0 Hulst (Pays-Bas).\",\"breadcrumb\":{\"@id\":\"https:\/\/dicodusport.fr\/blog\/cyclo-cross-coupe-du-monde-mathieu-van-der-poel-atomise-la-concurrence-a-hulst\/#breadcrumb\"},\"inLanguage\":\"fr-FR\",\"potentialAction\":[{\"@type\":\"ReadAction\",\"target\":[\"https:\/\/dicodusport.fr\/blog\/cyclo-cross-coupe-du-monde-mathieu-van-der-poel-atomise-la-concurrence-a-hulst\/\"]}]},{\"@type\":\"ImageObject\",\"inLanguage\":\"fr-FR\",\"@id\":\"https:\/\/dicodusport.fr\/blog\/cyclo-cross-coupe-du-monde-mathieu-van-der-poel-atomise-la-concurrence-a-hulst\/#primaryimage\",\"url\":\"https:\/\/dicodusport.fr\/blog\/wp-content\/uploads\/2021\/01\/Cyclo-cross-Coupe-du-monde-Mathieu-van-der-Poel-atomise-la-concurrence-\u00e0-Hulst.png\",\"contentUrl\":\"https:\/\/dicodusport.fr\/blog\/wp-content\/uploads\/2021\/01\/Cyclo-cross-Coupe-du-monde-Mathieu-van-der-Poel-atomise-la-concurrence-\u00e0-Hulst.png\",\"width\":800,\"height\":445,\"caption\":\"Cyclo-cross - Coupe du monde - Mathieu van der Poel atomise la concurrence \u00e0 Hulst\"},{\"@type\":\"BreadcrumbList\",\"@id\":\"https:\/\/dicodusport.fr\/blog\/cyclo-cross-coupe-du-monde-mathieu-van-der-poel-atomise-la-concurrence-a-hulst\/#breadcrumb\",\"itemListElement\":[{\"@type\":\"ListItem\",\"position\":1,\"name\":\"Accueil\",\"item\":\"https:\/\/dicodusport.fr\/blog\/\"},{\"@type\":\"ListItem\",\"position\":2,\"name\":\"Coupe du monde : Mathieu van der Poel atomise la concurrence \u00e0 Hulst\"}]},{\"@type\":\"WebSite\",\"@id\":\"https:\/\/dicodusport.fr\/blog\/#website\",\"url\":\"https:\/\/dicodusport.fr\/blog\/\",\"name\":\"Dicodusport\",\"description\":\"L&#039;encyclop\u00e9die de l&#039;actualit\u00e9 sportive\",\"publisher\":{\"@id\":\"https:\/\/dicodusport.fr\/blog\/#organization\"},\"potentialAction\":[{\"@type\":\"SearchAction\",\"target\":{\"@type\":\"EntryPoint\",\"urlTemplate\":\"https:\/\/dicodusport.fr\/blog\/?s={search_term_string}\"},\"query-input\":{\"@type\":\"PropertyValueSpecification\",\"valueRequired\":true,\"valueName\":\"search_term_string\"}}],\"inLanguage\":\"fr-FR\"},{\"@type\":\"NewsMediaOrganization\",\"@id\":\"https:\/\/dicodusport.fr\/blog\/#organization\",\"name\":\"Dicodusport\",\"url\":\"https:\/\/dicodusport.fr\/blog\/\",\"logo\":{\"@type\":\"ImageObject\",\"inLanguage\":\"fr-FR\",\"@id\":\"https:\/\/dicodusport.fr\/blog\/#\/schema\/logo\/image\/\",\"url\":\"https:\/\/dicodusport.fr\/blog\/wp-content\/uploads\/2020\/06\/cropped-LOGO-DICODUSPORT-2020-SANS-FOND-SANS-TEXTE.png\",\"contentUrl\":\"https:\/\/dicodusport.fr\/blog\/wp-content\/uploads\/2020\/06\/cropped-LOGO-DICODUSPORT-2020-SANS-FOND-SANS-TEXTE.png\",\"width\":512,\"height\":512,\"caption\":\"Dicodusport\"},\"image\":{\"@id\":\"https:\/\/dicodusport.fr\/blog\/#\/schema\/logo\/image\/\"},\"sameAs\":[\"https:\/\/www.facebook.com\/dicodusport\",\"https:\/\/x.com\/dicodusport\",\"https:\/\/www.instagram.com\/dicodusport\/\",\"https:\/\/www.youtube.com\/channel\/UC7V2KZ5sd3htJivAbA4ZG3w\"],\"description\":\"Dicodusport est l'encyclop\u00e9die de l'actualit\u00e9 sportive.\",\"email\":\"bonjour@dicodusport.fr\",\"legalName\":\"DICODUSPORT\",\"foundingDate\":\"2018-01-14\",\"vatID\":\"FR71834470973\",\"taxID\":\"83447097300043\",\"numberOfEmployees\":{\"@type\":\"QuantitativeValue\",\"minValue\":\"1\",\"maxValue\":\"10\"}},{\"@type\":\"Person\",\"@id\":\"https:\/\/dicodusport.fr\/blog\/#\/schema\/person\/cb02af4c173ce4a653b55e9baf388d4a\",\"name\":\"Flo Ostermann\",\"image\":{\"@type\":\"ImageObject\",\"inLanguage\":\"fr-FR\",\"@id\":\"https:\/\/dicodusport.fr\/blog\/#\/schema\/person\/image\/\",\"url\":\"https:\/\/dicodusport.fr\/blog\/wp-content\/uploads\/2021\/05\/Flo-Ostermann-150x150.jpg\",\"contentUrl\":\"https:\/\/dicodusport.fr\/blog\/wp-content\/uploads\/2021\/05\/Flo-Ostermann-150x150.jpg\",\"caption\":\"Flo Ostermann\"},\"description\":\"Journaliste\/R\u00e9dacteur depuis septembre 2015 - Mes premiers souvenirs dans le sport ? Les envol\u00e9es du Stade Toulousain et les duels Villeneuve-Schumacher et H\u00e4kkinen-Schumacher \u00e0 la fin des ann\u00e9es 90, la Coupe du monde de football en 1998, l\u2019exploit du XV de France face aux All Blacks en 1999, mais aussi Richard C\u0153ur de Lion qui vole sur les montagnes du Tour de France. Bien parti pour devenir professeur d\u2019EPS, les \u00e9v\u00e9nements de la vie (et la flemme d\u2019animer des s\u00e9ances de 3x500 m\u00e8tres toute ma vie) m\u2019ont conduit \u00e0 revoir mes plans. Me voil\u00e0 depuis fin 2017 sur Dicodusport, m\u00e9dia gr\u00e2ce (et pour) lequel je partage ma passion : le sport dans tous ses \u00e9tats. Le tout accompagn\u00e9 par les fous furieux et folles furieuses cit\u00e9s sur cette page !\",\"sameAs\":[\"https:\/\/www.facebook.com\/florent.ostermann\",\"https:\/\/x.com\/https:\/\/twitter.com\/FlOstermann\",\"admin\"],\"url\":\"https:\/\/dicodusport.fr\/blog\/author\/flo\/\"}]}<\/script>\n<!-- \/ Yoast SEO Premium plugin. -->","yoast_head_json":{"title":"Coupe du monde : Mathieu van der Poel atomise la concurrence \u00e0 Hulst","description":"CYCLO-CROSS - COUPE DU MONDE 2020-2021 - Sans rival, Mathieu van der Poel a terrass\u00e9 la concurrence ce dimanche, \u00e0 Hulst (Pays-Bas).","robots":{"index":"index","follow":"follow","max-snippet":"max-snippet:-1","max-image-preview":"max-image-preview:large","max-video-preview":"max-video-preview:-1"},"canonical":"https:\/\/dicodusport.fr\/blog\/cyclo-cross-coupe-du-monde-mathieu-van-der-poel-atomise-la-concurrence-a-hulst\/","og_locale":"fr_FR","og_type":"article","og_title":"Coupe du monde : Mathieu van der Poel atomise la concurrence \u00e0 Hulst","og_description":"CYCLO-CROSS - COUPE DU MONDE 2020-2021 - Sans rival, Mathieu van der Poel a terrass\u00e9 la concurrence ce dimanche, \u00e0 Hulst (Pays-Bas).","og_url":"https:\/\/dicodusport.fr\/blog\/cyclo-cross-coupe-du-monde-mathieu-van-der-poel-atomise-la-concurrence-a-hulst\/","og_site_name":"Dicodusport","article_publisher":"https:\/\/www.facebook.com\/dicodusport","article_author":"https:\/\/www.facebook.com\/florent.ostermann","article_published_time":"2021-01-03T15:11:36+00:00","article_modified_time":"2021-01-03T21:35:11+00:00","og_image":[{"width":800,"height":445,"url":"https:\/\/dicodusport.fr\/blog\/wp-content\/uploads\/2021\/01\/Cyclo-cross-Coupe-du-monde-Mathieu-van-der-Poel-atomise-la-concurrence-\u00e0-Hulst.png","type":"image\/png"}],"author":"Flo Ostermann","twitter_card":"summary_large_image","twitter_title":"Coupe du monde : Mathieu van der Poel atomise la concurrence \u00e0 Hulst","twitter_creator":"@https:\/\/twitter.com\/FlOstermann","twitter_site":"@dicodusport","schema":{"@context":"https:\/\/schema.org","@graph":[{"@type":"NewsArticle","@id":"https:\/\/dicodusport.fr\/blog\/cyclo-cross-coupe-du-monde-mathieu-van-der-poel-atomise-la-concurrence-a-hulst\/#article","isPartOf":{"@id":"https:\/\/dicodusport.fr\/blog\/cyclo-cross-coupe-du-monde-mathieu-van-der-poel-atomise-la-concurrence-a-hulst\/"},"author":{"name":"Flo Ostermann","@id":"https:\/\/dicodusport.fr\/blog\/#\/schema\/person\/cb02af4c173ce4a653b55e9baf388d4a"},"headline":"Coupe du monde : Mathieu van der Poel atomise la concurrence \u00e0 Hulst","datePublished":"2021-01-03T15:11:36+00:00","dateModified":"2021-01-03T21:35:11+00:00","mainEntityOfPage":{"@id":"https:\/\/dicodusport.fr\/blog\/cyclo-cross-coupe-du-monde-mathieu-van-der-poel-atomise-la-concurrence-a-hulst\/"},"wordCount":399,"commentCount":0,"publisher":{"@id":"https:\/\/dicodusport.fr\/blog\/#organization"},"image":{"@id":"https:\/\/dicodusport.fr\/blog\/cyclo-cross-coupe-du-monde-mathieu-van-der-poel-atomise-la-concurrence-a-hulst\/#primaryimage"},"thumbnailUrl":"https:\/\/dicodusport.fr\/blog\/wp-content\/uploads\/2021\/01\/Cyclo-cross-Coupe-du-monde-Mathieu-van-der-Poel-atomise-la-concurrence-\u00e0-Hulst.png","keywords":["Coupe du monde de Hulst","Cyclo-cross","Cyclo-cross Hulst","sport"],"articleSection":["Cyclo-cross"],"inLanguage":"fr-FR","potentialAction":[{"@type":"CommentAction","name":"Comment","target":["https:\/\/dicodusport.fr\/blog\/cyclo-cross-coupe-du-monde-mathieu-van-der-poel-atomise-la-concurrence-a-hulst\/#respond"]}],"copyrightYear":"2021","copyrightHolder":{"@id":"https:\/\/dicodusport.fr\/blog\/#organization"}},{"@type":"WebPage","@id":"https:\/\/dicodusport.fr\/blog\/cyclo-cross-coupe-du-monde-mathieu-van-der-poel-atomise-la-concurrence-a-hulst\/","url":"https:\/\/dicodusport.fr\/blog\/cyclo-cross-coupe-du-monde-mathieu-van-der-poel-atomise-la-concurrence-a-hulst\/","name":"Coupe du monde : Mathieu van der Poel atomise la concurrence \u00e0 Hulst","isPartOf":{"@id":"https:\/\/dicodusport.fr\/blog\/#website"},"primaryImageOfPage":{"@id":"https:\/\/dicodusport.fr\/blog\/cyclo-cross-coupe-du-monde-mathieu-van-der-poel-atomise-la-concurrence-a-hulst\/#primaryimage"},"image":{"@id":"https:\/\/dicodusport.fr\/blog\/cyclo-cross-coupe-du-monde-mathieu-van-der-poel-atomise-la-concurrence-a-hulst\/#primaryimage"},"thumbnailUrl":"https:\/\/dicodusport.fr\/blog\/wp-content\/uploads\/2021\/01\/Cyclo-cross-Coupe-du-monde-Mathieu-van-der-Poel-atomise-la-concurrence-\u00e0-Hulst.png","datePublished":"2021-01-03T15:11:36+00:00","dateModified":"2021-01-03T21:35:11+00:00","description":"CYCLO-CROSS - COUPE DU MONDE 2020-2021 - Sans rival, Mathieu van der Poel a terrass\u00e9 la concurrence ce dimanche, \u00e0 Hulst (Pays-Bas).","breadcrumb":{"@id":"https:\/\/dicodusport.fr\/blog\/cyclo-cross-coupe-du-monde-mathieu-van-der-poel-atomise-la-concurrence-a-hulst\/#breadcrumb"},"inLanguage":"fr-FR","potentialAction":[{"@type":"ReadAction","target":["https:\/\/dicodusport.fr\/blog\/cyclo-cross-coupe-du-monde-mathieu-van-der-poel-atomise-la-concurrence-a-hulst\/"]}]},{"@type":"ImageObject","inLanguage":"fr-FR","@id":"https:\/\/dicodusport.fr\/blog\/cyclo-cross-coupe-du-monde-mathieu-van-der-poel-atomise-la-concurrence-a-hulst\/#primaryimage","url":"https:\/\/dicodusport.fr\/blog\/wp-content\/uploads\/2021\/01\/Cyclo-cross-Coupe-du-monde-Mathieu-van-der-Poel-atomise-la-concurrence-\u00e0-Hulst.png","contentUrl":"https:\/\/dicodusport.fr\/blog\/wp-content\/uploads\/2021\/01\/Cyclo-cross-Coupe-du-monde-Mathieu-van-der-Poel-atomise-la-concurrence-\u00e0-Hulst.png","width":800,"height":445,"caption":"Cyclo-cross - Coupe du monde - Mathieu van der Poel atomise la concurrence \u00e0 Hulst"},{"@type":"BreadcrumbList","@id":"https:\/\/dicodusport.fr\/blog\/cyclo-cross-coupe-du-monde-mathieu-van-der-poel-atomise-la-concurrence-a-hulst\/#breadcrumb","itemListElement":[{"@type":"ListItem","position":1,"name":"Accueil","item":"https:\/\/dicodusport.fr\/blog\/"},{"@type":"ListItem","position":2,"name":"Coupe du monde : Mathieu van der Poel atomise la concurrence \u00e0 Hulst"}]},{"@type":"WebSite","@id":"https:\/\/dicodusport.fr\/blog\/#website","url":"https:\/\/dicodusport.fr\/blog\/","name":"Dicodusport","description":"L&#039;encyclop\u00e9die de l&#039;actualit\u00e9 sportive","publisher":{"@id":"https:\/\/dicodusport.fr\/blog\/#organization"},"potentialAction":[{"@type":"SearchAction","target":{"@type":"EntryPoint","urlTemplate":"https:\/\/dicodusport.fr\/blog\/?s={search_term_string}"},"query-input":{"@type":"PropertyValueSpecification","valueRequired":true,"valueName":"search_term_string"}}],"inLanguage":"fr-FR"},{"@type":"NewsMediaOrganization","@id":"https:\/\/dicodusport.fr\/blog\/#organization","name":"Dicodusport","url":"https:\/\/dicodusport.fr\/blog\/","logo":{"@type":"ImageObject","inLanguage":"fr-FR","@id":"https:\/\/dicodusport.fr\/blog\/#\/schema\/logo\/image\/","url":"https:\/\/dicodusport.fr\/blog\/wp-content\/uploads\/2020\/06\/cropped-LOGO-DICODUSPORT-2020-SANS-FOND-SANS-TEXTE.png","contentUrl":"https:\/\/dicodusport.fr\/blog\/wp-content\/uploads\/2020\/06\/cropped-LOGO-DICODUSPORT-2020-SANS-FOND-SANS-TEXTE.png","width":512,"height":512,"caption":"Dicodusport"},"image":{"@id":"https:\/\/dicodusport.fr\/blog\/#\/schema\/logo\/image\/"},"sameAs":["https:\/\/www.facebook.com\/dicodusport","https:\/\/x.com\/dicodusport","https:\/\/www.instagram.com\/dicodusport\/","https:\/\/www.youtube.com\/channel\/UC7V2KZ5sd3htJivAbA4ZG3w"],"description":"Dicodusport est l'encyclop\u00e9die de l'actualit\u00e9 sportive.","email":"bonjour@dicodusport.fr","legalName":"DICODUSPORT","foundingDate":"2018-01-14","vatID":"FR71834470973","taxID":"83447097300043","numberOfEmployees":{"@type":"QuantitativeValue","minValue":"1","maxValue":"10"}},{"@type":"Person","@id":"https:\/\/dicodusport.fr\/blog\/#\/schema\/person\/cb02af4c173ce4a653b55e9baf388d4a","name":"Flo Ostermann","image":{"@type":"ImageObject","inLanguage":"fr-FR","@id":"https:\/\/dicodusport.fr\/blog\/#\/schema\/person\/image\/","url":"https:\/\/dicodusport.fr\/blog\/wp-content\/uploads\/2021\/05\/Flo-Ostermann-150x150.jpg","contentUrl":"https:\/\/dicodusport.fr\/blog\/wp-content\/uploads\/2021\/05\/Flo-Ostermann-150x150.jpg","caption":"Flo Ostermann"},"description":"Journaliste\/R\u00e9dacteur depuis septembre 2015 - Mes premiers souvenirs dans le sport ? Les envol\u00e9es du Stade Toulousain et les duels Villeneuve-Schumacher et H\u00e4kkinen-Schumacher \u00e0 la fin des ann\u00e9es 90, la Coupe du monde de football en 1998, l\u2019exploit du XV de France face aux All Blacks en 1999, mais aussi Richard C\u0153ur de Lion qui vole sur les montagnes du Tour de France. Bien parti pour devenir professeur d\u2019EPS, les \u00e9v\u00e9nements de la vie (et la flemme d\u2019animer des s\u00e9ances de 3x500 m\u00e8tres toute ma vie) m\u2019ont conduit \u00e0 revoir mes plans. Me voil\u00e0 depuis fin 2017 sur Dicodusport, m\u00e9dia gr\u00e2ce (et pour) lequel je partage ma passion : le sport dans tous ses \u00e9tats. Le tout accompagn\u00e9 par les fous furieux et folles furieuses cit\u00e9s sur cette page !","sameAs":["https:\/\/www.facebook.com\/florent.ostermann","https:\/\/x.com\/https:\/\/twitter.com\/FlOstermann","admin"],"url":"https:\/\/dicodusport.fr\/blog\/author\/flo\/"}]}},"_links":{"self":[{"href":"https:\/\/dicodusport.fr\/blog\/wp-json\/wp\/v2\/posts\/96613","targetHints":{"allow":["GET"]}}],"collection":[{"href":"https:\/\/dicodusport.fr\/blog\/wp-json\/wp\/v2\/posts"}],"about":[{"href":"https:\/\/dicodusport.fr\/blog\/wp-json\/wp\/v2\/types\/post"}],"author":[{"embeddable":true,"href":"https:\/\/dicodusport.fr\/blog\/wp-json\/wp\/v2\/users\/4"}],"replies":[{"embeddable":true,"href":"https:\/\/dicodusport.fr\/blog\/wp-json\/wp\/v2\/comments?post=96613"}],"version-history":[{"count":0,"href":"https:\/\/dicodusport.fr\/blog\/wp-json\/wp\/v2\/posts\/96613\/revisions"}],"wp:featuredmedia":[{"embeddable":true,"href":"https:\/\/dicodusport.fr\/blog\/wp-json\/wp\/v2\/media\/96643"}],"wp:attachment":[{"href":"https:\/\/dicodusport.fr\/blog\/wp-json\/wp\/v2\/media?parent=96613"}],"wp:term":[{"taxonomy":"category","embeddable":true,"href":"https:\/\/dicodusport.fr\/blog\/wp-json\/wp\/v2\/categories?post=96613"},{"taxonomy":"post_tag","embeddable":true,"href":"https:\/\/dicodusport.fr\/blog\/wp-json\/wp\/v2\/tags?post=96613"}],"curies":[{"name":"wp","href":"https:\/\/api.w.org\/{rel}","templated":true}]}}