{"id":9665,"date":"2018-01-01T15:00:27","date_gmt":"2018-01-01T14:00:27","guid":{"rendered":"http:\/\/dicodusport.fr\/blog\/?p=9665"},"modified":"2018-01-01T11:57:12","modified_gmt":"2018-01-01T10:57:12","slug":"coeur-handisport-5-natation-sports-hiver-top","status":"publish","type":"post","link":"https:\/\/dicodusport.fr\/blog\/coeur-handisport-5-natation-sports-hiver-top\/","title":{"rendered":"Au coeur du Handisport #5 : la natation et les sports d&rsquo;hiver au top"},"content":{"rendered":"<p style=\"text-align: justify;\"><span style=\"color: #000000;\"><strong><em>Chaque mois,\u00a0<\/em><\/strong><\/span><span style=\"color: #0000ff;\"><strong><a style=\"color: #0000ff;\" href=\"https:\/\/www.coeurhandisport.fr\/\" target=\"_blank\" rel=\"noopener noreferrer\">Coeur Handisport<\/a><\/strong><\/span><span style=\"color: #000000;\"><strong><em>\u00a0vous proposera\u00a0l&rsquo;ensemble de l&rsquo;actualit\u00e9 sportive du mois \u00e9coul\u00e9 dans leur\u00a0chronique, \u00ab\u00a0<span style=\"color: #0000ff;\"><a style=\"color: #0000ff;\" href=\"http:\/\/dicodusport.fr\/blog\/coeur-handisport-mois-dicodusport-fr\/\">Au coeur du handisport<\/a><\/span><span style=\"color: #0000ff;\">\u00a0<\/span>\u00bb. Dans ce\u00a0cinqui\u00e8me \u00e9pisode, retour sur les mondiaux de natation et sur le d\u00e9but de saison des sports d&rsquo;hiver.\u00a0<\/em><\/strong><\/span><\/p>\n<h4 style=\"text-align: justify;\">La France remporte 5 m\u00e9dailles aux Mondiaux de natation<\/h4>\n<p style=\"text-align: justify;\">La tr\u00e8s jeune \u00e9quipe de France de natation compos\u00e9e de 5 nageurs remporte 5 m\u00e9dailles (1 en or, 3 en argent et 1 en bronze) aux Championnats du Monde de natation, qui se sont d\u00e9roul\u00e9s du 2 au 7 d\u00e9cembre 2017 \u00e0 Mexico au Mexique.<\/p>\n<p style=\"text-align: justify;\">On retiendra que 4 nageurs sur 5 vont rentrer au minimum avec une m\u00e9daille et <a href=\"https:\/\/www.coeurhandisport.fr\/athletes\/ACDH-ATH-d9e93c.php\" target=\"_blank\" rel=\"noopener\">Ugo Didier<\/a> se distingue particuli\u00e8rement car il est l&rsquo;unique fran\u00e7ais \u00e0 remporter un titre de champion du monde \u00e0 seulement 16 ans sur le 100m dos en cat\u00e9gorie <a href=\"https:\/\/www.coeurhandisport.fr\/classifications\/457751e316.php\" target=\"_blank\" rel=\"noopener\">S9<\/a>. Autrement, <a href=\"https:\/\/www.coeurhandisport.fr\/athletes\/ACDH-ATHL-230b74.php\" target=\"_blank\" rel=\"noopener\">Theo Curin<\/a> fait presque aussi bien avec son doubl\u00e9 en argent sur 100m et 200m nage libre.<\/p>\n<h4>Halt\u00e9rophilie : Souhad Ghazouani championne du Monde 2017<\/h4>\n<div id=\"attachment_9673\" style=\"width: 809px\" class=\"wp-caption aligncenter\"><img loading=\"lazy\" decoding=\"async\" aria-describedby=\"caption-attachment-9673\" class=\"wp-image-9673 size-full\" src=\"http:\/\/dicodusport.fr\/blog\/wp-content\/uploads\/2018\/01\/Haltero.jpg\" alt=\"Haltero\" width=\"799\" height=\"540\" srcset=\"https:\/\/dicodusport.fr\/blog\/wp-content\/uploads\/2018\/01\/Haltero.jpg 799w, https:\/\/dicodusport.fr\/blog\/wp-content\/uploads\/2018\/01\/Haltero-300x203.jpg 300w, https:\/\/dicodusport.fr\/blog\/wp-content\/uploads\/2018\/01\/Haltero-768x519.jpg 768w\" sizes=\"auto, (max-width: 799px) 100vw, 799px\" \/><p id=\"caption-attachment-9673\" class=\"wp-caption-text\">\u00a9 CPSF 2016 &#8211; Gr\u00e9gory Picout<\/p><\/div>\n<p style=\"text-align: justify;\"><span style=\"color: #0000ff;\"><a style=\"color: #0000ff;\" href=\"https:\/\/www.coeurhandisport.fr\/athletes\/ACDH-ATHL-2a4ea2.php\" target=\"_blank\" rel=\"noopener\">Souhad Ghazouani<\/a><\/span> est devenue d\u00e9but d\u00e9cembre, championne du monde (m\u00e9daille d&rsquo;or) en -73 kg en d\u00e9velopp\u00e9 couch\u00e9 aux championnats du Monde d&rsquo;halt\u00e9rophilie \u00e0 Mexico.<\/p>\n<p style=\"text-align: justify;\">Elle remporte cette m\u00e9daille d&rsquo;or en soulevant 145 kg au deuxi\u00e8me essai apr\u00e8s avoir soulev\u00e9 140 kg au premier essai. Pour finir, il y a eu une belle tentative \u00e0 151 kg pour battre son propre record du monde mais sans succ\u00e8s.<br \/>\nC&rsquo;est un nouveau titre au palmar\u00e8s de cette halt\u00e9rophile qui ne cesse de briller et c&rsquo;est en quelque sorte une revanche apr\u00e8s sa m\u00e9daille d&rsquo;argent aux Jeux Paralympiques de Rio 2016 A savoir : <span style=\"color: #0000ff;\"><a style=\"color: #0000ff;\" href=\"https:\/\/www.coeurhandisport.fr\/athletes\/ACDH-ATHL-2a4ea2.php\" target=\"_blank\" rel=\"noopener\">Souhad Ghazouani<\/a><\/span> est d\u00e9tentrice du record du monde avec une barre \u00e0 150 kg, datant du 25 mai 2013.<\/p>\n<h4>Mondiaux de surf : Eric Dargent conserve son titre de vice-champion du monde<\/h4>\n<div id=\"attachment_9675\" style=\"width: 810px\" class=\"wp-caption aligncenter\"><img loading=\"lazy\" decoding=\"async\" aria-describedby=\"caption-attachment-9675\" class=\"wp-image-9675 size-full\" src=\"http:\/\/dicodusport.fr\/blog\/wp-content\/uploads\/2018\/01\/Surf.jpg\" alt=\"Surf\" width=\"800\" height=\"539\" srcset=\"https:\/\/dicodusport.fr\/blog\/wp-content\/uploads\/2018\/01\/Surf.jpg 800w, https:\/\/dicodusport.fr\/blog\/wp-content\/uploads\/2018\/01\/Surf-300x202.jpg 300w, https:\/\/dicodusport.fr\/blog\/wp-content\/uploads\/2018\/01\/Surf-768x517.jpg 768w\" sizes=\"auto, (max-width: 800px) 100vw, 800px\" \/><p id=\"caption-attachment-9675\" class=\"wp-caption-text\">\u00a9 ISA &#8211; Sean Evans<\/p><\/div>\n<p style=\"text-align: justify;\"><span style=\"color: #0000ff;\"><a style=\"color: #0000ff;\" href=\"https:\/\/www.coeurhandisport.fr\/athletes\/ACDH-ATHL-83a74d.php\" target=\"_blank\" rel=\"noopener\">Eric Dargent<\/a> <\/span>conserve son titre de vice-champion du monde (m\u00e9daille d&rsquo;argent) en cat\u00e9gorie <span style=\"color: #0000ff;\"><a style=\"color: #0000ff;\" href=\"https:\/\/www.coeurhandisport.fr\/classifications\/4d3a7f9118.php\" target=\"_blank\" rel=\"noopener\">AS 2<\/a><\/span> lors de la troisi\u00e8me \u00e9dition des championnats du Mmonde de surf (World Adaptive Surfing Championships), organis\u00e9s par l&rsquo;International Surfing Association (ISA) du 30 novembre au 3 d\u00e9cembre 2017 sur le spot de La Jolla \u00e0 San Diego en Californie.<\/p>\n<p style=\"text-align: justify;\">Comme l&rsquo;an dernier, <span style=\"color: #0000ff;\"><a style=\"color: #0000ff;\" href=\"https:\/\/www.coeurhandisport.fr\/athletes\/ACDH-ATHL-83a74d.php\" target=\"_blank\" rel=\"noopener\">Eric Dargent<\/a><\/span> est le seul fran\u00e7ais \u00e0 s&rsquo;\u00eatre hiss\u00e9 en finale et avec son nouveau titre de vice-champion du monde 2017 (m\u00e9daille d&rsquo;argent), il fait aussi bien qu&rsquo;aux Mondiaux 2016. Pourtant, il \u00e9tait oppos\u00e9 \u00e0 l&rsquo;Australien Mark Stewart double champion du monde en titre 2015 et 2016 ainsi qu&rsquo;au Br\u00e9silien Alcino Neto m\u00e9daill\u00e9 de bronze aux Mondiaux 2015. Pour cette finale, il \u00e9tait compliqu\u00e9 de faire mieux car le Br\u00e9silien a compl\u00e8tement survol\u00e9 la finale.<\/p>\n<p style=\"text-align: justify;\"><em>\u00ab C&rsquo;\u00e9tait une finale difficile, les vagues \u00e9taient petites, \u00e7a fermait constamment. Il n&rsquo;y a avait pas de possibilit\u00e9 de s&rsquo;exprimer. Le seul but \u00e9tait de se lever et de faire une man\u0153uvre. Mais c&rsquo;\u00e9tait difficile pour tout le monde. Je suis hyper content de ma deuxi\u00e8me place. \u00bb<\/em><\/p>\n<h4>Bopha Kong champion d&rsquo;Europe 2017 de taekwondo<\/h4>\n<div id=\"attachment_9676\" style=\"width: 810px\" class=\"wp-caption aligncenter\"><img loading=\"lazy\" decoding=\"async\" aria-describedby=\"caption-attachment-9676\" class=\"wp-image-9676 size-full\" src=\"http:\/\/dicodusport.fr\/blog\/wp-content\/uploads\/2018\/01\/Taekwondo.jpg\" alt=\"\" width=\"800\" height=\"542\" srcset=\"https:\/\/dicodusport.fr\/blog\/wp-content\/uploads\/2018\/01\/Taekwondo.jpg 800w, https:\/\/dicodusport.fr\/blog\/wp-content\/uploads\/2018\/01\/Taekwondo-300x203.jpg 300w, https:\/\/dicodusport.fr\/blog\/wp-content\/uploads\/2018\/01\/Taekwondo-768x520.jpg 768w\" sizes=\"auto, (max-width: 800px) 100vw, 800px\" \/><p id=\"caption-attachment-9676\" class=\"wp-caption-text\">\u00a9 Bopha Kong<\/p><\/div>\n<p style=\"text-align: justify;\">Magnifique semaine pour le Fran\u00e7ais <a href=\"https:\/\/www.coeurhandisport.fr\/athletes\/ACDH-ATHL-0eb097.php\" target=\"_blank\" rel=\"noopener\">Bopha Kong<\/a> qui devient champion d&rsquo;Europe 2017 de taekwondo en -61 kg en cat\u00e9gorie <a href=\"https:\/\/www.coeurhandisport.fr\/classifications\/0b1effec44.php\" target=\"_blank\" rel=\"noopener\">K43<\/a>, quelques jours apr\u00e8s avoir remport\u00e9 le tournoi des IWAS World Games au Portugal. Il \u00e9tait le seul taekwondo\u00efste fran\u00e7ais engag\u00e9 lors de la 6\u00e8me \u00e9dition des championnats d&rsquo;Europe \u00e0 Sofia, en Bulgarie.<\/p>\n<p style=\"text-align: justify;\">Le Fran\u00e7ais prend une belle revanche en battant en finale de tr\u00e8s belle mani\u00e8re l&rsquo;Espagnol <a href=\"https:\/\/www.coeurhandisport.fr\/athletes_etrangers\/ACDH-ETR-440120.php\" target=\"_blank\" rel=\"noopener\">Alejandro Vidal Alvarez<\/a> sur le score de 23 \u00e0 3. En effet, Bopha Kong avait perdu son titre de champion du Monde en finale face \u00e0 ce m\u00eame Espagnol lors des mondiaux le 19 octobre \u00e0 Londres apr\u00e8s une d\u00e9faite sur le score de 16 \u00e0 12. C&rsquo;est le 2\u00e8me titre de champion d&rsquo;Europe pour <a href=\"https:\/\/www.coeurhandisport.fr\/athletes\/ACDH-ATHL-0eb097.php\" target=\"_blank\" rel=\"noopener\">Bopha Kong<\/a> apr\u00e8s 2014.<\/p>\n<h4>Coupe du Monde : d\u00e9but de saison canon pour Marie Bochet avec 4 victoires<\/h4>\n<div id=\"attachment_9677\" style=\"width: 810px\" class=\"wp-caption aligncenter\"><img loading=\"lazy\" decoding=\"async\" aria-describedby=\"caption-attachment-9677\" class=\"wp-image-9677 size-full\" src=\"http:\/\/dicodusport.fr\/blog\/wp-content\/uploads\/2018\/01\/Ski-alpin.jpg\" alt=\"Ski alpin\" width=\"800\" height=\"533\" srcset=\"https:\/\/dicodusport.fr\/blog\/wp-content\/uploads\/2018\/01\/Ski-alpin.jpg 800w, https:\/\/dicodusport.fr\/blog\/wp-content\/uploads\/2018\/01\/Ski-alpin-300x200.jpg 300w, https:\/\/dicodusport.fr\/blog\/wp-content\/uploads\/2018\/01\/Ski-alpin-768x512.jpg 768w\" sizes=\"auto, (max-width: 800px) 100vw, 800px\" \/><p id=\"caption-attachment-9677\" class=\"wp-caption-text\">\u00a9 Marcus Hartmann<\/p><\/div>\n<p style=\"text-align: justify;\"><a href=\"https:\/\/www.coeurhandisport.fr\/athletes\/ACDH-ATHL-8c2d42.php\" target=\"_blank\" rel=\"noopener\">Marie Bochet<\/a> r\u00e9alise un carton plein en remportant la quatri\u00e8me et derni\u00e8re course de la premi\u00e8re \u00e9tape de Coupe du Monde de ski alpin de la saison 2017\/2018 \u00e0 Kuhtai, en Autriche. La porte-drapeau des prochains Jeux Paralympiques r\u00e9alise un d\u00e9but de saison canon en cat\u00e9gorie <a href=\"https:\/\/www.coeurhandisport.fr\/classifications\/b4baeac4ab.php\" target=\"_blank\" rel=\"noopener\">debout<\/a>.<\/p>\n<p style=\"text-align: justify;\">Deux Fran\u00e7ais sont repartis d&rsquo;Autriche avec de la d\u00e9ception : <a href=\"https:\/\/www.coeurhandisport.fr\/athletes\/ACDH-ATH-c2008e.php\" target=\"_blank\" rel=\"noopener\">Arthur Bauchet<\/a> en cat\u00e9gorie debout et <a href=\"https:\/\/www.coeurhandisport.fr\/athletes\/ACDH-ATHL-243c42.php\" target=\"_blank\" rel=\"noopener\">Yohann Taberlet<\/a> en cat\u00e9gorie <a href=\"https:\/\/www.coeurhandisport.fr\/classifications\/3148f2ec9e.php\" target=\"_blank\" rel=\"noopener\">assis<\/a> \u00e9taient \u00e0 la deuxi\u00e8me place au classement apr\u00e8s le premier run en slalom, mais ils n&rsquo;ont malheureusement pas termin\u00e9 le deuxi\u00e8me run. Au final, les skieurs fran\u00e7ais remportent 5 m\u00e9dailles en Autriche.<\/p>\n<h4>Coupe du Monde : Carton plein 5 victoires en 5 courses pour Benjamin Daviet<\/h4>\n<div id=\"attachment_9678\" style=\"width: 810px\" class=\"wp-caption aligncenter\"><img loading=\"lazy\" decoding=\"async\" aria-describedby=\"caption-attachment-9678\" class=\"wp-image-9678 size-full\" src=\"http:\/\/dicodusport.fr\/blog\/wp-content\/uploads\/2018\/01\/Biathlon.jpg\" alt=\"Biathlon\" width=\"800\" height=\"533\" srcset=\"https:\/\/dicodusport.fr\/blog\/wp-content\/uploads\/2018\/01\/Biathlon.jpg 800w, https:\/\/dicodusport.fr\/blog\/wp-content\/uploads\/2018\/01\/Biathlon-300x200.jpg 300w, https:\/\/dicodusport.fr\/blog\/wp-content\/uploads\/2018\/01\/Biathlon-768x512.jpg 768w\" sizes=\"auto, (max-width: 800px) 100vw, 800px\" \/><p id=\"caption-attachment-9678\" class=\"wp-caption-text\">\u00a9 Para Nordic<\/p><\/div>\n<p style=\"text-align: justify;\"><a href=\"https:\/\/www.coeurhandisport.fr\/athletes\/ACDH-ATHL-4d7559.php\" target=\"_blank\" rel=\"noopener\">Benjamin Daviet<\/a> remporte la poursuite en biathlon (5&#215;2,5 km) en cat\u00e9gorie <a href=\"https:\/\/www.coeurhandisport.fr\/classifications\/e088c705f8.php\" target=\"_blank\" rel=\"noopener\">debout<\/a> lors de la premi\u00e8re \u00e9tape de Coupe du Monde de ski nordique de la saison 2017\/2018, \u00e0 Canmore au Canada du 9 au 17 d\u00e9cembre.<\/p>\n<p style=\"text-align: justify;\">Carton plein pour le Fran\u00e7ais au Canada avec cette cinqui\u00e8me participation et cinqui\u00e8me victoire cons\u00e9cutive. Il remporte et de loin la poursuite avec plus d&rsquo;une minute et trente secondes d&rsquo;avance sur le second avec cette fois un 18\/20 au tir. La saison commence \u00e0 merveille pour le skieur du Grand-Bornand. Il s&rsquo;annonce d\u00e9j\u00e0 comme le grand favori de la Coupe du Monde de biathlon et de ski fond ainsi que pour les <a href=\"https:\/\/www.coeurhandisport.fr\/agenda\/ACDH-a915369e87-2018.php\" target=\"_blank\" rel=\"noopener\">Jeux Paralympiques d&rsquo;hiver 2018<\/a> dans la cat\u00e9gorie debout.<\/p>\n<h4>Coupe du Monde : deuxi\u00e8me victoire cons\u00e9cutive pour C\u00e9cile Hernandez en snowboard cross<\/h4>\n<div id=\"attachment_9679\" style=\"width: 810px\" class=\"wp-caption aligncenter\"><img loading=\"lazy\" decoding=\"async\" aria-describedby=\"caption-attachment-9679\" class=\"wp-image-9679 size-full\" src=\"http:\/\/dicodusport.fr\/blog\/wp-content\/uploads\/2018\/01\/Snowboard.jpg\" alt=\"\" width=\"800\" height=\"450\" srcset=\"https:\/\/dicodusport.fr\/blog\/wp-content\/uploads\/2018\/01\/Snowboard.jpg 800w, https:\/\/dicodusport.fr\/blog\/wp-content\/uploads\/2018\/01\/Snowboard-300x169.jpg 300w, https:\/\/dicodusport.fr\/blog\/wp-content\/uploads\/2018\/01\/Snowboard-768x432.jpg 768w\" sizes=\"auto, (max-width: 800px) 100vw, 800px\" \/><p id=\"caption-attachment-9679\" class=\"wp-caption-text\">\u00a9 Pierre M\u00e9rim\u00e9e<\/p><\/div>\n<p style=\"text-align: justify;\">C\u00e9cile Hernandez remporte son 2\u00e8me cross de la saison (cat\u00e9gorie <a href=\"https:\/\/www.coeurhandisport.fr\/classifications\/c26ab84a60.php\" target=\"_blank\" rel=\"noopener\">SB LL1<\/a>) en s&rsquo;imposant dans la grande finale face \u00e0 l&rsquo;Am\u00e9ricaine Nicole Roundy en\u00a0 Finlande. Elle signe ainsi sa deuxi\u00e8me victoire en Coupe du Monde de la saison.<\/p>\n<p style=\"text-align: justify;\">Maxime Montaggioni doit \u00e0 nouveau se contenter de la m\u00e9daille d&rsquo;argent (cat\u00e9gorie <a href=\"https:\/\/www.coeurhandisport.fr\/classifications\/00d9513801.php\" target=\"_blank\" rel=\"noopener\">SB UL<\/a>), car il s&rsquo;incline dans la grande finale face \u00e0 l&rsquo;Am\u00e9ricain Mike Minor, qui est champion du monde en titre 2017 en snowboard cross. A noter que le Fran\u00e7ais a \u00e9limin\u00e9 un autre tricolore, Julien Roulet en 1\/4 de finale. Prochaine et quatri\u00e8me \u00e9tape de Coupe du Monde d\u00e9but f\u00e9vrier 2018 au Canada.<\/p>\n<h4>Les Hornets du Cannet remportent le Troph\u00e9e des Champions 2017<\/h4>\n<div id=\"attachment_9680\" style=\"width: 810px\" class=\"wp-caption aligncenter\"><img loading=\"lazy\" decoding=\"async\" aria-describedby=\"caption-attachment-9680\" class=\"wp-image-9680 size-full\" src=\"http:\/\/dicodusport.fr\/blog\/wp-content\/uploads\/2018\/01\/Basket.jpg\" alt=\"\" width=\"800\" height=\"533\" srcset=\"https:\/\/dicodusport.fr\/blog\/wp-content\/uploads\/2018\/01\/Basket.jpg 800w, https:\/\/dicodusport.fr\/blog\/wp-content\/uploads\/2018\/01\/Basket-300x200.jpg 300w, https:\/\/dicodusport.fr\/blog\/wp-content\/uploads\/2018\/01\/Basket-768x512.jpg 768w\" sizes=\"auto, (max-width: 800px) 100vw, 800px\" \/><p id=\"caption-attachment-9680\" class=\"wp-caption-text\">\u00a9 Le Cannet<\/p><\/div>\n<p style=\"text-align: justify;\">Les Hornets due Cannet remportent le tout premier Troph\u00e9e des Champions de l&rsquo;histoire du basket organis\u00e9 par la Commission F\u00e9d\u00e9rale handibasket, avec le club de Lagnieu au sud du d\u00e9partement de l&rsquo;Ain, en r\u00e9gion Auvergne-Rh\u00f4ne-Alpes.<\/p>\n<p style=\"text-align: justify;\">Au-del\u00e0 du premier titre de la saison 2017\/2018 pour les joueurs du Pr\u00e9sident Farrugia, cela doit \u00eatre un honneur de pouvoir inscrire le nom des Hornets du Cannet sur ce premier troph\u00e9e de l&rsquo;histoire. C&rsquo;\u00e9tait une affiche de standing qui a cl\u00f4tur\u00e9 l\u2019ann\u00e9e 2017 et comme de tradition, cette rencontre opposait le champion de France en titre au vainqueur de la Coupe de France, \u00e0 savoir Meaux (d\u00e9partement de Seine-et-Marne en r\u00e9gion \u00cele-de-France) aux Hornets du Cannet (d\u00e9partement des Alpes-Maritimes en r\u00e9gion Provence-Alpes-C\u00f4te d&rsquo;Azur).<\/p>\n<p style=\"text-align: justify;\">Les Cannettans remportent logiquement cette finale sur le score de 76 \u00e0 67, en dominant l&rsquo;ensemble du match. De plus, ils ont d\u00e9j\u00e0 domin\u00e9 leur adversaire du jour lors du match aller le 18 novembre 2017 en championnat de France (64-78). Les deux \u00e9quipes seretrouveront d\u00e8s la rentr\u00e9e en 1\/8\u00e8me de finale de la Coupe de France (le 13 janvier \u00e0 17h \u00e0 Maillan).<\/p>\n<p><strong><span style=\"color: #000000;\"><em>Coeur Handisport<\/em><\/span><br \/>\n<a href=\"https:\/\/www.coeurhandisport.fr\/\"><img loading=\"lazy\" decoding=\"async\" class=\"alignnone wp-image-5480\" src=\"http:\/\/dicodusport.fr\/blog\/wp-content\/uploads\/2017\/10\/logo-site-web-150x150.png\" alt=\"\" width=\"39\" height=\"39\" srcset=\"https:\/\/dicodusport.fr\/blog\/wp-content\/uploads\/2017\/10\/logo-site-web-150x150.png 150w, https:\/\/dicodusport.fr\/blog\/wp-content\/uploads\/2017\/10\/logo-site-web-300x300.png 300w, https:\/\/dicodusport.fr\/blog\/wp-content\/uploads\/2017\/10\/logo-site-web-768x768.png 768w, https:\/\/dicodusport.fr\/blog\/wp-content\/uploads\/2017\/10\/logo-site-web.png 800w\" sizes=\"auto, (max-width: 39px) 100vw, 39px\" \/><\/a><a style=\"color: #000000;\" href=\"https:\/\/www.facebook.com\/CoeurHandisport\/\" target=\"_blank\" rel=\"noopener noreferrer\"><img loading=\"lazy\" decoding=\"async\" class=\"alignnone wp-image-2909\" src=\"http:\/\/dicodusport.fr\/blog\/wp-content\/uploads\/2017\/07\/logo-facebook-150x150.png\" alt=\"\" width=\"40\" height=\"40\" \/><\/a><a style=\"color: #000000;\" href=\"https:\/\/twitter.com\/CoeurHandisport\" target=\"_blank\" rel=\"noopener noreferrer\"><img loading=\"lazy\" decoding=\"async\" class=\"alignnone wp-image-2908\" src=\"http:\/\/dicodusport.fr\/blog\/wp-content\/uploads\/2017\/07\/logo-twitter-150x150.png\" alt=\"\" width=\"39\" height=\"39\" \/><\/a><\/strong><\/p>\n","protected":false},"excerpt":{"rendered":"<p>Chaque mois,\u00a0Coeur Handisport\u00a0vous proposera\u00a0l&rsquo;ensemble de l&rsquo;actualit\u00e9 sportive du mois \u00e9coul\u00e9 dans leur\u00a0chronique, \u00ab\u00a0Au coeur du handisport\u00a0\u00bb. Dans ce\u00a0cinqui\u00e8me \u00e9pisode, retour sur les mondiaux de natation et sur le d\u00e9but de saison des sports d&rsquo;hiver.\u00a0 La France remporte 5 m\u00e9dailles aux Mondiaux de natation La tr\u00e8s jeune \u00e9quipe de France de natation compos\u00e9e de 5 nageurs [&hellip;]<\/p>\n","protected":false},"author":1,"featured_media":9681,"comment_status":"open","ping_status":"closed","sticky":false,"template":"","format":"standard","meta":{"_acf_changed":false,"_daextam_enable_autolinks":"","footnotes":""},"categories":[2,2366],"tags":[2958,2255,2493,1756,1265,1964,2754,2700],"class_list":["post-9665","post","type-post","status-publish","format-standard","has-post-thumbnail","hentry","category-actualites","category-multisports","tag-benjamin-daviet","tag-bopha-kong","tag-cecile-hernandez","tag-coeur-handisport","tag-handisport","tag-jeux-paralympiques","tag-marie-bochet","tag-ugo-didier"],"acf":[],"yoast_head":"<!-- This site is optimized with the Yoast SEO Premium plugin v26.7 (Yoast SEO v26.7) - https:\/\/yoast.com\/wordpress\/plugins\/seo\/ -->\n<title>Au coeur du Handisport #5 : la natation et les sports d&#039;hiver au top<\/title>\n<meta name=\"description\" content=\"Dans ce\u00a0cinqui\u00e8me \u00e9pisode, retour sur les mondiaux de natation et sur le d\u00e9but des saisons des sport d&#039;hiver.\u00a0\" \/>\n<meta name=\"robots\" content=\"index, follow, max-snippet:-1, max-image-preview:large, max-video-preview:-1\" \/>\n<link rel=\"canonical\" href=\"https:\/\/dicodusport.fr\/blog\/coeur-handisport-5-natation-sports-hiver-top\/\" \/>\n<meta property=\"og:locale\" content=\"fr_FR\" \/>\n<meta property=\"og:type\" content=\"article\" \/>\n<meta property=\"og:title\" content=\"Au coeur du Handisport #5 : la natation et les sports d&#039;hiver au top\" \/>\n<meta property=\"og:description\" content=\"Dans ce\u00a0cinqui\u00e8me \u00e9pisode, retour sur les mondiaux de natation et sur le d\u00e9but des saisons des sport d&#039;hiver.\u00a0\" \/>\n<meta property=\"og:url\" content=\"https:\/\/dicodusport.fr\/blog\/coeur-handisport-5-natation-sports-hiver-top\/\" \/>\n<meta property=\"og:site_name\" content=\"Dicodusport\" \/>\n<meta property=\"article:publisher\" content=\"https:\/\/www.facebook.com\/dicodusport\" \/>\n<meta property=\"article:author\" content=\"https:\/\/www.facebook.com\/dicodusport\" \/>\n<meta property=\"article:published_time\" content=\"2018-01-01T14:00:27+00:00\" \/>\n<meta property=\"og:image\" content=\"https:\/\/dicodusport.fr\/blog\/wp-content\/uploads\/2018\/01\/Mondiaux-natation-handisport.png\" \/>\n\t<meta property=\"og:image:width\" content=\"1200\" \/>\n\t<meta property=\"og:image:height\" content=\"670\" \/>\n\t<meta property=\"og:image:type\" content=\"image\/png\" \/>\n<meta name=\"author\" content=\"Nicolas Jacquemard\" \/>\n<meta name=\"twitter:card\" content=\"summary_large_image\" \/>\n<meta name=\"twitter:creator\" content=\"@https:\/\/twitter.com\/Nico_Jacquemard\" \/>\n<meta name=\"twitter:site\" content=\"@dicodusport\" \/>\n<script type=\"application\/ld+json\" class=\"yoast-schema-graph\">{\"@context\":\"https:\/\/schema.org\",\"@graph\":[{\"@type\":\"NewsArticle\",\"@id\":\"https:\/\/dicodusport.fr\/blog\/coeur-handisport-5-natation-sports-hiver-top\/#article\",\"isPartOf\":{\"@id\":\"https:\/\/dicodusport.fr\/blog\/coeur-handisport-5-natation-sports-hiver-top\/\"},\"author\":{\"name\":\"Nicolas Jacquemard\",\"@id\":\"https:\/\/dicodusport.fr\/blog\/#\/schema\/person\/55dcb50ad410894e431ed812bbb70191\"},\"headline\":\"Au coeur du Handisport #5 : la natation et les sports d&rsquo;hiver au top\",\"datePublished\":\"2018-01-01T14:00:27+00:00\",\"mainEntityOfPage\":{\"@id\":\"https:\/\/dicodusport.fr\/blog\/coeur-handisport-5-natation-sports-hiver-top\/\"},\"wordCount\":1315,\"commentCount\":0,\"publisher\":{\"@id\":\"https:\/\/dicodusport.fr\/blog\/#organization\"},\"image\":{\"@id\":\"https:\/\/dicodusport.fr\/blog\/coeur-handisport-5-natation-sports-hiver-top\/#primaryimage\"},\"thumbnailUrl\":\"https:\/\/dicodusport.fr\/blog\/wp-content\/uploads\/2018\/01\/Mondiaux-natation-handisport.png\",\"keywords\":[\"Benjamin Daviet\",\"Bopha Kong\",\"C\u00e9cile Hernandez\",\"coeur handisport\",\"handisport\",\"jeux paralympiques\",\"Marie Bochet\",\"Ugo Didier\"],\"articleSection\":[\"Actualit\u00e9s\",\"Multisports\"],\"inLanguage\":\"fr-FR\",\"potentialAction\":[{\"@type\":\"CommentAction\",\"name\":\"Comment\",\"target\":[\"https:\/\/dicodusport.fr\/blog\/coeur-handisport-5-natation-sports-hiver-top\/#respond\"]}],\"copyrightYear\":\"2018\",\"copyrightHolder\":{\"@id\":\"https:\/\/dicodusport.fr\/blog\/#organization\"}},{\"@type\":\"WebPage\",\"@id\":\"https:\/\/dicodusport.fr\/blog\/coeur-handisport-5-natation-sports-hiver-top\/\",\"url\":\"https:\/\/dicodusport.fr\/blog\/coeur-handisport-5-natation-sports-hiver-top\/\",\"name\":\"Au coeur du Handisport #5 : la natation et les sports d'hiver au top\",\"isPartOf\":{\"@id\":\"https:\/\/dicodusport.fr\/blog\/#website\"},\"primaryImageOfPage\":{\"@id\":\"https:\/\/dicodusport.fr\/blog\/coeur-handisport-5-natation-sports-hiver-top\/#primaryimage\"},\"image\":{\"@id\":\"https:\/\/dicodusport.fr\/blog\/coeur-handisport-5-natation-sports-hiver-top\/#primaryimage\"},\"thumbnailUrl\":\"https:\/\/dicodusport.fr\/blog\/wp-content\/uploads\/2018\/01\/Mondiaux-natation-handisport.png\",\"datePublished\":\"2018-01-01T14:00:27+00:00\",\"description\":\"Dans ce\u00a0cinqui\u00e8me \u00e9pisode, retour sur les mondiaux de natation et sur le d\u00e9but des saisons des sport d'hiver.\u00a0\",\"breadcrumb\":{\"@id\":\"https:\/\/dicodusport.fr\/blog\/coeur-handisport-5-natation-sports-hiver-top\/#breadcrumb\"},\"inLanguage\":\"fr-FR\",\"potentialAction\":[{\"@type\":\"ReadAction\",\"target\":[\"https:\/\/dicodusport.fr\/blog\/coeur-handisport-5-natation-sports-hiver-top\/\"]}]},{\"@type\":\"ImageObject\",\"inLanguage\":\"fr-FR\",\"@id\":\"https:\/\/dicodusport.fr\/blog\/coeur-handisport-5-natation-sports-hiver-top\/#primaryimage\",\"url\":\"https:\/\/dicodusport.fr\/blog\/wp-content\/uploads\/2018\/01\/Mondiaux-natation-handisport.png\",\"contentUrl\":\"https:\/\/dicodusport.fr\/blog\/wp-content\/uploads\/2018\/01\/Mondiaux-natation-handisport.png\",\"width\":1200,\"height\":670,\"caption\":\"Mondiaux natation handisport\"},{\"@type\":\"BreadcrumbList\",\"@id\":\"https:\/\/dicodusport.fr\/blog\/coeur-handisport-5-natation-sports-hiver-top\/#breadcrumb\",\"itemListElement\":[{\"@type\":\"ListItem\",\"position\":1,\"name\":\"Accueil\",\"item\":\"https:\/\/dicodusport.fr\/blog\/\"},{\"@type\":\"ListItem\",\"position\":2,\"name\":\"Au coeur du Handisport #5 : la natation et les sports d&rsquo;hiver au top\"}]},{\"@type\":\"WebSite\",\"@id\":\"https:\/\/dicodusport.fr\/blog\/#website\",\"url\":\"https:\/\/dicodusport.fr\/blog\/\",\"name\":\"Dicodusport\",\"description\":\"L&#039;encyclop\u00e9die de l&#039;actualit\u00e9 sportive\",\"publisher\":{\"@id\":\"https:\/\/dicodusport.fr\/blog\/#organization\"},\"potentialAction\":[{\"@type\":\"SearchAction\",\"target\":{\"@type\":\"EntryPoint\",\"urlTemplate\":\"https:\/\/dicodusport.fr\/blog\/?s={search_term_string}\"},\"query-input\":{\"@type\":\"PropertyValueSpecification\",\"valueRequired\":true,\"valueName\":\"search_term_string\"}}],\"inLanguage\":\"fr-FR\"},{\"@type\":\"NewsMediaOrganization\",\"@id\":\"https:\/\/dicodusport.fr\/blog\/#organization\",\"name\":\"Dicodusport\",\"url\":\"https:\/\/dicodusport.fr\/blog\/\",\"logo\":{\"@type\":\"ImageObject\",\"inLanguage\":\"fr-FR\",\"@id\":\"https:\/\/dicodusport.fr\/blog\/#\/schema\/logo\/image\/\",\"url\":\"https:\/\/dicodusport.fr\/blog\/wp-content\/uploads\/2020\/06\/cropped-LOGO-DICODUSPORT-2020-SANS-FOND-SANS-TEXTE.png\",\"contentUrl\":\"https:\/\/dicodusport.fr\/blog\/wp-content\/uploads\/2020\/06\/cropped-LOGO-DICODUSPORT-2020-SANS-FOND-SANS-TEXTE.png\",\"width\":512,\"height\":512,\"caption\":\"Dicodusport\"},\"image\":{\"@id\":\"https:\/\/dicodusport.fr\/blog\/#\/schema\/logo\/image\/\"},\"sameAs\":[\"https:\/\/www.facebook.com\/dicodusport\",\"https:\/\/x.com\/dicodusport\",\"https:\/\/www.instagram.com\/dicodusport\/\",\"https:\/\/www.youtube.com\/channel\/UC7V2KZ5sd3htJivAbA4ZG3w\"],\"description\":\"Dicodusport est l'encyclop\u00e9die de l'actualit\u00e9 sportive.\",\"email\":\"bonjour@dicodusport.fr\",\"legalName\":\"DICODUSPORT\",\"foundingDate\":\"2018-01-14\",\"vatID\":\"FR71834470973\",\"taxID\":\"83447097300043\",\"numberOfEmployees\":{\"@type\":\"QuantitativeValue\",\"minValue\":\"1\",\"maxValue\":\"10\"}},{\"@type\":\"Person\",\"@id\":\"https:\/\/dicodusport.fr\/blog\/#\/schema\/person\/55dcb50ad410894e431ed812bbb70191\",\"name\":\"Nicolas Jacquemard\",\"image\":{\"@type\":\"ImageObject\",\"inLanguage\":\"fr-FR\",\"@id\":\"https:\/\/dicodusport.fr\/blog\/#\/schema\/person\/image\/\",\"url\":\"https:\/\/dicodusport.fr\/blog\/wp-content\/uploads\/2021\/05\/Nicolas-Jacquemard-150x150.jpeg\",\"contentUrl\":\"https:\/\/dicodusport.fr\/blog\/wp-content\/uploads\/2021\/05\/Nicolas-Jacquemard-150x150.jpeg\",\"caption\":\"Nicolas Jacquemard\"},\"description\":\"Passionn\u00e9 de sport et entrepreneur depuis mes 18 ans, la cr\u00e9ation de Dicodusport m'a sembl\u00e9 \u00e9vidente pour participer \u00e0 la m\u00e9diatisation d'un plus grand nombre de sports. Le chemin est long mais avec une \u00e9quipe des plus motiv\u00e9es et les Jeux Olympiques de Paris 2024 en point de mire, nous y arriverons ! Journaliste dans le monde du sport depuis plus de 5 ans, je traite aussi bien de football, de rugby, de biathlon que de cyclisme.\",\"sameAs\":[\"https:\/\/www.facebook.com\/dicodusport\",\"https:\/\/x.com\/https:\/\/twitter.com\/Nico_Jacquemard\"],\"url\":\"https:\/\/dicodusport.fr\/blog\/author\/dicodusport\/\"}]}<\/script>\n<!-- \/ Yoast SEO Premium plugin. -->","yoast_head_json":{"title":"Au coeur du Handisport #5 : la natation et les sports d'hiver au top","description":"Dans ce\u00a0cinqui\u00e8me \u00e9pisode, retour sur les mondiaux de natation et sur le d\u00e9but des saisons des sport d'hiver.\u00a0","robots":{"index":"index","follow":"follow","max-snippet":"max-snippet:-1","max-image-preview":"max-image-preview:large","max-video-preview":"max-video-preview:-1"},"canonical":"https:\/\/dicodusport.fr\/blog\/coeur-handisport-5-natation-sports-hiver-top\/","og_locale":"fr_FR","og_type":"article","og_title":"Au coeur du Handisport #5 : la natation et les sports d'hiver au top","og_description":"Dans ce\u00a0cinqui\u00e8me \u00e9pisode, retour sur les mondiaux de natation et sur le d\u00e9but des saisons des sport d'hiver.\u00a0","og_url":"https:\/\/dicodusport.fr\/blog\/coeur-handisport-5-natation-sports-hiver-top\/","og_site_name":"Dicodusport","article_publisher":"https:\/\/www.facebook.com\/dicodusport","article_author":"https:\/\/www.facebook.com\/dicodusport","article_published_time":"2018-01-01T14:00:27+00:00","og_image":[{"width":1200,"height":670,"url":"https:\/\/dicodusport.fr\/blog\/wp-content\/uploads\/2018\/01\/Mondiaux-natation-handisport.png","type":"image\/png"}],"author":"Nicolas Jacquemard","twitter_card":"summary_large_image","twitter_creator":"@https:\/\/twitter.com\/Nico_Jacquemard","twitter_site":"@dicodusport","schema":{"@context":"https:\/\/schema.org","@graph":[{"@type":"NewsArticle","@id":"https:\/\/dicodusport.fr\/blog\/coeur-handisport-5-natation-sports-hiver-top\/#article","isPartOf":{"@id":"https:\/\/dicodusport.fr\/blog\/coeur-handisport-5-natation-sports-hiver-top\/"},"author":{"name":"Nicolas Jacquemard","@id":"https:\/\/dicodusport.fr\/blog\/#\/schema\/person\/55dcb50ad410894e431ed812bbb70191"},"headline":"Au coeur du Handisport #5 : la natation et les sports d&rsquo;hiver au top","datePublished":"2018-01-01T14:00:27+00:00","mainEntityOfPage":{"@id":"https:\/\/dicodusport.fr\/blog\/coeur-handisport-5-natation-sports-hiver-top\/"},"wordCount":1315,"commentCount":0,"publisher":{"@id":"https:\/\/dicodusport.fr\/blog\/#organization"},"image":{"@id":"https:\/\/dicodusport.fr\/blog\/coeur-handisport-5-natation-sports-hiver-top\/#primaryimage"},"thumbnailUrl":"https:\/\/dicodusport.fr\/blog\/wp-content\/uploads\/2018\/01\/Mondiaux-natation-handisport.png","keywords":["Benjamin Daviet","Bopha Kong","C\u00e9cile Hernandez","coeur handisport","handisport","jeux paralympiques","Marie Bochet","Ugo Didier"],"articleSection":["Actualit\u00e9s","Multisports"],"inLanguage":"fr-FR","potentialAction":[{"@type":"CommentAction","name":"Comment","target":["https:\/\/dicodusport.fr\/blog\/coeur-handisport-5-natation-sports-hiver-top\/#respond"]}],"copyrightYear":"2018","copyrightHolder":{"@id":"https:\/\/dicodusport.fr\/blog\/#organization"}},{"@type":"WebPage","@id":"https:\/\/dicodusport.fr\/blog\/coeur-handisport-5-natation-sports-hiver-top\/","url":"https:\/\/dicodusport.fr\/blog\/coeur-handisport-5-natation-sports-hiver-top\/","name":"Au coeur du Handisport #5 : la natation et les sports d'hiver au top","isPartOf":{"@id":"https:\/\/dicodusport.fr\/blog\/#website"},"primaryImageOfPage":{"@id":"https:\/\/dicodusport.fr\/blog\/coeur-handisport-5-natation-sports-hiver-top\/#primaryimage"},"image":{"@id":"https:\/\/dicodusport.fr\/blog\/coeur-handisport-5-natation-sports-hiver-top\/#primaryimage"},"thumbnailUrl":"https:\/\/dicodusport.fr\/blog\/wp-content\/uploads\/2018\/01\/Mondiaux-natation-handisport.png","datePublished":"2018-01-01T14:00:27+00:00","description":"Dans ce\u00a0cinqui\u00e8me \u00e9pisode, retour sur les mondiaux de natation et sur le d\u00e9but des saisons des sport d'hiver.\u00a0","breadcrumb":{"@id":"https:\/\/dicodusport.fr\/blog\/coeur-handisport-5-natation-sports-hiver-top\/#breadcrumb"},"inLanguage":"fr-FR","potentialAction":[{"@type":"ReadAction","target":["https:\/\/dicodusport.fr\/blog\/coeur-handisport-5-natation-sports-hiver-top\/"]}]},{"@type":"ImageObject","inLanguage":"fr-FR","@id":"https:\/\/dicodusport.fr\/blog\/coeur-handisport-5-natation-sports-hiver-top\/#primaryimage","url":"https:\/\/dicodusport.fr\/blog\/wp-content\/uploads\/2018\/01\/Mondiaux-natation-handisport.png","contentUrl":"https:\/\/dicodusport.fr\/blog\/wp-content\/uploads\/2018\/01\/Mondiaux-natation-handisport.png","width":1200,"height":670,"caption":"Mondiaux natation handisport"},{"@type":"BreadcrumbList","@id":"https:\/\/dicodusport.fr\/blog\/coeur-handisport-5-natation-sports-hiver-top\/#breadcrumb","itemListElement":[{"@type":"ListItem","position":1,"name":"Accueil","item":"https:\/\/dicodusport.fr\/blog\/"},{"@type":"ListItem","position":2,"name":"Au coeur du Handisport #5 : la natation et les sports d&rsquo;hiver au top"}]},{"@type":"WebSite","@id":"https:\/\/dicodusport.fr\/blog\/#website","url":"https:\/\/dicodusport.fr\/blog\/","name":"Dicodusport","description":"L&#039;encyclop\u00e9die de l&#039;actualit\u00e9 sportive","publisher":{"@id":"https:\/\/dicodusport.fr\/blog\/#organization"},"potentialAction":[{"@type":"SearchAction","target":{"@type":"EntryPoint","urlTemplate":"https:\/\/dicodusport.fr\/blog\/?s={search_term_string}"},"query-input":{"@type":"PropertyValueSpecification","valueRequired":true,"valueName":"search_term_string"}}],"inLanguage":"fr-FR"},{"@type":"NewsMediaOrganization","@id":"https:\/\/dicodusport.fr\/blog\/#organization","name":"Dicodusport","url":"https:\/\/dicodusport.fr\/blog\/","logo":{"@type":"ImageObject","inLanguage":"fr-FR","@id":"https:\/\/dicodusport.fr\/blog\/#\/schema\/logo\/image\/","url":"https:\/\/dicodusport.fr\/blog\/wp-content\/uploads\/2020\/06\/cropped-LOGO-DICODUSPORT-2020-SANS-FOND-SANS-TEXTE.png","contentUrl":"https:\/\/dicodusport.fr\/blog\/wp-content\/uploads\/2020\/06\/cropped-LOGO-DICODUSPORT-2020-SANS-FOND-SANS-TEXTE.png","width":512,"height":512,"caption":"Dicodusport"},"image":{"@id":"https:\/\/dicodusport.fr\/blog\/#\/schema\/logo\/image\/"},"sameAs":["https:\/\/www.facebook.com\/dicodusport","https:\/\/x.com\/dicodusport","https:\/\/www.instagram.com\/dicodusport\/","https:\/\/www.youtube.com\/channel\/UC7V2KZ5sd3htJivAbA4ZG3w"],"description":"Dicodusport est l'encyclop\u00e9die de l'actualit\u00e9 sportive.","email":"bonjour@dicodusport.fr","legalName":"DICODUSPORT","foundingDate":"2018-01-14","vatID":"FR71834470973","taxID":"83447097300043","numberOfEmployees":{"@type":"QuantitativeValue","minValue":"1","maxValue":"10"}},{"@type":"Person","@id":"https:\/\/dicodusport.fr\/blog\/#\/schema\/person\/55dcb50ad410894e431ed812bbb70191","name":"Nicolas Jacquemard","image":{"@type":"ImageObject","inLanguage":"fr-FR","@id":"https:\/\/dicodusport.fr\/blog\/#\/schema\/person\/image\/","url":"https:\/\/dicodusport.fr\/blog\/wp-content\/uploads\/2021\/05\/Nicolas-Jacquemard-150x150.jpeg","contentUrl":"https:\/\/dicodusport.fr\/blog\/wp-content\/uploads\/2021\/05\/Nicolas-Jacquemard-150x150.jpeg","caption":"Nicolas Jacquemard"},"description":"Passionn\u00e9 de sport et entrepreneur depuis mes 18 ans, la cr\u00e9ation de Dicodusport m'a sembl\u00e9 \u00e9vidente pour participer \u00e0 la m\u00e9diatisation d'un plus grand nombre de sports. Le chemin est long mais avec une \u00e9quipe des plus motiv\u00e9es et les Jeux Olympiques de Paris 2024 en point de mire, nous y arriverons ! Journaliste dans le monde du sport depuis plus de 5 ans, je traite aussi bien de football, de rugby, de biathlon que de cyclisme.","sameAs":["https:\/\/www.facebook.com\/dicodusport","https:\/\/x.com\/https:\/\/twitter.com\/Nico_Jacquemard"],"url":"https:\/\/dicodusport.fr\/blog\/author\/dicodusport\/"}]}},"_links":{"self":[{"href":"https:\/\/dicodusport.fr\/blog\/wp-json\/wp\/v2\/posts\/9665","targetHints":{"allow":["GET"]}}],"collection":[{"href":"https:\/\/dicodusport.fr\/blog\/wp-json\/wp\/v2\/posts"}],"about":[{"href":"https:\/\/dicodusport.fr\/blog\/wp-json\/wp\/v2\/types\/post"}],"author":[{"embeddable":true,"href":"https:\/\/dicodusport.fr\/blog\/wp-json\/wp\/v2\/users\/1"}],"replies":[{"embeddable":true,"href":"https:\/\/dicodusport.fr\/blog\/wp-json\/wp\/v2\/comments?post=9665"}],"version-history":[{"count":0,"href":"https:\/\/dicodusport.fr\/blog\/wp-json\/wp\/v2\/posts\/9665\/revisions"}],"wp:featuredmedia":[{"embeddable":true,"href":"https:\/\/dicodusport.fr\/blog\/wp-json\/wp\/v2\/media\/9681"}],"wp:attachment":[{"href":"https:\/\/dicodusport.fr\/blog\/wp-json\/wp\/v2\/media?parent=9665"}],"wp:term":[{"taxonomy":"category","embeddable":true,"href":"https:\/\/dicodusport.fr\/blog\/wp-json\/wp\/v2\/categories?post=9665"},{"taxonomy":"post_tag","embeddable":true,"href":"https:\/\/dicodusport.fr\/blog\/wp-json\/wp\/v2\/tags?post=9665"}],"curies":[{"name":"wp","href":"https:\/\/api.w.org\/{rel}","templated":true}]}}