{"id":96716,"date":"2021-01-04T10:02:40","date_gmt":"2021-01-04T09:02:40","guid":{"rendered":"https:\/\/dicodusport.fr\/blog\/?p=96716&#038;preview=true&#038;preview_id=96716"},"modified":"2021-01-04T10:18:53","modified_gmt":"2021-01-04T09:18:53","slug":"les-jeux-olympiques-et-paralympiques-de-tokyo-toujours-aussi-incertains","status":"publish","type":"post","link":"https:\/\/dicodusport.fr\/blog\/les-jeux-olympiques-et-paralympiques-de-tokyo-toujours-aussi-incertains\/","title":{"rendered":"Les Jeux Olympiques et Paralympiques de Tokyo toujours aussi incertains"},"content":{"rendered":"<p style=\"text-align: justify;\"><strong><em><a href=\"https:\/\/dicodusport.fr\/blog\/jo-tokyo-2020\/\" target=\"_blank\" rel=\"noopener noreferrer\">JO TOKYO 2020<\/a> &#8211; Alors que la situation sanitaire est toujours aussi incertaine pour 2021, la tendance n&rsquo;est pas \u00e0 l&rsquo;am\u00e9lioration au Japon. \u00c0 200 jours de l&rsquo;ouverture officielle des Jeux Olympiques de Tokyo (23 juillet), la capitale nipponne tremble.<\/em><\/strong><\/p>\n<p style=\"text-align: justify;\"><em><a href=\"https:\/\/www.francsjeux.com\/2021\/01\/04\/a-tokyo-les-signaux-passent-au-rouge\/72613?fbclid=IwAR1yLnH6Eqi3Y0KMwSaSCDmaYQs3uPerLaAB2CJhE1ZQMqDPHw8HlZrhTvI\" target=\"_blank\" rel=\"noopener noreferrer\">Francs Jeux<\/a><\/em>, m\u00e9dia francophone d\u00e9di\u00e9 au mouvement sportif international, d\u00e9crypte la situation sanitaire actuelle au Japon. Car \u00e0 200 jours de l&rsquo;ouverture des JO, la <strong>Covid-19<\/strong> plonge encore et toujours le Japon dans le doute. Et pour cause, la capitale japonaise, tout comme les trois villes voisines de <strong>Saitama<\/strong>, <strong>Chiba<\/strong> et <strong>Kanagawa<\/strong>, pourraient passer en \u00e9tat d&rsquo;urgence dans les prochains jours. La raison ? Une recrudescence du nombre de cas \u00e0 Tokyo, avec plus de 800 cas ce dimanche 3 janvier. Une semaine plus t\u00f4t, ce sont plus de 1 000 nouveaux cas qui \u00e9taient d\u00e9tect\u00e9s au sein de la capitale anim\u00e9e du Japon.<\/p>\n<h2 style=\"text-align: justify;\">Un protocole sanitaire strict qui risque de compliquer la pr\u00e9paration des JO<\/h2>\n<p style=\"text-align: justify;\">Si <strong>Yoshihide Suga<\/strong>, le Premier ministre nippon, d\u00e9cide de d\u00e9clarer l&rsquo;\u00e9tat d&rsquo;urgence \u00e0 Tokyo, la pr\u00e9paration des <strong>Jeux Olympiques et Paralympiques<\/strong> serait fortement perturb\u00e9e. Sous un protocole sanitaire qui serait, \u00e0 coup s\u00fbr, strict et contraignant, le comit\u00e9 d&rsquo;organisation devrait revoir sa copie. Mais outre les pr\u00e9paratifs avant le jour J, c&rsquo;est sur le plan sportif que cela coincerait \u00e9galement. Selon le groupe audiovisuel japonais <em>NHK<\/em>, seul 20% de la d\u00e9l\u00e9gation nipponne serait boucl\u00e9e. Apr\u00e8s une premi\u00e8re suspension des comp\u00e9titions nationales au printemps dernier, la d\u00e9claration d&rsquo;un deuxi\u00e8me \u00e9tat d&rsquo;urgence viendrait une nouvelle fois mettre en pause le sport japonais.<\/p>\n<p style=\"text-align: justify;\">De plus, la population locale semble de plus en plus perplexe quant \u00e0 la tenue de l&rsquo;\u00e9v\u00e9nement au pays du Soleil-Levant. En d\u00e9cembre dernier, <a href=\"https:\/\/sport24.lefigaro.fr\/jeux-olympiques\/tokyo-2020\/actualites\/les-japonais-en-majorite-reticents-a-la-tenue-des-jo-en-2021-1026045\" target=\"_blank\" rel=\"noopener noreferrer\">un sondage diffus\u00e9e par la <em>NHK<\/em><\/a> \u00e9tait sans \u00e9quivoque, puisque seulement 27% des sond\u00e9s \u00e9taient favorables au maintien des Jeux l&rsquo;\u00e9t\u00e9 prochain. Pire, 32% d&rsquo;entre eux sont pour une annulation de l&rsquo;\u00e9v\u00e9nement. Plus que jamais, les JO et JP sont en sursis.<\/p>\n<blockquote class=\"twitter-tweet\">\n<p dir=\"ltr\" lang=\"fr\">A Tokyo, les signaux passent au rouge <a href=\"https:\/\/t.co\/ZhTTfgKNcm\">https:\/\/t.co\/ZhTTfgKNcm<\/a><\/p>\n<p>\u2014 Carole GOMEZ (@carole_gomez) <a href=\"https:\/\/twitter.com\/carole_gomez\/status\/1345982916950708226?ref_src=twsrc%5Etfw\">January 4, 2021<\/a><\/p><\/blockquote>\n<p><script async src=\"https:\/\/platform.twitter.com\/widgets.js\" charset=\"utf-8\"><\/script><\/p>\n<p><strong><em>Dicodusport<br \/>\n<a href=\"https:\/\/www.facebook.com\/dicodusport\/\" target=\"_blank\" rel=\"noopener noreferrer\"><img loading=\"lazy\" decoding=\"async\" class=\"alignnone wp-image-2909\" src=\"http:\/\/dicodusport.fr\/blog\/wp-content\/uploads\/2017\/07\/logo-facebook-150x150.png\" alt=\"\" width=\"40\" height=\"40\" \/><\/a><a href=\"https:\/\/twitter.com\/dicodusport\" target=\"_blank\" rel=\"noopener noreferrer\"><img loading=\"lazy\" decoding=\"async\" class=\"alignnone wp-image-2908\" src=\"http:\/\/dicodusport.fr\/blog\/wp-content\/uploads\/2017\/07\/logo-twitter-150x150.png\" alt=\"\" width=\"39\" height=\"39\" \/><\/a><\/em><\/strong><\/p>\n","protected":false},"excerpt":{"rendered":"<p>JO TOKYO 2020 &#8211; Alors que la situation sanitaire est toujours aussi incertaine pour 2021, la tendance n&rsquo;est pas \u00e0 l&rsquo;am\u00e9lioration au Japon. \u00c0 200 jours de l&rsquo;ouverture officielle des Jeux Olympiques de Tokyo (23 juillet), la capitale nipponne tremble.<\/p>\n","protected":false},"author":4,"featured_media":96722,"comment_status":"open","ping_status":"closed","sticky":false,"template":"","format":"standard","meta":{"_acf_changed":false,"_daextam_enable_autolinks":"","footnotes":""},"categories":[8433],"tags":[10973,24],"class_list":["post-96716","post","type-post","status-publish","format-standard","has-post-thumbnail","hentry","category-jo-tokyo-2020","tag-covid-19","tag-sport"],"acf":[],"yoast_head":"<!-- This site is optimized with the Yoast SEO Premium plugin v26.7 (Yoast SEO v26.7) - https:\/\/yoast.com\/wordpress\/plugins\/seo\/ -->\n<title>Les Jeux Olympiques et Paralympiques de Tokyo toujours aussi incertains<\/title>\n<meta name=\"description\" content=\"JO TOKYO 2020 - \u00c0 200 jours de l&#039;ouverture officielle des Jeux Olympiques de Tokyo (23 juillet), la capitale nipponne tremble.\" \/>\n<meta name=\"robots\" content=\"index, follow, max-snippet:-1, max-image-preview:large, max-video-preview:-1\" \/>\n<link rel=\"canonical\" href=\"https:\/\/dicodusport.fr\/blog\/les-jeux-olympiques-et-paralympiques-de-tokyo-toujours-aussi-incertains\/\" \/>\n<meta property=\"og:locale\" content=\"fr_FR\" \/>\n<meta property=\"og:type\" content=\"article\" \/>\n<meta property=\"og:title\" content=\"Les Jeux Olympiques et Paralympiques de Tokyo toujours aussi incertains\" \/>\n<meta property=\"og:description\" content=\"JO TOKYO 2020 - \u00c0 200 jours de l&#039;ouverture officielle des Jeux Olympiques de Tokyo (23 juillet), la capitale nipponne tremble.\" \/>\n<meta property=\"og:url\" content=\"https:\/\/dicodusport.fr\/blog\/les-jeux-olympiques-et-paralympiques-de-tokyo-toujours-aussi-incertains\/\" \/>\n<meta property=\"og:site_name\" content=\"Dicodusport\" \/>\n<meta property=\"article:publisher\" content=\"https:\/\/www.facebook.com\/dicodusport\" \/>\n<meta property=\"article:author\" content=\"https:\/\/www.facebook.com\/florent.ostermann\" \/>\n<meta property=\"article:published_time\" content=\"2021-01-04T09:02:40+00:00\" \/>\n<meta property=\"article:modified_time\" content=\"2021-01-04T09:18:53+00:00\" \/>\n<meta property=\"og:image\" content=\"https:\/\/dicodusport.fr\/blog\/wp-content\/uploads\/2021\/01\/Les-Jeux-Olympiques-et-Paralympiques-de-Tokyo-toujours-aussi-incertains.png\" \/>\n\t<meta property=\"og:image:width\" content=\"800\" \/>\n\t<meta property=\"og:image:height\" content=\"445\" \/>\n\t<meta property=\"og:image:type\" content=\"image\/png\" \/>\n<meta name=\"author\" content=\"Flo Ostermann\" \/>\n<meta name=\"twitter:card\" content=\"summary_large_image\" \/>\n<meta name=\"twitter:title\" content=\"Les Jeux Olympiques et Paralympiques de Tokyo toujours aussi incertains\" \/>\n<meta name=\"twitter:creator\" content=\"@https:\/\/twitter.com\/FlOstermann\" \/>\n<meta name=\"twitter:site\" content=\"@dicodusport\" \/>\n<script type=\"application\/ld+json\" class=\"yoast-schema-graph\">{\"@context\":\"https:\/\/schema.org\",\"@graph\":[{\"@type\":\"NewsArticle\",\"@id\":\"https:\/\/dicodusport.fr\/blog\/les-jeux-olympiques-et-paralympiques-de-tokyo-toujours-aussi-incertains\/#article\",\"isPartOf\":{\"@id\":\"https:\/\/dicodusport.fr\/blog\/les-jeux-olympiques-et-paralympiques-de-tokyo-toujours-aussi-incertains\/\"},\"author\":{\"name\":\"Flo Ostermann\",\"@id\":\"https:\/\/dicodusport.fr\/blog\/#\/schema\/person\/cb02af4c173ce4a653b55e9baf388d4a\"},\"headline\":\"Les Jeux Olympiques et Paralympiques de Tokyo toujours aussi incertains\",\"datePublished\":\"2021-01-04T09:02:40+00:00\",\"dateModified\":\"2021-01-04T09:18:53+00:00\",\"mainEntityOfPage\":{\"@id\":\"https:\/\/dicodusport.fr\/blog\/les-jeux-olympiques-et-paralympiques-de-tokyo-toujours-aussi-incertains\/\"},\"wordCount\":372,\"commentCount\":0,\"publisher\":{\"@id\":\"https:\/\/dicodusport.fr\/blog\/#organization\"},\"image\":{\"@id\":\"https:\/\/dicodusport.fr\/blog\/les-jeux-olympiques-et-paralympiques-de-tokyo-toujours-aussi-incertains\/#primaryimage\"},\"thumbnailUrl\":\"https:\/\/dicodusport.fr\/blog\/wp-content\/uploads\/2021\/01\/Les-Jeux-Olympiques-et-Paralympiques-de-Tokyo-toujours-aussi-incertains.png\",\"keywords\":[\"Covid-19\",\"sport\"],\"articleSection\":[\"JO Tokyo 2020\"],\"inLanguage\":\"fr-FR\",\"potentialAction\":[{\"@type\":\"CommentAction\",\"name\":\"Comment\",\"target\":[\"https:\/\/dicodusport.fr\/blog\/les-jeux-olympiques-et-paralympiques-de-tokyo-toujours-aussi-incertains\/#respond\"]}],\"copyrightYear\":\"2021\",\"copyrightHolder\":{\"@id\":\"https:\/\/dicodusport.fr\/blog\/#organization\"}},{\"@type\":\"WebPage\",\"@id\":\"https:\/\/dicodusport.fr\/blog\/les-jeux-olympiques-et-paralympiques-de-tokyo-toujours-aussi-incertains\/\",\"url\":\"https:\/\/dicodusport.fr\/blog\/les-jeux-olympiques-et-paralympiques-de-tokyo-toujours-aussi-incertains\/\",\"name\":\"Les Jeux Olympiques et Paralympiques de Tokyo toujours aussi incertains\",\"isPartOf\":{\"@id\":\"https:\/\/dicodusport.fr\/blog\/#website\"},\"primaryImageOfPage\":{\"@id\":\"https:\/\/dicodusport.fr\/blog\/les-jeux-olympiques-et-paralympiques-de-tokyo-toujours-aussi-incertains\/#primaryimage\"},\"image\":{\"@id\":\"https:\/\/dicodusport.fr\/blog\/les-jeux-olympiques-et-paralympiques-de-tokyo-toujours-aussi-incertains\/#primaryimage\"},\"thumbnailUrl\":\"https:\/\/dicodusport.fr\/blog\/wp-content\/uploads\/2021\/01\/Les-Jeux-Olympiques-et-Paralympiques-de-Tokyo-toujours-aussi-incertains.png\",\"datePublished\":\"2021-01-04T09:02:40+00:00\",\"dateModified\":\"2021-01-04T09:18:53+00:00\",\"description\":\"JO TOKYO 2020 - \u00c0 200 jours de l'ouverture officielle des Jeux Olympiques de Tokyo (23 juillet), la capitale nipponne tremble.\",\"breadcrumb\":{\"@id\":\"https:\/\/dicodusport.fr\/blog\/les-jeux-olympiques-et-paralympiques-de-tokyo-toujours-aussi-incertains\/#breadcrumb\"},\"inLanguage\":\"fr-FR\",\"potentialAction\":[{\"@type\":\"ReadAction\",\"target\":[\"https:\/\/dicodusport.fr\/blog\/les-jeux-olympiques-et-paralympiques-de-tokyo-toujours-aussi-incertains\/\"]}]},{\"@type\":\"ImageObject\",\"inLanguage\":\"fr-FR\",\"@id\":\"https:\/\/dicodusport.fr\/blog\/les-jeux-olympiques-et-paralympiques-de-tokyo-toujours-aussi-incertains\/#primaryimage\",\"url\":\"https:\/\/dicodusport.fr\/blog\/wp-content\/uploads\/2021\/01\/Les-Jeux-Olympiques-et-Paralympiques-de-Tokyo-toujours-aussi-incertains.png\",\"contentUrl\":\"https:\/\/dicodusport.fr\/blog\/wp-content\/uploads\/2021\/01\/Les-Jeux-Olympiques-et-Paralympiques-de-Tokyo-toujours-aussi-incertains.png\",\"width\":800,\"height\":445,\"caption\":\"24 mars 2020 : Les Jeux de Tokyo sont report\u00e9s\"},{\"@type\":\"BreadcrumbList\",\"@id\":\"https:\/\/dicodusport.fr\/blog\/les-jeux-olympiques-et-paralympiques-de-tokyo-toujours-aussi-incertains\/#breadcrumb\",\"itemListElement\":[{\"@type\":\"ListItem\",\"position\":1,\"name\":\"Accueil\",\"item\":\"https:\/\/dicodusport.fr\/blog\/\"},{\"@type\":\"ListItem\",\"position\":2,\"name\":\"Les Jeux Olympiques et Paralympiques de Tokyo toujours aussi incertains\"}]},{\"@type\":\"WebSite\",\"@id\":\"https:\/\/dicodusport.fr\/blog\/#website\",\"url\":\"https:\/\/dicodusport.fr\/blog\/\",\"name\":\"Dicodusport\",\"description\":\"L&#039;encyclop\u00e9die de l&#039;actualit\u00e9 sportive\",\"publisher\":{\"@id\":\"https:\/\/dicodusport.fr\/blog\/#organization\"},\"potentialAction\":[{\"@type\":\"SearchAction\",\"target\":{\"@type\":\"EntryPoint\",\"urlTemplate\":\"https:\/\/dicodusport.fr\/blog\/?s={search_term_string}\"},\"query-input\":{\"@type\":\"PropertyValueSpecification\",\"valueRequired\":true,\"valueName\":\"search_term_string\"}}],\"inLanguage\":\"fr-FR\"},{\"@type\":\"NewsMediaOrganization\",\"@id\":\"https:\/\/dicodusport.fr\/blog\/#organization\",\"name\":\"Dicodusport\",\"url\":\"https:\/\/dicodusport.fr\/blog\/\",\"logo\":{\"@type\":\"ImageObject\",\"inLanguage\":\"fr-FR\",\"@id\":\"https:\/\/dicodusport.fr\/blog\/#\/schema\/logo\/image\/\",\"url\":\"https:\/\/dicodusport.fr\/blog\/wp-content\/uploads\/2020\/06\/cropped-LOGO-DICODUSPORT-2020-SANS-FOND-SANS-TEXTE.png\",\"contentUrl\":\"https:\/\/dicodusport.fr\/blog\/wp-content\/uploads\/2020\/06\/cropped-LOGO-DICODUSPORT-2020-SANS-FOND-SANS-TEXTE.png\",\"width\":512,\"height\":512,\"caption\":\"Dicodusport\"},\"image\":{\"@id\":\"https:\/\/dicodusport.fr\/blog\/#\/schema\/logo\/image\/\"},\"sameAs\":[\"https:\/\/www.facebook.com\/dicodusport\",\"https:\/\/x.com\/dicodusport\",\"https:\/\/www.instagram.com\/dicodusport\/\",\"https:\/\/www.youtube.com\/channel\/UC7V2KZ5sd3htJivAbA4ZG3w\"],\"description\":\"Dicodusport est l'encyclop\u00e9die de l'actualit\u00e9 sportive.\",\"email\":\"bonjour@dicodusport.fr\",\"legalName\":\"DICODUSPORT\",\"foundingDate\":\"2018-01-14\",\"vatID\":\"FR71834470973\",\"taxID\":\"83447097300043\",\"numberOfEmployees\":{\"@type\":\"QuantitativeValue\",\"minValue\":\"1\",\"maxValue\":\"10\"}},{\"@type\":\"Person\",\"@id\":\"https:\/\/dicodusport.fr\/blog\/#\/schema\/person\/cb02af4c173ce4a653b55e9baf388d4a\",\"name\":\"Flo Ostermann\",\"image\":{\"@type\":\"ImageObject\",\"inLanguage\":\"fr-FR\",\"@id\":\"https:\/\/dicodusport.fr\/blog\/#\/schema\/person\/image\/\",\"url\":\"https:\/\/dicodusport.fr\/blog\/wp-content\/uploads\/2021\/05\/Flo-Ostermann-150x150.jpg\",\"contentUrl\":\"https:\/\/dicodusport.fr\/blog\/wp-content\/uploads\/2021\/05\/Flo-Ostermann-150x150.jpg\",\"caption\":\"Flo Ostermann\"},\"description\":\"Journaliste\/R\u00e9dacteur depuis septembre 2015 - Mes premiers souvenirs dans le sport ? Les envol\u00e9es du Stade Toulousain et les duels Villeneuve-Schumacher et H\u00e4kkinen-Schumacher \u00e0 la fin des ann\u00e9es 90, la Coupe du monde de football en 1998, l\u2019exploit du XV de France face aux All Blacks en 1999, mais aussi Richard C\u0153ur de Lion qui vole sur les montagnes du Tour de France. Bien parti pour devenir professeur d\u2019EPS, les \u00e9v\u00e9nements de la vie (et la flemme d\u2019animer des s\u00e9ances de 3x500 m\u00e8tres toute ma vie) m\u2019ont conduit \u00e0 revoir mes plans. Me voil\u00e0 depuis fin 2017 sur Dicodusport, m\u00e9dia gr\u00e2ce (et pour) lequel je partage ma passion : le sport dans tous ses \u00e9tats. Le tout accompagn\u00e9 par les fous furieux et folles furieuses cit\u00e9s sur cette page !\",\"sameAs\":[\"https:\/\/www.facebook.com\/florent.ostermann\",\"https:\/\/x.com\/https:\/\/twitter.com\/FlOstermann\",\"admin\"],\"url\":\"https:\/\/dicodusport.fr\/blog\/author\/flo\/\"}]}<\/script>\n<!-- \/ Yoast SEO Premium plugin. -->","yoast_head_json":{"title":"Les Jeux Olympiques et Paralympiques de Tokyo toujours aussi incertains","description":"JO TOKYO 2020 - \u00c0 200 jours de l'ouverture officielle des Jeux Olympiques de Tokyo (23 juillet), la capitale nipponne tremble.","robots":{"index":"index","follow":"follow","max-snippet":"max-snippet:-1","max-image-preview":"max-image-preview:large","max-video-preview":"max-video-preview:-1"},"canonical":"https:\/\/dicodusport.fr\/blog\/les-jeux-olympiques-et-paralympiques-de-tokyo-toujours-aussi-incertains\/","og_locale":"fr_FR","og_type":"article","og_title":"Les Jeux Olympiques et Paralympiques de Tokyo toujours aussi incertains","og_description":"JO TOKYO 2020 - \u00c0 200 jours de l'ouverture officielle des Jeux Olympiques de Tokyo (23 juillet), la capitale nipponne tremble.","og_url":"https:\/\/dicodusport.fr\/blog\/les-jeux-olympiques-et-paralympiques-de-tokyo-toujours-aussi-incertains\/","og_site_name":"Dicodusport","article_publisher":"https:\/\/www.facebook.com\/dicodusport","article_author":"https:\/\/www.facebook.com\/florent.ostermann","article_published_time":"2021-01-04T09:02:40+00:00","article_modified_time":"2021-01-04T09:18:53+00:00","og_image":[{"width":800,"height":445,"url":"https:\/\/dicodusport.fr\/blog\/wp-content\/uploads\/2021\/01\/Les-Jeux-Olympiques-et-Paralympiques-de-Tokyo-toujours-aussi-incertains.png","type":"image\/png"}],"author":"Flo Ostermann","twitter_card":"summary_large_image","twitter_title":"Les Jeux Olympiques et Paralympiques de Tokyo toujours aussi incertains","twitter_creator":"@https:\/\/twitter.com\/FlOstermann","twitter_site":"@dicodusport","schema":{"@context":"https:\/\/schema.org","@graph":[{"@type":"NewsArticle","@id":"https:\/\/dicodusport.fr\/blog\/les-jeux-olympiques-et-paralympiques-de-tokyo-toujours-aussi-incertains\/#article","isPartOf":{"@id":"https:\/\/dicodusport.fr\/blog\/les-jeux-olympiques-et-paralympiques-de-tokyo-toujours-aussi-incertains\/"},"author":{"name":"Flo Ostermann","@id":"https:\/\/dicodusport.fr\/blog\/#\/schema\/person\/cb02af4c173ce4a653b55e9baf388d4a"},"headline":"Les Jeux Olympiques et Paralympiques de Tokyo toujours aussi incertains","datePublished":"2021-01-04T09:02:40+00:00","dateModified":"2021-01-04T09:18:53+00:00","mainEntityOfPage":{"@id":"https:\/\/dicodusport.fr\/blog\/les-jeux-olympiques-et-paralympiques-de-tokyo-toujours-aussi-incertains\/"},"wordCount":372,"commentCount":0,"publisher":{"@id":"https:\/\/dicodusport.fr\/blog\/#organization"},"image":{"@id":"https:\/\/dicodusport.fr\/blog\/les-jeux-olympiques-et-paralympiques-de-tokyo-toujours-aussi-incertains\/#primaryimage"},"thumbnailUrl":"https:\/\/dicodusport.fr\/blog\/wp-content\/uploads\/2021\/01\/Les-Jeux-Olympiques-et-Paralympiques-de-Tokyo-toujours-aussi-incertains.png","keywords":["Covid-19","sport"],"articleSection":["JO Tokyo 2020"],"inLanguage":"fr-FR","potentialAction":[{"@type":"CommentAction","name":"Comment","target":["https:\/\/dicodusport.fr\/blog\/les-jeux-olympiques-et-paralympiques-de-tokyo-toujours-aussi-incertains\/#respond"]}],"copyrightYear":"2021","copyrightHolder":{"@id":"https:\/\/dicodusport.fr\/blog\/#organization"}},{"@type":"WebPage","@id":"https:\/\/dicodusport.fr\/blog\/les-jeux-olympiques-et-paralympiques-de-tokyo-toujours-aussi-incertains\/","url":"https:\/\/dicodusport.fr\/blog\/les-jeux-olympiques-et-paralympiques-de-tokyo-toujours-aussi-incertains\/","name":"Les Jeux Olympiques et Paralympiques de Tokyo toujours aussi incertains","isPartOf":{"@id":"https:\/\/dicodusport.fr\/blog\/#website"},"primaryImageOfPage":{"@id":"https:\/\/dicodusport.fr\/blog\/les-jeux-olympiques-et-paralympiques-de-tokyo-toujours-aussi-incertains\/#primaryimage"},"image":{"@id":"https:\/\/dicodusport.fr\/blog\/les-jeux-olympiques-et-paralympiques-de-tokyo-toujours-aussi-incertains\/#primaryimage"},"thumbnailUrl":"https:\/\/dicodusport.fr\/blog\/wp-content\/uploads\/2021\/01\/Les-Jeux-Olympiques-et-Paralympiques-de-Tokyo-toujours-aussi-incertains.png","datePublished":"2021-01-04T09:02:40+00:00","dateModified":"2021-01-04T09:18:53+00:00","description":"JO TOKYO 2020 - \u00c0 200 jours de l'ouverture officielle des Jeux Olympiques de Tokyo (23 juillet), la capitale nipponne tremble.","breadcrumb":{"@id":"https:\/\/dicodusport.fr\/blog\/les-jeux-olympiques-et-paralympiques-de-tokyo-toujours-aussi-incertains\/#breadcrumb"},"inLanguage":"fr-FR","potentialAction":[{"@type":"ReadAction","target":["https:\/\/dicodusport.fr\/blog\/les-jeux-olympiques-et-paralympiques-de-tokyo-toujours-aussi-incertains\/"]}]},{"@type":"ImageObject","inLanguage":"fr-FR","@id":"https:\/\/dicodusport.fr\/blog\/les-jeux-olympiques-et-paralympiques-de-tokyo-toujours-aussi-incertains\/#primaryimage","url":"https:\/\/dicodusport.fr\/blog\/wp-content\/uploads\/2021\/01\/Les-Jeux-Olympiques-et-Paralympiques-de-Tokyo-toujours-aussi-incertains.png","contentUrl":"https:\/\/dicodusport.fr\/blog\/wp-content\/uploads\/2021\/01\/Les-Jeux-Olympiques-et-Paralympiques-de-Tokyo-toujours-aussi-incertains.png","width":800,"height":445,"caption":"24 mars 2020 : Les Jeux de Tokyo sont report\u00e9s"},{"@type":"BreadcrumbList","@id":"https:\/\/dicodusport.fr\/blog\/les-jeux-olympiques-et-paralympiques-de-tokyo-toujours-aussi-incertains\/#breadcrumb","itemListElement":[{"@type":"ListItem","position":1,"name":"Accueil","item":"https:\/\/dicodusport.fr\/blog\/"},{"@type":"ListItem","position":2,"name":"Les Jeux Olympiques et Paralympiques de Tokyo toujours aussi incertains"}]},{"@type":"WebSite","@id":"https:\/\/dicodusport.fr\/blog\/#website","url":"https:\/\/dicodusport.fr\/blog\/","name":"Dicodusport","description":"L&#039;encyclop\u00e9die de l&#039;actualit\u00e9 sportive","publisher":{"@id":"https:\/\/dicodusport.fr\/blog\/#organization"},"potentialAction":[{"@type":"SearchAction","target":{"@type":"EntryPoint","urlTemplate":"https:\/\/dicodusport.fr\/blog\/?s={search_term_string}"},"query-input":{"@type":"PropertyValueSpecification","valueRequired":true,"valueName":"search_term_string"}}],"inLanguage":"fr-FR"},{"@type":"NewsMediaOrganization","@id":"https:\/\/dicodusport.fr\/blog\/#organization","name":"Dicodusport","url":"https:\/\/dicodusport.fr\/blog\/","logo":{"@type":"ImageObject","inLanguage":"fr-FR","@id":"https:\/\/dicodusport.fr\/blog\/#\/schema\/logo\/image\/","url":"https:\/\/dicodusport.fr\/blog\/wp-content\/uploads\/2020\/06\/cropped-LOGO-DICODUSPORT-2020-SANS-FOND-SANS-TEXTE.png","contentUrl":"https:\/\/dicodusport.fr\/blog\/wp-content\/uploads\/2020\/06\/cropped-LOGO-DICODUSPORT-2020-SANS-FOND-SANS-TEXTE.png","width":512,"height":512,"caption":"Dicodusport"},"image":{"@id":"https:\/\/dicodusport.fr\/blog\/#\/schema\/logo\/image\/"},"sameAs":["https:\/\/www.facebook.com\/dicodusport","https:\/\/x.com\/dicodusport","https:\/\/www.instagram.com\/dicodusport\/","https:\/\/www.youtube.com\/channel\/UC7V2KZ5sd3htJivAbA4ZG3w"],"description":"Dicodusport est l'encyclop\u00e9die de l'actualit\u00e9 sportive.","email":"bonjour@dicodusport.fr","legalName":"DICODUSPORT","foundingDate":"2018-01-14","vatID":"FR71834470973","taxID":"83447097300043","numberOfEmployees":{"@type":"QuantitativeValue","minValue":"1","maxValue":"10"}},{"@type":"Person","@id":"https:\/\/dicodusport.fr\/blog\/#\/schema\/person\/cb02af4c173ce4a653b55e9baf388d4a","name":"Flo Ostermann","image":{"@type":"ImageObject","inLanguage":"fr-FR","@id":"https:\/\/dicodusport.fr\/blog\/#\/schema\/person\/image\/","url":"https:\/\/dicodusport.fr\/blog\/wp-content\/uploads\/2021\/05\/Flo-Ostermann-150x150.jpg","contentUrl":"https:\/\/dicodusport.fr\/blog\/wp-content\/uploads\/2021\/05\/Flo-Ostermann-150x150.jpg","caption":"Flo Ostermann"},"description":"Journaliste\/R\u00e9dacteur depuis septembre 2015 - Mes premiers souvenirs dans le sport ? Les envol\u00e9es du Stade Toulousain et les duels Villeneuve-Schumacher et H\u00e4kkinen-Schumacher \u00e0 la fin des ann\u00e9es 90, la Coupe du monde de football en 1998, l\u2019exploit du XV de France face aux All Blacks en 1999, mais aussi Richard C\u0153ur de Lion qui vole sur les montagnes du Tour de France. Bien parti pour devenir professeur d\u2019EPS, les \u00e9v\u00e9nements de la vie (et la flemme d\u2019animer des s\u00e9ances de 3x500 m\u00e8tres toute ma vie) m\u2019ont conduit \u00e0 revoir mes plans. Me voil\u00e0 depuis fin 2017 sur Dicodusport, m\u00e9dia gr\u00e2ce (et pour) lequel je partage ma passion : le sport dans tous ses \u00e9tats. Le tout accompagn\u00e9 par les fous furieux et folles furieuses cit\u00e9s sur cette page !","sameAs":["https:\/\/www.facebook.com\/florent.ostermann","https:\/\/x.com\/https:\/\/twitter.com\/FlOstermann","admin"],"url":"https:\/\/dicodusport.fr\/blog\/author\/flo\/"}]}},"_links":{"self":[{"href":"https:\/\/dicodusport.fr\/blog\/wp-json\/wp\/v2\/posts\/96716","targetHints":{"allow":["GET"]}}],"collection":[{"href":"https:\/\/dicodusport.fr\/blog\/wp-json\/wp\/v2\/posts"}],"about":[{"href":"https:\/\/dicodusport.fr\/blog\/wp-json\/wp\/v2\/types\/post"}],"author":[{"embeddable":true,"href":"https:\/\/dicodusport.fr\/blog\/wp-json\/wp\/v2\/users\/4"}],"replies":[{"embeddable":true,"href":"https:\/\/dicodusport.fr\/blog\/wp-json\/wp\/v2\/comments?post=96716"}],"version-history":[{"count":0,"href":"https:\/\/dicodusport.fr\/blog\/wp-json\/wp\/v2\/posts\/96716\/revisions"}],"wp:featuredmedia":[{"embeddable":true,"href":"https:\/\/dicodusport.fr\/blog\/wp-json\/wp\/v2\/media\/96722"}],"wp:attachment":[{"href":"https:\/\/dicodusport.fr\/blog\/wp-json\/wp\/v2\/media?parent=96716"}],"wp:term":[{"taxonomy":"category","embeddable":true,"href":"https:\/\/dicodusport.fr\/blog\/wp-json\/wp\/v2\/categories?post=96716"},{"taxonomy":"post_tag","embeddable":true,"href":"https:\/\/dicodusport.fr\/blog\/wp-json\/wp\/v2\/tags?post=96716"}],"curies":[{"name":"wp","href":"https:\/\/api.w.org\/{rel}","templated":true}]}}