{"id":96721,"date":"2021-01-28T11:21:46","date_gmt":"2021-01-28T10:21:46","guid":{"rendered":"https:\/\/dicodusport.fr\/blog\/?p=96721"},"modified":"2021-01-28T11:37:16","modified_gmt":"2021-01-28T10:37:16","slug":"cyclisme-masculin-calendrier-cycliste-2021","status":"publish","type":"post","link":"https:\/\/dicodusport.fr\/blog\/cyclisme-masculin-calendrier-cycliste-2021\/","title":{"rendered":"Cyclisme masculin : le calendrier cycliste 2021"},"content":{"rendered":"<p style=\"text-align: justify;\"><em><strong>\u00c0 nouvelle ann\u00e9e, nouveau calendrier. Le cyclisme ne fait pas exception \u00e0 cette r\u00e8gle. Voici le calendrier cycliste 2021 avec notre s\u00e9lection des courses \u00e0 suivre.<\/strong><\/em><\/p>\n<p style=\"text-align: justify;\">Elles constituent l&rsquo;\u00e9lite des courses internationales. <strong>Classiques, Monuments, Tour d&rsquo;une semaine<\/strong> ou <strong>Grand Tour<\/strong> ce sont tout simplement les courses qui sont \u00e0 cocher en premier dans votre calendrier cycliste. Traditionnellement ouvert en janvier avec le<strong> Tour Down Under<\/strong>, il faudra attendre la fin du mois de f\u00e9vrier pour ouvrir les festivit\u00e9s cette ann\u00e9e.<\/p>\n<h2 style=\"text-align: justify;\">Le calendrier cycliste World Tour<\/h2>\n<p style=\"text-align: justify;\">Le <strong>TDU<\/strong> et la <strong>Cadel-Evans Great Ocean Road Race<\/strong> ont d\u00fb renoncer \u00e0 se tenir cette ann\u00e9e. C&rsquo;est donc avec le <strong>Tour UAE <\/strong>(21\/02\/2021 &#8211; 27\/02\/2021) que la calendrier World Tour commencera.<\/p>\n<p style=\"text-align: justify;\">Du c\u00f4t\u00e9 des classiques flandriennes, ce sera comme le veut la coutume l&rsquo;<strong>Omloop Het Nieuwsblad <\/strong>(27\/02\/2021) qui ouvrira le bal. Il sera suivi par les <strong>Strade Bianche <\/strong>(06\/03\/2021). En d\u00e9pit de sa cr\u00e9ation r\u00e9cente, elle fait partie des rendez-vous les plus attendus du d\u00e9but de saison. Comme \u00e0 l&rsquo;accoutum\u00e9e, la premi\u00e8re course <strong>UWT<\/strong> fran\u00e7aise sera <strong>Paris-Nice<\/strong> du 7 au 14 mars.<\/p>\n<p style=\"text-align: justify;\">Du c\u00f4t\u00e9 des Monuments, ce sera bien s\u00fbr <strong>Milan-San-Remo\u00a0<\/strong>(20\/03\/2021) qui aura la primeur. S&rsquo;en suivront dans l&rsquo;ordre le <strong>Tour des Flandres<\/strong> (04\/04\/2021), <strong>Paris-Roubaix<\/strong> (11\/04\/2021), <strong>Li\u00e8ge-Bastogne-Li\u00e8ge<\/strong> (25\/04\/2021) et \u00e9videmment plus tard le <strong>Tour de Lombardie<\/strong> (09\/10\/2020).<\/p>\n<p style=\"text-align: justify;\">En ce qui concerne les Grands Tours, on respectera la chronologie traditionnelle. C&rsquo;est le <strong>Giro<\/strong> qui ouvrira les hostilit\u00e9s entre le 8 et le 25 mai. <strong>Jeux Olympiques<\/strong> oblige, le <strong>Tour de France<\/strong> s&rsquo;\u00e9lancera de Brest le 26 juin prochain pour arriver \u00e0 Paris le 18 juillet qui suivra. C\u00f4t\u00e9 espagnol, la <strong>Vuelta<\/strong> se disputera du 14 ao\u00fbt au 5 septembre.<\/p>\n<p style=\"text-align: justify;\">La saison des courses <a href=\"https:\/\/dicodusport.fr\/blog\/cyclisme-calendrier-world-tour-masculin-2021\/\" target=\"_blank\" rel=\"noopener noreferrer\">UCI World Tour<\/a> se cl\u00f4turera en Chine avec le <strong>Tour du Guangxi<\/strong> (14\/10\/2021-19\/10\/2021).<\/p>\n<table style=\"width: 800px; border-collapse: collapse;\">\n<tbody>\n<tr style=\"height: 24px; background-color: #000000;\">\n<td style=\"width: 13.5758%; height: 24px; text-align: center;\"><span style=\"color: #ffffff;\"><strong>Date d\u00e9but<\/strong><\/span><\/td>\n<td style=\"width: 13.4545%; height: 24px; text-align: center;\"><span style=\"color: #ffffff;\"><strong>Date fin<\/strong><\/span><\/td>\n<td style=\"width: 32.6061%; height: 24px; text-align: center;\"><span style=\"color: #ffffff;\"><strong>Course<\/strong><\/span><\/td>\n<td style=\"width: 20.7273%; height: 24px; text-align: center;\"><span style=\"color: #ffffff;\"><strong>Pays<\/strong><\/span><\/td>\n<td style=\"width: 20%; height: 24px; text-align: center;\"><span style=\"color: #ffffff;\"><strong>Diffuseur<br \/>\n<\/strong><\/span><\/td>\n<\/tr>\n<tr style=\"height: 24px;\">\n<td style=\"width: 13.5758%; height: 24px; text-align: center;\">21\/02\/2021<\/td>\n<td style=\"width: 13.4545%; height: 24px; text-align: center;\">27\/02\/2021<\/td>\n<td style=\"width: 32.6061%; height: 24px; text-align: center;\">UAE Tour<\/td>\n<td style=\"width: 20.7273%; height: 24px; text-align: center;\">Emirats Arabes Unis<\/td>\n<td style=\"width: 20%; text-align: center; height: 24px;\"><\/td>\n<\/tr>\n<tr style=\"height: 24px;\">\n<td style=\"width: 13.5758%; height: 24px; text-align: center;\">27\/02\/2021<\/td>\n<td style=\"width: 13.4545%; height: 24px; text-align: center;\">27\/02\/2021<\/td>\n<td style=\"width: 32.6061%; height: 24px; text-align: center;\">Omloop Het Nieuwblad<\/td>\n<td style=\"width: 20.7273%; height: 24px; text-align: center;\">Belgique<\/td>\n<td style=\"width: 20%; text-align: center; height: 24px;\">Eurosport<\/td>\n<\/tr>\n<tr style=\"height: 24px;\">\n<td style=\"width: 13.5758%; height: 24px; text-align: center;\">06\/03\/2021<\/td>\n<td style=\"width: 13.4545%; height: 24px; text-align: center;\">06\/03\/2021<\/td>\n<td style=\"width: 32.6061%; height: 24px; text-align: center;\">Strade Bianche<\/td>\n<td style=\"width: 20.7273%; height: 24px; text-align: center;\">Italie<\/td>\n<td style=\"width: 20%; text-align: center; height: 24px;\">La Cha\u00eene L&rsquo;\u00c9quipe<\/td>\n<\/tr>\n<tr style=\"height: 24px;\">\n<td style=\"width: 13.5758%; height: 24px; text-align: center;\"><strong>07\/03\/2021<\/strong><\/td>\n<td style=\"width: 13.4545%; height: 24px; text-align: center;\"><strong>14\/03\/2021<\/strong><\/td>\n<td style=\"width: 32.6061%; height: 24px; text-align: center;\"><strong>Paris-Nice<\/strong><\/td>\n<td style=\"width: 20.7273%; height: 24px; text-align: center;\"><strong>France<\/strong><\/td>\n<td style=\"width: 20%; text-align: center; height: 24px;\"><strong>France TV<\/strong><\/td>\n<\/tr>\n<tr style=\"height: 24px;\">\n<td style=\"width: 13.5758%; height: 24px; text-align: center;\">10\/03\/2021<\/td>\n<td style=\"width: 13.4545%; height: 24px; text-align: center;\">16\/03\/2021<\/td>\n<td style=\"width: 32.6061%; height: 24px; text-align: center;\">Tirreno-Adriatico<\/td>\n<td style=\"width: 20.7273%; height: 24px; text-align: center;\">Italie<\/td>\n<td style=\"width: 20%; text-align: center; height: 24px;\">La Cha\u00eene L&rsquo;\u00c9quipe<\/td>\n<\/tr>\n<tr style=\"height: 24px;\">\n<td style=\"width: 13.5758%; height: 24px; text-align: center;\"><strong>20\/03\/2021<\/strong><\/td>\n<td style=\"width: 13.4545%; height: 24px; text-align: center;\"><strong>20\/03\/2021<\/strong><\/td>\n<td style=\"width: 32.6061%; height: 24px; text-align: center;\"><strong>Milan-San-Remo<\/strong><\/td>\n<td style=\"width: 20.7273%; height: 24px; text-align: center;\"><strong>Italie<\/strong><\/td>\n<td style=\"width: 20%; text-align: center; height: 24px;\"><strong>La Cha\u00eene L&rsquo;\u00c9quipe<\/strong><\/td>\n<\/tr>\n<tr style=\"height: 24px;\">\n<td style=\"width: 13.5758%; height: 24px; text-align: center;\">24\/03\/2021<\/td>\n<td style=\"width: 13.4545%; height: 24px; text-align: center;\">24\/03\/2021<\/td>\n<td style=\"width: 32.6061%; height: 24px; text-align: center;\">Trois Jours de Bruges-La Panne<\/td>\n<td style=\"width: 20.7273%; height: 24px; text-align: center;\">Belgique<\/td>\n<td style=\"width: 20%; text-align: center; height: 24px;\">Eurosport<\/td>\n<\/tr>\n<tr style=\"height: 24px;\">\n<td style=\"width: 13.5758%; height: 24px; text-align: center;\">26\/03\/2021<\/td>\n<td style=\"width: 13.4545%; height: 24px; text-align: center;\">26\/03\/2021<\/td>\n<td style=\"width: 32.6061%; height: 24px; text-align: center;\">Grand-Prix E3<\/td>\n<td style=\"width: 20.7273%; height: 24px; text-align: center;\">Belgique<\/td>\n<td style=\"width: 20%; text-align: center; height: 24px;\">Eurosport<\/td>\n<\/tr>\n<tr style=\"height: 24px;\">\n<td style=\"width: 13.5758%; height: 24px; text-align: center;\">22\/03\/2021<\/td>\n<td style=\"width: 13.4545%; height: 24px; text-align: center;\">28\/03\/2021<\/td>\n<td style=\"width: 32.6061%; height: 24px; text-align: center;\">Tour de Catalogne<\/td>\n<td style=\"width: 20.7273%; height: 24px; text-align: center;\">Espagne<\/td>\n<td style=\"width: 20%; text-align: center; height: 24px;\"><\/td>\n<\/tr>\n<tr>\n<td style=\"width: 13.5758%; text-align: center;\">28\/03\/2021<\/td>\n<td style=\"width: 13.4545%; text-align: center;\">28\/03\/2021<\/td>\n<td style=\"width: 32.6061%; text-align: center;\">Gand-Wevelgem<\/td>\n<td style=\"width: 20.7273%; text-align: center;\">Belgique<\/td>\n<td style=\"width: 20%; text-align: center;\">La Cha\u00eene L&rsquo;\u00c9quipe<\/td>\n<\/tr>\n<tr style=\"height: 24px;\">\n<td style=\"width: 13.5758%; height: 24px; text-align: center;\">31\/03\/2021<\/td>\n<td style=\"width: 13.4545%; height: 24px; text-align: center;\">31\/03\/2021<\/td>\n<td style=\"width: 32.6061%; height: 24px; text-align: center;\">A travers la Flandre<\/td>\n<td style=\"width: 20.7273%; height: 24px; text-align: center;\">Belgique<\/td>\n<td style=\"width: 20%; text-align: center; height: 24px;\">Eurosport<\/td>\n<\/tr>\n<tr style=\"height: 24px;\">\n<td style=\"width: 13.5758%; height: 24px; text-align: center;\"><strong>04\/04\/2021<\/strong><\/td>\n<td style=\"width: 13.4545%; height: 24px; text-align: center;\"><strong>04\/04\/2021<\/strong><\/td>\n<td style=\"width: 32.6061%; height: 24px; text-align: center;\"><strong>Tour des Flandres<\/strong><\/td>\n<td style=\"width: 20.7273%; height: 24px; text-align: center;\"><strong>Belgique<\/strong><\/td>\n<td style=\"width: 20%; text-align: center; height: 24px;\"><strong>France TV\/Eurosport<\/strong><\/td>\n<\/tr>\n<tr style=\"height: 24px;\">\n<td style=\"width: 13.5758%; height: 24px; text-align: center;\">05\/04\/2021<\/td>\n<td style=\"width: 13.4545%; height: 24px; text-align: center;\">10\/04\/2021<\/td>\n<td style=\"width: 32.6061%; height: 24px; text-align: center;\">Tour du Pays Basque<\/td>\n<td style=\"width: 20.7273%; height: 24px; text-align: center;\">Espagne<\/td>\n<td style=\"width: 20%; text-align: center; height: 24px;\"><\/td>\n<\/tr>\n<tr style=\"height: 24px;\">\n<td style=\"width: 13.5758%; height: 24px; text-align: center;\"><strong>11\/04\/2021<\/strong><\/td>\n<td style=\"width: 13.4545%; height: 24px; text-align: center;\"><strong>11\/04\/2021<\/strong><\/td>\n<td style=\"width: 32.6061%; height: 24px; text-align: center;\"><strong>Paris-Roubaix<\/strong><\/td>\n<td style=\"width: 20.7273%; height: 24px; text-align: center;\"><strong>France<\/strong><\/td>\n<td style=\"width: 20%; text-align: center; height: 24px;\"><strong>France TV<\/strong><\/td>\n<\/tr>\n<tr style=\"height: 24px;\">\n<td style=\"width: 13.5758%; height: 24px; text-align: center;\">18\/04\/2021<\/td>\n<td style=\"width: 13.4545%; height: 24px; text-align: center;\">18\/04\/2021<\/td>\n<td style=\"width: 32.6061%; height: 24px; text-align: center;\">Amstel Gold-Race<\/td>\n<td style=\"width: 20.7273%; height: 24px; text-align: center;\">Pays-Bas<\/td>\n<td style=\"width: 20%; text-align: center; height: 24px;\">France TV\/Eurosport<\/td>\n<\/tr>\n<tr style=\"height: 24px;\">\n<td style=\"width: 13.5758%; height: 24px; text-align: center;\">21\/04\/2021<\/td>\n<td style=\"width: 13.4545%; height: 24px; text-align: center;\">21\/04\/2021<\/td>\n<td style=\"width: 32.6061%; height: 24px; text-align: center;\">La Fl\u00e8che Wallonne<\/td>\n<td style=\"width: 20.7273%; height: 24px; text-align: center;\">Belgique<\/td>\n<td style=\"width: 20%; text-align: center; height: 24px;\">France TV\/Eurosport<\/td>\n<\/tr>\n<tr style=\"height: 24px;\">\n<td style=\"width: 13.5758%; height: 24px; text-align: center;\"><strong>25\/04\/2021<\/strong><\/td>\n<td style=\"width: 13.4545%; height: 24px; text-align: center;\"><strong>25\/04\/2021<\/strong><\/td>\n<td style=\"width: 32.6061%; height: 24px; text-align: center;\"><strong>Li\u00e8ge-Bastogne-Li\u00e8ge<\/strong><\/td>\n<td style=\"width: 20.7273%; height: 24px; text-align: center;\"><strong>Belgique<\/strong><\/td>\n<td style=\"width: 20%; text-align: center; height: 24px;\"><strong>France TV\/Eurosport<\/strong><\/td>\n<\/tr>\n<tr style=\"height: 24px;\">\n<td style=\"width: 13.5758%; height: 24px; text-align: center;\">01\/05\/2021<\/td>\n<td style=\"width: 13.4545%; height: 24px; text-align: center;\">01\/05\/2021<\/td>\n<td style=\"width: 32.6061%; height: 24px; text-align: center;\">Eschborn-Francfort<\/td>\n<td style=\"width: 20.7273%; height: 24px; text-align: center;\">Allemagne<\/td>\n<td style=\"width: 20%; text-align: center; height: 24px;\"><\/td>\n<\/tr>\n<tr style=\"height: 24px;\">\n<td style=\"width: 13.5758%; height: 24px; text-align: center;\">27\/04\/2021<\/td>\n<td style=\"width: 13.4545%; height: 24px; text-align: center;\">02\/05\/2021<\/td>\n<td style=\"width: 32.6061%; height: 24px; text-align: center;\">Tour de Romandie<\/td>\n<td style=\"width: 20.7273%; height: 24px; text-align: center;\">Suisse<\/td>\n<td style=\"width: 20%; text-align: center; height: 24px;\"><\/td>\n<\/tr>\n<tr style=\"height: 24px;\">\n<td style=\"width: 13.5758%; height: 24px; text-align: center;\"><strong>08\/05\/2021<\/strong><\/td>\n<td style=\"width: 13.4545%; height: 24px; text-align: center;\"><strong>30\/05\/2021<\/strong><\/td>\n<td style=\"width: 32.6061%; height: 24px; text-align: center;\"><strong>Tour d&rsquo;Italie<\/strong><\/td>\n<td style=\"width: 20.7273%; height: 24px; text-align: center;\"><strong>Italie<\/strong><\/td>\n<td style=\"width: 20%; text-align: center; height: 24px;\"><strong>La Cha\u00eene L&rsquo;\u00c9quipe<\/strong><\/td>\n<\/tr>\n<tr style=\"height: 24px;\">\n<td style=\"width: 13.5758%; height: 24px; text-align: center;\"><strong>30\/05\/2021<\/strong><\/td>\n<td style=\"width: 13.4545%; height: 24px; text-align: center;\"><strong>06\/06\/2021<\/strong><\/td>\n<td style=\"width: 32.6061%; height: 24px; text-align: center;\"><strong>Crit\u00e9rium du Dauphin\u00e9<\/strong><\/td>\n<td style=\"width: 20.7273%; height: 24px; text-align: center;\"><strong>France<\/strong><\/td>\n<td style=\"width: 20%; text-align: center; height: 24px;\"><strong>France TV\/Eurosport<\/strong><\/td>\n<\/tr>\n<tr style=\"height: 24px;\">\n<td style=\"width: 13.5758%; height: 24px; text-align: center;\">06\/06\/2021<\/td>\n<td style=\"width: 13.4545%; height: 24px; text-align: center;\">13\/06\/2021<\/td>\n<td style=\"width: 32.6061%; height: 24px; text-align: center;\">Tour de Suisse<\/td>\n<td style=\"width: 20.7273%; height: 24px; text-align: center;\">Suisse<\/td>\n<td style=\"width: 20%; text-align: center; height: 24px;\"><\/td>\n<\/tr>\n<tr style=\"height: 24px;\">\n<td style=\"width: 13.5758%; height: 24px; text-align: center;\"><strong>26\/06\/2021<\/strong><\/td>\n<td style=\"width: 13.4545%; height: 24px; text-align: center;\"><strong>18\/07\/2021<\/strong><\/td>\n<td style=\"width: 32.6061%; height: 24px; text-align: center;\"><strong>Tour de France<\/strong><\/td>\n<td style=\"width: 20.7273%; height: 24px; text-align: center;\"><strong>France<\/strong><\/td>\n<td style=\"width: 20%; text-align: center; height: 24px;\"><strong>France TV\/Eurosport<\/strong><\/td>\n<\/tr>\n<tr style=\"height: 24px;\">\n<td style=\"width: 13.5758%; height: 24px; text-align: center;\">31\/07\/2021<\/td>\n<td style=\"width: 13.4545%; height: 24px; text-align: center;\">31\/07\/2021<\/td>\n<td style=\"width: 32.6061%; height: 24px; text-align: center;\">Classique San Sebastian<\/td>\n<td style=\"width: 20.7273%; height: 24px; text-align: center;\">Espagne<\/td>\n<td style=\"width: 20%; text-align: center; height: 24px;\">Eurosport<\/td>\n<\/tr>\n<tr style=\"height: 24px;\">\n<td style=\"width: 13.5758%; height: 24px; text-align: center;\">09\/08\/2021<\/td>\n<td style=\"width: 13.4545%; height: 24px; text-align: center;\">15\/08\/2021<\/td>\n<td style=\"width: 32.6061%; height: 24px; text-align: center;\">Tour de Pologne<\/td>\n<td style=\"width: 20.7273%; height: 24px; text-align: center;\">Pologne<\/td>\n<td style=\"width: 20%; text-align: center; height: 24px;\">Eurosport<\/td>\n<\/tr>\n<tr style=\"height: 48px;\">\n<td style=\"width: 13.5758%; height: 48px; text-align: center;\">22\/08\/2021<\/td>\n<td style=\"width: 13.4545%; height: 48px; text-align: center;\">22\/08\/2021<\/td>\n<td style=\"width: 32.6061%; height: 48px; text-align: center;\">Euroeyes classique Hambourg<\/td>\n<td style=\"width: 20.7273%; height: 48px; text-align: center;\">Allemagne<\/td>\n<td style=\"width: 20%; text-align: center; height: 48px;\"><\/td>\n<\/tr>\n<tr style=\"height: 48px;\">\n<td style=\"width: 13.5758%; height: 48px; text-align: center;\"><strong>29\/08\/2021<\/strong><\/td>\n<td style=\"width: 13.4545%; height: 48px; text-align: center;\"><strong>29\/08\/2021<\/strong><\/td>\n<td style=\"width: 32.6061%; height: 48px; text-align: center;\"><strong>Bretagne Classic Ouest-France<\/strong><\/td>\n<td style=\"width: 20.7273%; height: 48px; text-align: center;\"><strong>France<\/strong><\/td>\n<td style=\"width: 20%; text-align: center; height: 48px;\"><strong>France TV<\/strong><\/td>\n<\/tr>\n<tr style=\"height: 24px;\">\n<td style=\"width: 13.5758%; height: 24px; text-align: center;\"><strong>14\/08\/2021<\/strong><\/td>\n<td style=\"width: 13.4545%; height: 24px; text-align: center;\"><strong>05\/09\/2021<\/strong><\/td>\n<td style=\"width: 32.6061%; height: 24px; text-align: center;\"><strong>Tour d&rsquo;Espagne<\/strong><\/td>\n<td style=\"width: 20.7273%; height: 24px; text-align: center;\"><strong>Espagne<\/strong><\/td>\n<td style=\"width: 20%; text-align: center; height: 24px;\"><strong>Eurosport<\/strong><\/td>\n<\/tr>\n<tr style=\"height: 24px;\">\n<td style=\"width: 13.5758%; height: 24px; text-align: center;\">30\/08\/2021<\/td>\n<td style=\"width: 13.4545%; height: 24px; text-align: center;\">05\/09\/2021<\/td>\n<td style=\"width: 32.6061%; height: 24px; text-align: center;\">BinckBank Tour<\/td>\n<td style=\"width: 20.7273%; height: 24px; text-align: center;\">Benelux<\/td>\n<td style=\"width: 20%; text-align: center; height: 24px;\"><\/td>\n<\/tr>\n<tr style=\"height: 24px;\">\n<td style=\"width: 13.5758%; height: 24px; text-align: center;\">10\/09\/2021<\/td>\n<td style=\"width: 13.4545%; height: 24px; text-align: center;\">10\/09\/2021<\/td>\n<td style=\"width: 32.6061%; height: 24px; text-align: center;\">Grand-Prix du Qu\u00e9bec<\/td>\n<td style=\"width: 20.7273%; height: 24px; text-align: center;\">Canada<\/td>\n<td style=\"width: 20%; text-align: center; height: 24px;\"><\/td>\n<\/tr>\n<tr style=\"height: 24px;\">\n<td style=\"width: 13.5758%; height: 24px; text-align: center;\">12\/09\/2021<\/td>\n<td style=\"width: 13.4545%; height: 24px; text-align: center;\">12\/09\/2021<\/td>\n<td style=\"width: 32.6061%; height: 24px; text-align: center;\">Grand-Prix de Montr\u00e9al<\/td>\n<td style=\"width: 20.7273%; height: 24px; text-align: center;\">Canada<\/td>\n<td style=\"width: 20%; text-align: center; height: 24px;\"><\/td>\n<\/tr>\n<tr style=\"height: 24px;\">\n<td style=\"width: 13.5758%; height: 24px; text-align: center;\"><strong>09\/10\/2021<\/strong><\/td>\n<td style=\"width: 13.4545%; height: 24px; text-align: center;\"><strong>09\/10\/2021<\/strong><\/td>\n<td style=\"width: 32.6061%; height: 24px; text-align: center;\"><strong>Tour de Lombardie<\/strong><\/td>\n<td style=\"width: 20.7273%; height: 24px; text-align: center;\"><strong>Italie<\/strong><\/td>\n<td style=\"width: 20%; text-align: center; height: 24px;\"><strong>La Cha\u00eene L&rsquo;\u00c9quipe<\/strong><\/td>\n<\/tr>\n<tr style=\"height: 24px;\">\n<td style=\"width: 13.5758%; height: 24px; text-align: center;\">14\/10\/2021<\/td>\n<td style=\"width: 13.4545%; height: 24px; text-align: center;\">19\/10\/2021<\/td>\n<td style=\"width: 32.6061%; height: 24px; text-align: center;\">Tour du Guangxi<\/td>\n<td style=\"width: 20.7273%; height: 24px; text-align: center;\">Chine<\/td>\n<td style=\"width: 20%; text-align: center; height: 24px;\"><\/td>\n<\/tr>\n<\/tbody>\n<\/table>\n<hr \/>\n<h2 style=\"text-align: justify;\">Le calendrier cycliste des courses ProSeries<\/h2>\n<p style=\"text-align: justify;\">Moins prestigieuses que les courses du calendrier World Tour, les courses ProSeries ne manquent pour autant pas de spectacle. G\u00e9n\u00e9ralement plus ouvertes, elles offrent leur lot d&rsquo;attaques et de bonnes surprises.<\/p>\n<p style=\"text-align: justify;\">Cette ann\u00e9e, c&rsquo;est donc le <strong>Tour de San Juan\u00a0<\/strong>(24\/01-31\/01\/2021) qui ouvrira le calendrier cycliste. C\u00f4t\u00e9 fran\u00e7ais, on aura un \u0153il sur le <strong>Tour de Provence\u00a0<\/strong>(11\/02-14\/02\/2021) qui traditionnellement ouvre les hostilit\u00e9s entre les meilleurs Fran\u00e7ais.<\/p>\n<p style=\"text-align: justify;\">La r\u00e9daction aura un \u0153il partout mais elle s\u00e9lectionnera ses batailles. Parmi lesquelles la classique <strong>Kuurne-Bruxelles-Kuurne <\/strong>(28\/02\/2021) et le <strong>Grand-Prix Industrie et Artisanat<\/strong> (07\/03\/2021). Ou encore, <strong>le Grand-Prix de Denain<\/strong> (18\/03\/2021), <strong>la Fl\u00e8che Braban\u00e7onne<\/strong> (14\/04\/2021) ou <strong>le Tour des Alpes<\/strong> (19\/04-23\/04\/2021).<\/p>\n<p style=\"text-align: justify;\">On n&rsquo;oubliera pas <strong>les 4 jours de Dunkerque<\/strong> (04\/05-09\/05\/2021), <strong>les Boucles de la Mayenne<\/strong> (27\/05-30\/05\/2021), le <strong>Tour de Belgique <\/strong>(09\/06-13\/06\/2021) et le <strong>Tour de l&rsquo;Utah<\/strong> (26\/07-01\/08\/2021).<\/p>\n<p style=\"text-align: justify;\">Enfin, on gardera sous le coude le <strong>Tour de Grande-Bretagne<\/strong> (05\/09-12\/09\/2021), <strong>le Grand-Prix de Fourmies<\/strong> (12\/09\/2021), le <strong>Tour du Luxembourg<\/strong> (14\/09-18\/09\/2021), <strong>Milan-Turin<\/strong> (06\/10\/2021) et <strong>Paris-Tours <\/strong>(10\/10\/2021).<\/p>\n<table style=\"width: 800px; border-collapse: collapse;\">\n<tbody>\n<tr style=\"height: 24px; background-color: #000000;\">\n<td style=\"width: 12.3169%; height: 24px; text-align: center;\"><span style=\"color: #ffffff;\"><strong>Date d\u00e9but<\/strong><\/span><\/td>\n<td style=\"width: 12.0744%; height: 24px; text-align: center;\"><span style=\"color: #ffffff;\"><strong>Date fin<\/strong><\/span><\/td>\n<td style=\"width: 43.5957%; height: 24px; text-align: center;\"><span style=\"color: #ffffff;\"><strong>Course<\/strong><\/span><\/td>\n<td style=\"width: 16.1282%; height: 24px; text-align: center;\"><span style=\"color: #ffffff;\"><strong>Pays<\/strong><\/span><\/td>\n<\/tr>\n<tr style=\"height: 24px;\">\n<td style=\"width: 12.3169%; height: 24px; text-align: center;\">24\/01\/2021<\/td>\n<td style=\"width: 12.0744%; height: 24px; text-align: center;\">31\/01\/2021<\/td>\n<td style=\"width: 43.5957%; height: 24px; text-align: center;\"><strong>Tour de San Juan (ANNUL\u00c9)<\/strong><\/td>\n<td style=\"width: 16.1282%; height: 24px; text-align: center;\"><strong>Colombie<\/strong><\/td>\n<\/tr>\n<tr style=\"height: 24px;\">\n<td style=\"width: 12.3169%; height: 24px; text-align: center;\">03\/02\/2021<\/td>\n<td style=\"width: 12.0744%; height: 24px; text-align: center;\">07\/02\/2021<\/td>\n<td style=\"width: 43.5957%; height: 24px; text-align: center;\">Tour de Valence<\/td>\n<td style=\"width: 16.1282%; height: 24px; text-align: center;\">Espagne<\/td>\n<\/tr>\n<tr style=\"height: 24px;\">\n<td style=\"width: 12.3169%; height: 24px; text-align: center;\">09\/02\/2021<\/td>\n<td style=\"width: 12.0744%; height: 24px; text-align: center;\">14\/02\/2021<\/td>\n<td style=\"width: 43.5957%; height: 24px; text-align: center;\"><strong>Tour d&rsquo;Oman (ANNUL\u00c9)<\/strong><\/td>\n<td style=\"width: 16.1282%; height: 24px; text-align: center;\"><strong>Oman<\/strong><\/td>\n<\/tr>\n<tr style=\"height: 24px;\">\n<td style=\"width: 12.3169%; height: 24px; text-align: center;\">11\/02\/2021<\/td>\n<td style=\"width: 12.0744%; height: 24px; text-align: center;\">14\/02\/2021<\/td>\n<td style=\"width: 43.5957%; height: 24px; text-align: center;\"><strong>Tour de la Provence<\/strong><\/td>\n<td style=\"width: 16.1282%; height: 24px; text-align: center;\"><strong>France<\/strong><\/td>\n<\/tr>\n<tr style=\"height: 24px;\">\n<td style=\"width: 12.3169%; height: 24px; text-align: center;\">14\/02\/2021<\/td>\n<td style=\"width: 12.0744%; height: 24px; text-align: center;\">14\/02\/2021<\/td>\n<td style=\"width: 43.5957%; height: 24px; text-align: center;\">Classique d&rsquo;Almeria<\/td>\n<td style=\"width: 16.1282%; height: 24px; text-align: center;\">Espagne<\/td>\n<\/tr>\n<tr style=\"height: 24px;\">\n<td style=\"width: 12.3169%; height: 24px; text-align: center;\">17\/02\/2021<\/td>\n<td style=\"width: 12.0744%; height: 24px; text-align: center;\">21\/02\/2021<\/td>\n<td style=\"width: 43.5957%; height: 24px; text-align: center;\">Tour d&rsquo;Andalousie<\/td>\n<td style=\"width: 16.1282%; height: 24px; text-align: center;\">Espagne<\/td>\n<\/tr>\n<tr style=\"height: 24px;\">\n<td style=\"width: 12.3169%; height: 24px; text-align: center;\">27\/02\/2021<\/td>\n<td style=\"width: 12.0744%; height: 24px; text-align: center;\">27\/02\/2021<\/td>\n<td style=\"width: 43.5957%; height: 24px; text-align: center;\">Dr\u00f4me Classic<\/td>\n<td style=\"width: 16.1282%; height: 24px; text-align: center;\">France<\/td>\n<\/tr>\n<tr style=\"height: 24px;\">\n<td style=\"width: 12.3169%; height: 24px; text-align: center;\">28\/02\/2021<\/td>\n<td style=\"width: 12.0744%; height: 24px; text-align: center;\">28\/02\/2021<\/td>\n<td style=\"width: 43.5957%; height: 24px; text-align: center;\"><strong>Kuurne-Bruxelles-Kuurne<\/strong><\/td>\n<td style=\"width: 16.1282%; height: 24px; text-align: center;\"><strong>Belgique<\/strong><\/td>\n<\/tr>\n<tr style=\"height: 24px;\">\n<td style=\"width: 12.3169%; height: 24px; text-align: center;\">28\/02\/2021<\/td>\n<td style=\"width: 12.0744%; height: 24px; text-align: center;\">28\/02\/2021<\/td>\n<td style=\"width: 43.5957%; height: 24px; text-align: center;\">Classic de l&rsquo;Ard\u00e8che<\/td>\n<td style=\"width: 16.1282%; height: 24px; text-align: center;\">France<\/td>\n<\/tr>\n<tr style=\"height: 24px;\">\n<td style=\"width: 12.3169%; height: 24px; text-align: center;\">03\/03\/2021<\/td>\n<td style=\"width: 12.0744%; height: 24px; text-align: center;\">03\/03\/2021<\/td>\n<td style=\"width: 43.5957%; height: 24px; text-align: center;\">Trofeo Laigueglia<\/td>\n<td style=\"width: 16.1282%; height: 24px; text-align: center;\">Italie<\/td>\n<\/tr>\n<tr style=\"height: 24px;\">\n<td style=\"width: 12.3169%; height: 24px; text-align: center;\">07\/03\/2021<\/td>\n<td style=\"width: 12.0744%; height: 24px; text-align: center;\">07\/03\/2021<\/td>\n<td style=\"width: 43.5957%; height: 24px; text-align: center;\"><strong>Grand-Prix de l&rsquo;Industrie et de l&rsquo;Artisanat<\/strong><\/td>\n<td style=\"width: 16.1282%; height: 24px; text-align: center;\"><strong>Italie<\/strong><\/td>\n<\/tr>\n<tr style=\"height: 24px;\">\n<td style=\"width: 12.3169%; height: 24px; text-align: center;\">17\/03\/2021<\/td>\n<td style=\"width: 12.0744%; height: 24px; text-align: center;\">17\/03\/2021<\/td>\n<td style=\"width: 43.5957%; height: 24px; text-align: center;\">Nokere Koerse<\/td>\n<td style=\"width: 16.1282%; height: 24px; text-align: center;\">Belgique<\/td>\n<\/tr>\n<tr style=\"height: 24px;\">\n<td style=\"width: 12.3169%; height: 24px; text-align: center;\">18\/03\/2021<\/td>\n<td style=\"width: 12.0744%; height: 24px; text-align: center;\">18\/03\/2021<\/td>\n<td style=\"width: 43.5957%; height: 24px; text-align: center;\"><strong>Grand-Prix de Denain (REPORT\u00c9 \u00c0 UNE DATE ULT\u00c9RIEURE)<\/strong><\/td>\n<td style=\"width: 16.1282%; height: 24px; text-align: center;\"><strong>France<\/strong><\/td>\n<\/tr>\n<tr style=\"height: 24px;\">\n<td style=\"width: 12.3169%; height: 24px; text-align: center;\">19\/03\/2021<\/td>\n<td style=\"width: 12.0744%; height: 24px; text-align: center;\">19\/03\/2021<\/td>\n<td style=\"width: 43.5957%; height: 24px; text-align: center;\">Bredene Koksijde Classic<\/td>\n<td style=\"width: 16.1282%; height: 24px; text-align: center;\">Belgique<\/td>\n<\/tr>\n<tr style=\"height: 24px;\">\n<td style=\"width: 12.3169%; height: 24px; text-align: center;\">03\/04\/2021<\/td>\n<td style=\"width: 12.0744%; height: 24px; text-align: center;\">03\/04\/2021<\/td>\n<td style=\"width: 43.5957%; height: 24px; text-align: center;\">Grand-Prix Miguel Indurain<\/td>\n<td style=\"width: 16.1282%; height: 24px; text-align: center;\">Espagne<\/td>\n<\/tr>\n<tr style=\"height: 24px;\">\n<td style=\"width: 12.3169%; height: 24px; text-align: center;\">07\/04\/2021<\/td>\n<td style=\"width: 12.0744%; height: 24px; text-align: center;\">07\/04\/2021<\/td>\n<td style=\"width: 43.5957%; height: 24px; text-align: center;\">Grand-Prix de l&rsquo;Escaut<\/td>\n<td style=\"width: 16.1282%; height: 24px; text-align: center;\">Belgique<\/td>\n<\/tr>\n<tr style=\"height: 24px;\">\n<td style=\"width: 12.3169%; height: 24px; text-align: center;\">14\/04\/2021<\/td>\n<td style=\"width: 12.0744%; height: 24px; text-align: center;\">14\/04\/2021<\/td>\n<td style=\"width: 43.5957%; height: 24px; text-align: center;\"><strong>La Fl\u00e8che Braban\u00e7onne<\/strong><\/td>\n<td style=\"width: 16.1282%; height: 24px; text-align: center;\"><strong>Belgique<\/strong><\/td>\n<\/tr>\n<tr style=\"height: 24px;\">\n<td style=\"width: 12.3169%; height: 24px; text-align: center;\">11\/04\/2021<\/td>\n<td style=\"width: 12.0744%; height: 24px; text-align: center;\">18\/04\/2021<\/td>\n<td style=\"width: 43.5957%; height: 24px; text-align: center;\">Tour de Turquie<\/td>\n<td style=\"width: 16.1282%; height: 24px; text-align: center;\">Turquie<\/td>\n<\/tr>\n<tr style=\"height: 24px;\">\n<td style=\"width: 12.3169%; height: 24px; text-align: center;\">19\/04\/2021<\/td>\n<td style=\"width: 12.0744%; height: 24px; text-align: center;\">23\/04\/2021<\/td>\n<td style=\"width: 43.5957%; height: 24px; text-align: center;\"><strong>Tour des Alpes<\/strong><\/td>\n<td style=\"width: 16.1282%; height: 24px; text-align: center;\"><strong>Italie<\/strong><\/td>\n<\/tr>\n<tr style=\"height: 24px;\">\n<td style=\"width: 12.3169%; height: 24px; text-align: center;\">04\/05\/2021<\/td>\n<td style=\"width: 12.0744%; height: 24px; text-align: center;\">09\/05\/2021<\/td>\n<td style=\"width: 43.5957%; height: 24px; text-align: center;\"><strong>Les 4 jours de Dunkerque<\/strong><\/td>\n<td style=\"width: 16.1282%; height: 24px; text-align: center;\"><strong>France<\/strong><\/td>\n<\/tr>\n<tr style=\"height: 24px;\">\n<td style=\"width: 12.3169%; height: 24px; text-align: center;\">05\/05\/2021<\/td>\n<td style=\"width: 12.0744%; height: 24px; text-align: center;\">09\/05\/2021<\/td>\n<td style=\"width: 43.5957%; height: 24px; text-align: center;\">Tour de l&rsquo;Algarve<\/td>\n<td style=\"width: 16.1282%; height: 24px; text-align: center;\">Portugal<\/td>\n<\/tr>\n<tr style=\"height: 24px;\">\n<td style=\"width: 12.3169%; height: 24px; text-align: center;\">15\/05\/2021<\/td>\n<td style=\"width: 12.0744%; height: 24px; text-align: center;\">15\/05\/2021<\/td>\n<td style=\"width: 43.5957%; height: 24px; text-align: center;\"><strong>Grand-Prix de Plumelec<\/strong><\/td>\n<td style=\"width: 16.1282%; height: 24px; text-align: center;\"><strong>France<\/strong><\/td>\n<\/tr>\n<tr style=\"height: 24px;\">\n<td style=\"width: 12.3169%; height: 24px; text-align: center;\">16\/05\/2021<\/td>\n<td style=\"width: 12.0744%; height: 24px; text-align: center;\">16\/05\/2021<\/td>\n<td style=\"width: 43.5957%; height: 24px; text-align: center;\"><strong>Tro-Bro L\u00e9on<\/strong><\/td>\n<td style=\"width: 16.1282%; height: 24px; text-align: center;\"><strong>France<\/strong><\/td>\n<\/tr>\n<tr style=\"height: 24px;\">\n<td style=\"width: 12.3169%; height: 24px; text-align: center;\">19\/05\/2021<\/td>\n<td style=\"width: 12.0744%; height: 24px; text-align: center;\">24\/05\/2021<\/td>\n<td style=\"width: 43.5957%; height: 24px; text-align: center;\">Tour de Norv\u00e8ge<\/td>\n<td style=\"width: 16.1282%; height: 24px; text-align: center;\">Norv\u00e8ge<\/td>\n<\/tr>\n<tr style=\"height: 24px;\">\n<td style=\"width: 12.3169%; height: 24px; text-align: center;\">27\/05\/2021<\/td>\n<td style=\"width: 12.0744%; height: 24px; text-align: center;\">30\/05\/2021<\/td>\n<td style=\"width: 43.5957%; height: 24px; text-align: center;\"><strong>Boucles de la Mayenne<\/strong><\/td>\n<td style=\"width: 16.1282%; height: 24px; text-align: center;\"><strong>France<\/strong><\/td>\n<\/tr>\n<tr style=\"height: 24px;\">\n<td style=\"width: 12.3169%; height: 24px; text-align: center;\">09\/06\/2021<\/td>\n<td style=\"width: 12.0744%; height: 24px; text-align: center;\">13\/06\/2021<\/td>\n<td style=\"width: 43.5957%; height: 24px; text-align: center;\"><strong>Tour de Belgique<\/strong><\/td>\n<td style=\"width: 16.1282%; height: 24px; text-align: center;\"><strong>Belgique<\/strong><\/td>\n<\/tr>\n<tr>\n<td style=\"width: 12.3169%; text-align: center;\">09\/06\/2021<\/td>\n<td style=\"width: 12.0744%; text-align: center;\">13\/06\/2021<\/td>\n<td style=\"width: 43.5957%; height: 24px; text-align: center;\">ZLM Tour<\/td>\n<td style=\"width: 16.1282%; height: 24px; text-align: center;\">Pays-Bas<\/td>\n<\/tr>\n<tr>\n<td style=\"width: 12.3169%; text-align: center;\">09\/06\/2021<\/td>\n<td style=\"width: 12.0744%; text-align: center;\">13\/06\/2021<\/td>\n<td style=\"width: 43.5957%; height: 24px; text-align: center;\">Tour de Slov\u00e9nie<\/td>\n<td style=\"width: 16.1282%; height: 24px; text-align: center;\">Slov\u00e9nie<\/td>\n<\/tr>\n<tr style=\"height: 24px;\">\n<td style=\"width: 12.3169%; height: 24px; text-align: center;\">26\/06\/2021<\/td>\n<td style=\"width: 12.0744%; height: 24px; text-align: center;\">01\/07\/2020<\/td>\n<td style=\"width: 43.5957%; height: 24px; text-align: center;\">Tour d&rsquo;Autriche<\/td>\n<td style=\"width: 16.1282%; height: 24px; text-align: center;\">Autriche<\/td>\n<\/tr>\n<tr style=\"height: 24px;\">\n<td style=\"width: 12.3169%; height: 24px; text-align: center;\">04\/07\/2021<\/td>\n<td style=\"width: 12.0744%; height: 24px; text-align: center;\">11\/07\/2021<\/td>\n<td style=\"width: 43.5957%; height: 24px; text-align: center;\">Tour du Lac Qinghai<\/td>\n<td style=\"width: 16.1282%; height: 24px; text-align: center;\">Chine<\/td>\n<\/tr>\n<tr style=\"height: 24px;\">\n<td style=\"width: 12.3169%; height: 24px; text-align: center;\">20\/07\/2021<\/td>\n<td style=\"width: 12.0744%; height: 24px; text-align: center;\">24\/07\/2021<\/td>\n<td style=\"width: 43.5957%; height: 24px; text-align: center;\"><strong>Tour de Wallonie<\/strong><\/td>\n<td style=\"width: 16.1282%; height: 24px; text-align: center;\"><strong>Belgique<\/strong><\/td>\n<\/tr>\n<tr style=\"height: 24px;\">\n<td style=\"width: 12.3169%; height: 24px; text-align: center;\">26\/07\/2021<\/td>\n<td style=\"width: 12.0744%; height: 24px; text-align: center;\">01\/08\/2021<\/td>\n<td style=\"width: 43.5957%; height: 24px; text-align: center;\"><strong>Tour de l&rsquo;Utah<\/strong><\/td>\n<td style=\"width: 16.1282%; height: 24px; text-align: center;\"><strong>Etats-Unis<\/strong><\/td>\n<\/tr>\n<tr style=\"height: 24px;\">\n<td style=\"width: 12.3169%; height: 24px; text-align: center;\">03\/08\/2021<\/td>\n<td style=\"width: 12.0744%; height: 24px; text-align: center;\">07\/08\/2021<\/td>\n<td style=\"width: 43.5957%; height: 24px; text-align: center;\"><strong>Tour de Burgos<\/strong><\/td>\n<td style=\"width: 16.1282%; height: 24px; text-align: center;\"><strong>Espagne<\/strong><\/td>\n<\/tr>\n<tr style=\"height: 24px;\">\n<td style=\"width: 12.3169%; height: 24px; text-align: center;\">05\/08\/2021<\/td>\n<td style=\"width: 12.0744%; height: 24px; text-align: center;\">08\/08\/2021<\/td>\n<td style=\"width: 43.5957%; height: 24px; text-align: center;\"><strong>Artic Race of Norway<\/strong><\/td>\n<td style=\"width: 16.1282%; height: 24px; text-align: center;\"><strong>Norv\u00e8ge<\/strong><\/td>\n<\/tr>\n<tr style=\"height: 24px;\">\n<td style=\"width: 12.3169%; height: 24px; text-align: center;\">10\/08\/2021<\/td>\n<td style=\"width: 12.0744%; height: 24px; text-align: center;\">14\/08\/2021<\/td>\n<td style=\"width: 43.5957%; height: 24px; text-align: center;\">Tour du Danemark<\/td>\n<td style=\"width: 16.1282%; height: 24px; text-align: center;\">Danemark<\/td>\n<\/tr>\n<tr style=\"height: 24px;\">\n<td style=\"width: 12.3169%; height: 24px; text-align: center;\">26\/08\/2021<\/td>\n<td style=\"width: 12.0744%; height: 24px; text-align: center;\">29\/08\/2021<\/td>\n<td style=\"width: 43.5957%; height: 24px; text-align: center;\">Tour d&rsquo;Allemagne<\/td>\n<td style=\"width: 16.1282%; height: 24px; text-align: center;\">Allemagne<\/td>\n<\/tr>\n<tr style=\"height: 24px;\">\n<td style=\"width: 12.3169%; height: 24px; text-align: center;\">05\/09\/2021<\/td>\n<td style=\"width: 12.0744%; height: 24px; text-align: center;\">05\/09\/2021<\/td>\n<td style=\"width: 43.5957%; height: 24px; text-align: center;\">Maryland Cycling Classic<\/td>\n<td style=\"width: 16.1282%; height: 24px; text-align: center;\">Etats-Unis<\/td>\n<\/tr>\n<tr style=\"height: 24px;\">\n<td style=\"width: 12.3169%; height: 24px; text-align: center;\">05\/09\/2021<\/td>\n<td style=\"width: 12.0744%; height: 24px; text-align: center;\">12\/09\/2021<\/td>\n<td style=\"width: 43.5957%; height: 24px; text-align: center;\"><strong>Tour de Grande-Bretagne<\/strong><\/td>\n<td style=\"width: 16.1282%; height: 24px; text-align: center;\"><strong>Grande-Bretagne<\/strong><\/td>\n<\/tr>\n<tr style=\"height: 24px;\">\n<td style=\"width: 12.3169%; height: 24px; text-align: center;\">12\/09\/2021<\/td>\n<td style=\"width: 12.0744%; height: 24px; text-align: center;\">12\/09\/2021<\/td>\n<td style=\"width: 43.5957%; height: 24px; text-align: center;\"><strong>Grand-Prix de Fourmies<\/strong><\/td>\n<td style=\"width: 16.1282%; height: 24px; text-align: center;\"><strong>France<\/strong><\/td>\n<\/tr>\n<tr style=\"height: 24px;\">\n<td style=\"width: 12.3169%; height: 24px; text-align: center;\">15\/09\/2021<\/td>\n<td style=\"width: 12.0744%; height: 24px; text-align: center;\">15\/09\/2021<\/td>\n<td style=\"width: 43.5957%; height: 24px; text-align: center;\"><strong>Grand-Prix de Wallonie<\/strong><\/td>\n<td style=\"width: 16.1282%; height: 24px; text-align: center;\"><strong>Belgique<\/strong><\/td>\n<\/tr>\n<tr style=\"height: 24px;\">\n<td style=\"width: 12.3169%; height: 24px; text-align: center;\">16\/09\/2021<\/td>\n<td style=\"width: 12.0744%; height: 24px; text-align: center;\">16\/09\/2021<\/td>\n<td style=\"width: 43.5957%; height: 24px; text-align: center;\">Coppa Sabatini<\/td>\n<td style=\"width: 16.1282%; height: 24px; text-align: center;\">Italie<\/td>\n<\/tr>\n<tr style=\"height: 24px;\">\n<td style=\"width: 12.3169%; height: 24px; text-align: center;\">14\/09\/2021<\/td>\n<td style=\"width: 12.0744%; height: 24px; text-align: center;\">18\/09\/2021<\/td>\n<td style=\"width: 43.5957%; height: 24px; text-align: center;\"><strong>Tour du Luxembourg<\/strong><\/td>\n<td style=\"width: 16.1282%; height: 24px; text-align: center;\"><strong>Luxembourg<\/strong><\/td>\n<\/tr>\n<tr style=\"height: 24px;\">\n<td style=\"width: 12.3169%; height: 24px; text-align: center;\">18\/09\/2021<\/td>\n<td style=\"width: 12.0744%; height: 24px; text-align: center;\">18\/09\/2021<\/td>\n<td style=\"width: 43.5957%; height: 24px; text-align: center;\">Primus Classic<\/td>\n<td style=\"width: 16.1282%; height: 24px; text-align: center;\">Belgique<\/td>\n<\/tr>\n<tr style=\"height: 24px;\">\n<td style=\"width: 12.3169%; height: 24px; text-align: center;\">02\/10\/2021<\/td>\n<td style=\"width: 12.0744%; height: 24px; text-align: center;\">02\/10\/2021<\/td>\n<td style=\"width: 43.5957%; height: 24px; text-align: center;\">Tour d&rsquo;Emilie<\/td>\n<td style=\"width: 16.1282%; height: 24px; text-align: center;\">Italie<\/td>\n<\/tr>\n<tr style=\"height: 24px;\">\n<td style=\"width: 12.3169%; height: 24px; text-align: center;\">03\/10\/2021<\/td>\n<td style=\"width: 12.0744%; height: 24px; text-align: center;\">03\/10\/2021<\/td>\n<td style=\"width: 43.5957%; height: 24px; text-align: center;\">Tour de M\u00fcnster<\/td>\n<td style=\"width: 16.1282%; height: 24px; text-align: center;\">Allemagne<\/td>\n<\/tr>\n<tr style=\"height: 24px;\">\n<td style=\"width: 12.3169%; height: 24px; text-align: center;\">04\/10\/2021<\/td>\n<td style=\"width: 12.0744%; height: 24px; text-align: center;\">04\/10\/2021<\/td>\n<td style=\"width: 43.5957%; height: 24px; text-align: center;\">Coppa Bernocchi<\/td>\n<td style=\"width: 16.1282%; height: 24px; text-align: center;\">Italie<\/td>\n<\/tr>\n<tr style=\"height: 24px;\">\n<td style=\"width: 12.3169%; height: 24px; text-align: center;\">05\/10\/2021<\/td>\n<td style=\"width: 12.0744%; height: 24px; text-align: center;\">05\/10\/2021<\/td>\n<td style=\"width: 43.5957%; height: 24px; text-align: center;\">Trois Vall\u00e9es varesinnes<\/td>\n<td style=\"width: 16.1282%; height: 24px; text-align: center;\">Italie<\/td>\n<\/tr>\n<tr style=\"height: 24px;\">\n<td style=\"width: 12.3169%; height: 24px; text-align: center;\">06\/10\/2021<\/td>\n<td style=\"width: 12.0744%; height: 24px; text-align: center;\">06\/10\/2021<\/td>\n<td style=\"width: 43.5957%; height: 24px; text-align: center;\"><strong>Milan-Turin<\/strong><\/td>\n<td style=\"width: 16.1282%; height: 24px; text-align: center;\"><strong>Italie<\/strong><\/td>\n<\/tr>\n<tr style=\"height: 24px;\">\n<td style=\"width: 12.3169%; height: 24px; text-align: center;\">07\/10\/2021<\/td>\n<td style=\"width: 12.0744%; height: 24px; text-align: center;\">07\/10\/2021<\/td>\n<td style=\"width: 43.5957%; height: 24px; text-align: center;\">Tour du Pi\u00e9mont<\/td>\n<td style=\"width: 16.1282%; height: 24px; text-align: center;\">Italie<\/td>\n<\/tr>\n<tr style=\"height: 24px;\">\n<td style=\"width: 12.3169%; height: 24px; text-align: center;\">10\/10\/2021<\/td>\n<td style=\"width: 12.0744%; height: 24px; text-align: center;\">10\/10\/2021<\/td>\n<td style=\"width: 43.5957%; height: 24px; text-align: center;\"><strong>Paris-Tours<\/strong><\/td>\n<td style=\"width: 16.1282%; height: 24px; text-align: center;\"><strong>France<\/strong><\/td>\n<\/tr>\n<tr style=\"height: 24px;\">\n<td style=\"width: 12.3169%; height: 24px; text-align: center;\">09\/10\/2021<\/td>\n<td style=\"width: 12.0744%; height: 24px; text-align: center;\">12\/10\/2021<\/td>\n<td style=\"width: 43.5957%; height: 24px; text-align: center;\">Tour du Lac Taihu<\/td>\n<td style=\"width: 16.1282%; height: 24px; text-align: center;\">Chine<\/td>\n<\/tr>\n<tr style=\"height: 24px;\">\n<td style=\"width: 12.3169%; height: 24px; text-align: center;\">17\/10\/2021<\/td>\n<td style=\"width: 12.0744%; height: 24px; text-align: center;\">17\/10\/2021<\/td>\n<td style=\"width: 43.5957%; height: 24px; text-align: center;\">Japan Cup<\/td>\n<td style=\"width: 16.1282%; height: 24px; text-align: center;\">Japon<\/td>\n<\/tr>\n<\/tbody>\n<\/table>\n<hr \/>\n<h2 style=\"text-align: justify;\">Le calendrier cycliste des courses fran\u00e7aises<\/h2>\n<p style=\"text-align: justify;\">La France est un grand pays de cyclisme. Et il n&rsquo;y a qu&rsquo;\u00e0 regarder le nombre de courses qui se tiennent dans l&rsquo;Hexagone pour s&rsquo;en convaincre. Au-del\u00e0 des courses les plus prestigieuses qui trustent les gros titres, il y en a aussi de plus modestes qui m\u00e9ritent qu&rsquo;on s&rsquo;int\u00e9resse \u00e0 elles.<\/p>\n<p style=\"text-align: justify;\">Parmi celles-l\u00e0 on peut citer p\u00eale-m\u00eale <strong>le Grand-Prix cycliste La Marseillaise<\/strong> (31\/01\/2021) et <strong>l&rsquo;Etoile de Bess\u00e8ges<\/strong> (03\/02-07\/02\/2021). Elles ouvrent traditionnellement la saison en France. Ensuite des courses \u00e0 l&rsquo;histoire riche comme <strong>Paris-Troyes<\/strong> (14\/03\/2021) ou <strong>Paris-Camembert<\/strong> (13\/04\/2021) pour ne citer qu&rsquo;elles. Il y aura bien s\u00fbr les traditionnels <strong>critos d&rsquo;apr\u00e8s-Tour<\/strong> les 20, 21, 22 et 24 juillet prochains.<\/p>\n<p style=\"text-align: justify;\">Enfin, au rang des courses \u00e0 spectacle, on pourra toujours compter sur le <strong>Tour d&rsquo;Alsace<\/strong> (21\/07-25\/07\/2021), le <strong>Tour de l&rsquo;Ain<\/strong> (29\/07-31\/07\/2021) ou le <strong>Tour du Limousin<\/strong> (17\/08-20\/08\/2021).<\/p>\n<table style=\"width: 800px; border-collapse: collapse;\">\n<tbody>\n<tr style=\"height: 24px; background-color: #000000;\">\n<td style=\"width: 13.3636%; text-align: center; height: 24px;\"><span style=\"color: #ffffff;\"><strong>Date d\u00e9but<\/strong><\/span><\/td>\n<td style=\"width: 13.8485%; text-align: center; height: 24px;\"><span style=\"color: #ffffff;\"><strong>Date fin<\/strong><\/span><\/td>\n<td style=\"width: 47.7879%; text-align: center; height: 24px;\"><span style=\"color: #ffffff;\"><strong>Course<\/strong><\/span><\/td>\n<\/tr>\n<tr style=\"height: 24px;\">\n<td style=\"width: 13.3636%; height: 24px; text-align: center;\"><strong>31\/01\/2021<\/strong><\/td>\n<td style=\"width: 13.8485%; height: 24px; text-align: center;\"><strong>31\/01\/2021<\/strong><\/td>\n<td style=\"width: 47.7879%; height: 24px; text-align: center;\"><strong>Grand-Prix La Marseillaise<\/strong><\/td>\n<\/tr>\n<tr style=\"height: 24px;\">\n<td style=\"width: 13.3636%; height: 24px; text-align: center;\"><strong>03\/02\/2021<\/strong><\/td>\n<td style=\"width: 13.8485%; height: 24px; text-align: center;\"><strong>07\/02\/2021<\/strong><\/td>\n<td style=\"width: 47.7879%; height: 24px; text-align: center;\"><strong>Etoile de Bess\u00e8ges<\/strong><\/td>\n<\/tr>\n<tr style=\"height: 24px;\">\n<td style=\"width: 13.3636%; height: 24px; text-align: center;\">11\/02\/2021<\/td>\n<td style=\"width: 13.8485%; height: 24px; text-align: center;\">14\/02\/2021<\/td>\n<td style=\"width: 47.7879%; height: 24px; text-align: center;\">Tour de la Provence<\/td>\n<\/tr>\n<tr style=\"height: 24px;\">\n<td style=\"width: 13.3636%; height: 24px; text-align: center;\">19\/02\/2021<\/td>\n<td style=\"width: 13.8485%; height: 24px; text-align: center;\">21\/02\/2021<\/td>\n<td style=\"width: 47.7879%; height: 24px; text-align: center;\">Tour des Alpes-Maritimes et du Var<\/td>\n<\/tr>\n<tr style=\"height: 24px;\">\n<td style=\"width: 13.3636%; height: 24px; text-align: center;\">27\/02\/2021<\/td>\n<td style=\"width: 13.8485%; height: 24px; text-align: center;\">27\/02\/2021<\/td>\n<td style=\"width: 47.7879%; height: 24px; text-align: center;\">Dr\u00f4me Classic<\/td>\n<\/tr>\n<tr style=\"height: 24px;\">\n<td style=\"width: 13.3636%; height: 24px; text-align: center;\">28\/02\/2021<\/td>\n<td style=\"width: 13.8485%; height: 24px; text-align: center;\">28\/02\/2021<\/td>\n<td style=\"width: 47.7879%; height: 24px; text-align: center;\">Ard\u00e8che Classic<\/td>\n<\/tr>\n<tr style=\"height: 24px;\">\n<td style=\"width: 13.3636%; height: 24px; text-align: center;\">07\/03\/2021<\/td>\n<td style=\"width: 13.8485%; height: 24px; text-align: center;\">07\/03\/2021<\/td>\n<td style=\"width: 47.7879%; height: 24px; text-align: center;\">Grand-Prix de la Ville de Lillers<\/td>\n<\/tr>\n<tr style=\"height: 24px;\">\n<td style=\"width: 13.3636%; height: 24px; text-align: center;\"><strong>07\/03\/2021<\/strong><\/td>\n<td style=\"width: 13.8485%; height: 24px; text-align: center;\"><strong>14\/03\/2021<\/strong><\/td>\n<td style=\"width: 47.7879%; height: 24px; text-align: center;\"><strong>Paris-Nice<\/strong><\/td>\n<\/tr>\n<tr style=\"height: 24px;\">\n<td style=\"width: 13.3636%; height: 24px; text-align: center;\"><strong>14\/03\/2021<\/strong><\/td>\n<td style=\"width: 13.8485%; height: 24px; text-align: center;\"><strong>14\/03\/2021<\/strong><\/td>\n<td style=\"width: 47.7879%; height: 24px; text-align: center;\"><strong>Paris-Troyes<\/strong><\/td>\n<\/tr>\n<tr style=\"height: 24px;\">\n<td style=\"width: 13.3636%; height: 24px; text-align: center;\">18\/03\/2021<\/td>\n<td style=\"width: 13.8485%; height: 24px; text-align: center;\">18\/03\/2021<\/td>\n<td style=\"width: 47.7879%; height: 24px; text-align: center;\">Grand-Prix de Denain<\/td>\n<\/tr>\n<tr style=\"height: 24px;\">\n<td style=\"width: 13.3636%; height: 24px; text-align: center;\">21\/03\/2021<\/td>\n<td style=\"width: 13.8485%; height: 24px; text-align: center;\">21\/03\/2021<\/td>\n<td style=\"width: 47.7879%; height: 24px; text-align: center;\">Ronde d&rsquo;Aix<\/td>\n<\/tr>\n<tr style=\"height: 24px;\">\n<td style=\"width: 13.3636%; height: 24px; text-align: center;\">27\/03\/2021<\/td>\n<td style=\"width: 13.8485%; height: 24px; text-align: center;\">27\/03\/2021<\/td>\n<td style=\"width: 47.7879%; height: 24px; text-align: center;\">Classic Loire-Atlantique<\/td>\n<\/tr>\n<tr style=\"height: 24px;\">\n<td style=\"width: 13.3636%; height: 24px; text-align: center;\">22\/03\/2021<\/td>\n<td style=\"width: 13.8485%; height: 24px; text-align: center;\">28\/03\/2021<\/td>\n<td style=\"width: 47.7879%; height: 24px; text-align: center;\">Tour de Normandie<\/td>\n<\/tr>\n<tr style=\"height: 24px;\">\n<td style=\"width: 13.3636%; height: 24px; text-align: center;\">28\/03\/2021<\/td>\n<td style=\"width: 13.8485%; height: 24px; text-align: center;\">28\/03\/2021<\/td>\n<td style=\"width: 47.7879%; height: 24px; text-align: center;\">Cholet-Pays de la Loire<\/td>\n<\/tr>\n<tr style=\"height: 24px;\">\n<td style=\"width: 13.3636%; height: 24px; text-align: center;\">02\/04\/2021<\/td>\n<td style=\"width: 13.8485%; height: 24px; text-align: center;\">02\/04\/2021<\/td>\n<td style=\"width: 47.7879%; height: 24px; text-align: center;\">La Route Ad\u00e9lie de Vitr\u00e9<\/td>\n<\/tr>\n<tr style=\"height: 24px;\">\n<td style=\"width: 13.3636%; height: 24px; text-align: center;\">04\/04\/2021<\/td>\n<td style=\"width: 13.8485%; height: 24px; text-align: center;\">04\/04\/2021<\/td>\n<td style=\"width: 47.7879%; height: 24px; text-align: center;\">La Roue tourangelle Centre-Val-de-Loire<\/td>\n<\/tr>\n<tr style=\"height: 24px;\">\n<td style=\"width: 13.3636%; height: 24px; text-align: center;\">06\/04\/2021<\/td>\n<td style=\"width: 13.8485%; height: 24px; text-align: center;\">09\/04\/2021<\/td>\n<td style=\"width: 47.7879%; height: 24px; text-align: center;\">Circuit de la Sarthe &#8211; Pays de la Loire<\/td>\n<\/tr>\n<tr style=\"height: 24px;\">\n<td style=\"width: 13.3636%; height: 24px; text-align: center;\">08\/04\/2021<\/td>\n<td style=\"width: 13.8485%; height: 24px; text-align: center;\">11\/04\/2021<\/td>\n<td style=\"width: 47.7879%; height: 24px; text-align: center;\">Circuit des Ardennes International<\/td>\n<\/tr>\n<tr style=\"height: 24px;\">\n<td style=\"width: 13.3636%; height: 24px; text-align: center;\"><strong>11\/04\/2021<\/strong><\/td>\n<td style=\"width: 13.8485%; height: 24px; text-align: center;\"><strong>11\/04\/2021<\/strong><\/td>\n<td style=\"width: 47.7879%; height: 24px; text-align: center;\"><strong>Paris-Roubaix<\/strong><\/td>\n<\/tr>\n<tr style=\"height: 24px;\">\n<td style=\"width: 13.3636%; height: 24px; text-align: center;\"><strong>13\/04\/2021<\/strong><\/td>\n<td style=\"width: 13.8485%; height: 24px; text-align: center;\"><strong>13\/04\/2021<\/strong><\/td>\n<td style=\"width: 47.7879%; height: 24px; text-align: center;\"><strong>Paris-Camembert<\/strong><\/td>\n<\/tr>\n<tr style=\"height: 24px;\">\n<td style=\"width: 13.3636%; height: 24px; text-align: center;\">17\/04\/2021<\/td>\n<td style=\"width: 13.8485%; height: 24px; text-align: center;\">17\/04\/2021<\/td>\n<td style=\"width: 47.7879%; height: 24px; text-align: center;\">Tour du Jura<\/td>\n<\/tr>\n<tr style=\"height: 24px;\">\n<td style=\"width: 13.3636%; height: 24px; text-align: center;\">14\/04\/2021<\/td>\n<td style=\"width: 13.8485%; height: 24px; text-align: center;\">18\/04\/2021<\/td>\n<td style=\"width: 47.7879%; height: 24px; text-align: center;\">Tour du Loir et Cher<\/td>\n<\/tr>\n<tr style=\"height: 24px;\">\n<td style=\"width: 13.3636%; height: 24px; text-align: center;\">25\/04\/2021<\/td>\n<td style=\"width: 13.8485%; height: 24px; text-align: center;\">25\/04\/2021<\/td>\n<td style=\"width: 47.7879%; height: 24px; text-align: center;\">Paris-Mantes<\/td>\n<\/tr>\n<tr style=\"height: 24px;\">\n<td style=\"width: 13.3636%; height: 24px; text-align: center;\">25\/04\/2021<\/td>\n<td style=\"width: 13.8485%; height: 24px; text-align: center;\">01\/05\/2021<\/td>\n<td style=\"width: 47.7879%; height: 24px; text-align: center;\">Tour de Bretagne<\/td>\n<\/tr>\n<tr style=\"height: 24px;\">\n<td style=\"width: 13.3636%; height: 24px; text-align: center;\">02\/05\/2021<\/td>\n<td style=\"width: 13.8485%; height: 24px; text-align: center;\">02\/05\/2021<\/td>\n<td style=\"width: 47.7879%; height: 24px; text-align: center;\">Grand-Prix de la Somme<\/td>\n<\/tr>\n<tr style=\"height: 24px;\">\n<td style=\"width: 13.3636%; height: 24px; text-align: center;\">04\/05\/2021<\/td>\n<td style=\"width: 13.8485%; height: 24px; text-align: center;\">09\/05\/2021<\/td>\n<td style=\"width: 47.7879%; height: 24px; text-align: center;\">4 jours de Dunkerque<\/td>\n<\/tr>\n<tr style=\"height: 24px;\">\n<td style=\"width: 13.3636%; height: 24px; text-align: center;\">15\/05\/2021<\/td>\n<td style=\"width: 13.8485%; height: 24px; text-align: center;\">15\/05\/2021<\/td>\n<td style=\"width: 47.7879%; height: 24px; text-align: center;\">Grand-Prix de Plumelec<\/td>\n<\/tr>\n<tr style=\"height: 24px;\">\n<td style=\"width: 13.3636%; height: 24px; text-align: center;\">14\/05\/2021<\/td>\n<td style=\"width: 13.8485%; height: 24px; text-align: center;\">16\/05\/2021<\/td>\n<td style=\"width: 47.7879%; height: 24px; text-align: center;\">Tour d&rsquo;Eure-et-Loir<\/td>\n<\/tr>\n<tr style=\"height: 24px;\">\n<td style=\"width: 13.3636%; height: 24px; text-align: center;\">16\/05\/2021<\/td>\n<td style=\"width: 13.8485%; height: 24px; text-align: center;\">16\/05\/2021<\/td>\n<td style=\"width: 47.7879%; height: 24px; text-align: center;\">Tro-Bro L\u00e9on<\/td>\n<\/tr>\n<tr style=\"height: 24px;\">\n<td style=\"width: 13.3636%; height: 24px; text-align: center;\">22\/05\/2021<\/td>\n<td style=\"width: 13.8485%; height: 24px; text-align: center;\">22\/05\/2021<\/td>\n<td style=\"width: 47.7879%; height: 24px; text-align: center;\">Tour du Finist\u00e8re<\/td>\n<\/tr>\n<tr style=\"height: 24px;\">\n<td style=\"width: 13.3636%; height: 24px; text-align: center;\">19\/05\/2021<\/td>\n<td style=\"width: 13.8485%; height: 24px; text-align: center;\">23\/05\/2021<\/td>\n<td style=\"width: 47.7879%; height: 24px; text-align: center;\">Alpes Is\u00e8re Tour<\/td>\n<\/tr>\n<tr style=\"height: 24px;\">\n<td style=\"width: 13.3636%; height: 24px; text-align: center;\">23\/05\/2021<\/td>\n<td style=\"width: 13.8485%; height: 24px; text-align: center;\">23\/05\/2021<\/td>\n<td style=\"width: 47.7879%; height: 24px; text-align: center;\">Boucles de l&rsquo;Aulne-Ch\u00e2teaulin<\/td>\n<\/tr>\n<tr style=\"height: 24px;\">\n<td style=\"width: 13.3636%; height: 24px; text-align: center;\">24\/05\/2021<\/td>\n<td style=\"width: 13.8485%; height: 24px; text-align: center;\">24\/05\/2021<\/td>\n<td style=\"width: 47.7879%; height: 24px; text-align: center;\">Mercan&rsquo;Tour Classic Alpes-Maritimes<\/td>\n<\/tr>\n<tr style=\"height: 24px;\">\n<td style=\"width: 13.3636%; height: 24px; text-align: center;\">27\/05\/2021<\/td>\n<td style=\"width: 13.8485%; height: 24px; text-align: center;\">30\/05\/2021<\/td>\n<td style=\"width: 47.7879%; height: 24px; text-align: center;\">Tour de la Mirabelle<\/td>\n<\/tr>\n<tr style=\"height: 24px;\">\n<td style=\"width: 13.3636%; height: 24px; text-align: center;\">27\/05\/2021<\/td>\n<td style=\"width: 13.8485%; height: 24px; text-align: center;\">30\/05\/2021<\/td>\n<td style=\"width: 47.7879%; height: 24px; text-align: center;\">Boucles de la Mayenne<\/td>\n<\/tr>\n<tr style=\"height: 24px;\">\n<td style=\"width: 13.3636%; height: 24px; text-align: center;\"><strong>30\/05\/2021<\/strong><\/td>\n<td style=\"width: 13.8485%; height: 24px; text-align: center;\"><strong>06\/06\/2021<\/strong><\/td>\n<td style=\"width: 47.7879%; height: 24px; text-align: center;\"><strong>Crit\u00e9rium du Dauphin\u00e9<\/strong><\/td>\n<\/tr>\n<tr style=\"height: 24px;\">\n<td style=\"width: 13.3636%; height: 24px; text-align: center;\">03\/06\/2021<\/td>\n<td style=\"width: 13.8485%; height: 24px; text-align: center;\">06\/06\/2021<\/td>\n<td style=\"width: 47.7879%; height: 24px; text-align: center;\">Ronde de l&rsquo;Oise<\/td>\n<\/tr>\n<tr style=\"height: 24px;\">\n<td style=\"width: 13.3636%; height: 24px; text-align: center;\">08\/06\/2021<\/td>\n<td style=\"width: 13.8485%; height: 24px; text-align: center;\">08\/06\/2021<\/td>\n<td style=\"width: 47.7879%; height: 24px; text-align: center;\">Mont Ventoux d\u00e9nivel\u00e9 Challenge<\/td>\n<\/tr>\n<tr style=\"height: 24px;\">\n<td style=\"width: 13.3636%; height: 24px; text-align: center;\">10\/06\/2021<\/td>\n<td style=\"width: 13.8485%; height: 24px; text-align: center;\">13\/06\/2021<\/td>\n<td style=\"width: 47.7879%; height: 24px; text-align: center;\">La route d&rsquo;Occitanie<\/td>\n<\/tr>\n<tr style=\"height: 24px;\">\n<td style=\"width: 13.3636%; height: 24px; text-align: center;\"><strong>26\/06\/2021<\/strong><\/td>\n<td style=\"width: 13.8485%; height: 24px; text-align: center;\"><strong>18\/07\/2021<\/strong><\/td>\n<td style=\"width: 47.7879%; height: 24px; text-align: center;\"><strong>Tour de France<\/strong><\/td>\n<\/tr>\n<tr style=\"height: 24px;\">\n<td style=\"width: 13.3636%; height: 24px; text-align: center;\">20\/07\/2021<\/td>\n<td style=\"width: 13.8485%; height: 24px; text-align: center;\">20\/07\/2021<\/td>\n<td style=\"width: 47.7879%; height: 24px; text-align: center;\">Crit\u00e9rium d&rsquo;Apr\u00e8s-Tour de France<\/td>\n<\/tr>\n<tr style=\"height: 24px;\">\n<td style=\"width: 13.3636%; height: 24px; text-align: center;\">21\/07\/2021<\/td>\n<td style=\"width: 13.8485%; height: 24px; text-align: center;\">21\/07\/2021<\/td>\n<td style=\"width: 47.7879%; height: 24px; text-align: center;\">Ronde des Korrigans<\/td>\n<\/tr>\n<tr style=\"height: 24px;\">\n<td style=\"width: 13.3636%; height: 24px; text-align: center;\">22\/07\/2021<\/td>\n<td style=\"width: 13.8485%; height: 24px; text-align: center;\">22\/07\/2021<\/td>\n<td style=\"width: 47.7879%; height: 24px; text-align: center;\">Crit\u00e9rium d&rsquo;apr\u00e8s-Tour de Dijon<\/td>\n<\/tr>\n<tr style=\"height: 24px;\">\n<td style=\"width: 13.3636%; height: 24px; text-align: center;\">24\/07\/2021<\/td>\n<td style=\"width: 13.8485%; height: 24px; text-align: center;\">24\/07\/2021<\/td>\n<td style=\"width: 47.7879%; height: 24px; text-align: center;\">Crit\u00e9rium international du Grand Dole<\/td>\n<\/tr>\n<tr style=\"height: 24px;\">\n<td style=\"width: 13.3636%; height: 24px; text-align: center;\"><strong>21\/07\/2021<\/strong><\/td>\n<td style=\"width: 13.8485%; height: 24px; text-align: center;\"><strong>25\/07\/2021<\/strong><\/td>\n<td style=\"width: 47.7879%; height: 24px; text-align: center;\"><strong>Tour d&rsquo;Alsace<\/strong><\/td>\n<\/tr>\n<tr style=\"height: 24px;\">\n<td style=\"width: 13.3636%; height: 24px; text-align: center;\">25\/07\/2021<\/td>\n<td style=\"width: 13.8485%; height: 24px; text-align: center;\">25\/07\/2021<\/td>\n<td style=\"width: 47.7879%; height: 24px; text-align: center;\">Grand-Prix de la ville de P\u00e9renchies<\/td>\n<\/tr>\n<tr style=\"height: 24px;\">\n<td style=\"width: 13.3636%; height: 24px; text-align: center;\"><strong>29\/07\/2021<\/strong><\/td>\n<td style=\"width: 13.8485%; height: 24px; text-align: center;\"><strong>31\/07\/2021<\/strong><\/td>\n<td style=\"width: 47.7879%; height: 24px; text-align: center;\"><strong>Tour de l&rsquo;Ain<\/strong><\/td>\n<\/tr>\n<tr style=\"height: 24px;\">\n<td style=\"width: 13.3636%; height: 24px; text-align: center;\">30\/07\/2021<\/td>\n<td style=\"width: 13.8485%; height: 24px; text-align: center;\">02\/08\/2021<\/td>\n<td style=\"width: 47.7879%; height: 24px; text-align: center;\">Kreiz Breizh<\/td>\n<\/tr>\n<tr style=\"height: 24px;\">\n<td style=\"width: 13.3636%; height: 24px; text-align: center;\">03\/08\/2021<\/td>\n<td style=\"width: 13.8485%; height: 24px; text-align: center;\">03\/08\/2021<\/td>\n<td style=\"width: 47.7879%; height: 24px; text-align: center;\">Crit\u00e9rium international de Castillon-la-Bataille<\/td>\n<\/tr>\n<tr style=\"height: 24px;\">\n<td style=\"width: 13.3636%; height: 24px; text-align: center;\">04\/08\/2021<\/td>\n<td style=\"width: 13.8485%; height: 24px; text-align: center;\">04\/08\/2021<\/td>\n<td style=\"width: 47.7879%; height: 24px; text-align: center;\">Crit\u00e9rium international de Marcoles<\/td>\n<\/tr>\n<tr style=\"height: 24px;\">\n<td style=\"width: 13.3636%; height: 24px; text-align: center;\">07\/08\/2021<\/td>\n<td style=\"width: 13.8485%; height: 24px; text-align: center;\">07\/08\/2021<\/td>\n<td style=\"width: 47.7879%; height: 24px; text-align: center;\">Crit\u00e9rium professionnel Dun le Palestel<\/td>\n<\/tr>\n<tr style=\"height: 24px;\">\n<td style=\"width: 13.3636%; height: 24px; text-align: center;\">30\/07\/2021<\/td>\n<td style=\"width: 13.8485%; height: 24px; text-align: center;\">08\/08\/2021<\/td>\n<td style=\"width: 47.7879%; height: 24px; text-align: center;\">Tour de la Guadeloupe<\/td>\n<\/tr>\n<tr style=\"height: 24px;\">\n<td style=\"width: 13.3636%; height: 24px; text-align: center;\">05\/08\/2021<\/td>\n<td style=\"width: 13.8485%; height: 24px; text-align: center;\">08\/08\/2021<\/td>\n<td style=\"width: 47.7879%; height: 24px; text-align: center;\">Tour de la Savoie Mont-Blanc<\/td>\n<\/tr>\n<tr style=\"height: 24px;\">\n<td style=\"width: 13.3636%; height: 24px; text-align: center;\">08\/08\/2021<\/td>\n<td style=\"width: 13.8485%; height: 24px; text-align: center;\">08\/08\/2021<\/td>\n<td style=\"width: 47.7879%; height: 24px; text-align: center;\">Crit\u00e9rium international de Vayrac<\/td>\n<\/tr>\n<tr style=\"height: 24px;\">\n<td style=\"width: 13.3636%; height: 24px; text-align: center;\">15\/08\/2021<\/td>\n<td style=\"width: 13.8485%; height: 24px; text-align: center;\">15\/08\/2021<\/td>\n<td style=\"width: 47.7879%; height: 24px; text-align: center;\">La Polynormande<\/td>\n<\/tr>\n<tr style=\"height: 24px;\">\n<td style=\"width: 13.3636%; height: 24px; text-align: center;\">15\/08\/2021<\/td>\n<td style=\"width: 13.8485%; height: 24px; text-align: center;\">15\/08\/2021<\/td>\n<td style=\"width: 47.7879%; height: 24px; text-align: center;\">Crit\u00e9rium international de Quillan<\/td>\n<\/tr>\n<tr style=\"height: 24px;\">\n<td style=\"width: 13.3636%; height: 24px; text-align: center;\"><strong>17\/08\/2021<\/strong><\/td>\n<td style=\"width: 13.8485%; height: 24px; text-align: center;\"><strong>20\/08\/2021<\/strong><\/td>\n<td style=\"width: 47.7879%; height: 24px; text-align: center;\"><strong>Tour du Limousin<\/strong><\/td>\n<\/tr>\n<tr style=\"height: 24px;\">\n<td style=\"width: 13.3636%; height: 24px; text-align: center;\">24\/08\/2021<\/td>\n<td style=\"width: 13.8485%; height: 24px; text-align: center;\">24\/08\/2021<\/td>\n<td style=\"width: 47.7879%; height: 24px; text-align: center;\">Grand-Prix des Marbriers<\/td>\n<\/tr>\n<tr style=\"height: 24px;\">\n<td style=\"width: 13.3636%; height: 24px; text-align: center;\">24\/08\/2021<\/td>\n<td style=\"width: 13.8485%; height: 24px; text-align: center;\">27\/08\/2021<\/td>\n<td style=\"width: 47.7879%; height: 24px; text-align: center;\">Tour du Poitou-Charentes<\/td>\n<\/tr>\n<tr style=\"height: 24px;\">\n<td style=\"width: 13.3636%; height: 24px; text-align: center;\">27\/08\/2021<\/td>\n<td style=\"width: 13.8485%; height: 24px; text-align: center;\">27\/08\/2021<\/td>\n<td style=\"width: 47.7879%; height: 24px; text-align: center;\">Prix Jean Renaux<\/td>\n<\/tr>\n<tr style=\"height: 24px;\">\n<td style=\"width: 13.3636%; height: 24px; text-align: center;\">29\/08\/2021<\/td>\n<td style=\"width: 13.8485%; height: 24px; text-align: center;\">29\/08\/2021<\/td>\n<td style=\"width: 47.7879%; height: 24px; text-align: center;\">Crito&rsquo;Star<\/td>\n<\/tr>\n<tr style=\"height: 24px;\">\n<td style=\"width: 13.3636%; height: 24px; text-align: center;\"><strong>29\/08\/2021<\/strong><\/td>\n<td style=\"width: 13.8485%; height: 24px; text-align: center;\"><strong>29\/08\/2021<\/strong><\/td>\n<td style=\"width: 47.7879%; height: 24px; text-align: center;\"><strong>Bretagne Classic<\/strong><\/td>\n<\/tr>\n<tr style=\"height: 24px;\">\n<td style=\"width: 13.3636%; height: 24px; text-align: center;\">30\/08\/2021<\/td>\n<td style=\"width: 13.8485%; height: 24px; text-align: center;\">30\/08\/2021<\/td>\n<td style=\"width: 47.7879%; height: 24px; text-align: center;\">Guidon d&rsquo;Or Hellemois<\/td>\n<\/tr>\n<tr>\n<td style=\"width: 13.3636%; text-align: center;\">03\/09\/2021<\/td>\n<td style=\"width: 13.8485%; text-align: center;\">03\/09\/2021<\/td>\n<td style=\"width: 47.7879%; text-align: center;\">Crit\u00e9rium de Calais<\/td>\n<\/tr>\n<tr>\n<td style=\"width: 13.3636%; text-align: center;\">03\/09\/2021<\/td>\n<td style=\"width: 13.8485%; text-align: center;\">05\/09\/2021<\/td>\n<td style=\"width: 47.7879%; text-align: center;\">A travers les Hauts-de-France<\/td>\n<\/tr>\n<tr>\n<td style=\"width: 13.3636%; text-align: center;\">05\/09\/2021<\/td>\n<td style=\"width: 13.8485%; text-align: center;\">05\/09\/2021<\/td>\n<td style=\"width: 47.7879%; text-align: center;\">Tour du Doubs<\/td>\n<\/tr>\n<tr>\n<td style=\"width: 13.3636%; text-align: center;\">12\/09\/2021<\/td>\n<td style=\"width: 13.8485%; text-align: center;\">12\/09\/2021<\/td>\n<td style=\"width: 47.7879%; text-align: center;\">Grand-Prix de Fourmies<\/td>\n<\/tr>\n<tr>\n<td style=\"width: 13.3636%; text-align: center;\">12\/09\/2021<\/td>\n<td style=\"width: 13.8485%; text-align: center;\">12\/09\/2021<\/td>\n<td style=\"width: 47.7879%; text-align: center;\">Grand-Prix international de Nogent-sur-Oise<\/td>\n<\/tr>\n<tr>\n<td style=\"width: 13.3636%; text-align: center;\">19\/09\/2021<\/td>\n<td style=\"width: 13.8485%; text-align: center;\">19\/09\/2021<\/td>\n<td style=\"width: 47.7879%; text-align: center;\">Grand-Prix d&rsquo;Isbergues<\/td>\n<\/tr>\n<tr>\n<td style=\"width: 13.3636%; text-align: center;\">26\/09\/2021<\/td>\n<td style=\"width: 13.8485%; text-align: center;\">26\/09\/2021<\/td>\n<td style=\"width: 47.7879%; text-align: center;\">Classique Paris-Chauny<\/td>\n<\/tr>\n<tr>\n<td style=\"width: 13.3636%; text-align: center;\">03\/10\/2021<\/td>\n<td style=\"width: 13.8485%; text-align: center;\">03\/10\/2021<\/td>\n<td style=\"width: 47.7879%; text-align: center;\">Tour de Vend\u00e9e<\/td>\n<\/tr>\n<tr>\n<td style=\"width: 13.3636%; text-align: center;\">07\/10\/2021<\/td>\n<td style=\"width: 13.8485%; text-align: center;\">07\/10\/2021<\/td>\n<td style=\"width: 47.7879%; text-align: center;\">Paris-Bourges<\/td>\n<\/tr>\n<tr>\n<td style=\"width: 13.3636%; text-align: center;\">10\/10\/2021<\/td>\n<td style=\"width: 13.8485%; text-align: center;\">10\/10\/2021<\/td>\n<td style=\"width: 47.7879%; text-align: center;\">Paris-Tours<\/td>\n<\/tr>\n<tr>\n<td style=\"width: 13.3636%; text-align: center;\">17\/10\/2021<\/td>\n<td style=\"width: 13.8485%; text-align: center;\">17\/10\/2021<\/td>\n<td style=\"width: 47.7879%; text-align: center;\">Chrono des Nations<\/td>\n<\/tr>\n<\/tbody>\n<\/table>\n<hr \/>\n<h2 style=\"text-align: justify;\">Le calendrier (inter)national<\/h2>\n<p style=\"text-align: justify;\">Passons aux comp\u00e9titions internationales qui cette ann\u00e9e ne manqueront pas dans le calendrier cycliste. 2021 sera (<a href=\"https:\/\/dicodusport.fr\/blog\/les-jeux-olympiques-et-paralympiques-de-tokyo-toujours-aussi-incertains\/\">normalement<\/a>) <strong>ann\u00e9e olympique<\/strong>. \u00c0 l&rsquo;heure o\u00f9 nous parlons, ils auront lieu entre le 23 juillet et le 8 ao\u00fbt. L&rsquo;\u00e9preuve en ligne aura lieu le 24 juillet et le chrono le 27.<\/p>\n<p style=\"text-align: justify;\">Pour ce qui est des <strong>Mondiaux sur route<\/strong>, ils se d\u00e9rouleront entre le 19 et le 26 septembre. Le contre-la-montre se tiendra le 19 et l&rsquo;\u00e9preuve en ligne, longue de 267,7km, le 26. Ils feront leur retour en Belgique pour la premi\u00e8re fois depuis 2002 et l&rsquo;\u00e9dition de <strong>Zolder<\/strong>.<\/p>\n<p style=\"text-align: justify;\">C\u00f4t\u00e9 <strong>Championnat d&rsquo;Europe, <\/strong>direction Trente. Entre le 8 et le 12 septembre s&rsquo;y tiendra l&rsquo;\u00e9dition qui aurait avoir lieu en 2020. Le chrono aura lieu le 9 septembre et l&rsquo;\u00e9preuve en ligne le 12.<\/p>\n<p style=\"text-align: justify;\">Pour ce qui est de l&rsquo;<strong>\u00e9preuve nationale<\/strong>, la f\u00e9d\u00e9ration a choisi Epinal. Entre le 17 et le 20 septembre, les meilleurs fran\u00e7ais se disputeront le maillot tricolore.<\/p>\n<table style=\"width: 800px; border-collapse: collapse;\">\n<tbody>\n<tr style=\"background-color: #000000;\">\n<td style=\"width: 13.7273%; text-align: center;\"><span style=\"color: #ffffff;\"><strong>Date d\u00e9but<\/strong><\/span><\/td>\n<td style=\"width: 13.4849%; text-align: center;\"><span style=\"color: #ffffff;\"><strong>Date fin<\/strong><\/span><\/td>\n<td style=\"width: 52.1516%; text-align: center;\"><span style=\"color: #ffffff;\"><strong>Course<\/strong><\/span><\/td>\n<td style=\"width: 20.6363%; text-align: center;\"><span style=\"color: #ffffff;\"><strong>Pays<\/strong><\/span><\/td>\n<\/tr>\n<tr>\n<td style=\"width: 13.7273%; text-align: center;\"><strong>17\/06\/2021<\/strong><\/td>\n<td style=\"width: 13.4849%; text-align: center;\"><strong>17\/06\/2021<\/strong><\/td>\n<td style=\"width: 52.1516%; text-align: center;\"><strong>Championnats de France CLM hommes \u00e9lite<\/strong><\/td>\n<td style=\"width: 20.6363%; text-align: center;\"><strong>France (Epinal)<\/strong><\/td>\n<\/tr>\n<tr>\n<td style=\"width: 13.7273%; text-align: center;\"><strong>20\/06\/2021<\/strong><\/td>\n<td style=\"width: 13.4849%; text-align: center;\"><strong>20\/06\/2021<\/strong><\/td>\n<td style=\"width: 52.1516%; text-align: center;\"><strong>Championnats de France \u00e9preuve en ligne hommes \u00e9lite<\/strong><\/td>\n<td style=\"width: 20.6363%; text-align: center;\"><strong>France (Epinal)<\/strong><\/td>\n<\/tr>\n<tr>\n<td style=\"width: 13.7273%; text-align: center;\">24\/07\/2021<\/td>\n<td style=\"width: 13.4849%; text-align: center;\">24\/07\/2021<\/td>\n<td style=\"width: 52.1516%; text-align: center;\">JO \u00e9preuve en ligne hommes<\/td>\n<td style=\"width: 20.6363%; text-align: center;\">Japon (Tokyo)<\/td>\n<\/tr>\n<tr>\n<td style=\"width: 13.7273%; text-align: center;\">27\/07\/2021<\/td>\n<td style=\"width: 13.4849%; text-align: center;\">27\/07\/2021<\/td>\n<td style=\"width: 52.1516%; text-align: center;\">JO \u00e9preuve CLM hommes<\/td>\n<td style=\"width: 20.6363%; text-align: center;\">Japon (Tokyo)<\/td>\n<\/tr>\n<tr>\n<td style=\"width: 13.7273%; text-align: center;\">09\/09\/2021<\/td>\n<td style=\"width: 13.4849%; text-align: center;\">09\/09\/2021<\/td>\n<td style=\"width: 52.1516%; text-align: center;\">Championnats d&rsquo;Europe CLM hommes \u00e9lite<\/td>\n<td style=\"width: 20.6363%; text-align: center;\">Italie (Trente)<\/td>\n<\/tr>\n<tr>\n<td style=\"width: 13.7273%; text-align: center;\">12\/09\/2021<\/td>\n<td style=\"width: 13.4849%; text-align: center;\">12\/09\/2021<\/td>\n<td style=\"width: 52.1516%; text-align: center;\">Championnats d&rsquo;Europe en ligne hommes \u00e9lite<\/td>\n<td style=\"width: 20.6363%; text-align: center;\">Italie (Trente)<\/td>\n<\/tr>\n<tr>\n<td style=\"width: 13.7273%; text-align: center;\">19\/09\/2021<\/td>\n<td style=\"width: 13.4849%; text-align: center;\">19\/09\/2021<\/td>\n<td style=\"width: 52.1516%; text-align: center;\">Championnats du Monde CLM hommes \u00e9lite<\/td>\n<td style=\"width: 20.6363%; text-align: center;\">Belgique (Flandres)<\/td>\n<\/tr>\n<tr>\n<td style=\"width: 13.7273%; text-align: center;\">26\/09\/2021<\/td>\n<td style=\"width: 13.4849%; text-align: center;\">26\/09\/2021<\/td>\n<td style=\"width: 52.1516%; text-align: center;\">Championnats du monde en ligne hommes \u00e9lite<\/td>\n<td style=\"width: 20.6363%; text-align: center;\">Belgique (Flandres)<\/td>\n<\/tr>\n<\/tbody>\n<\/table>\n<ul>\n<li style=\"text-align: justify;\"><strong>\u00c0 lire aussi &#8211; <a href=\"https:\/\/dicodusport.fr\/blog\/uci-world-tour-maillots-equipes-saison-2021\/\" target=\"_blank\" rel=\"noopener noreferrer\">UCI World Tour : les maillots des \u00e9quipes pour la saison 2021<\/a><\/strong><\/li>\n<\/ul>\n<p><strong><em>JMPPMJ<br \/>\n<a href=\"https:\/\/twitter.com\/jmp_pmj\" target=\"_blank\" rel=\"noopener noreferrer\"><img loading=\"lazy\" decoding=\"async\" class=\"alignnone wp-image-2908\" src=\"http:\/\/dicodusport.fr\/blog\/wp-content\/uploads\/2017\/07\/logo-twitter-150x150.png\" alt=\"\" width=\"39\" height=\"39\" \/><\/a><\/em><\/strong><\/p>\n","protected":false},"excerpt":{"rendered":"<p>\u00c0 nouvelle ann\u00e9e, nouveau calendrier. Le cyclisme ne fait pas exception. Voici le calendrier cycliste 2021 avec notre s\u00e9lection.<\/p>\n","protected":false},"author":40,"featured_media":97331,"comment_status":"open","ping_status":"closed","sticky":false,"template":"","format":"standard","meta":{"_acf_changed":false,"_daextam_enable_autolinks":"","footnotes":""},"categories":[2307],"tags":[574],"class_list":["post-96721","post","type-post","status-publish","format-standard","has-post-thumbnail","hentry","category-cyclisme","tag-cyclisme"],"acf":[],"yoast_head":"<!-- This site is optimized with the Yoast SEO Premium plugin v26.7 (Yoast SEO v26.7) - https:\/\/yoast.com\/wordpress\/plugins\/seo\/ -->\n<title>Cyclisme masculin : le calendrier cycliste 2021<\/title>\n<meta name=\"description\" content=\"\u00c0 nouvelle ann\u00e9e, nouveau calendrier. Le cyclisme ne fait pas exception. Voici le calendrier cycliste masculin 2021 avec notre s\u00e9lection.\" \/>\n<meta name=\"robots\" content=\"index, follow, max-snippet:-1, max-image-preview:large, max-video-preview:-1\" \/>\n<link rel=\"canonical\" href=\"https:\/\/dicodusport.fr\/blog\/cyclisme-masculin-calendrier-cycliste-2021\/\" \/>\n<meta property=\"og:locale\" content=\"fr_FR\" \/>\n<meta property=\"og:type\" content=\"article\" \/>\n<meta property=\"og:title\" content=\"Cyclisme masculin : le calendrier cycliste 2021\" \/>\n<meta property=\"og:description\" content=\"\u00c0 nouvelle ann\u00e9e, nouveau calendrier. Le cyclisme ne fait pas exception. Voici le calendrier cycliste masculin 2021 avec notre s\u00e9lection.\" \/>\n<meta property=\"og:url\" content=\"https:\/\/dicodusport.fr\/blog\/cyclisme-masculin-calendrier-cycliste-2021\/\" \/>\n<meta property=\"og:site_name\" content=\"Dicodusport\" \/>\n<meta property=\"article:publisher\" content=\"https:\/\/www.facebook.com\/dicodusport\" \/>\n<meta property=\"article:published_time\" content=\"2021-01-28T10:21:46+00:00\" \/>\n<meta property=\"article:modified_time\" content=\"2021-01-28T10:37:16+00:00\" \/>\n<meta property=\"og:image\" content=\"https:\/\/dicodusport.fr\/blog\/wp-content\/uploads\/2021\/01\/Cyclisme-masculin-Le-calendrier-cycliste-2021.png\" \/>\n\t<meta property=\"og:image:width\" content=\"800\" \/>\n\t<meta property=\"og:image:height\" content=\"445\" \/>\n\t<meta property=\"og:image:type\" content=\"image\/png\" \/>\n<meta name=\"author\" content=\"Jordane Mougenot-Pelletier\" \/>\n<meta name=\"twitter:card\" content=\"summary_large_image\" \/>\n<meta name=\"twitter:title\" content=\"Cyclisme masculin : le calendrier cycliste 2021\" \/>\n<meta name=\"twitter:creator\" content=\"@https:\/\/twitter.com\/jmp_pmj\" \/>\n<meta name=\"twitter:site\" content=\"@dicodusport\" \/>\n<script type=\"application\/ld+json\" class=\"yoast-schema-graph\">{\"@context\":\"https:\/\/schema.org\",\"@graph\":[{\"@type\":\"NewsArticle\",\"@id\":\"https:\/\/dicodusport.fr\/blog\/cyclisme-masculin-calendrier-cycliste-2021\/#article\",\"isPartOf\":{\"@id\":\"https:\/\/dicodusport.fr\/blog\/cyclisme-masculin-calendrier-cycliste-2021\/\"},\"author\":{\"name\":\"Jordane Mougenot-Pelletier\",\"@id\":\"https:\/\/dicodusport.fr\/blog\/#\/schema\/person\/20a73cde459581e727623fffec174040\"},\"headline\":\"Cyclisme masculin : le calendrier cycliste 2021\",\"datePublished\":\"2021-01-28T10:21:46+00:00\",\"dateModified\":\"2021-01-28T10:37:16+00:00\",\"mainEntityOfPage\":{\"@id\":\"https:\/\/dicodusport.fr\/blog\/cyclisme-masculin-calendrier-cycliste-2021\/\"},\"wordCount\":1584,\"commentCount\":0,\"publisher\":{\"@id\":\"https:\/\/dicodusport.fr\/blog\/#organization\"},\"image\":{\"@id\":\"https:\/\/dicodusport.fr\/blog\/cyclisme-masculin-calendrier-cycliste-2021\/#primaryimage\"},\"thumbnailUrl\":\"https:\/\/dicodusport.fr\/blog\/wp-content\/uploads\/2021\/01\/Cyclisme-masculin-Le-calendrier-cycliste-2021.png\",\"keywords\":[\"Cyclisme\"],\"articleSection\":[\"Cyclisme\"],\"inLanguage\":\"fr-FR\",\"potentialAction\":[{\"@type\":\"CommentAction\",\"name\":\"Comment\",\"target\":[\"https:\/\/dicodusport.fr\/blog\/cyclisme-masculin-calendrier-cycliste-2021\/#respond\"]}],\"copyrightYear\":\"2021\",\"copyrightHolder\":{\"@id\":\"https:\/\/dicodusport.fr\/blog\/#organization\"}},{\"@type\":\"WebPage\",\"@id\":\"https:\/\/dicodusport.fr\/blog\/cyclisme-masculin-calendrier-cycliste-2021\/\",\"url\":\"https:\/\/dicodusport.fr\/blog\/cyclisme-masculin-calendrier-cycliste-2021\/\",\"name\":\"Cyclisme masculin : le calendrier cycliste 2021\",\"isPartOf\":{\"@id\":\"https:\/\/dicodusport.fr\/blog\/#website\"},\"primaryImageOfPage\":{\"@id\":\"https:\/\/dicodusport.fr\/blog\/cyclisme-masculin-calendrier-cycliste-2021\/#primaryimage\"},\"image\":{\"@id\":\"https:\/\/dicodusport.fr\/blog\/cyclisme-masculin-calendrier-cycliste-2021\/#primaryimage\"},\"thumbnailUrl\":\"https:\/\/dicodusport.fr\/blog\/wp-content\/uploads\/2021\/01\/Cyclisme-masculin-Le-calendrier-cycliste-2021.png\",\"datePublished\":\"2021-01-28T10:21:46+00:00\",\"dateModified\":\"2021-01-28T10:37:16+00:00\",\"description\":\"\u00c0 nouvelle ann\u00e9e, nouveau calendrier. Le cyclisme ne fait pas exception. Voici le calendrier cycliste masculin 2021 avec notre s\u00e9lection.\",\"breadcrumb\":{\"@id\":\"https:\/\/dicodusport.fr\/blog\/cyclisme-masculin-calendrier-cycliste-2021\/#breadcrumb\"},\"inLanguage\":\"fr-FR\",\"potentialAction\":[{\"@type\":\"ReadAction\",\"target\":[\"https:\/\/dicodusport.fr\/blog\/cyclisme-masculin-calendrier-cycliste-2021\/\"]}]},{\"@type\":\"ImageObject\",\"inLanguage\":\"fr-FR\",\"@id\":\"https:\/\/dicodusport.fr\/blog\/cyclisme-masculin-calendrier-cycliste-2021\/#primaryimage\",\"url\":\"https:\/\/dicodusport.fr\/blog\/wp-content\/uploads\/2021\/01\/Cyclisme-masculin-Le-calendrier-cycliste-2021.png\",\"contentUrl\":\"https:\/\/dicodusport.fr\/blog\/wp-content\/uploads\/2021\/01\/Cyclisme-masculin-Le-calendrier-cycliste-2021.png\",\"width\":800,\"height\":445,\"caption\":\"Cyclisme : Le programme TV de France T\u00e9l\u00e9visions pour la saison 2021\"},{\"@type\":\"BreadcrumbList\",\"@id\":\"https:\/\/dicodusport.fr\/blog\/cyclisme-masculin-calendrier-cycliste-2021\/#breadcrumb\",\"itemListElement\":[{\"@type\":\"ListItem\",\"position\":1,\"name\":\"Accueil\",\"item\":\"https:\/\/dicodusport.fr\/blog\/\"},{\"@type\":\"ListItem\",\"position\":2,\"name\":\"Cyclisme masculin : le calendrier cycliste 2021\"}]},{\"@type\":\"WebSite\",\"@id\":\"https:\/\/dicodusport.fr\/blog\/#website\",\"url\":\"https:\/\/dicodusport.fr\/blog\/\",\"name\":\"Dicodusport\",\"description\":\"L&#039;encyclop\u00e9die de l&#039;actualit\u00e9 sportive\",\"publisher\":{\"@id\":\"https:\/\/dicodusport.fr\/blog\/#organization\"},\"potentialAction\":[{\"@type\":\"SearchAction\",\"target\":{\"@type\":\"EntryPoint\",\"urlTemplate\":\"https:\/\/dicodusport.fr\/blog\/?s={search_term_string}\"},\"query-input\":{\"@type\":\"PropertyValueSpecification\",\"valueRequired\":true,\"valueName\":\"search_term_string\"}}],\"inLanguage\":\"fr-FR\"},{\"@type\":\"NewsMediaOrganization\",\"@id\":\"https:\/\/dicodusport.fr\/blog\/#organization\",\"name\":\"Dicodusport\",\"url\":\"https:\/\/dicodusport.fr\/blog\/\",\"logo\":{\"@type\":\"ImageObject\",\"inLanguage\":\"fr-FR\",\"@id\":\"https:\/\/dicodusport.fr\/blog\/#\/schema\/logo\/image\/\",\"url\":\"https:\/\/dicodusport.fr\/blog\/wp-content\/uploads\/2020\/06\/cropped-LOGO-DICODUSPORT-2020-SANS-FOND-SANS-TEXTE.png\",\"contentUrl\":\"https:\/\/dicodusport.fr\/blog\/wp-content\/uploads\/2020\/06\/cropped-LOGO-DICODUSPORT-2020-SANS-FOND-SANS-TEXTE.png\",\"width\":512,\"height\":512,\"caption\":\"Dicodusport\"},\"image\":{\"@id\":\"https:\/\/dicodusport.fr\/blog\/#\/schema\/logo\/image\/\"},\"sameAs\":[\"https:\/\/www.facebook.com\/dicodusport\",\"https:\/\/x.com\/dicodusport\",\"https:\/\/www.instagram.com\/dicodusport\/\",\"https:\/\/www.youtube.com\/channel\/UC7V2KZ5sd3htJivAbA4ZG3w\"],\"description\":\"Dicodusport est l'encyclop\u00e9die de l'actualit\u00e9 sportive.\",\"email\":\"bonjour@dicodusport.fr\",\"legalName\":\"DICODUSPORT\",\"foundingDate\":\"2018-01-14\",\"vatID\":\"FR71834470973\",\"taxID\":\"83447097300043\",\"numberOfEmployees\":{\"@type\":\"QuantitativeValue\",\"minValue\":\"1\",\"maxValue\":\"10\"}},{\"@type\":\"Person\",\"@id\":\"https:\/\/dicodusport.fr\/blog\/#\/schema\/person\/20a73cde459581e727623fffec174040\",\"name\":\"Jordane Mougenot-Pelletier\",\"image\":{\"@type\":\"ImageObject\",\"inLanguage\":\"fr-FR\",\"@id\":\"https:\/\/dicodusport.fr\/blog\/#\/schema\/person\/image\/\",\"url\":\"https:\/\/dicodusport.fr\/blog\/wp-content\/uploads\/2021\/05\/Jordane-MP-150x150.jpg\",\"contentUrl\":\"https:\/\/dicodusport.fr\/blog\/wp-content\/uploads\/2021\/05\/Jordane-MP-150x150.jpg\",\"caption\":\"Jordane Mougenot-Pelletier\"},\"description\":\"Journaliste\/r\u00e9dacteur depuis mai 2018 - Dans mon sang coule \u00e0 la fois le feu des penne \u00e0 l'arrabiata et la glace du Grand Colombier. Amoureux des belles lettres et des Talking Heads, je supporte un club olympique. Int\u00e9ress\u00e9 par les relations qu'entretient le sport avec la soci\u00e9t\u00e9, je m'int\u00e9resse autant \u00e0 Marc C\u00e9cillon qu'\u00e0 Pep Guardiola, \u00e0 Tonya Harding qu'\u00e0 Philipp Roth. Enfant des 90's, on ne me fera pas croire qu'il y a eu plus beau \u00e0 voir depuis Zin\u00e9dine Zidane, Marco Pantani et Pete Sampras. La b\u00e9chamel est une invention du diable, la Super Ligue aussi.\",\"sameAs\":[\"https:\/\/x.com\/https:\/\/twitter.com\/jmp_pmj\"],\"url\":\"https:\/\/dicodusport.fr\/blog\/author\/jordane\/\"}]}<\/script>\n<!-- \/ Yoast SEO Premium plugin. -->","yoast_head_json":{"title":"Cyclisme masculin : le calendrier cycliste 2021","description":"\u00c0 nouvelle ann\u00e9e, nouveau calendrier. Le cyclisme ne fait pas exception. Voici le calendrier cycliste masculin 2021 avec notre s\u00e9lection.","robots":{"index":"index","follow":"follow","max-snippet":"max-snippet:-1","max-image-preview":"max-image-preview:large","max-video-preview":"max-video-preview:-1"},"canonical":"https:\/\/dicodusport.fr\/blog\/cyclisme-masculin-calendrier-cycliste-2021\/","og_locale":"fr_FR","og_type":"article","og_title":"Cyclisme masculin : le calendrier cycliste 2021","og_description":"\u00c0 nouvelle ann\u00e9e, nouveau calendrier. Le cyclisme ne fait pas exception. Voici le calendrier cycliste masculin 2021 avec notre s\u00e9lection.","og_url":"https:\/\/dicodusport.fr\/blog\/cyclisme-masculin-calendrier-cycliste-2021\/","og_site_name":"Dicodusport","article_publisher":"https:\/\/www.facebook.com\/dicodusport","article_published_time":"2021-01-28T10:21:46+00:00","article_modified_time":"2021-01-28T10:37:16+00:00","og_image":[{"width":800,"height":445,"url":"https:\/\/dicodusport.fr\/blog\/wp-content\/uploads\/2021\/01\/Cyclisme-masculin-Le-calendrier-cycliste-2021.png","type":"image\/png"}],"author":"Jordane Mougenot-Pelletier","twitter_card":"summary_large_image","twitter_title":"Cyclisme masculin : le calendrier cycliste 2021","twitter_creator":"@https:\/\/twitter.com\/jmp_pmj","twitter_site":"@dicodusport","schema":{"@context":"https:\/\/schema.org","@graph":[{"@type":"NewsArticle","@id":"https:\/\/dicodusport.fr\/blog\/cyclisme-masculin-calendrier-cycliste-2021\/#article","isPartOf":{"@id":"https:\/\/dicodusport.fr\/blog\/cyclisme-masculin-calendrier-cycliste-2021\/"},"author":{"name":"Jordane Mougenot-Pelletier","@id":"https:\/\/dicodusport.fr\/blog\/#\/schema\/person\/20a73cde459581e727623fffec174040"},"headline":"Cyclisme masculin : le calendrier cycliste 2021","datePublished":"2021-01-28T10:21:46+00:00","dateModified":"2021-01-28T10:37:16+00:00","mainEntityOfPage":{"@id":"https:\/\/dicodusport.fr\/blog\/cyclisme-masculin-calendrier-cycliste-2021\/"},"wordCount":1584,"commentCount":0,"publisher":{"@id":"https:\/\/dicodusport.fr\/blog\/#organization"},"image":{"@id":"https:\/\/dicodusport.fr\/blog\/cyclisme-masculin-calendrier-cycliste-2021\/#primaryimage"},"thumbnailUrl":"https:\/\/dicodusport.fr\/blog\/wp-content\/uploads\/2021\/01\/Cyclisme-masculin-Le-calendrier-cycliste-2021.png","keywords":["Cyclisme"],"articleSection":["Cyclisme"],"inLanguage":"fr-FR","potentialAction":[{"@type":"CommentAction","name":"Comment","target":["https:\/\/dicodusport.fr\/blog\/cyclisme-masculin-calendrier-cycliste-2021\/#respond"]}],"copyrightYear":"2021","copyrightHolder":{"@id":"https:\/\/dicodusport.fr\/blog\/#organization"}},{"@type":"WebPage","@id":"https:\/\/dicodusport.fr\/blog\/cyclisme-masculin-calendrier-cycliste-2021\/","url":"https:\/\/dicodusport.fr\/blog\/cyclisme-masculin-calendrier-cycliste-2021\/","name":"Cyclisme masculin : le calendrier cycliste 2021","isPartOf":{"@id":"https:\/\/dicodusport.fr\/blog\/#website"},"primaryImageOfPage":{"@id":"https:\/\/dicodusport.fr\/blog\/cyclisme-masculin-calendrier-cycliste-2021\/#primaryimage"},"image":{"@id":"https:\/\/dicodusport.fr\/blog\/cyclisme-masculin-calendrier-cycliste-2021\/#primaryimage"},"thumbnailUrl":"https:\/\/dicodusport.fr\/blog\/wp-content\/uploads\/2021\/01\/Cyclisme-masculin-Le-calendrier-cycliste-2021.png","datePublished":"2021-01-28T10:21:46+00:00","dateModified":"2021-01-28T10:37:16+00:00","description":"\u00c0 nouvelle ann\u00e9e, nouveau calendrier. Le cyclisme ne fait pas exception. Voici le calendrier cycliste masculin 2021 avec notre s\u00e9lection.","breadcrumb":{"@id":"https:\/\/dicodusport.fr\/blog\/cyclisme-masculin-calendrier-cycliste-2021\/#breadcrumb"},"inLanguage":"fr-FR","potentialAction":[{"@type":"ReadAction","target":["https:\/\/dicodusport.fr\/blog\/cyclisme-masculin-calendrier-cycliste-2021\/"]}]},{"@type":"ImageObject","inLanguage":"fr-FR","@id":"https:\/\/dicodusport.fr\/blog\/cyclisme-masculin-calendrier-cycliste-2021\/#primaryimage","url":"https:\/\/dicodusport.fr\/blog\/wp-content\/uploads\/2021\/01\/Cyclisme-masculin-Le-calendrier-cycliste-2021.png","contentUrl":"https:\/\/dicodusport.fr\/blog\/wp-content\/uploads\/2021\/01\/Cyclisme-masculin-Le-calendrier-cycliste-2021.png","width":800,"height":445,"caption":"Cyclisme : Le programme TV de France T\u00e9l\u00e9visions pour la saison 2021"},{"@type":"BreadcrumbList","@id":"https:\/\/dicodusport.fr\/blog\/cyclisme-masculin-calendrier-cycliste-2021\/#breadcrumb","itemListElement":[{"@type":"ListItem","position":1,"name":"Accueil","item":"https:\/\/dicodusport.fr\/blog\/"},{"@type":"ListItem","position":2,"name":"Cyclisme masculin : le calendrier cycliste 2021"}]},{"@type":"WebSite","@id":"https:\/\/dicodusport.fr\/blog\/#website","url":"https:\/\/dicodusport.fr\/blog\/","name":"Dicodusport","description":"L&#039;encyclop\u00e9die de l&#039;actualit\u00e9 sportive","publisher":{"@id":"https:\/\/dicodusport.fr\/blog\/#organization"},"potentialAction":[{"@type":"SearchAction","target":{"@type":"EntryPoint","urlTemplate":"https:\/\/dicodusport.fr\/blog\/?s={search_term_string}"},"query-input":{"@type":"PropertyValueSpecification","valueRequired":true,"valueName":"search_term_string"}}],"inLanguage":"fr-FR"},{"@type":"NewsMediaOrganization","@id":"https:\/\/dicodusport.fr\/blog\/#organization","name":"Dicodusport","url":"https:\/\/dicodusport.fr\/blog\/","logo":{"@type":"ImageObject","inLanguage":"fr-FR","@id":"https:\/\/dicodusport.fr\/blog\/#\/schema\/logo\/image\/","url":"https:\/\/dicodusport.fr\/blog\/wp-content\/uploads\/2020\/06\/cropped-LOGO-DICODUSPORT-2020-SANS-FOND-SANS-TEXTE.png","contentUrl":"https:\/\/dicodusport.fr\/blog\/wp-content\/uploads\/2020\/06\/cropped-LOGO-DICODUSPORT-2020-SANS-FOND-SANS-TEXTE.png","width":512,"height":512,"caption":"Dicodusport"},"image":{"@id":"https:\/\/dicodusport.fr\/blog\/#\/schema\/logo\/image\/"},"sameAs":["https:\/\/www.facebook.com\/dicodusport","https:\/\/x.com\/dicodusport","https:\/\/www.instagram.com\/dicodusport\/","https:\/\/www.youtube.com\/channel\/UC7V2KZ5sd3htJivAbA4ZG3w"],"description":"Dicodusport est l'encyclop\u00e9die de l'actualit\u00e9 sportive.","email":"bonjour@dicodusport.fr","legalName":"DICODUSPORT","foundingDate":"2018-01-14","vatID":"FR71834470973","taxID":"83447097300043","numberOfEmployees":{"@type":"QuantitativeValue","minValue":"1","maxValue":"10"}},{"@type":"Person","@id":"https:\/\/dicodusport.fr\/blog\/#\/schema\/person\/20a73cde459581e727623fffec174040","name":"Jordane Mougenot-Pelletier","image":{"@type":"ImageObject","inLanguage":"fr-FR","@id":"https:\/\/dicodusport.fr\/blog\/#\/schema\/person\/image\/","url":"https:\/\/dicodusport.fr\/blog\/wp-content\/uploads\/2021\/05\/Jordane-MP-150x150.jpg","contentUrl":"https:\/\/dicodusport.fr\/blog\/wp-content\/uploads\/2021\/05\/Jordane-MP-150x150.jpg","caption":"Jordane Mougenot-Pelletier"},"description":"Journaliste\/r\u00e9dacteur depuis mai 2018 - Dans mon sang coule \u00e0 la fois le feu des penne \u00e0 l'arrabiata et la glace du Grand Colombier. Amoureux des belles lettres et des Talking Heads, je supporte un club olympique. Int\u00e9ress\u00e9 par les relations qu'entretient le sport avec la soci\u00e9t\u00e9, je m'int\u00e9resse autant \u00e0 Marc C\u00e9cillon qu'\u00e0 Pep Guardiola, \u00e0 Tonya Harding qu'\u00e0 Philipp Roth. Enfant des 90's, on ne me fera pas croire qu'il y a eu plus beau \u00e0 voir depuis Zin\u00e9dine Zidane, Marco Pantani et Pete Sampras. La b\u00e9chamel est une invention du diable, la Super Ligue aussi.","sameAs":["https:\/\/x.com\/https:\/\/twitter.com\/jmp_pmj"],"url":"https:\/\/dicodusport.fr\/blog\/author\/jordane\/"}]}},"_links":{"self":[{"href":"https:\/\/dicodusport.fr\/blog\/wp-json\/wp\/v2\/posts\/96721","targetHints":{"allow":["GET"]}}],"collection":[{"href":"https:\/\/dicodusport.fr\/blog\/wp-json\/wp\/v2\/posts"}],"about":[{"href":"https:\/\/dicodusport.fr\/blog\/wp-json\/wp\/v2\/types\/post"}],"author":[{"embeddable":true,"href":"https:\/\/dicodusport.fr\/blog\/wp-json\/wp\/v2\/users\/40"}],"replies":[{"embeddable":true,"href":"https:\/\/dicodusport.fr\/blog\/wp-json\/wp\/v2\/comments?post=96721"}],"version-history":[{"count":0,"href":"https:\/\/dicodusport.fr\/blog\/wp-json\/wp\/v2\/posts\/96721\/revisions"}],"wp:featuredmedia":[{"embeddable":true,"href":"https:\/\/dicodusport.fr\/blog\/wp-json\/wp\/v2\/media\/97331"}],"wp:attachment":[{"href":"https:\/\/dicodusport.fr\/blog\/wp-json\/wp\/v2\/media?parent=96721"}],"wp:term":[{"taxonomy":"category","embeddable":true,"href":"https:\/\/dicodusport.fr\/blog\/wp-json\/wp\/v2\/categories?post=96721"},{"taxonomy":"post_tag","embeddable":true,"href":"https:\/\/dicodusport.fr\/blog\/wp-json\/wp\/v2\/tags?post=96721"}],"curies":[{"name":"wp","href":"https:\/\/api.w.org\/{rel}","templated":true}]}}