{"id":96841,"date":"2021-04-28T18:29:02","date_gmt":"2021-04-28T16:29:02","guid":{"rendered":"https:\/\/dicodusport.fr\/blog\/?p=96841&#038;preview=true&#038;preview_id=96841"},"modified":"2021-08-20T10:56:08","modified_gmt":"2021-08-20T08:56:08","slug":"top-14-2021-2022-transferts-point-mercato-castres-olympiques","status":"publish","type":"post","link":"https:\/\/dicodusport.fr\/blog\/top-14-2021-2022-transferts-point-mercato-castres-olympiques\/","title":{"rendered":"Top 14 2021\/2022 &#8211; Transferts : le point sur le mercato du Castres Olympique"},"content":{"rendered":"<p style=\"text-align: justify;\"><strong><em>TRANSFERTS TOP 14 2021\/2022 &#8211; D\u00e9couvrez les mouvements du mercato dans les rangs du <a href=\"https:\/\/dicodusport.fr\/blog\/tag\/castres-olympique\/\" target=\"_blank\" rel=\"noopener noreferrer\">Castres Olympique<\/a> en vue de la saison prochaine.<\/em><\/strong><\/p>\n<h2 style=\"text-align: justify;\"><span style=\"color: #008000;\"><strong>\u25b2 <\/strong><\/span>Les arriv\u00e9es<\/h2>\n<p style=\"text-align: justify;\">Huit arriv\u00e9es sont d\u00e9j\u00e0 act\u00e9es pour la saison prochaine. Devant, le G\u00e9orgien <strong>Levan Chilachava<\/strong> (pilier, 29 ans) va d\u00e9barquer de Montpellier. Toujours en premi\u00e8re ligne, <strong>Quentin Walcker<\/strong> (25 ans) arrivera de Perpignan durant l&rsquo;\u00e9t\u00e9. En deuxi\u00e8me ligne, <strong>Th\u00e9o Hannoyer<\/strong> (25 ans) quittera Valence Romans pour le Tarn. C\u00f4t\u00e9 troisi\u00e8me ligne, l&rsquo;Australien <strong>Rob Leota<\/strong> (24 ans) va d\u00e9barquer depuis la province des Rebels.<\/p>\n<p style=\"text-align: justify;\">\u00c0 l&rsquo;ouverture, le N\u00e9o-Z\u00e9landais <strong>Ben Botica<\/strong> (31 ans) arrivera l&rsquo;\u00e9t\u00e9 prochain de l&rsquo;UBB. Chez les trois-quarts, le Rochelais <strong>Pierre Aguillon<\/strong> (34 ans, centre) sera un joueur du CO la saison prochaine. \u00c0 l&rsquo;aile, <strong>Josaia Raisuqe<\/strong> (26 ans, Fidji) va d\u00e9barquer de Nevers, tout comme l&rsquo;arri\u00e8re de Colomiers <strong>Thomas Larregain<\/strong> (24 ans).<\/p>\n<h2 style=\"text-align: justify;\"><span style=\"color: #ff0000;\"><b>\u25bc <\/b><\/span>Les d\u00e9parts<\/h2>\n<p style=\"text-align: justify;\">Quatre d\u00e9parts dans les rangs tarnais pour le moment. <strong>Anthony Jelonch<\/strong> (3\u00e8me ligne, 24 ans) va rejoindre le Stade Toulousain. Le centre <strong>Yann David<\/strong> (33 ans) va quant \u00e0 lui poser ses valises \u00e0 Bayonne. Toujours au centre du terrain, <strong>Florian Vialelle<\/strong> (27 ans) va filer \u00e0 Oyonnax. Enfin, <strong>Armand Batlle<\/strong>, 34 ans, prendra sa retraite \u00e0 l&rsquo;issue de cette saison.<\/p>\n<h2 style=\"text-align: justify;\">&#x1f4dd; Les prolongations<\/h2>\n<p style=\"text-align: justify;\">Douze joueurs ont prolong\u00e9 dans le Tarn. Trois piliers ont ainsi \u00e9tendu leur bail : <strong>Antoine Tichit<\/strong> (32 ans) sera un Castrais jusqu&rsquo;en 2023. Le pilier canadien <strong>Matt Tierney<\/strong> (25 ans) jouera quant \u00e0 lui dans le Tarn jusqu&rsquo;en 2024, tandis que l&rsquo;espoir <strong>Wayan De Benedittis<\/strong> (22 ans) a sign\u00e9 jusqu&rsquo;en 2025. Au talon, <strong>Paula Ngauamo<\/strong> (31 ans) jouera pour le CO jusqu&rsquo;en 2023. Le deuxi\u00e8me ligne <strong>Lo\u00efc Jacquet<\/strong> (36 ans) a prolong\u00e9 d&rsquo;une saison, soit jusqu&rsquo;en 2022.<\/p>\n<p style=\"text-align: justify;\">\u00c0 la charni\u00e8re, l&rsquo;\u00e9ternel <strong>Rory Kockott<\/strong> (35 ans) sera Tarnais une saison de plus, lui aussi jusqu&rsquo;\u00e0 l&rsquo;issue de la saison 2022. M\u00eame chose pour <strong>Benjamin Urdapilleta<\/strong> (35 ans), qui un temps sur le d\u00e9part pour l&rsquo;USAP, a finalement prolong\u00e9 d&rsquo;une saison.<\/p>\n<p style=\"text-align: justify;\">Derri\u00e8re, ils sont cinq \u00e0 avoir prolong\u00e9. Le centre <strong>Thomas Combezou<\/strong> (34 ans) a prolong\u00e9 jusqu&rsquo;en 2023. Les deux ailiers <strong>Filipo Nakosi<\/strong> (29 ans) et <strong>Martin Laveau<\/strong> (24 ans) seront Castrais jusqu&rsquo;en 2024. Les arri\u00e8res <strong>Julien Dumora<\/strong> (33 ans) et <strong>Geoffrey Palis<\/strong> (30 ans) joueront au CO jusqu&rsquo;en 2024.<\/p>\n<ul>\n<li style=\"text-align: justify;\"><a href=\"https:\/\/www.allrugby.com\/dossiers\/transferts-castres-olympique.html\" target=\"_blank\" rel=\"noopener noreferrer\"><strong>Tout ce qu&rsquo;il faut savoir sur l&rsquo;effectif du Castres Olympique pour la saison 2021\/2022<\/strong><\/a><\/li>\n<\/ul>\n<p><strong><em>Dicodusport<br \/>\n<a href=\"https:\/\/www.facebook.com\/dicodusport\/\" target=\"_blank\" rel=\"noopener noreferrer\"><img loading=\"lazy\" decoding=\"async\" class=\"alignnone wp-image-2909\" src=\"http:\/\/dicodusport.fr\/blog\/wp-content\/uploads\/2017\/07\/logo-facebook-150x150.png\" sizes=\"auto, (max-width: 40px) 100vw, 40px\" srcset=\"https:\/\/dicodusport.fr\/blog\/wp-content\/uploads\/2017\/07\/logo-facebook-150x150.png 150w, https:\/\/dicodusport.fr\/blog\/wp-content\/uploads\/2017\/07\/logo-facebook-300x300.png 300w, https:\/\/dicodusport.fr\/blog\/wp-content\/uploads\/2017\/07\/logo-facebook.png 400w\" alt=\"\" width=\"40\" height=\"40\" \/><\/a><a href=\"https:\/\/twitter.com\/dicodusport\" target=\"_blank\" rel=\"noopener noreferrer\"><img loading=\"lazy\" decoding=\"async\" class=\"alignnone wp-image-2908\" src=\"http:\/\/dicodusport.fr\/blog\/wp-content\/uploads\/2017\/07\/logo-twitter-150x150.png\" alt=\"\" width=\"39\" height=\"39\" \/><\/a><\/em><\/strong><\/p>\n","protected":false},"excerpt":{"rendered":"<p>TRANSFERTS TOP 14 2021\/2022 &#8211; D\u00e9couvrez les mouvements du mercato dans les rangs du Castres Olympique en vue de la saison prochaine.<\/p>\n","protected":false},"author":4,"featured_media":96846,"comment_status":"open","ping_status":"closed","sticky":false,"template":"","format":"standard","meta":{"_acf_changed":false,"_daextam_enable_autolinks":"","footnotes":""},"categories":[9129,47050],"tags":[4885,4917,111,7945],"class_list":["post-96841","post","type-post","status-publish","format-standard","has-post-thumbnail","hentry","category-rugby-a-xv","category-top-14","tag-castres-olympique","tag-co","tag-top-14","tag-transferts-top-14"],"acf":[],"yoast_head":"<!-- This site is optimized with the Yoast SEO Premium plugin v26.7 (Yoast SEO v26.7) - https:\/\/yoast.com\/wordpress\/plugins\/seo\/ -->\n<title>Top 14 2021\/2022 - Transferts : le point sur le mercato du Castres Olympique<\/title>\n<meta name=\"description\" content=\"TRANSFERTS TOP 14 2021\/2022 - D\u00e9couvrez les mouvements du mercato dans les rangs du Castres Olympique en vue de la saison prochaine.\" \/>\n<meta name=\"robots\" content=\"index, follow, max-snippet:-1, max-image-preview:large, max-video-preview:-1\" \/>\n<link rel=\"canonical\" href=\"https:\/\/dicodusport.fr\/blog\/top-14-2021-2022-transferts-point-mercato-castres-olympiques\/\" \/>\n<meta property=\"og:locale\" content=\"fr_FR\" \/>\n<meta property=\"og:type\" content=\"article\" \/>\n<meta property=\"og:title\" content=\"Top 14 2021\/2022 - Transferts : le point sur le mercato du Castres Olympique\" \/>\n<meta property=\"og:description\" content=\"TRANSFERTS TOP 14 2021\/2022 - D\u00e9couvrez les mouvements du mercato dans les rangs du Castres Olympique en vue de la saison prochaine.\" \/>\n<meta property=\"og:url\" content=\"https:\/\/dicodusport.fr\/blog\/top-14-2021-2022-transferts-point-mercato-castres-olympiques\/\" \/>\n<meta property=\"og:site_name\" content=\"Dicodusport\" \/>\n<meta property=\"article:publisher\" content=\"https:\/\/www.facebook.com\/dicodusport\" \/>\n<meta property=\"article:author\" content=\"https:\/\/www.facebook.com\/florent.ostermann\" \/>\n<meta property=\"article:published_time\" content=\"2021-04-28T16:29:02+00:00\" \/>\n<meta property=\"article:modified_time\" content=\"2021-08-20T08:56:08+00:00\" \/>\n<meta property=\"og:image\" content=\"https:\/\/dicodusport.fr\/blog\/wp-content\/uploads\/2021\/01\/Top-14-2021_2022-Transferts-Le-point-sur-le-mercato-du-Castres-Olympique.png\" \/>\n\t<meta property=\"og:image:width\" content=\"800\" \/>\n\t<meta property=\"og:image:height\" content=\"445\" \/>\n\t<meta property=\"og:image:type\" content=\"image\/png\" \/>\n<meta name=\"author\" content=\"Flo Ostermann\" \/>\n<meta name=\"twitter:card\" content=\"summary_large_image\" \/>\n<meta name=\"twitter:title\" content=\"Top 14 2021\/2022 - Transferts : le point sur le mercato du Castres Olympique\" \/>\n<meta name=\"twitter:creator\" content=\"@https:\/\/twitter.com\/FlOstermann\" \/>\n<meta name=\"twitter:site\" content=\"@dicodusport\" \/>\n<script type=\"application\/ld+json\" class=\"yoast-schema-graph\">{\"@context\":\"https:\/\/schema.org\",\"@graph\":[{\"@type\":\"NewsArticle\",\"@id\":\"https:\/\/dicodusport.fr\/blog\/top-14-2021-2022-transferts-point-mercato-castres-olympiques\/#article\",\"isPartOf\":{\"@id\":\"https:\/\/dicodusport.fr\/blog\/top-14-2021-2022-transferts-point-mercato-castres-olympiques\/\"},\"author\":{\"name\":\"Flo Ostermann\",\"@id\":\"https:\/\/dicodusport.fr\/blog\/#\/schema\/person\/cb02af4c173ce4a653b55e9baf388d4a\"},\"headline\":\"Top 14 2021\/2022 &#8211; Transferts : le point sur le mercato du Castres Olympique\",\"datePublished\":\"2021-04-28T16:29:02+00:00\",\"dateModified\":\"2021-08-20T08:56:08+00:00\",\"mainEntityOfPage\":{\"@id\":\"https:\/\/dicodusport.fr\/blog\/top-14-2021-2022-transferts-point-mercato-castres-olympiques\/\"},\"wordCount\":404,\"commentCount\":0,\"publisher\":{\"@id\":\"https:\/\/dicodusport.fr\/blog\/#organization\"},\"image\":{\"@id\":\"https:\/\/dicodusport.fr\/blog\/top-14-2021-2022-transferts-point-mercato-castres-olympiques\/#primaryimage\"},\"thumbnailUrl\":\"https:\/\/dicodusport.fr\/blog\/wp-content\/uploads\/2021\/01\/Top-14-2021_2022-Transferts-Le-point-sur-le-mercato-du-Castres-Olympique.png\",\"keywords\":[\"Castres Olympique\",\"CO\",\"Top 14\",\"Transferts Top 14\"],\"articleSection\":[\"Rugby \u00e0 XV\",\"Top 14\"],\"inLanguage\":\"fr-FR\",\"potentialAction\":[{\"@type\":\"CommentAction\",\"name\":\"Comment\",\"target\":[\"https:\/\/dicodusport.fr\/blog\/top-14-2021-2022-transferts-point-mercato-castres-olympiques\/#respond\"]}],\"copyrightYear\":\"2021\",\"copyrightHolder\":{\"@id\":\"https:\/\/dicodusport.fr\/blog\/#organization\"}},{\"@type\":\"WebPage\",\"@id\":\"https:\/\/dicodusport.fr\/blog\/top-14-2021-2022-transferts-point-mercato-castres-olympiques\/\",\"url\":\"https:\/\/dicodusport.fr\/blog\/top-14-2021-2022-transferts-point-mercato-castres-olympiques\/\",\"name\":\"Top 14 2021\/2022 - Transferts : le point sur le mercato du Castres Olympique\",\"isPartOf\":{\"@id\":\"https:\/\/dicodusport.fr\/blog\/#website\"},\"primaryImageOfPage\":{\"@id\":\"https:\/\/dicodusport.fr\/blog\/top-14-2021-2022-transferts-point-mercato-castres-olympiques\/#primaryimage\"},\"image\":{\"@id\":\"https:\/\/dicodusport.fr\/blog\/top-14-2021-2022-transferts-point-mercato-castres-olympiques\/#primaryimage\"},\"thumbnailUrl\":\"https:\/\/dicodusport.fr\/blog\/wp-content\/uploads\/2021\/01\/Top-14-2021_2022-Transferts-Le-point-sur-le-mercato-du-Castres-Olympique.png\",\"datePublished\":\"2021-04-28T16:29:02+00:00\",\"dateModified\":\"2021-08-20T08:56:08+00:00\",\"description\":\"TRANSFERTS TOP 14 2021\/2022 - D\u00e9couvrez les mouvements du mercato dans les rangs du Castres Olympique en vue de la saison prochaine.\",\"breadcrumb\":{\"@id\":\"https:\/\/dicodusport.fr\/blog\/top-14-2021-2022-transferts-point-mercato-castres-olympiques\/#breadcrumb\"},\"inLanguage\":\"fr-FR\",\"potentialAction\":[{\"@type\":\"ReadAction\",\"target\":[\"https:\/\/dicodusport.fr\/blog\/top-14-2021-2022-transferts-point-mercato-castres-olympiques\/\"]}]},{\"@type\":\"ImageObject\",\"inLanguage\":\"fr-FR\",\"@id\":\"https:\/\/dicodusport.fr\/blog\/top-14-2021-2022-transferts-point-mercato-castres-olympiques\/#primaryimage\",\"url\":\"https:\/\/dicodusport.fr\/blog\/wp-content\/uploads\/2021\/01\/Top-14-2021_2022-Transferts-Le-point-sur-le-mercato-du-Castres-Olympique.png\",\"contentUrl\":\"https:\/\/dicodusport.fr\/blog\/wp-content\/uploads\/2021\/01\/Top-14-2021_2022-Transferts-Le-point-sur-le-mercato-du-Castres-Olympique.png\",\"width\":800,\"height\":445,\"caption\":\"Top 14 2021\/2022 - Transferts : le point sur le mercato du Castres Olympique\"},{\"@type\":\"BreadcrumbList\",\"@id\":\"https:\/\/dicodusport.fr\/blog\/top-14-2021-2022-transferts-point-mercato-castres-olympiques\/#breadcrumb\",\"itemListElement\":[{\"@type\":\"ListItem\",\"position\":1,\"name\":\"Accueil\",\"item\":\"https:\/\/dicodusport.fr\/blog\/\"},{\"@type\":\"ListItem\",\"position\":2,\"name\":\"Top 14 2021\/2022 &#8211; Transferts : le point sur le mercato du Castres Olympique\"}]},{\"@type\":\"WebSite\",\"@id\":\"https:\/\/dicodusport.fr\/blog\/#website\",\"url\":\"https:\/\/dicodusport.fr\/blog\/\",\"name\":\"Dicodusport\",\"description\":\"L&#039;encyclop\u00e9die de l&#039;actualit\u00e9 sportive\",\"publisher\":{\"@id\":\"https:\/\/dicodusport.fr\/blog\/#organization\"},\"potentialAction\":[{\"@type\":\"SearchAction\",\"target\":{\"@type\":\"EntryPoint\",\"urlTemplate\":\"https:\/\/dicodusport.fr\/blog\/?s={search_term_string}\"},\"query-input\":{\"@type\":\"PropertyValueSpecification\",\"valueRequired\":true,\"valueName\":\"search_term_string\"}}],\"inLanguage\":\"fr-FR\"},{\"@type\":\"NewsMediaOrganization\",\"@id\":\"https:\/\/dicodusport.fr\/blog\/#organization\",\"name\":\"Dicodusport\",\"url\":\"https:\/\/dicodusport.fr\/blog\/\",\"logo\":{\"@type\":\"ImageObject\",\"inLanguage\":\"fr-FR\",\"@id\":\"https:\/\/dicodusport.fr\/blog\/#\/schema\/logo\/image\/\",\"url\":\"https:\/\/dicodusport.fr\/blog\/wp-content\/uploads\/2020\/06\/cropped-LOGO-DICODUSPORT-2020-SANS-FOND-SANS-TEXTE.png\",\"contentUrl\":\"https:\/\/dicodusport.fr\/blog\/wp-content\/uploads\/2020\/06\/cropped-LOGO-DICODUSPORT-2020-SANS-FOND-SANS-TEXTE.png\",\"width\":512,\"height\":512,\"caption\":\"Dicodusport\"},\"image\":{\"@id\":\"https:\/\/dicodusport.fr\/blog\/#\/schema\/logo\/image\/\"},\"sameAs\":[\"https:\/\/www.facebook.com\/dicodusport\",\"https:\/\/x.com\/dicodusport\",\"https:\/\/www.instagram.com\/dicodusport\/\",\"https:\/\/www.youtube.com\/channel\/UC7V2KZ5sd3htJivAbA4ZG3w\"],\"description\":\"Dicodusport est l'encyclop\u00e9die de l'actualit\u00e9 sportive.\",\"email\":\"bonjour@dicodusport.fr\",\"legalName\":\"DICODUSPORT\",\"foundingDate\":\"2018-01-14\",\"vatID\":\"FR71834470973\",\"taxID\":\"83447097300043\",\"numberOfEmployees\":{\"@type\":\"QuantitativeValue\",\"minValue\":\"1\",\"maxValue\":\"10\"}},{\"@type\":\"Person\",\"@id\":\"https:\/\/dicodusport.fr\/blog\/#\/schema\/person\/cb02af4c173ce4a653b55e9baf388d4a\",\"name\":\"Flo Ostermann\",\"image\":{\"@type\":\"ImageObject\",\"inLanguage\":\"fr-FR\",\"@id\":\"https:\/\/dicodusport.fr\/blog\/#\/schema\/person\/image\/\",\"url\":\"https:\/\/dicodusport.fr\/blog\/wp-content\/uploads\/2021\/05\/Flo-Ostermann-150x150.jpg\",\"contentUrl\":\"https:\/\/dicodusport.fr\/blog\/wp-content\/uploads\/2021\/05\/Flo-Ostermann-150x150.jpg\",\"caption\":\"Flo Ostermann\"},\"description\":\"Journaliste\/R\u00e9dacteur depuis septembre 2015 - Mes premiers souvenirs dans le sport ? Les envol\u00e9es du Stade Toulousain et les duels Villeneuve-Schumacher et H\u00e4kkinen-Schumacher \u00e0 la fin des ann\u00e9es 90, la Coupe du monde de football en 1998, l\u2019exploit du XV de France face aux All Blacks en 1999, mais aussi Richard C\u0153ur de Lion qui vole sur les montagnes du Tour de France. Bien parti pour devenir professeur d\u2019EPS, les \u00e9v\u00e9nements de la vie (et la flemme d\u2019animer des s\u00e9ances de 3x500 m\u00e8tres toute ma vie) m\u2019ont conduit \u00e0 revoir mes plans. Me voil\u00e0 depuis fin 2017 sur Dicodusport, m\u00e9dia gr\u00e2ce (et pour) lequel je partage ma passion : le sport dans tous ses \u00e9tats. Le tout accompagn\u00e9 par les fous furieux et folles furieuses cit\u00e9s sur cette page !\",\"sameAs\":[\"https:\/\/www.facebook.com\/florent.ostermann\",\"https:\/\/x.com\/https:\/\/twitter.com\/FlOstermann\",\"admin\"],\"url\":\"https:\/\/dicodusport.fr\/blog\/author\/flo\/\"}]}<\/script>\n<!-- \/ Yoast SEO Premium plugin. -->","yoast_head_json":{"title":"Top 14 2021\/2022 - Transferts : le point sur le mercato du Castres Olympique","description":"TRANSFERTS TOP 14 2021\/2022 - D\u00e9couvrez les mouvements du mercato dans les rangs du Castres Olympique en vue de la saison prochaine.","robots":{"index":"index","follow":"follow","max-snippet":"max-snippet:-1","max-image-preview":"max-image-preview:large","max-video-preview":"max-video-preview:-1"},"canonical":"https:\/\/dicodusport.fr\/blog\/top-14-2021-2022-transferts-point-mercato-castres-olympiques\/","og_locale":"fr_FR","og_type":"article","og_title":"Top 14 2021\/2022 - Transferts : le point sur le mercato du Castres Olympique","og_description":"TRANSFERTS TOP 14 2021\/2022 - D\u00e9couvrez les mouvements du mercato dans les rangs du Castres Olympique en vue de la saison prochaine.","og_url":"https:\/\/dicodusport.fr\/blog\/top-14-2021-2022-transferts-point-mercato-castres-olympiques\/","og_site_name":"Dicodusport","article_publisher":"https:\/\/www.facebook.com\/dicodusport","article_author":"https:\/\/www.facebook.com\/florent.ostermann","article_published_time":"2021-04-28T16:29:02+00:00","article_modified_time":"2021-08-20T08:56:08+00:00","og_image":[{"width":800,"height":445,"url":"https:\/\/dicodusport.fr\/blog\/wp-content\/uploads\/2021\/01\/Top-14-2021_2022-Transferts-Le-point-sur-le-mercato-du-Castres-Olympique.png","type":"image\/png"}],"author":"Flo Ostermann","twitter_card":"summary_large_image","twitter_title":"Top 14 2021\/2022 - Transferts : le point sur le mercato du Castres Olympique","twitter_creator":"@https:\/\/twitter.com\/FlOstermann","twitter_site":"@dicodusport","schema":{"@context":"https:\/\/schema.org","@graph":[{"@type":"NewsArticle","@id":"https:\/\/dicodusport.fr\/blog\/top-14-2021-2022-transferts-point-mercato-castres-olympiques\/#article","isPartOf":{"@id":"https:\/\/dicodusport.fr\/blog\/top-14-2021-2022-transferts-point-mercato-castres-olympiques\/"},"author":{"name":"Flo Ostermann","@id":"https:\/\/dicodusport.fr\/blog\/#\/schema\/person\/cb02af4c173ce4a653b55e9baf388d4a"},"headline":"Top 14 2021\/2022 &#8211; Transferts : le point sur le mercato du Castres Olympique","datePublished":"2021-04-28T16:29:02+00:00","dateModified":"2021-08-20T08:56:08+00:00","mainEntityOfPage":{"@id":"https:\/\/dicodusport.fr\/blog\/top-14-2021-2022-transferts-point-mercato-castres-olympiques\/"},"wordCount":404,"commentCount":0,"publisher":{"@id":"https:\/\/dicodusport.fr\/blog\/#organization"},"image":{"@id":"https:\/\/dicodusport.fr\/blog\/top-14-2021-2022-transferts-point-mercato-castres-olympiques\/#primaryimage"},"thumbnailUrl":"https:\/\/dicodusport.fr\/blog\/wp-content\/uploads\/2021\/01\/Top-14-2021_2022-Transferts-Le-point-sur-le-mercato-du-Castres-Olympique.png","keywords":["Castres Olympique","CO","Top 14","Transferts Top 14"],"articleSection":["Rugby \u00e0 XV","Top 14"],"inLanguage":"fr-FR","potentialAction":[{"@type":"CommentAction","name":"Comment","target":["https:\/\/dicodusport.fr\/blog\/top-14-2021-2022-transferts-point-mercato-castres-olympiques\/#respond"]}],"copyrightYear":"2021","copyrightHolder":{"@id":"https:\/\/dicodusport.fr\/blog\/#organization"}},{"@type":"WebPage","@id":"https:\/\/dicodusport.fr\/blog\/top-14-2021-2022-transferts-point-mercato-castres-olympiques\/","url":"https:\/\/dicodusport.fr\/blog\/top-14-2021-2022-transferts-point-mercato-castres-olympiques\/","name":"Top 14 2021\/2022 - Transferts : le point sur le mercato du Castres Olympique","isPartOf":{"@id":"https:\/\/dicodusport.fr\/blog\/#website"},"primaryImageOfPage":{"@id":"https:\/\/dicodusport.fr\/blog\/top-14-2021-2022-transferts-point-mercato-castres-olympiques\/#primaryimage"},"image":{"@id":"https:\/\/dicodusport.fr\/blog\/top-14-2021-2022-transferts-point-mercato-castres-olympiques\/#primaryimage"},"thumbnailUrl":"https:\/\/dicodusport.fr\/blog\/wp-content\/uploads\/2021\/01\/Top-14-2021_2022-Transferts-Le-point-sur-le-mercato-du-Castres-Olympique.png","datePublished":"2021-04-28T16:29:02+00:00","dateModified":"2021-08-20T08:56:08+00:00","description":"TRANSFERTS TOP 14 2021\/2022 - D\u00e9couvrez les mouvements du mercato dans les rangs du Castres Olympique en vue de la saison prochaine.","breadcrumb":{"@id":"https:\/\/dicodusport.fr\/blog\/top-14-2021-2022-transferts-point-mercato-castres-olympiques\/#breadcrumb"},"inLanguage":"fr-FR","potentialAction":[{"@type":"ReadAction","target":["https:\/\/dicodusport.fr\/blog\/top-14-2021-2022-transferts-point-mercato-castres-olympiques\/"]}]},{"@type":"ImageObject","inLanguage":"fr-FR","@id":"https:\/\/dicodusport.fr\/blog\/top-14-2021-2022-transferts-point-mercato-castres-olympiques\/#primaryimage","url":"https:\/\/dicodusport.fr\/blog\/wp-content\/uploads\/2021\/01\/Top-14-2021_2022-Transferts-Le-point-sur-le-mercato-du-Castres-Olympique.png","contentUrl":"https:\/\/dicodusport.fr\/blog\/wp-content\/uploads\/2021\/01\/Top-14-2021_2022-Transferts-Le-point-sur-le-mercato-du-Castres-Olympique.png","width":800,"height":445,"caption":"Top 14 2021\/2022 - Transferts : le point sur le mercato du Castres Olympique"},{"@type":"BreadcrumbList","@id":"https:\/\/dicodusport.fr\/blog\/top-14-2021-2022-transferts-point-mercato-castres-olympiques\/#breadcrumb","itemListElement":[{"@type":"ListItem","position":1,"name":"Accueil","item":"https:\/\/dicodusport.fr\/blog\/"},{"@type":"ListItem","position":2,"name":"Top 14 2021\/2022 &#8211; Transferts : le point sur le mercato du Castres Olympique"}]},{"@type":"WebSite","@id":"https:\/\/dicodusport.fr\/blog\/#website","url":"https:\/\/dicodusport.fr\/blog\/","name":"Dicodusport","description":"L&#039;encyclop\u00e9die de l&#039;actualit\u00e9 sportive","publisher":{"@id":"https:\/\/dicodusport.fr\/blog\/#organization"},"potentialAction":[{"@type":"SearchAction","target":{"@type":"EntryPoint","urlTemplate":"https:\/\/dicodusport.fr\/blog\/?s={search_term_string}"},"query-input":{"@type":"PropertyValueSpecification","valueRequired":true,"valueName":"search_term_string"}}],"inLanguage":"fr-FR"},{"@type":"NewsMediaOrganization","@id":"https:\/\/dicodusport.fr\/blog\/#organization","name":"Dicodusport","url":"https:\/\/dicodusport.fr\/blog\/","logo":{"@type":"ImageObject","inLanguage":"fr-FR","@id":"https:\/\/dicodusport.fr\/blog\/#\/schema\/logo\/image\/","url":"https:\/\/dicodusport.fr\/blog\/wp-content\/uploads\/2020\/06\/cropped-LOGO-DICODUSPORT-2020-SANS-FOND-SANS-TEXTE.png","contentUrl":"https:\/\/dicodusport.fr\/blog\/wp-content\/uploads\/2020\/06\/cropped-LOGO-DICODUSPORT-2020-SANS-FOND-SANS-TEXTE.png","width":512,"height":512,"caption":"Dicodusport"},"image":{"@id":"https:\/\/dicodusport.fr\/blog\/#\/schema\/logo\/image\/"},"sameAs":["https:\/\/www.facebook.com\/dicodusport","https:\/\/x.com\/dicodusport","https:\/\/www.instagram.com\/dicodusport\/","https:\/\/www.youtube.com\/channel\/UC7V2KZ5sd3htJivAbA4ZG3w"],"description":"Dicodusport est l'encyclop\u00e9die de l'actualit\u00e9 sportive.","email":"bonjour@dicodusport.fr","legalName":"DICODUSPORT","foundingDate":"2018-01-14","vatID":"FR71834470973","taxID":"83447097300043","numberOfEmployees":{"@type":"QuantitativeValue","minValue":"1","maxValue":"10"}},{"@type":"Person","@id":"https:\/\/dicodusport.fr\/blog\/#\/schema\/person\/cb02af4c173ce4a653b55e9baf388d4a","name":"Flo Ostermann","image":{"@type":"ImageObject","inLanguage":"fr-FR","@id":"https:\/\/dicodusport.fr\/blog\/#\/schema\/person\/image\/","url":"https:\/\/dicodusport.fr\/blog\/wp-content\/uploads\/2021\/05\/Flo-Ostermann-150x150.jpg","contentUrl":"https:\/\/dicodusport.fr\/blog\/wp-content\/uploads\/2021\/05\/Flo-Ostermann-150x150.jpg","caption":"Flo Ostermann"},"description":"Journaliste\/R\u00e9dacteur depuis septembre 2015 - Mes premiers souvenirs dans le sport ? Les envol\u00e9es du Stade Toulousain et les duels Villeneuve-Schumacher et H\u00e4kkinen-Schumacher \u00e0 la fin des ann\u00e9es 90, la Coupe du monde de football en 1998, l\u2019exploit du XV de France face aux All Blacks en 1999, mais aussi Richard C\u0153ur de Lion qui vole sur les montagnes du Tour de France. Bien parti pour devenir professeur d\u2019EPS, les \u00e9v\u00e9nements de la vie (et la flemme d\u2019animer des s\u00e9ances de 3x500 m\u00e8tres toute ma vie) m\u2019ont conduit \u00e0 revoir mes plans. Me voil\u00e0 depuis fin 2017 sur Dicodusport, m\u00e9dia gr\u00e2ce (et pour) lequel je partage ma passion : le sport dans tous ses \u00e9tats. Le tout accompagn\u00e9 par les fous furieux et folles furieuses cit\u00e9s sur cette page !","sameAs":["https:\/\/www.facebook.com\/florent.ostermann","https:\/\/x.com\/https:\/\/twitter.com\/FlOstermann","admin"],"url":"https:\/\/dicodusport.fr\/blog\/author\/flo\/"}]}},"_links":{"self":[{"href":"https:\/\/dicodusport.fr\/blog\/wp-json\/wp\/v2\/posts\/96841","targetHints":{"allow":["GET"]}}],"collection":[{"href":"https:\/\/dicodusport.fr\/blog\/wp-json\/wp\/v2\/posts"}],"about":[{"href":"https:\/\/dicodusport.fr\/blog\/wp-json\/wp\/v2\/types\/post"}],"author":[{"embeddable":true,"href":"https:\/\/dicodusport.fr\/blog\/wp-json\/wp\/v2\/users\/4"}],"replies":[{"embeddable":true,"href":"https:\/\/dicodusport.fr\/blog\/wp-json\/wp\/v2\/comments?post=96841"}],"version-history":[{"count":0,"href":"https:\/\/dicodusport.fr\/blog\/wp-json\/wp\/v2\/posts\/96841\/revisions"}],"wp:featuredmedia":[{"embeddable":true,"href":"https:\/\/dicodusport.fr\/blog\/wp-json\/wp\/v2\/media\/96846"}],"wp:attachment":[{"href":"https:\/\/dicodusport.fr\/blog\/wp-json\/wp\/v2\/media?parent=96841"}],"wp:term":[{"taxonomy":"category","embeddable":true,"href":"https:\/\/dicodusport.fr\/blog\/wp-json\/wp\/v2\/categories?post=96841"},{"taxonomy":"post_tag","embeddable":true,"href":"https:\/\/dicodusport.fr\/blog\/wp-json\/wp\/v2\/tags?post=96841"}],"curies":[{"name":"wp","href":"https:\/\/api.w.org\/{rel}","templated":true}]}}