{"id":97547,"date":"2021-01-08T12:35:19","date_gmt":"2021-01-08T11:35:19","guid":{"rendered":"https:\/\/dicodusport.fr\/blog\/?p=97547&#038;preview=true&#038;preview_id=97547"},"modified":"2021-01-08T13:34:33","modified_gmt":"2021-01-08T12:34:33","slug":"biathlon-oberhof-tiril-eckhoff-imperiale-sur-le-sprint-julia-simon-4eme","status":"publish","type":"post","link":"https:\/\/dicodusport.fr\/blog\/biathlon-oberhof-tiril-eckhoff-imperiale-sur-le-sprint-julia-simon-4eme\/","title":{"rendered":"Oberhof : Tiril Eckhoff imp\u00e9riale sur le sprint, Julia Simon 4\u00e8me"},"content":{"rendered":"<p style=\"text-align: justify;\"><strong><em><a href=\"https:\/\/dicodusport.fr\/blog\/biathlon-oberhof-programme-complet-5eme-etape-coupe-du-monde\/\" target=\"_blank\" rel=\"noopener noreferrer\">COUPE DU MONDE DE BIATHLON &#8211; OBERHOF<\/a> &#8211; Sans rivale ou presque, Tiril Eckhoff a largement domin\u00e9 le sprint femmes d&rsquo;Oberhof (Allemagne) ce vendredi. Elle devance la Su\u00e9doise Hanna Oeberg et l&rsquo;Autrichienne Lisa Theresa Hauser. Premi\u00e8re Fran\u00e7aise, Julia Simon prend la 4\u00e8me place, et ce malgr\u00e9 deux fautes sur le pas de tir.<\/em><\/strong><\/p>\n<p style=\"text-align: justify;\">Quatri\u00e8me victoire de la saison pour <strong>Tiril Eckhoff<\/strong>. La Norv\u00e9gienne a largement domin\u00e9 les d\u00e9bats ce vendredi sur le premier sprint d&rsquo;Oberhof (Allemagne). Avec un 10\/10 au tir et le deuxi\u00e8me temps sur les skis, elle devance la Su\u00e9doise <strong>Hanna Oeberg<\/strong>, 10\/10 \u00e9galement, et l&rsquo;Autrichienne <strong>Lisa Theresa Hauser<\/strong> (9\/10). Au pied du podium, Julia Simon pourra nourrir quelques regrets. Un 8\/10 derri\u00e8re la carabine et le quatri\u00e8me temps de ski qui augure n\u00e9anmoins une poursuite encourageante pour la biathl\u00e8te des Saisies. Deux autres Fran\u00e7aises trustent le top 10 : <strong>Justine Braisaz-Bouchet<\/strong>, 9\u00e8me et <strong>Ana\u00efs Chevalier-Bouche<\/strong>t, 10\u00e8me.<\/p>\n<p style=\"text-align: justify;\">Leader du g\u00e9n\u00e9ral, la Norv\u00e9gienne <strong>Marte Olsbu Roeiseland<\/strong> prend la cinqui\u00e8me place, avec deux erreurs face aux cibles.<\/p>\n<blockquote class=\"twitter-tweet\">\n<p dir=\"ltr\" lang=\"fr\">Malgr\u00e9 deux fautes sur le premier tour, Julia Simon est sur le podium provisoire. Justine Braisaz-Bouchet, avec une faute, reste dans le top 5 &#x1f1eb;&#x1f1f7; &#x1f1eb;&#x1f1f7;<\/p>\n<p>Le direct &gt; <a href=\"https:\/\/t.co\/cjZkHDaml7\">https:\/\/t.co\/cjZkHDaml7<\/a> <a href=\"https:\/\/twitter.com\/hashtag\/lequipeBiathlon?src=hash&amp;ref_src=twsrc%5Etfw\">#lequipeBiathlon<\/a> <a href=\"https:\/\/t.co\/ReAd1vWYdu\">pic.twitter.com\/ReAd1vWYdu<\/a><\/p>\n<p>\u2014 la chaine L&rsquo;\u00c9quipe (@lachainelequipe) <a href=\"https:\/\/twitter.com\/lachainelequipe\/status\/1347501411387531265?ref_src=twsrc%5Etfw\">January 8, 2021<\/a><\/p><\/blockquote>\n<p><script async src=\"https:\/\/platform.twitter.com\/widgets.js\" charset=\"utf-8\"><\/script><\/p>\n<h2 style=\"text-align: justify;\">Le classement des Fran\u00e7aises<\/h2>\n<p style=\"text-align: justify;\"><strong>4. Julia Simon<\/strong> \u00e0 44.3 secondes &#8211; 8\/10 (2-0)<br \/>\n<strong>9. Justine Braisaz-Bouchet<\/strong> \u00e0 1:09.1 &#8211; 9\/10 (1-0)<br \/>\n<strong>10. Ana\u00efs Chevalier-Bouchet<\/strong> \u00e0 1:09.9 &#8211; 8\/10 (1-1)<br \/>\n<strong>12. Ana\u00efs Bescond<\/strong> \u00e0 1:10.1 &#8211; 9\/10 (0-1)<br \/>\n<strong>18. Chlo\u00e9 Chevalier<\/strong> \u00e0 1:17.9 &#8211; 9\/10 (1-0)<br \/>\n<strong>35. Caroline Colombo<\/strong> \u00e0 1:55.1 &#8211; 8\/10 (1-1)<\/p>\n<h2 style=\"text-align: justify;\">\u00c0 lire aussi<\/h2>\n<ul>\n<li><a href=\"https:\/\/dicodusport.fr\/blog\/biathlon-oberhof-classement-sprint-femmes\/\" target=\"_blank\" rel=\"noopener noreferrer\"><strong>Biathlon \u2013 Oberhof : le classement du sprint femmes<\/strong><\/a><\/li>\n<li><a href=\"https:\/\/dicodusport.fr\/blog\/biathlon-coupe-du-monde-2020-2021-classement-general-femmes\/\" target=\"_blank\" rel=\"noopener noreferrer\"><strong>Biathlon \u2013 Coupe du monde 2020\/2021 : le classement g\u00e9n\u00e9ral femmes<\/strong><\/a><\/li>\n<\/ul>\n<p><strong><em>Dicodusport<br \/>\n<a href=\"https:\/\/www.facebook.com\/dicodusport\/\" target=\"_blank\" rel=\"noopener noreferrer\"><img loading=\"lazy\" decoding=\"async\" class=\"alignnone wp-image-2909\" src=\"http:\/\/dicodusport.fr\/blog\/wp-content\/uploads\/2017\/07\/logo-facebook-150x150.png\" alt=\"\" width=\"40\" height=\"40\" \/><\/a><a href=\"https:\/\/twitter.com\/dicodusport\" target=\"_blank\" rel=\"noopener noreferrer\"><img loading=\"lazy\" decoding=\"async\" class=\"alignnone wp-image-2908\" src=\"http:\/\/dicodusport.fr\/blog\/wp-content\/uploads\/2017\/07\/logo-twitter-150x150.png\" alt=\"\" width=\"39\" height=\"39\" \/><\/a><\/em><\/strong><\/p>\n","protected":false},"excerpt":{"rendered":"<p>COUPE DU MONDE DE BIATHLON &#8211; OBERHOF &#8211; Sans rivale ou presque, Tiril Eckhoff a largement domin\u00e9 le sprint femmes d&rsquo;Oberhof (Allemagne) ce vendredi. Elle devance la Su\u00e9doise Hanna Oeberg et l&rsquo;Autrichienne Lisa Theresa Hauser. Premi\u00e8re Fran\u00e7aise, Julia Simon prend la 4\u00e8me place, et ce malgr\u00e9 deux fautes sur le pas de tir.<\/p>\n","protected":false},"author":4,"featured_media":97569,"comment_status":"open","ping_status":"closed","sticky":false,"template":"","format":"standard","meta":{"_acf_changed":false,"_daextam_enable_autolinks":"","footnotes":""},"categories":[47040],"tags":[13159,3258,24],"class_list":["post-97547","post","type-post","status-publish","format-standard","has-post-thumbnail","hentry","category-coupe-du-monde-de-biathlon","tag-biathlon-oberhof","tag-oberhof","tag-sport"],"acf":[],"yoast_head":"<!-- This site is optimized with the Yoast SEO Premium plugin v26.7 (Yoast SEO v26.7) - https:\/\/yoast.com\/wordpress\/plugins\/seo\/ -->\n<title>Oberhof : Tiril Eckhoff imp\u00e9riale sur le sprint, Julia Simon 4\u00e8me<\/title>\n<meta name=\"description\" content=\"COUPE DU MONDE DE BIATHLON - OBERHOF - Sans rivale ou presque, Tiril Eckhoff a largement domin\u00e9 le sprint femmes d&#039;Oberhof (Allemagne) ce vendredi.\" \/>\n<meta name=\"robots\" content=\"index, follow, max-snippet:-1, max-image-preview:large, max-video-preview:-1\" \/>\n<link rel=\"canonical\" href=\"https:\/\/dicodusport.fr\/blog\/biathlon-oberhof-tiril-eckhoff-imperiale-sur-le-sprint-julia-simon-4eme\/\" \/>\n<meta property=\"og:locale\" content=\"fr_FR\" \/>\n<meta property=\"og:type\" content=\"article\" \/>\n<meta property=\"og:title\" content=\"Oberhof : Tiril Eckhoff imp\u00e9riale sur le sprint, Julia Simon 4\u00e8me\" \/>\n<meta property=\"og:description\" content=\"COUPE DU MONDE DE BIATHLON - OBERHOF - Sans rivale ou presque, Tiril Eckhoff a largement domin\u00e9 le sprint femmes d&#039;Oberhof (Allemagne) ce vendredi.\" \/>\n<meta property=\"og:url\" content=\"https:\/\/dicodusport.fr\/blog\/biathlon-oberhof-tiril-eckhoff-imperiale-sur-le-sprint-julia-simon-4eme\/\" \/>\n<meta property=\"og:site_name\" content=\"Dicodusport\" \/>\n<meta property=\"article:publisher\" content=\"https:\/\/www.facebook.com\/dicodusport\" \/>\n<meta property=\"article:author\" content=\"https:\/\/www.facebook.com\/florent.ostermann\" \/>\n<meta property=\"article:published_time\" content=\"2021-01-08T11:35:19+00:00\" \/>\n<meta property=\"article:modified_time\" content=\"2021-01-08T12:34:33+00:00\" \/>\n<meta property=\"og:image\" content=\"https:\/\/dicodusport.fr\/blog\/wp-content\/uploads\/2021\/01\/Oberhof-Tiril-Eckhoff-imp\u00e9riale-sur-le-sprint-Julia-Simon-4\u00e8me.png\" \/>\n\t<meta property=\"og:image:width\" content=\"800\" \/>\n\t<meta property=\"og:image:height\" content=\"445\" \/>\n\t<meta property=\"og:image:type\" content=\"image\/png\" \/>\n<meta name=\"author\" content=\"Flo Ostermann\" \/>\n<meta name=\"twitter:card\" content=\"summary_large_image\" \/>\n<meta name=\"twitter:title\" content=\"Oberhof : Tiril Eckhoff imp\u00e9riale sur le sprint, Julia Simon 4\u00e8me\" \/>\n<meta name=\"twitter:creator\" content=\"@https:\/\/twitter.com\/FlOstermann\" \/>\n<meta name=\"twitter:site\" content=\"@dicodusport\" \/>\n<script type=\"application\/ld+json\" class=\"yoast-schema-graph\">{\"@context\":\"https:\/\/schema.org\",\"@graph\":[{\"@type\":\"NewsArticle\",\"@id\":\"https:\/\/dicodusport.fr\/blog\/biathlon-oberhof-tiril-eckhoff-imperiale-sur-le-sprint-julia-simon-4eme\/#article\",\"isPartOf\":{\"@id\":\"https:\/\/dicodusport.fr\/blog\/biathlon-oberhof-tiril-eckhoff-imperiale-sur-le-sprint-julia-simon-4eme\/\"},\"author\":{\"name\":\"Flo Ostermann\",\"@id\":\"https:\/\/dicodusport.fr\/blog\/#\/schema\/person\/cb02af4c173ce4a653b55e9baf388d4a\"},\"headline\":\"Oberhof : Tiril Eckhoff imp\u00e9riale sur le sprint, Julia Simon 4\u00e8me\",\"datePublished\":\"2021-01-08T11:35:19+00:00\",\"dateModified\":\"2021-01-08T12:34:33+00:00\",\"mainEntityOfPage\":{\"@id\":\"https:\/\/dicodusport.fr\/blog\/biathlon-oberhof-tiril-eckhoff-imperiale-sur-le-sprint-julia-simon-4eme\/\"},\"wordCount\":300,\"commentCount\":0,\"publisher\":{\"@id\":\"https:\/\/dicodusport.fr\/blog\/#organization\"},\"image\":{\"@id\":\"https:\/\/dicodusport.fr\/blog\/biathlon-oberhof-tiril-eckhoff-imperiale-sur-le-sprint-julia-simon-4eme\/#primaryimage\"},\"thumbnailUrl\":\"https:\/\/dicodusport.fr\/blog\/wp-content\/uploads\/2021\/01\/Oberhof-Tiril-Eckhoff-imp\u00e9riale-sur-le-sprint-Julia-Simon-4\u00e8me.png\",\"keywords\":[\"Biathlon Oberhof\",\"Oberhof\",\"sport\"],\"articleSection\":[\"Coupe du monde de biathlon\"],\"inLanguage\":\"fr-FR\",\"potentialAction\":[{\"@type\":\"CommentAction\",\"name\":\"Comment\",\"target\":[\"https:\/\/dicodusport.fr\/blog\/biathlon-oberhof-tiril-eckhoff-imperiale-sur-le-sprint-julia-simon-4eme\/#respond\"]}],\"copyrightYear\":\"2021\",\"copyrightHolder\":{\"@id\":\"https:\/\/dicodusport.fr\/blog\/#organization\"}},{\"@type\":\"WebPage\",\"@id\":\"https:\/\/dicodusport.fr\/blog\/biathlon-oberhof-tiril-eckhoff-imperiale-sur-le-sprint-julia-simon-4eme\/\",\"url\":\"https:\/\/dicodusport.fr\/blog\/biathlon-oberhof-tiril-eckhoff-imperiale-sur-le-sprint-julia-simon-4eme\/\",\"name\":\"Oberhof : Tiril Eckhoff imp\u00e9riale sur le sprint, Julia Simon 4\u00e8me\",\"isPartOf\":{\"@id\":\"https:\/\/dicodusport.fr\/blog\/#website\"},\"primaryImageOfPage\":{\"@id\":\"https:\/\/dicodusport.fr\/blog\/biathlon-oberhof-tiril-eckhoff-imperiale-sur-le-sprint-julia-simon-4eme\/#primaryimage\"},\"image\":{\"@id\":\"https:\/\/dicodusport.fr\/blog\/biathlon-oberhof-tiril-eckhoff-imperiale-sur-le-sprint-julia-simon-4eme\/#primaryimage\"},\"thumbnailUrl\":\"https:\/\/dicodusport.fr\/blog\/wp-content\/uploads\/2021\/01\/Oberhof-Tiril-Eckhoff-imp\u00e9riale-sur-le-sprint-Julia-Simon-4\u00e8me.png\",\"datePublished\":\"2021-01-08T11:35:19+00:00\",\"dateModified\":\"2021-01-08T12:34:33+00:00\",\"description\":\"COUPE DU MONDE DE BIATHLON - OBERHOF - Sans rivale ou presque, Tiril Eckhoff a largement domin\u00e9 le sprint femmes d'Oberhof (Allemagne) ce vendredi.\",\"breadcrumb\":{\"@id\":\"https:\/\/dicodusport.fr\/blog\/biathlon-oberhof-tiril-eckhoff-imperiale-sur-le-sprint-julia-simon-4eme\/#breadcrumb\"},\"inLanguage\":\"fr-FR\",\"potentialAction\":[{\"@type\":\"ReadAction\",\"target\":[\"https:\/\/dicodusport.fr\/blog\/biathlon-oberhof-tiril-eckhoff-imperiale-sur-le-sprint-julia-simon-4eme\/\"]}]},{\"@type\":\"ImageObject\",\"inLanguage\":\"fr-FR\",\"@id\":\"https:\/\/dicodusport.fr\/blog\/biathlon-oberhof-tiril-eckhoff-imperiale-sur-le-sprint-julia-simon-4eme\/#primaryimage\",\"url\":\"https:\/\/dicodusport.fr\/blog\/wp-content\/uploads\/2021\/01\/Oberhof-Tiril-Eckhoff-imp\u00e9riale-sur-le-sprint-Julia-Simon-4\u00e8me.png\",\"contentUrl\":\"https:\/\/dicodusport.fr\/blog\/wp-content\/uploads\/2021\/01\/Oberhof-Tiril-Eckhoff-imp\u00e9riale-sur-le-sprint-Julia-Simon-4\u00e8me.png\",\"width\":800,\"height\":445,\"caption\":\"Biathlon - Championnats du monde 2021 : notre pronostic pour le sprint femmes\"},{\"@type\":\"BreadcrumbList\",\"@id\":\"https:\/\/dicodusport.fr\/blog\/biathlon-oberhof-tiril-eckhoff-imperiale-sur-le-sprint-julia-simon-4eme\/#breadcrumb\",\"itemListElement\":[{\"@type\":\"ListItem\",\"position\":1,\"name\":\"Accueil\",\"item\":\"https:\/\/dicodusport.fr\/blog\/\"},{\"@type\":\"ListItem\",\"position\":2,\"name\":\"Oberhof : Tiril Eckhoff imp\u00e9riale sur le sprint, Julia Simon 4\u00e8me\"}]},{\"@type\":\"WebSite\",\"@id\":\"https:\/\/dicodusport.fr\/blog\/#website\",\"url\":\"https:\/\/dicodusport.fr\/blog\/\",\"name\":\"Dicodusport\",\"description\":\"L&#039;encyclop\u00e9die de l&#039;actualit\u00e9 sportive\",\"publisher\":{\"@id\":\"https:\/\/dicodusport.fr\/blog\/#organization\"},\"potentialAction\":[{\"@type\":\"SearchAction\",\"target\":{\"@type\":\"EntryPoint\",\"urlTemplate\":\"https:\/\/dicodusport.fr\/blog\/?s={search_term_string}\"},\"query-input\":{\"@type\":\"PropertyValueSpecification\",\"valueRequired\":true,\"valueName\":\"search_term_string\"}}],\"inLanguage\":\"fr-FR\"},{\"@type\":\"NewsMediaOrganization\",\"@id\":\"https:\/\/dicodusport.fr\/blog\/#organization\",\"name\":\"Dicodusport\",\"url\":\"https:\/\/dicodusport.fr\/blog\/\",\"logo\":{\"@type\":\"ImageObject\",\"inLanguage\":\"fr-FR\",\"@id\":\"https:\/\/dicodusport.fr\/blog\/#\/schema\/logo\/image\/\",\"url\":\"https:\/\/dicodusport.fr\/blog\/wp-content\/uploads\/2020\/06\/cropped-LOGO-DICODUSPORT-2020-SANS-FOND-SANS-TEXTE.png\",\"contentUrl\":\"https:\/\/dicodusport.fr\/blog\/wp-content\/uploads\/2020\/06\/cropped-LOGO-DICODUSPORT-2020-SANS-FOND-SANS-TEXTE.png\",\"width\":512,\"height\":512,\"caption\":\"Dicodusport\"},\"image\":{\"@id\":\"https:\/\/dicodusport.fr\/blog\/#\/schema\/logo\/image\/\"},\"sameAs\":[\"https:\/\/www.facebook.com\/dicodusport\",\"https:\/\/x.com\/dicodusport\",\"https:\/\/www.instagram.com\/dicodusport\/\",\"https:\/\/www.youtube.com\/channel\/UC7V2KZ5sd3htJivAbA4ZG3w\"],\"description\":\"Dicodusport est l'encyclop\u00e9die de l'actualit\u00e9 sportive.\",\"email\":\"bonjour@dicodusport.fr\",\"legalName\":\"DICODUSPORT\",\"foundingDate\":\"2018-01-14\",\"vatID\":\"FR71834470973\",\"taxID\":\"83447097300043\",\"numberOfEmployees\":{\"@type\":\"QuantitativeValue\",\"minValue\":\"1\",\"maxValue\":\"10\"}},{\"@type\":\"Person\",\"@id\":\"https:\/\/dicodusport.fr\/blog\/#\/schema\/person\/cb02af4c173ce4a653b55e9baf388d4a\",\"name\":\"Flo Ostermann\",\"image\":{\"@type\":\"ImageObject\",\"inLanguage\":\"fr-FR\",\"@id\":\"https:\/\/dicodusport.fr\/blog\/#\/schema\/person\/image\/\",\"url\":\"https:\/\/dicodusport.fr\/blog\/wp-content\/uploads\/2021\/05\/Flo-Ostermann-150x150.jpg\",\"contentUrl\":\"https:\/\/dicodusport.fr\/blog\/wp-content\/uploads\/2021\/05\/Flo-Ostermann-150x150.jpg\",\"caption\":\"Flo Ostermann\"},\"description\":\"Journaliste\/R\u00e9dacteur depuis septembre 2015 - Mes premiers souvenirs dans le sport ? Les envol\u00e9es du Stade Toulousain et les duels Villeneuve-Schumacher et H\u00e4kkinen-Schumacher \u00e0 la fin des ann\u00e9es 90, la Coupe du monde de football en 1998, l\u2019exploit du XV de France face aux All Blacks en 1999, mais aussi Richard C\u0153ur de Lion qui vole sur les montagnes du Tour de France. Bien parti pour devenir professeur d\u2019EPS, les \u00e9v\u00e9nements de la vie (et la flemme d\u2019animer des s\u00e9ances de 3x500 m\u00e8tres toute ma vie) m\u2019ont conduit \u00e0 revoir mes plans. Me voil\u00e0 depuis fin 2017 sur Dicodusport, m\u00e9dia gr\u00e2ce (et pour) lequel je partage ma passion : le sport dans tous ses \u00e9tats. Le tout accompagn\u00e9 par les fous furieux et folles furieuses cit\u00e9s sur cette page !\",\"sameAs\":[\"https:\/\/www.facebook.com\/florent.ostermann\",\"https:\/\/x.com\/https:\/\/twitter.com\/FlOstermann\",\"admin\"],\"url\":\"https:\/\/dicodusport.fr\/blog\/author\/flo\/\"}]}<\/script>\n<!-- \/ Yoast SEO Premium plugin. -->","yoast_head_json":{"title":"Oberhof : Tiril Eckhoff imp\u00e9riale sur le sprint, Julia Simon 4\u00e8me","description":"COUPE DU MONDE DE BIATHLON - OBERHOF - Sans rivale ou presque, Tiril Eckhoff a largement domin\u00e9 le sprint femmes d'Oberhof (Allemagne) ce vendredi.","robots":{"index":"index","follow":"follow","max-snippet":"max-snippet:-1","max-image-preview":"max-image-preview:large","max-video-preview":"max-video-preview:-1"},"canonical":"https:\/\/dicodusport.fr\/blog\/biathlon-oberhof-tiril-eckhoff-imperiale-sur-le-sprint-julia-simon-4eme\/","og_locale":"fr_FR","og_type":"article","og_title":"Oberhof : Tiril Eckhoff imp\u00e9riale sur le sprint, Julia Simon 4\u00e8me","og_description":"COUPE DU MONDE DE BIATHLON - OBERHOF - Sans rivale ou presque, Tiril Eckhoff a largement domin\u00e9 le sprint femmes d'Oberhof (Allemagne) ce vendredi.","og_url":"https:\/\/dicodusport.fr\/blog\/biathlon-oberhof-tiril-eckhoff-imperiale-sur-le-sprint-julia-simon-4eme\/","og_site_name":"Dicodusport","article_publisher":"https:\/\/www.facebook.com\/dicodusport","article_author":"https:\/\/www.facebook.com\/florent.ostermann","article_published_time":"2021-01-08T11:35:19+00:00","article_modified_time":"2021-01-08T12:34:33+00:00","og_image":[{"width":800,"height":445,"url":"https:\/\/dicodusport.fr\/blog\/wp-content\/uploads\/2021\/01\/Oberhof-Tiril-Eckhoff-imp\u00e9riale-sur-le-sprint-Julia-Simon-4\u00e8me.png","type":"image\/png"}],"author":"Flo Ostermann","twitter_card":"summary_large_image","twitter_title":"Oberhof : Tiril Eckhoff imp\u00e9riale sur le sprint, Julia Simon 4\u00e8me","twitter_creator":"@https:\/\/twitter.com\/FlOstermann","twitter_site":"@dicodusport","schema":{"@context":"https:\/\/schema.org","@graph":[{"@type":"NewsArticle","@id":"https:\/\/dicodusport.fr\/blog\/biathlon-oberhof-tiril-eckhoff-imperiale-sur-le-sprint-julia-simon-4eme\/#article","isPartOf":{"@id":"https:\/\/dicodusport.fr\/blog\/biathlon-oberhof-tiril-eckhoff-imperiale-sur-le-sprint-julia-simon-4eme\/"},"author":{"name":"Flo Ostermann","@id":"https:\/\/dicodusport.fr\/blog\/#\/schema\/person\/cb02af4c173ce4a653b55e9baf388d4a"},"headline":"Oberhof : Tiril Eckhoff imp\u00e9riale sur le sprint, Julia Simon 4\u00e8me","datePublished":"2021-01-08T11:35:19+00:00","dateModified":"2021-01-08T12:34:33+00:00","mainEntityOfPage":{"@id":"https:\/\/dicodusport.fr\/blog\/biathlon-oberhof-tiril-eckhoff-imperiale-sur-le-sprint-julia-simon-4eme\/"},"wordCount":300,"commentCount":0,"publisher":{"@id":"https:\/\/dicodusport.fr\/blog\/#organization"},"image":{"@id":"https:\/\/dicodusport.fr\/blog\/biathlon-oberhof-tiril-eckhoff-imperiale-sur-le-sprint-julia-simon-4eme\/#primaryimage"},"thumbnailUrl":"https:\/\/dicodusport.fr\/blog\/wp-content\/uploads\/2021\/01\/Oberhof-Tiril-Eckhoff-imp\u00e9riale-sur-le-sprint-Julia-Simon-4\u00e8me.png","keywords":["Biathlon Oberhof","Oberhof","sport"],"articleSection":["Coupe du monde de biathlon"],"inLanguage":"fr-FR","potentialAction":[{"@type":"CommentAction","name":"Comment","target":["https:\/\/dicodusport.fr\/blog\/biathlon-oberhof-tiril-eckhoff-imperiale-sur-le-sprint-julia-simon-4eme\/#respond"]}],"copyrightYear":"2021","copyrightHolder":{"@id":"https:\/\/dicodusport.fr\/blog\/#organization"}},{"@type":"WebPage","@id":"https:\/\/dicodusport.fr\/blog\/biathlon-oberhof-tiril-eckhoff-imperiale-sur-le-sprint-julia-simon-4eme\/","url":"https:\/\/dicodusport.fr\/blog\/biathlon-oberhof-tiril-eckhoff-imperiale-sur-le-sprint-julia-simon-4eme\/","name":"Oberhof : Tiril Eckhoff imp\u00e9riale sur le sprint, Julia Simon 4\u00e8me","isPartOf":{"@id":"https:\/\/dicodusport.fr\/blog\/#website"},"primaryImageOfPage":{"@id":"https:\/\/dicodusport.fr\/blog\/biathlon-oberhof-tiril-eckhoff-imperiale-sur-le-sprint-julia-simon-4eme\/#primaryimage"},"image":{"@id":"https:\/\/dicodusport.fr\/blog\/biathlon-oberhof-tiril-eckhoff-imperiale-sur-le-sprint-julia-simon-4eme\/#primaryimage"},"thumbnailUrl":"https:\/\/dicodusport.fr\/blog\/wp-content\/uploads\/2021\/01\/Oberhof-Tiril-Eckhoff-imp\u00e9riale-sur-le-sprint-Julia-Simon-4\u00e8me.png","datePublished":"2021-01-08T11:35:19+00:00","dateModified":"2021-01-08T12:34:33+00:00","description":"COUPE DU MONDE DE BIATHLON - OBERHOF - Sans rivale ou presque, Tiril Eckhoff a largement domin\u00e9 le sprint femmes d'Oberhof (Allemagne) ce vendredi.","breadcrumb":{"@id":"https:\/\/dicodusport.fr\/blog\/biathlon-oberhof-tiril-eckhoff-imperiale-sur-le-sprint-julia-simon-4eme\/#breadcrumb"},"inLanguage":"fr-FR","potentialAction":[{"@type":"ReadAction","target":["https:\/\/dicodusport.fr\/blog\/biathlon-oberhof-tiril-eckhoff-imperiale-sur-le-sprint-julia-simon-4eme\/"]}]},{"@type":"ImageObject","inLanguage":"fr-FR","@id":"https:\/\/dicodusport.fr\/blog\/biathlon-oberhof-tiril-eckhoff-imperiale-sur-le-sprint-julia-simon-4eme\/#primaryimage","url":"https:\/\/dicodusport.fr\/blog\/wp-content\/uploads\/2021\/01\/Oberhof-Tiril-Eckhoff-imp\u00e9riale-sur-le-sprint-Julia-Simon-4\u00e8me.png","contentUrl":"https:\/\/dicodusport.fr\/blog\/wp-content\/uploads\/2021\/01\/Oberhof-Tiril-Eckhoff-imp\u00e9riale-sur-le-sprint-Julia-Simon-4\u00e8me.png","width":800,"height":445,"caption":"Biathlon - Championnats du monde 2021 : notre pronostic pour le sprint femmes"},{"@type":"BreadcrumbList","@id":"https:\/\/dicodusport.fr\/blog\/biathlon-oberhof-tiril-eckhoff-imperiale-sur-le-sprint-julia-simon-4eme\/#breadcrumb","itemListElement":[{"@type":"ListItem","position":1,"name":"Accueil","item":"https:\/\/dicodusport.fr\/blog\/"},{"@type":"ListItem","position":2,"name":"Oberhof : Tiril Eckhoff imp\u00e9riale sur le sprint, Julia Simon 4\u00e8me"}]},{"@type":"WebSite","@id":"https:\/\/dicodusport.fr\/blog\/#website","url":"https:\/\/dicodusport.fr\/blog\/","name":"Dicodusport","description":"L&#039;encyclop\u00e9die de l&#039;actualit\u00e9 sportive","publisher":{"@id":"https:\/\/dicodusport.fr\/blog\/#organization"},"potentialAction":[{"@type":"SearchAction","target":{"@type":"EntryPoint","urlTemplate":"https:\/\/dicodusport.fr\/blog\/?s={search_term_string}"},"query-input":{"@type":"PropertyValueSpecification","valueRequired":true,"valueName":"search_term_string"}}],"inLanguage":"fr-FR"},{"@type":"NewsMediaOrganization","@id":"https:\/\/dicodusport.fr\/blog\/#organization","name":"Dicodusport","url":"https:\/\/dicodusport.fr\/blog\/","logo":{"@type":"ImageObject","inLanguage":"fr-FR","@id":"https:\/\/dicodusport.fr\/blog\/#\/schema\/logo\/image\/","url":"https:\/\/dicodusport.fr\/blog\/wp-content\/uploads\/2020\/06\/cropped-LOGO-DICODUSPORT-2020-SANS-FOND-SANS-TEXTE.png","contentUrl":"https:\/\/dicodusport.fr\/blog\/wp-content\/uploads\/2020\/06\/cropped-LOGO-DICODUSPORT-2020-SANS-FOND-SANS-TEXTE.png","width":512,"height":512,"caption":"Dicodusport"},"image":{"@id":"https:\/\/dicodusport.fr\/blog\/#\/schema\/logo\/image\/"},"sameAs":["https:\/\/www.facebook.com\/dicodusport","https:\/\/x.com\/dicodusport","https:\/\/www.instagram.com\/dicodusport\/","https:\/\/www.youtube.com\/channel\/UC7V2KZ5sd3htJivAbA4ZG3w"],"description":"Dicodusport est l'encyclop\u00e9die de l'actualit\u00e9 sportive.","email":"bonjour@dicodusport.fr","legalName":"DICODUSPORT","foundingDate":"2018-01-14","vatID":"FR71834470973","taxID":"83447097300043","numberOfEmployees":{"@type":"QuantitativeValue","minValue":"1","maxValue":"10"}},{"@type":"Person","@id":"https:\/\/dicodusport.fr\/blog\/#\/schema\/person\/cb02af4c173ce4a653b55e9baf388d4a","name":"Flo Ostermann","image":{"@type":"ImageObject","inLanguage":"fr-FR","@id":"https:\/\/dicodusport.fr\/blog\/#\/schema\/person\/image\/","url":"https:\/\/dicodusport.fr\/blog\/wp-content\/uploads\/2021\/05\/Flo-Ostermann-150x150.jpg","contentUrl":"https:\/\/dicodusport.fr\/blog\/wp-content\/uploads\/2021\/05\/Flo-Ostermann-150x150.jpg","caption":"Flo Ostermann"},"description":"Journaliste\/R\u00e9dacteur depuis septembre 2015 - Mes premiers souvenirs dans le sport ? Les envol\u00e9es du Stade Toulousain et les duels Villeneuve-Schumacher et H\u00e4kkinen-Schumacher \u00e0 la fin des ann\u00e9es 90, la Coupe du monde de football en 1998, l\u2019exploit du XV de France face aux All Blacks en 1999, mais aussi Richard C\u0153ur de Lion qui vole sur les montagnes du Tour de France. Bien parti pour devenir professeur d\u2019EPS, les \u00e9v\u00e9nements de la vie (et la flemme d\u2019animer des s\u00e9ances de 3x500 m\u00e8tres toute ma vie) m\u2019ont conduit \u00e0 revoir mes plans. Me voil\u00e0 depuis fin 2017 sur Dicodusport, m\u00e9dia gr\u00e2ce (et pour) lequel je partage ma passion : le sport dans tous ses \u00e9tats. Le tout accompagn\u00e9 par les fous furieux et folles furieuses cit\u00e9s sur cette page !","sameAs":["https:\/\/www.facebook.com\/florent.ostermann","https:\/\/x.com\/https:\/\/twitter.com\/FlOstermann","admin"],"url":"https:\/\/dicodusport.fr\/blog\/author\/flo\/"}]}},"_links":{"self":[{"href":"https:\/\/dicodusport.fr\/blog\/wp-json\/wp\/v2\/posts\/97547","targetHints":{"allow":["GET"]}}],"collection":[{"href":"https:\/\/dicodusport.fr\/blog\/wp-json\/wp\/v2\/posts"}],"about":[{"href":"https:\/\/dicodusport.fr\/blog\/wp-json\/wp\/v2\/types\/post"}],"author":[{"embeddable":true,"href":"https:\/\/dicodusport.fr\/blog\/wp-json\/wp\/v2\/users\/4"}],"replies":[{"embeddable":true,"href":"https:\/\/dicodusport.fr\/blog\/wp-json\/wp\/v2\/comments?post=97547"}],"version-history":[{"count":0,"href":"https:\/\/dicodusport.fr\/blog\/wp-json\/wp\/v2\/posts\/97547\/revisions"}],"wp:featuredmedia":[{"embeddable":true,"href":"https:\/\/dicodusport.fr\/blog\/wp-json\/wp\/v2\/media\/97569"}],"wp:attachment":[{"href":"https:\/\/dicodusport.fr\/blog\/wp-json\/wp\/v2\/media?parent=97547"}],"wp:term":[{"taxonomy":"category","embeddable":true,"href":"https:\/\/dicodusport.fr\/blog\/wp-json\/wp\/v2\/categories?post=97547"},{"taxonomy":"post_tag","embeddable":true,"href":"https:\/\/dicodusport.fr\/blog\/wp-json\/wp\/v2\/tags?post=97547"}],"curies":[{"name":"wp","href":"https:\/\/api.w.org\/{rel}","templated":true}]}}