{"id":98244,"date":"2021-01-10T15:22:25","date_gmt":"2021-01-10T14:22:25","guid":{"rendered":"https:\/\/dicodusport.fr\/blog\/?p=98244&#038;preview=true&#038;preview_id=98244"},"modified":"2021-01-10T15:46:00","modified_gmt":"2021-01-10T14:46:00","slug":"biathlon-oberhof-france-de-simon-et-jacquelin-remporte-relais-mixte-simple","status":"publish","type":"post","link":"https:\/\/dicodusport.fr\/blog\/biathlon-oberhof-france-de-simon-et-jacquelin-remporte-relais-mixte-simple\/","title":{"rendered":"Oberhof : La France de Simon et Jacquelin remporte le relais mixte simple !"},"content":{"rendered":"<p style=\"text-align: justify;\"><strong><em><a href=\"https:\/\/dicodusport.fr\/blog\/biathlon-oberhof-programme-complet-5eme-etape-coupe-du-monde\/\" target=\"_blank\" rel=\"noopener noreferrer\">COUPE DU MONDE DE BIATHLON &#8211; OBERHOF<\/a> &#8211; Exceptionnels, Julia Simon et \u00c9milien Jacquelin ont remporte le relais mixte simple ce dimanche \u00e0 Oberhof (Allemagne). Les deux g\u00e2chettes tricolores ont devanc\u00e9 la Su\u00e8de et la Norv\u00e8ge.<\/em><\/strong><\/p>\n<p style=\"text-align: justify;\">Ils ont \u00e9t\u00e9 formidables. Ce dimanche, <strong>Julia Simon<\/strong> et <strong>\u00c9milien Jacquelin<\/strong>, les mitraillettes de l&rsquo;\u00e9quipe de France, ont confirm\u00e9 qu&rsquo;ils \u00e9taient excellents sur le format court et explosif qu&rsquo;est le relais mixte simple. Avec seulement trois pioches, le duo tricolore, rapide derri\u00e8re la carabine, ont \u00e9galement profit\u00e9 de la faillite norv\u00e9gienne. Dans le coup apr\u00e8s les deux premiers relais, <strong>Tiril Eckhoff<\/strong> et <strong>Johannes Boe<\/strong> ont ensuite craqu\u00e9. <strong>Eckhoff<\/strong> devant m\u00eame aller \u00e0 trois reprises sur l&rsquo;anneau de p\u00e9nalit\u00e9, alors que le cadet des fr\u00e8res <strong>Boe<\/strong> piochait \u00e0 trois reprises sur son dernier relais. Gr\u00e2ce \u00e0 ce succ\u00e8s, l&rsquo;\u00e9quipe de France obtient une deuxi\u00e8me m\u00e9daille d&rsquo;or en cette saison 2020-2021, apr\u00e8s la victoire de Quentin Fillon Maillet sur la poursuite d&rsquo;Hochfilzen. Un deuxi\u00e8me podium aujourd&rsquo;hui \u00e9galement, apr\u00e8s la troisi\u00e8me place sur le relais mixte classique.<\/p>\n<p style=\"text-align: justify;\">La Su\u00e8de de <strong>Sebastian Samuelsson<\/strong> et <strong>Hanna Oeberg<\/strong> (5 pioches) termine \u00e0 la deuxi\u00e8me place. Et malgr\u00e9 un mauvais bilan au tir, la Norv\u00e8ge (3 tours et 8 pioches), la Norv\u00e8ge compl\u00e8te le podium.<\/p>\n<blockquote class=\"twitter-tweet\">\n<p dir=\"ltr\" lang=\"fr\">LA MITRAILLETTE JACQUELIN &#x1f4aa;&#x1f4aa;<\/p>\n<p>\u00c9norme 5\/5 d&rsquo;Emilien Jacquelin sur le tir debout, pour aller chercher la victoire au relais mixte simple \u00e0 Oberhof ! <a href=\"https:\/\/twitter.com\/hashtag\/lequipeBIATHLON?src=hash&amp;ref_src=twsrc%5Etfw\">#lequipeBIATHLON<\/a> <a href=\"https:\/\/t.co\/bpeqHOQCQH\">pic.twitter.com\/bpeqHOQCQH<\/a><\/p>\n<p>\u2014 la chaine L&rsquo;\u00c9quipe (@lachainelequipe) <a href=\"https:\/\/twitter.com\/lachainelequipe\/status\/1348273052656807938?ref_src=twsrc%5Etfw\">January 10, 2021<\/a><\/p><\/blockquote>\n<p><script async src=\"https:\/\/platform.twitter.com\/widgets.js\" charset=\"utf-8\"><\/script><\/p>\n<blockquote class=\"twitter-tweet\">\n<p dir=\"ltr\" lang=\"fr\">&#x1f44f;&#x1f1eb;&#x1f1f7; VICTOIRE des Bleus sur le relais mixte simple \u00e0 Oberhof devant la Su\u00e8de et la Norv\u00e8ge, bravo \u00e0 Julia Simon et Emilien Jacquelin pour cette magnifique course ! <a href=\"https:\/\/twitter.com\/hashtag\/lequipeBIATHLON?src=hash&amp;ref_src=twsrc%5Etfw\">#lequipeBIATHLON<\/a> <a href=\"https:\/\/t.co\/b9MabTR6Cb\">pic.twitter.com\/b9MabTR6Cb<\/a><\/p>\n<p>\u2014 la chaine L&rsquo;\u00c9quipe (@lachainelequipe) <a href=\"https:\/\/twitter.com\/lachainelequipe\/status\/1348274301397590016?ref_src=twsrc%5Etfw\">January 10, 2021<\/a><\/p><\/blockquote>\n<p><script async src=\"https:\/\/platform.twitter.com\/widgets.js\" charset=\"utf-8\"><\/script><\/p>\n<ul>\n<li><strong>\u00c0 lire aussi &#8211; <a href=\"https:\/\/dicodusport.fr\/blog\/biathlon-oberhof-classement-relais-mixte-simple\/\" target=\"_blank\" rel=\"noopener noreferrer\">Biathlon \u2013 Oberhof : le classement du relais mixte simple<\/a><\/strong><\/li>\n<\/ul>\n<p><strong><em>Dicodusport<br \/>\n<a href=\"https:\/\/www.facebook.com\/dicodusport\/\" target=\"_blank\" rel=\"noopener noreferrer\"><img loading=\"lazy\" decoding=\"async\" class=\"alignnone wp-image-2909\" src=\"http:\/\/dicodusport.fr\/blog\/wp-content\/uploads\/2017\/07\/logo-facebook-150x150.png\" alt=\"\" width=\"40\" height=\"40\" \/><\/a><a href=\"https:\/\/twitter.com\/dicodusport\" target=\"_blank\" rel=\"noopener noreferrer\"><img loading=\"lazy\" decoding=\"async\" class=\"alignnone wp-image-2908\" src=\"http:\/\/dicodusport.fr\/blog\/wp-content\/uploads\/2017\/07\/logo-twitter-150x150.png\" alt=\"\" width=\"39\" height=\"39\" \/><\/a><\/em><\/strong><\/p>\n","protected":false},"excerpt":{"rendered":"<p>COUPE DU MONDE DE BIATHLON &#8211; OBERHOF &#8211; Exceptionnels, Julia Simon et \u00c9milien Jacquelin ont remporte le relais mixte simple ce dimanche \u00e0 Oberhof (Allemagne). Les deux g\u00e2chettes tricolores ont devanc\u00e9 la Su\u00e8de et la Norv\u00e8ge.<\/p>\n","protected":false},"author":4,"featured_media":98255,"comment_status":"open","ping_status":"closed","sticky":false,"template":"","format":"standard","meta":{"_acf_changed":false,"_daextam_enable_autolinks":"","footnotes":""},"categories":[47040],"tags":[13159,3258,13480,24],"class_list":["post-98244","post","type-post","status-publish","format-standard","has-post-thumbnail","hentry","category-coupe-du-monde-de-biathlon","tag-biathlon-oberhof","tag-oberhof","tag-relais-mixte-simple-oberhof","tag-sport"],"acf":[],"yoast_head":"<!-- This site is optimized with the Yoast SEO Premium plugin v26.7 (Yoast SEO v26.7) - https:\/\/yoast.com\/wordpress\/plugins\/seo\/ -->\n<title>Oberhof : La France de Simon et Jacquelin remporte le relais mixte simple !<\/title>\n<meta name=\"description\" content=\"COUPE DU MONDE DE BIATHLON - OBERHOF - Exceptionnels, Julia Simon et \u00c9milien Jacquelin ont remporte le relais mixte simple ce dimanche \u00e0 Oberhof (Allemagne).\" \/>\n<meta name=\"robots\" content=\"index, follow, max-snippet:-1, max-image-preview:large, max-video-preview:-1\" \/>\n<link rel=\"canonical\" href=\"https:\/\/dicodusport.fr\/blog\/biathlon-oberhof-france-de-simon-et-jacquelin-remporte-relais-mixte-simple\/\" \/>\n<meta property=\"og:locale\" content=\"fr_FR\" \/>\n<meta property=\"og:type\" content=\"article\" \/>\n<meta property=\"og:title\" content=\"Oberhof : La France de Simon et Jacquelin remporte le relais mixte simple !\" \/>\n<meta property=\"og:description\" content=\"COUPE DU MONDE DE BIATHLON - OBERHOF - Exceptionnels, Julia Simon et \u00c9milien Jacquelin ont remporte le relais mixte simple ce dimanche \u00e0 Oberhof (Allemagne).\" \/>\n<meta property=\"og:url\" content=\"https:\/\/dicodusport.fr\/blog\/biathlon-oberhof-france-de-simon-et-jacquelin-remporte-relais-mixte-simple\/\" \/>\n<meta property=\"og:site_name\" content=\"Dicodusport\" \/>\n<meta property=\"article:publisher\" content=\"https:\/\/www.facebook.com\/dicodusport\" \/>\n<meta property=\"article:author\" content=\"https:\/\/www.facebook.com\/florent.ostermann\" \/>\n<meta property=\"article:published_time\" content=\"2021-01-10T14:22:25+00:00\" \/>\n<meta property=\"article:modified_time\" content=\"2021-01-10T14:46:00+00:00\" \/>\n<meta property=\"og:image\" content=\"https:\/\/dicodusport.fr\/blog\/wp-content\/uploads\/2021\/01\/Oberhof-La-France-de-Simon-et-Jacquelin-remporte-le-relais-mixte-simple.png\" \/>\n\t<meta property=\"og:image:width\" content=\"800\" \/>\n\t<meta property=\"og:image:height\" content=\"445\" \/>\n\t<meta property=\"og:image:type\" content=\"image\/png\" \/>\n<meta name=\"author\" content=\"Flo Ostermann\" \/>\n<meta name=\"twitter:card\" content=\"summary_large_image\" \/>\n<meta name=\"twitter:title\" content=\"Oberhof : La France de Simon et Jacquelin remporte le relais mixte simple !\" \/>\n<meta name=\"twitter:creator\" content=\"@https:\/\/twitter.com\/FlOstermann\" \/>\n<meta name=\"twitter:site\" content=\"@dicodusport\" \/>\n<script type=\"application\/ld+json\" class=\"yoast-schema-graph\">{\"@context\":\"https:\/\/schema.org\",\"@graph\":[{\"@type\":\"NewsArticle\",\"@id\":\"https:\/\/dicodusport.fr\/blog\/biathlon-oberhof-france-de-simon-et-jacquelin-remporte-relais-mixte-simple\/#article\",\"isPartOf\":{\"@id\":\"https:\/\/dicodusport.fr\/blog\/biathlon-oberhof-france-de-simon-et-jacquelin-remporte-relais-mixte-simple\/\"},\"author\":{\"name\":\"Flo Ostermann\",\"@id\":\"https:\/\/dicodusport.fr\/blog\/#\/schema\/person\/cb02af4c173ce4a653b55e9baf388d4a\"},\"headline\":\"Oberhof : La France de Simon et Jacquelin remporte le relais mixte simple !\",\"datePublished\":\"2021-01-10T14:22:25+00:00\",\"dateModified\":\"2021-01-10T14:46:00+00:00\",\"mainEntityOfPage\":{\"@id\":\"https:\/\/dicodusport.fr\/blog\/biathlon-oberhof-france-de-simon-et-jacquelin-remporte-relais-mixte-simple\/\"},\"wordCount\":337,\"commentCount\":1,\"publisher\":{\"@id\":\"https:\/\/dicodusport.fr\/blog\/#organization\"},\"image\":{\"@id\":\"https:\/\/dicodusport.fr\/blog\/biathlon-oberhof-france-de-simon-et-jacquelin-remporte-relais-mixte-simple\/#primaryimage\"},\"thumbnailUrl\":\"https:\/\/dicodusport.fr\/blog\/wp-content\/uploads\/2021\/01\/Oberhof-La-France-de-Simon-et-Jacquelin-remporte-le-relais-mixte-simple.png\",\"keywords\":[\"Biathlon Oberhof\",\"Oberhof\",\"Relais mixte simple Oberhof\",\"sport\"],\"articleSection\":[\"Coupe du monde de biathlon\"],\"inLanguage\":\"fr-FR\",\"potentialAction\":[{\"@type\":\"CommentAction\",\"name\":\"Comment\",\"target\":[\"https:\/\/dicodusport.fr\/blog\/biathlon-oberhof-france-de-simon-et-jacquelin-remporte-relais-mixte-simple\/#respond\"]}],\"copyrightYear\":\"2021\",\"copyrightHolder\":{\"@id\":\"https:\/\/dicodusport.fr\/blog\/#organization\"}},{\"@type\":\"WebPage\",\"@id\":\"https:\/\/dicodusport.fr\/blog\/biathlon-oberhof-france-de-simon-et-jacquelin-remporte-relais-mixte-simple\/\",\"url\":\"https:\/\/dicodusport.fr\/blog\/biathlon-oberhof-france-de-simon-et-jacquelin-remporte-relais-mixte-simple\/\",\"name\":\"Oberhof : La France de Simon et Jacquelin remporte le relais mixte simple !\",\"isPartOf\":{\"@id\":\"https:\/\/dicodusport.fr\/blog\/#website\"},\"primaryImageOfPage\":{\"@id\":\"https:\/\/dicodusport.fr\/blog\/biathlon-oberhof-france-de-simon-et-jacquelin-remporte-relais-mixte-simple\/#primaryimage\"},\"image\":{\"@id\":\"https:\/\/dicodusport.fr\/blog\/biathlon-oberhof-france-de-simon-et-jacquelin-remporte-relais-mixte-simple\/#primaryimage\"},\"thumbnailUrl\":\"https:\/\/dicodusport.fr\/blog\/wp-content\/uploads\/2021\/01\/Oberhof-La-France-de-Simon-et-Jacquelin-remporte-le-relais-mixte-simple.png\",\"datePublished\":\"2021-01-10T14:22:25+00:00\",\"dateModified\":\"2021-01-10T14:46:00+00:00\",\"description\":\"COUPE DU MONDE DE BIATHLON - OBERHOF - Exceptionnels, Julia Simon et \u00c9milien Jacquelin ont remporte le relais mixte simple ce dimanche \u00e0 Oberhof (Allemagne).\",\"breadcrumb\":{\"@id\":\"https:\/\/dicodusport.fr\/blog\/biathlon-oberhof-france-de-simon-et-jacquelin-remporte-relais-mixte-simple\/#breadcrumb\"},\"inLanguage\":\"fr-FR\",\"potentialAction\":[{\"@type\":\"ReadAction\",\"target\":[\"https:\/\/dicodusport.fr\/blog\/biathlon-oberhof-france-de-simon-et-jacquelin-remporte-relais-mixte-simple\/\"]}]},{\"@type\":\"ImageObject\",\"inLanguage\":\"fr-FR\",\"@id\":\"https:\/\/dicodusport.fr\/blog\/biathlon-oberhof-france-de-simon-et-jacquelin-remporte-relais-mixte-simple\/#primaryimage\",\"url\":\"https:\/\/dicodusport.fr\/blog\/wp-content\/uploads\/2021\/01\/Oberhof-La-France-de-Simon-et-Jacquelin-remporte-le-relais-mixte-simple.png\",\"contentUrl\":\"https:\/\/dicodusport.fr\/blog\/wp-content\/uploads\/2021\/01\/Oberhof-La-France-de-Simon-et-Jacquelin-remporte-le-relais-mixte-simple.png\",\"width\":800,\"height\":445,\"caption\":\"Biathlon - Nove Mesto : la startlist du relais mixte simple\"},{\"@type\":\"BreadcrumbList\",\"@id\":\"https:\/\/dicodusport.fr\/blog\/biathlon-oberhof-france-de-simon-et-jacquelin-remporte-relais-mixte-simple\/#breadcrumb\",\"itemListElement\":[{\"@type\":\"ListItem\",\"position\":1,\"name\":\"Accueil\",\"item\":\"https:\/\/dicodusport.fr\/blog\/\"},{\"@type\":\"ListItem\",\"position\":2,\"name\":\"Oberhof : La France de Simon et Jacquelin remporte le relais mixte simple !\"}]},{\"@type\":\"WebSite\",\"@id\":\"https:\/\/dicodusport.fr\/blog\/#website\",\"url\":\"https:\/\/dicodusport.fr\/blog\/\",\"name\":\"Dicodusport\",\"description\":\"L&#039;encyclop\u00e9die de l&#039;actualit\u00e9 sportive\",\"publisher\":{\"@id\":\"https:\/\/dicodusport.fr\/blog\/#organization\"},\"potentialAction\":[{\"@type\":\"SearchAction\",\"target\":{\"@type\":\"EntryPoint\",\"urlTemplate\":\"https:\/\/dicodusport.fr\/blog\/?s={search_term_string}\"},\"query-input\":{\"@type\":\"PropertyValueSpecification\",\"valueRequired\":true,\"valueName\":\"search_term_string\"}}],\"inLanguage\":\"fr-FR\"},{\"@type\":\"NewsMediaOrganization\",\"@id\":\"https:\/\/dicodusport.fr\/blog\/#organization\",\"name\":\"Dicodusport\",\"url\":\"https:\/\/dicodusport.fr\/blog\/\",\"logo\":{\"@type\":\"ImageObject\",\"inLanguage\":\"fr-FR\",\"@id\":\"https:\/\/dicodusport.fr\/blog\/#\/schema\/logo\/image\/\",\"url\":\"https:\/\/dicodusport.fr\/blog\/wp-content\/uploads\/2020\/06\/cropped-LOGO-DICODUSPORT-2020-SANS-FOND-SANS-TEXTE.png\",\"contentUrl\":\"https:\/\/dicodusport.fr\/blog\/wp-content\/uploads\/2020\/06\/cropped-LOGO-DICODUSPORT-2020-SANS-FOND-SANS-TEXTE.png\",\"width\":512,\"height\":512,\"caption\":\"Dicodusport\"},\"image\":{\"@id\":\"https:\/\/dicodusport.fr\/blog\/#\/schema\/logo\/image\/\"},\"sameAs\":[\"https:\/\/www.facebook.com\/dicodusport\",\"https:\/\/x.com\/dicodusport\",\"https:\/\/www.instagram.com\/dicodusport\/\",\"https:\/\/www.youtube.com\/channel\/UC7V2KZ5sd3htJivAbA4ZG3w\"],\"description\":\"Dicodusport est l'encyclop\u00e9die de l'actualit\u00e9 sportive.\",\"email\":\"bonjour@dicodusport.fr\",\"legalName\":\"DICODUSPORT\",\"foundingDate\":\"2018-01-14\",\"vatID\":\"FR71834470973\",\"taxID\":\"83447097300043\",\"numberOfEmployees\":{\"@type\":\"QuantitativeValue\",\"minValue\":\"1\",\"maxValue\":\"10\"}},{\"@type\":\"Person\",\"@id\":\"https:\/\/dicodusport.fr\/blog\/#\/schema\/person\/cb02af4c173ce4a653b55e9baf388d4a\",\"name\":\"Flo Ostermann\",\"image\":{\"@type\":\"ImageObject\",\"inLanguage\":\"fr-FR\",\"@id\":\"https:\/\/dicodusport.fr\/blog\/#\/schema\/person\/image\/\",\"url\":\"https:\/\/dicodusport.fr\/blog\/wp-content\/uploads\/2021\/05\/Flo-Ostermann-150x150.jpg\",\"contentUrl\":\"https:\/\/dicodusport.fr\/blog\/wp-content\/uploads\/2021\/05\/Flo-Ostermann-150x150.jpg\",\"caption\":\"Flo Ostermann\"},\"description\":\"Journaliste\/R\u00e9dacteur depuis septembre 2015 - Mes premiers souvenirs dans le sport ? Les envol\u00e9es du Stade Toulousain et les duels Villeneuve-Schumacher et H\u00e4kkinen-Schumacher \u00e0 la fin des ann\u00e9es 90, la Coupe du monde de football en 1998, l\u2019exploit du XV de France face aux All Blacks en 1999, mais aussi Richard C\u0153ur de Lion qui vole sur les montagnes du Tour de France. Bien parti pour devenir professeur d\u2019EPS, les \u00e9v\u00e9nements de la vie (et la flemme d\u2019animer des s\u00e9ances de 3x500 m\u00e8tres toute ma vie) m\u2019ont conduit \u00e0 revoir mes plans. Me voil\u00e0 depuis fin 2017 sur Dicodusport, m\u00e9dia gr\u00e2ce (et pour) lequel je partage ma passion : le sport dans tous ses \u00e9tats. Le tout accompagn\u00e9 par les fous furieux et folles furieuses cit\u00e9s sur cette page !\",\"sameAs\":[\"https:\/\/www.facebook.com\/florent.ostermann\",\"https:\/\/x.com\/https:\/\/twitter.com\/FlOstermann\",\"admin\"],\"url\":\"https:\/\/dicodusport.fr\/blog\/author\/flo\/\"}]}<\/script>\n<!-- \/ Yoast SEO Premium plugin. -->","yoast_head_json":{"title":"Oberhof : La France de Simon et Jacquelin remporte le relais mixte simple !","description":"COUPE DU MONDE DE BIATHLON - OBERHOF - Exceptionnels, Julia Simon et \u00c9milien Jacquelin ont remporte le relais mixte simple ce dimanche \u00e0 Oberhof (Allemagne).","robots":{"index":"index","follow":"follow","max-snippet":"max-snippet:-1","max-image-preview":"max-image-preview:large","max-video-preview":"max-video-preview:-1"},"canonical":"https:\/\/dicodusport.fr\/blog\/biathlon-oberhof-france-de-simon-et-jacquelin-remporte-relais-mixte-simple\/","og_locale":"fr_FR","og_type":"article","og_title":"Oberhof : La France de Simon et Jacquelin remporte le relais mixte simple !","og_description":"COUPE DU MONDE DE BIATHLON - OBERHOF - Exceptionnels, Julia Simon et \u00c9milien Jacquelin ont remporte le relais mixte simple ce dimanche \u00e0 Oberhof (Allemagne).","og_url":"https:\/\/dicodusport.fr\/blog\/biathlon-oberhof-france-de-simon-et-jacquelin-remporte-relais-mixte-simple\/","og_site_name":"Dicodusport","article_publisher":"https:\/\/www.facebook.com\/dicodusport","article_author":"https:\/\/www.facebook.com\/florent.ostermann","article_published_time":"2021-01-10T14:22:25+00:00","article_modified_time":"2021-01-10T14:46:00+00:00","og_image":[{"width":800,"height":445,"url":"https:\/\/dicodusport.fr\/blog\/wp-content\/uploads\/2021\/01\/Oberhof-La-France-de-Simon-et-Jacquelin-remporte-le-relais-mixte-simple.png","type":"image\/png"}],"author":"Flo Ostermann","twitter_card":"summary_large_image","twitter_title":"Oberhof : La France de Simon et Jacquelin remporte le relais mixte simple !","twitter_creator":"@https:\/\/twitter.com\/FlOstermann","twitter_site":"@dicodusport","schema":{"@context":"https:\/\/schema.org","@graph":[{"@type":"NewsArticle","@id":"https:\/\/dicodusport.fr\/blog\/biathlon-oberhof-france-de-simon-et-jacquelin-remporte-relais-mixte-simple\/#article","isPartOf":{"@id":"https:\/\/dicodusport.fr\/blog\/biathlon-oberhof-france-de-simon-et-jacquelin-remporte-relais-mixte-simple\/"},"author":{"name":"Flo Ostermann","@id":"https:\/\/dicodusport.fr\/blog\/#\/schema\/person\/cb02af4c173ce4a653b55e9baf388d4a"},"headline":"Oberhof : La France de Simon et Jacquelin remporte le relais mixte simple !","datePublished":"2021-01-10T14:22:25+00:00","dateModified":"2021-01-10T14:46:00+00:00","mainEntityOfPage":{"@id":"https:\/\/dicodusport.fr\/blog\/biathlon-oberhof-france-de-simon-et-jacquelin-remporte-relais-mixte-simple\/"},"wordCount":337,"commentCount":1,"publisher":{"@id":"https:\/\/dicodusport.fr\/blog\/#organization"},"image":{"@id":"https:\/\/dicodusport.fr\/blog\/biathlon-oberhof-france-de-simon-et-jacquelin-remporte-relais-mixte-simple\/#primaryimage"},"thumbnailUrl":"https:\/\/dicodusport.fr\/blog\/wp-content\/uploads\/2021\/01\/Oberhof-La-France-de-Simon-et-Jacquelin-remporte-le-relais-mixte-simple.png","keywords":["Biathlon Oberhof","Oberhof","Relais mixte simple Oberhof","sport"],"articleSection":["Coupe du monde de biathlon"],"inLanguage":"fr-FR","potentialAction":[{"@type":"CommentAction","name":"Comment","target":["https:\/\/dicodusport.fr\/blog\/biathlon-oberhof-france-de-simon-et-jacquelin-remporte-relais-mixte-simple\/#respond"]}],"copyrightYear":"2021","copyrightHolder":{"@id":"https:\/\/dicodusport.fr\/blog\/#organization"}},{"@type":"WebPage","@id":"https:\/\/dicodusport.fr\/blog\/biathlon-oberhof-france-de-simon-et-jacquelin-remporte-relais-mixte-simple\/","url":"https:\/\/dicodusport.fr\/blog\/biathlon-oberhof-france-de-simon-et-jacquelin-remporte-relais-mixte-simple\/","name":"Oberhof : La France de Simon et Jacquelin remporte le relais mixte simple !","isPartOf":{"@id":"https:\/\/dicodusport.fr\/blog\/#website"},"primaryImageOfPage":{"@id":"https:\/\/dicodusport.fr\/blog\/biathlon-oberhof-france-de-simon-et-jacquelin-remporte-relais-mixte-simple\/#primaryimage"},"image":{"@id":"https:\/\/dicodusport.fr\/blog\/biathlon-oberhof-france-de-simon-et-jacquelin-remporte-relais-mixte-simple\/#primaryimage"},"thumbnailUrl":"https:\/\/dicodusport.fr\/blog\/wp-content\/uploads\/2021\/01\/Oberhof-La-France-de-Simon-et-Jacquelin-remporte-le-relais-mixte-simple.png","datePublished":"2021-01-10T14:22:25+00:00","dateModified":"2021-01-10T14:46:00+00:00","description":"COUPE DU MONDE DE BIATHLON - OBERHOF - Exceptionnels, Julia Simon et \u00c9milien Jacquelin ont remporte le relais mixte simple ce dimanche \u00e0 Oberhof (Allemagne).","breadcrumb":{"@id":"https:\/\/dicodusport.fr\/blog\/biathlon-oberhof-france-de-simon-et-jacquelin-remporte-relais-mixte-simple\/#breadcrumb"},"inLanguage":"fr-FR","potentialAction":[{"@type":"ReadAction","target":["https:\/\/dicodusport.fr\/blog\/biathlon-oberhof-france-de-simon-et-jacquelin-remporte-relais-mixte-simple\/"]}]},{"@type":"ImageObject","inLanguage":"fr-FR","@id":"https:\/\/dicodusport.fr\/blog\/biathlon-oberhof-france-de-simon-et-jacquelin-remporte-relais-mixte-simple\/#primaryimage","url":"https:\/\/dicodusport.fr\/blog\/wp-content\/uploads\/2021\/01\/Oberhof-La-France-de-Simon-et-Jacquelin-remporte-le-relais-mixte-simple.png","contentUrl":"https:\/\/dicodusport.fr\/blog\/wp-content\/uploads\/2021\/01\/Oberhof-La-France-de-Simon-et-Jacquelin-remporte-le-relais-mixte-simple.png","width":800,"height":445,"caption":"Biathlon - Nove Mesto : la startlist du relais mixte simple"},{"@type":"BreadcrumbList","@id":"https:\/\/dicodusport.fr\/blog\/biathlon-oberhof-france-de-simon-et-jacquelin-remporte-relais-mixte-simple\/#breadcrumb","itemListElement":[{"@type":"ListItem","position":1,"name":"Accueil","item":"https:\/\/dicodusport.fr\/blog\/"},{"@type":"ListItem","position":2,"name":"Oberhof : La France de Simon et Jacquelin remporte le relais mixte simple !"}]},{"@type":"WebSite","@id":"https:\/\/dicodusport.fr\/blog\/#website","url":"https:\/\/dicodusport.fr\/blog\/","name":"Dicodusport","description":"L&#039;encyclop\u00e9die de l&#039;actualit\u00e9 sportive","publisher":{"@id":"https:\/\/dicodusport.fr\/blog\/#organization"},"potentialAction":[{"@type":"SearchAction","target":{"@type":"EntryPoint","urlTemplate":"https:\/\/dicodusport.fr\/blog\/?s={search_term_string}"},"query-input":{"@type":"PropertyValueSpecification","valueRequired":true,"valueName":"search_term_string"}}],"inLanguage":"fr-FR"},{"@type":"NewsMediaOrganization","@id":"https:\/\/dicodusport.fr\/blog\/#organization","name":"Dicodusport","url":"https:\/\/dicodusport.fr\/blog\/","logo":{"@type":"ImageObject","inLanguage":"fr-FR","@id":"https:\/\/dicodusport.fr\/blog\/#\/schema\/logo\/image\/","url":"https:\/\/dicodusport.fr\/blog\/wp-content\/uploads\/2020\/06\/cropped-LOGO-DICODUSPORT-2020-SANS-FOND-SANS-TEXTE.png","contentUrl":"https:\/\/dicodusport.fr\/blog\/wp-content\/uploads\/2020\/06\/cropped-LOGO-DICODUSPORT-2020-SANS-FOND-SANS-TEXTE.png","width":512,"height":512,"caption":"Dicodusport"},"image":{"@id":"https:\/\/dicodusport.fr\/blog\/#\/schema\/logo\/image\/"},"sameAs":["https:\/\/www.facebook.com\/dicodusport","https:\/\/x.com\/dicodusport","https:\/\/www.instagram.com\/dicodusport\/","https:\/\/www.youtube.com\/channel\/UC7V2KZ5sd3htJivAbA4ZG3w"],"description":"Dicodusport est l'encyclop\u00e9die de l'actualit\u00e9 sportive.","email":"bonjour@dicodusport.fr","legalName":"DICODUSPORT","foundingDate":"2018-01-14","vatID":"FR71834470973","taxID":"83447097300043","numberOfEmployees":{"@type":"QuantitativeValue","minValue":"1","maxValue":"10"}},{"@type":"Person","@id":"https:\/\/dicodusport.fr\/blog\/#\/schema\/person\/cb02af4c173ce4a653b55e9baf388d4a","name":"Flo Ostermann","image":{"@type":"ImageObject","inLanguage":"fr-FR","@id":"https:\/\/dicodusport.fr\/blog\/#\/schema\/person\/image\/","url":"https:\/\/dicodusport.fr\/blog\/wp-content\/uploads\/2021\/05\/Flo-Ostermann-150x150.jpg","contentUrl":"https:\/\/dicodusport.fr\/blog\/wp-content\/uploads\/2021\/05\/Flo-Ostermann-150x150.jpg","caption":"Flo Ostermann"},"description":"Journaliste\/R\u00e9dacteur depuis septembre 2015 - Mes premiers souvenirs dans le sport ? Les envol\u00e9es du Stade Toulousain et les duels Villeneuve-Schumacher et H\u00e4kkinen-Schumacher \u00e0 la fin des ann\u00e9es 90, la Coupe du monde de football en 1998, l\u2019exploit du XV de France face aux All Blacks en 1999, mais aussi Richard C\u0153ur de Lion qui vole sur les montagnes du Tour de France. Bien parti pour devenir professeur d\u2019EPS, les \u00e9v\u00e9nements de la vie (et la flemme d\u2019animer des s\u00e9ances de 3x500 m\u00e8tres toute ma vie) m\u2019ont conduit \u00e0 revoir mes plans. Me voil\u00e0 depuis fin 2017 sur Dicodusport, m\u00e9dia gr\u00e2ce (et pour) lequel je partage ma passion : le sport dans tous ses \u00e9tats. Le tout accompagn\u00e9 par les fous furieux et folles furieuses cit\u00e9s sur cette page !","sameAs":["https:\/\/www.facebook.com\/florent.ostermann","https:\/\/x.com\/https:\/\/twitter.com\/FlOstermann","admin"],"url":"https:\/\/dicodusport.fr\/blog\/author\/flo\/"}]}},"_links":{"self":[{"href":"https:\/\/dicodusport.fr\/blog\/wp-json\/wp\/v2\/posts\/98244","targetHints":{"allow":["GET"]}}],"collection":[{"href":"https:\/\/dicodusport.fr\/blog\/wp-json\/wp\/v2\/posts"}],"about":[{"href":"https:\/\/dicodusport.fr\/blog\/wp-json\/wp\/v2\/types\/post"}],"author":[{"embeddable":true,"href":"https:\/\/dicodusport.fr\/blog\/wp-json\/wp\/v2\/users\/4"}],"replies":[{"embeddable":true,"href":"https:\/\/dicodusport.fr\/blog\/wp-json\/wp\/v2\/comments?post=98244"}],"version-history":[{"count":0,"href":"https:\/\/dicodusport.fr\/blog\/wp-json\/wp\/v2\/posts\/98244\/revisions"}],"wp:featuredmedia":[{"embeddable":true,"href":"https:\/\/dicodusport.fr\/blog\/wp-json\/wp\/v2\/media\/98255"}],"wp:attachment":[{"href":"https:\/\/dicodusport.fr\/blog\/wp-json\/wp\/v2\/media?parent=98244"}],"wp:term":[{"taxonomy":"category","embeddable":true,"href":"https:\/\/dicodusport.fr\/blog\/wp-json\/wp\/v2\/categories?post=98244"},{"taxonomy":"post_tag","embeddable":true,"href":"https:\/\/dicodusport.fr\/blog\/wp-json\/wp\/v2\/tags?post=98244"}],"curies":[{"name":"wp","href":"https:\/\/api.w.org\/{rel}","templated":true}]}}