{"id":98870,"date":"2021-01-13T15:31:40","date_gmt":"2021-01-13T14:31:40","guid":{"rendered":"https:\/\/dicodusport.fr\/blog\/?p=98870&#038;preview=true&#038;preview_id=98870"},"modified":"2021-01-13T15:52:04","modified_gmt":"2021-01-13T14:52:04","slug":"oberhof-johannes-boe-remporte-sprint-en-patron","status":"publish","type":"post","link":"https:\/\/dicodusport.fr\/blog\/oberhof-johannes-boe-remporte-sprint-en-patron\/","title":{"rendered":"Oberhof : Johannes Boe remporte le sprint en patron"},"content":{"rendered":"<p style=\"text-align: justify;\"><strong><em><a href=\"https:\/\/dicodusport.fr\/blog\/biathlon-oberhof-programme-complet-6eme-etape-coupe-du-monde\/\" target=\"_blank\" rel=\"noopener noreferrer\">COUPE DU MONDE DE BIATHLON &#8211; OBERHOF<\/a> &#8211; Auteur d&rsquo;un 10\/10 derri\u00e8re la carabine, Johannes Boe a \u00e9t\u00e9 imp\u00e9rial pour remporter le deuxi\u00e8me sprint d&rsquo;Oberhof ce mercredi. Il devance son compatriote Sturla Laegreid et l&rsquo;Allemand Arnd Peiffer. Premier Fran\u00e7ais, Quentin Fillon Maillet est 8\u00e8me.<\/em><\/strong><\/p>\n<p style=\"text-align: justify;\">51\u00e8me victoire en Coupe du monde pour <strong>Johannes Boe<\/strong>, la 26\u00e8me sur un sprint. Ce mercredi, le leader du classement g\u00e9n\u00e9ral a donc remport\u00e9 la deuxi\u00e8me course \u00e0 deux tirs sur le site d&rsquo;Oberhof. Un sans-faute au tir et le meilleur temps de ski lui ont permis de s&rsquo;imposer pour la troisi\u00e8me fois cette saison, lui qui avait d\u00e9j\u00e0 triomph\u00e9 sur le sprint allemand la semaine pass\u00e9e. Le cadet des fr\u00e8res Boe confirme ainsi sa supr\u00e9matie sur cette \u00e9preuve.<\/p>\n<p style=\"text-align: justify;\">Deuxi\u00e8me, la grande r\u00e9v\u00e9lation de ce d\u00e9but de saison, <strong>Sturla Laegreid<\/strong>. Lui a aussi a \u00e9t\u00e9 impeccable derri\u00e8re la carabine (10\/10), mais termine finalement \u00e0 12 secondes du boss, avec le deuxi\u00e8me temps sur la piste. L&rsquo;Allemand <strong>Arnd Peiffer<\/strong> (10\/10) compl\u00e8te le podium. Premier Fran\u00e7ais, <strong>Quentin Fillon Maillet<\/strong> prend la 8\u00e8me place (9\/10) et rel\u00e8ve la t\u00eate, lui qui avait craqu\u00e9 sur le premier sprint dans le Thuringe il y a moins d&rsquo;une semaine.<\/p>\n<blockquote class=\"twitter-tweet\">\n<p dir=\"ltr\" lang=\"fr\">Le sans faute pour Johannes Boe &#x1f644;<a href=\"https:\/\/twitter.com\/hashtag\/lequipeBIATHLON?src=hash&amp;ref_src=twsrc%5Etfw\">#lequipeBIATHLON<\/a> <a href=\"https:\/\/t.co\/3grHQV7qZT\">pic.twitter.com\/3grHQV7qZT<\/a><\/p>\n<p>\u2014 la chaine L&rsquo;\u00c9quipe (@lachainelequipe) <a href=\"https:\/\/twitter.com\/lachainelequipe\/status\/1349359859649695744?ref_src=twsrc%5Etfw\">January 13, 2021<\/a><\/p><\/blockquote>\n<p><script async src=\"https:\/\/platform.twitter.com\/widgets.js\" charset=\"utf-8\"><\/script><\/p>\n<h2 style=\"text-align: justify;\">Le classement des Fran\u00e7ais<\/h2>\n<p style=\"text-align: justify;\">8. Quentin Fillon Maillet \u00e0 46.3 secondes de Johannes Boe &#8211; 9\/10 au tir (0-1)<br \/>\n14. \u00c9milien Jacquelin \u00e0 1:04.5 &#8211; 9\/10 au tir (1-0)<br \/>\n26. Antonin Guigonnat \u00e0 1:44.3 &#8211; 8\/10 au tir (0-2)<br \/>\n27. Simon Desthieux \u00e0 1:44.8 &#8211; 8\/10 au tir (0-2)<br \/>\n67. \u00c9milien Claude \u00e0 2:57.1 &#8211; 7\/10 au tir (1-2)<br \/>\n73. Fabien Claude \u00e0 3:09.9 &#8211; 5\/10 au tir (3-2)<\/p>\n<h2 style=\"text-align: justify;\">\u00c0 lire aussi<\/h2>\n<ul>\n<li><a href=\"https:\/\/dicodusport.fr\/blog\/biathlon-oberhof-classement-deuxieme-sprint-hommes\/\" target=\"_blank\" rel=\"noopener noreferrer\"><strong>Biathlon \u2013 Oberhof : le classement du deuxi\u00e8me sprint hommes<\/strong><\/a><\/li>\n<li style=\"text-align: justify;\"><a href=\"https:\/\/dicodusport.fr\/blog\/biathlon-coupe-du-monde-2020-2021-classement-general-hommes\/\" target=\"_blank\" rel=\"noopener noreferrer\"><strong>Biathlon \u2013 Coupe du monde 2020\/2021 : le classement g\u00e9n\u00e9ral hommes<\/strong><\/a><\/li>\n<\/ul>\n<p><strong><em>Dicodusport<br \/>\n<a href=\"https:\/\/www.facebook.com\/dicodusport\/\" target=\"_blank\" rel=\"noopener noreferrer\"><img loading=\"lazy\" decoding=\"async\" class=\"alignnone wp-image-2909\" src=\"http:\/\/dicodusport.fr\/blog\/wp-content\/uploads\/2017\/07\/logo-facebook-150x150.png\" alt=\"\" width=\"40\" height=\"40\" \/><\/a><a href=\"https:\/\/twitter.com\/dicodusport\" target=\"_blank\" rel=\"noopener noreferrer\"><img loading=\"lazy\" decoding=\"async\" class=\"alignnone wp-image-2908\" src=\"http:\/\/dicodusport.fr\/blog\/wp-content\/uploads\/2017\/07\/logo-twitter-150x150.png\" alt=\"\" width=\"39\" height=\"39\" \/><\/a><\/em><\/strong><\/p>\n","protected":false},"excerpt":{"rendered":"<p>COUPE DU MONDE DE BIATHLON &#8211; OBERHOF &#8211; Auteur d&rsquo;un 10\/10 derri\u00e8re la carabine, Johannes Boe a \u00e9t\u00e9 imp\u00e9rial pour remporter le deuxi\u00e8me sprint d&rsquo;Oberhof ce mercredi. Il devance son compatriote Sturla Laegreid et l&rsquo;Allemand Arnd Peiffer. Premier Fran\u00e7ais, Quentin Fillon Maillet est 8\u00e8me.<\/p>\n","protected":false},"author":4,"featured_media":98897,"comment_status":"open","ping_status":"closed","sticky":false,"template":"","format":"standard","meta":{"_acf_changed":false,"_daextam_enable_autolinks":"","footnotes":""},"categories":[47040],"tags":[13159,3258],"class_list":["post-98870","post","type-post","status-publish","format-standard","has-post-thumbnail","hentry","category-coupe-du-monde-de-biathlon","tag-biathlon-oberhof","tag-oberhof"],"acf":[],"yoast_head":"<!-- This site is optimized with the Yoast SEO Premium plugin v26.7 (Yoast SEO v26.7) - https:\/\/yoast.com\/wordpress\/plugins\/seo\/ -->\n<title>Oberhof : Johannes Boe remporte le sprint en patron<\/title>\n<meta name=\"description\" content=\"COUPE DU MONDE DE BIATHLON - OBERHOF - Johannes Boe a \u00e9t\u00e9 imp\u00e9rial pour remporter le deuxi\u00e8me sprint d&#039;Oberhof ce mercredi.\" \/>\n<meta name=\"robots\" content=\"index, follow, max-snippet:-1, max-image-preview:large, max-video-preview:-1\" \/>\n<link rel=\"canonical\" href=\"https:\/\/dicodusport.fr\/blog\/oberhof-johannes-boe-remporte-sprint-en-patron\/\" \/>\n<meta property=\"og:locale\" content=\"fr_FR\" \/>\n<meta property=\"og:type\" content=\"article\" \/>\n<meta property=\"og:title\" content=\"Oberhof : Johannes Boe remporte le sprint en patron\" \/>\n<meta property=\"og:description\" content=\"COUPE DU MONDE DE BIATHLON - OBERHOF - Johannes Boe a \u00e9t\u00e9 imp\u00e9rial pour remporter le deuxi\u00e8me sprint d&#039;Oberhof ce mercredi.\" \/>\n<meta property=\"og:url\" content=\"https:\/\/dicodusport.fr\/blog\/oberhof-johannes-boe-remporte-sprint-en-patron\/\" \/>\n<meta property=\"og:site_name\" content=\"Dicodusport\" \/>\n<meta property=\"article:publisher\" content=\"https:\/\/www.facebook.com\/dicodusport\" \/>\n<meta property=\"article:author\" content=\"https:\/\/www.facebook.com\/florent.ostermann\" \/>\n<meta property=\"article:published_time\" content=\"2021-01-13T14:31:40+00:00\" \/>\n<meta property=\"article:modified_time\" content=\"2021-01-13T14:52:04+00:00\" \/>\n<meta property=\"og:image\" content=\"https:\/\/dicodusport.fr\/blog\/wp-content\/uploads\/2021\/01\/Oberhof-Johannes-Boe-remporte-le-sprint-en-patron.png\" \/>\n\t<meta property=\"og:image:width\" content=\"800\" \/>\n\t<meta property=\"og:image:height\" content=\"445\" \/>\n\t<meta property=\"og:image:type\" content=\"image\/png\" \/>\n<meta name=\"author\" content=\"Flo Ostermann\" \/>\n<meta name=\"twitter:card\" content=\"summary_large_image\" \/>\n<meta name=\"twitter:title\" content=\"Oberhof : Johannes Boe remporte le sprint en patron\" \/>\n<meta name=\"twitter:creator\" content=\"@https:\/\/twitter.com\/FlOstermann\" \/>\n<meta name=\"twitter:site\" content=\"@dicodusport\" \/>\n<script type=\"application\/ld+json\" class=\"yoast-schema-graph\">{\"@context\":\"https:\/\/schema.org\",\"@graph\":[{\"@type\":\"NewsArticle\",\"@id\":\"https:\/\/dicodusport.fr\/blog\/oberhof-johannes-boe-remporte-sprint-en-patron\/#article\",\"isPartOf\":{\"@id\":\"https:\/\/dicodusport.fr\/blog\/oberhof-johannes-boe-remporte-sprint-en-patron\/\"},\"author\":{\"name\":\"Flo Ostermann\",\"@id\":\"https:\/\/dicodusport.fr\/blog\/#\/schema\/person\/cb02af4c173ce4a653b55e9baf388d4a\"},\"headline\":\"Oberhof : Johannes Boe remporte le sprint en patron\",\"datePublished\":\"2021-01-13T14:31:40+00:00\",\"dateModified\":\"2021-01-13T14:52:04+00:00\",\"mainEntityOfPage\":{\"@id\":\"https:\/\/dicodusport.fr\/blog\/oberhof-johannes-boe-remporte-sprint-en-patron\/\"},\"wordCount\":315,\"commentCount\":0,\"publisher\":{\"@id\":\"https:\/\/dicodusport.fr\/blog\/#organization\"},\"image\":{\"@id\":\"https:\/\/dicodusport.fr\/blog\/oberhof-johannes-boe-remporte-sprint-en-patron\/#primaryimage\"},\"thumbnailUrl\":\"https:\/\/dicodusport.fr\/blog\/wp-content\/uploads\/2021\/01\/Oberhof-Johannes-Boe-remporte-le-sprint-en-patron.png\",\"keywords\":[\"Biathlon Oberhof\",\"Oberhof\"],\"articleSection\":[\"Coupe du monde de biathlon\"],\"inLanguage\":\"fr-FR\",\"potentialAction\":[{\"@type\":\"CommentAction\",\"name\":\"Comment\",\"target\":[\"https:\/\/dicodusport.fr\/blog\/oberhof-johannes-boe-remporte-sprint-en-patron\/#respond\"]}],\"copyrightYear\":\"2021\",\"copyrightHolder\":{\"@id\":\"https:\/\/dicodusport.fr\/blog\/#organization\"}},{\"@type\":\"WebPage\",\"@id\":\"https:\/\/dicodusport.fr\/blog\/oberhof-johannes-boe-remporte-sprint-en-patron\/\",\"url\":\"https:\/\/dicodusport.fr\/blog\/oberhof-johannes-boe-remporte-sprint-en-patron\/\",\"name\":\"Oberhof : Johannes Boe remporte le sprint en patron\",\"isPartOf\":{\"@id\":\"https:\/\/dicodusport.fr\/blog\/#website\"},\"primaryImageOfPage\":{\"@id\":\"https:\/\/dicodusport.fr\/blog\/oberhof-johannes-boe-remporte-sprint-en-patron\/#primaryimage\"},\"image\":{\"@id\":\"https:\/\/dicodusport.fr\/blog\/oberhof-johannes-boe-remporte-sprint-en-patron\/#primaryimage\"},\"thumbnailUrl\":\"https:\/\/dicodusport.fr\/blog\/wp-content\/uploads\/2021\/01\/Oberhof-Johannes-Boe-remporte-le-sprint-en-patron.png\",\"datePublished\":\"2021-01-13T14:31:40+00:00\",\"dateModified\":\"2021-01-13T14:52:04+00:00\",\"description\":\"COUPE DU MONDE DE BIATHLON - OBERHOF - Johannes Boe a \u00e9t\u00e9 imp\u00e9rial pour remporter le deuxi\u00e8me sprint d'Oberhof ce mercredi.\",\"breadcrumb\":{\"@id\":\"https:\/\/dicodusport.fr\/blog\/oberhof-johannes-boe-remporte-sprint-en-patron\/#breadcrumb\"},\"inLanguage\":\"fr-FR\",\"potentialAction\":[{\"@type\":\"ReadAction\",\"target\":[\"https:\/\/dicodusport.fr\/blog\/oberhof-johannes-boe-remporte-sprint-en-patron\/\"]}]},{\"@type\":\"ImageObject\",\"inLanguage\":\"fr-FR\",\"@id\":\"https:\/\/dicodusport.fr\/blog\/oberhof-johannes-boe-remporte-sprint-en-patron\/#primaryimage\",\"url\":\"https:\/\/dicodusport.fr\/blog\/wp-content\/uploads\/2021\/01\/Oberhof-Johannes-Boe-remporte-le-sprint-en-patron.png\",\"contentUrl\":\"https:\/\/dicodusport.fr\/blog\/wp-content\/uploads\/2021\/01\/Oberhof-Johannes-Boe-remporte-le-sprint-en-patron.png\",\"width\":800,\"height\":445,\"caption\":\"Biathlon - Antholz-Anterselva : notre pronostic pour la mass start hommes\"},{\"@type\":\"BreadcrumbList\",\"@id\":\"https:\/\/dicodusport.fr\/blog\/oberhof-johannes-boe-remporte-sprint-en-patron\/#breadcrumb\",\"itemListElement\":[{\"@type\":\"ListItem\",\"position\":1,\"name\":\"Accueil\",\"item\":\"https:\/\/dicodusport.fr\/blog\/\"},{\"@type\":\"ListItem\",\"position\":2,\"name\":\"Oberhof : Johannes Boe remporte le sprint en patron\"}]},{\"@type\":\"WebSite\",\"@id\":\"https:\/\/dicodusport.fr\/blog\/#website\",\"url\":\"https:\/\/dicodusport.fr\/blog\/\",\"name\":\"Dicodusport\",\"description\":\"L&#039;encyclop\u00e9die de l&#039;actualit\u00e9 sportive\",\"publisher\":{\"@id\":\"https:\/\/dicodusport.fr\/blog\/#organization\"},\"potentialAction\":[{\"@type\":\"SearchAction\",\"target\":{\"@type\":\"EntryPoint\",\"urlTemplate\":\"https:\/\/dicodusport.fr\/blog\/?s={search_term_string}\"},\"query-input\":{\"@type\":\"PropertyValueSpecification\",\"valueRequired\":true,\"valueName\":\"search_term_string\"}}],\"inLanguage\":\"fr-FR\"},{\"@type\":\"NewsMediaOrganization\",\"@id\":\"https:\/\/dicodusport.fr\/blog\/#organization\",\"name\":\"Dicodusport\",\"url\":\"https:\/\/dicodusport.fr\/blog\/\",\"logo\":{\"@type\":\"ImageObject\",\"inLanguage\":\"fr-FR\",\"@id\":\"https:\/\/dicodusport.fr\/blog\/#\/schema\/logo\/image\/\",\"url\":\"https:\/\/dicodusport.fr\/blog\/wp-content\/uploads\/2020\/06\/cropped-LOGO-DICODUSPORT-2020-SANS-FOND-SANS-TEXTE.png\",\"contentUrl\":\"https:\/\/dicodusport.fr\/blog\/wp-content\/uploads\/2020\/06\/cropped-LOGO-DICODUSPORT-2020-SANS-FOND-SANS-TEXTE.png\",\"width\":512,\"height\":512,\"caption\":\"Dicodusport\"},\"image\":{\"@id\":\"https:\/\/dicodusport.fr\/blog\/#\/schema\/logo\/image\/\"},\"sameAs\":[\"https:\/\/www.facebook.com\/dicodusport\",\"https:\/\/x.com\/dicodusport\",\"https:\/\/www.instagram.com\/dicodusport\/\",\"https:\/\/www.youtube.com\/channel\/UC7V2KZ5sd3htJivAbA4ZG3w\"],\"description\":\"Dicodusport est l'encyclop\u00e9die de l'actualit\u00e9 sportive.\",\"email\":\"bonjour@dicodusport.fr\",\"legalName\":\"DICODUSPORT\",\"foundingDate\":\"2018-01-14\",\"vatID\":\"FR71834470973\",\"taxID\":\"83447097300043\",\"numberOfEmployees\":{\"@type\":\"QuantitativeValue\",\"minValue\":\"1\",\"maxValue\":\"10\"}},{\"@type\":\"Person\",\"@id\":\"https:\/\/dicodusport.fr\/blog\/#\/schema\/person\/cb02af4c173ce4a653b55e9baf388d4a\",\"name\":\"Flo Ostermann\",\"image\":{\"@type\":\"ImageObject\",\"inLanguage\":\"fr-FR\",\"@id\":\"https:\/\/dicodusport.fr\/blog\/#\/schema\/person\/image\/\",\"url\":\"https:\/\/dicodusport.fr\/blog\/wp-content\/uploads\/2021\/05\/Flo-Ostermann-150x150.jpg\",\"contentUrl\":\"https:\/\/dicodusport.fr\/blog\/wp-content\/uploads\/2021\/05\/Flo-Ostermann-150x150.jpg\",\"caption\":\"Flo Ostermann\"},\"description\":\"Journaliste\/R\u00e9dacteur depuis septembre 2015 - Mes premiers souvenirs dans le sport ? Les envol\u00e9es du Stade Toulousain et les duels Villeneuve-Schumacher et H\u00e4kkinen-Schumacher \u00e0 la fin des ann\u00e9es 90, la Coupe du monde de football en 1998, l\u2019exploit du XV de France face aux All Blacks en 1999, mais aussi Richard C\u0153ur de Lion qui vole sur les montagnes du Tour de France. Bien parti pour devenir professeur d\u2019EPS, les \u00e9v\u00e9nements de la vie (et la flemme d\u2019animer des s\u00e9ances de 3x500 m\u00e8tres toute ma vie) m\u2019ont conduit \u00e0 revoir mes plans. Me voil\u00e0 depuis fin 2017 sur Dicodusport, m\u00e9dia gr\u00e2ce (et pour) lequel je partage ma passion : le sport dans tous ses \u00e9tats. Le tout accompagn\u00e9 par les fous furieux et folles furieuses cit\u00e9s sur cette page !\",\"sameAs\":[\"https:\/\/www.facebook.com\/florent.ostermann\",\"https:\/\/x.com\/https:\/\/twitter.com\/FlOstermann\",\"admin\"],\"url\":\"https:\/\/dicodusport.fr\/blog\/author\/flo\/\"}]}<\/script>\n<!-- \/ Yoast SEO Premium plugin. -->","yoast_head_json":{"title":"Oberhof : Johannes Boe remporte le sprint en patron","description":"COUPE DU MONDE DE BIATHLON - OBERHOF - Johannes Boe a \u00e9t\u00e9 imp\u00e9rial pour remporter le deuxi\u00e8me sprint d'Oberhof ce mercredi.","robots":{"index":"index","follow":"follow","max-snippet":"max-snippet:-1","max-image-preview":"max-image-preview:large","max-video-preview":"max-video-preview:-1"},"canonical":"https:\/\/dicodusport.fr\/blog\/oberhof-johannes-boe-remporte-sprint-en-patron\/","og_locale":"fr_FR","og_type":"article","og_title":"Oberhof : Johannes Boe remporte le sprint en patron","og_description":"COUPE DU MONDE DE BIATHLON - OBERHOF - Johannes Boe a \u00e9t\u00e9 imp\u00e9rial pour remporter le deuxi\u00e8me sprint d'Oberhof ce mercredi.","og_url":"https:\/\/dicodusport.fr\/blog\/oberhof-johannes-boe-remporte-sprint-en-patron\/","og_site_name":"Dicodusport","article_publisher":"https:\/\/www.facebook.com\/dicodusport","article_author":"https:\/\/www.facebook.com\/florent.ostermann","article_published_time":"2021-01-13T14:31:40+00:00","article_modified_time":"2021-01-13T14:52:04+00:00","og_image":[{"width":800,"height":445,"url":"https:\/\/dicodusport.fr\/blog\/wp-content\/uploads\/2021\/01\/Oberhof-Johannes-Boe-remporte-le-sprint-en-patron.png","type":"image\/png"}],"author":"Flo Ostermann","twitter_card":"summary_large_image","twitter_title":"Oberhof : Johannes Boe remporte le sprint en patron","twitter_creator":"@https:\/\/twitter.com\/FlOstermann","twitter_site":"@dicodusport","schema":{"@context":"https:\/\/schema.org","@graph":[{"@type":"NewsArticle","@id":"https:\/\/dicodusport.fr\/blog\/oberhof-johannes-boe-remporte-sprint-en-patron\/#article","isPartOf":{"@id":"https:\/\/dicodusport.fr\/blog\/oberhof-johannes-boe-remporte-sprint-en-patron\/"},"author":{"name":"Flo Ostermann","@id":"https:\/\/dicodusport.fr\/blog\/#\/schema\/person\/cb02af4c173ce4a653b55e9baf388d4a"},"headline":"Oberhof : Johannes Boe remporte le sprint en patron","datePublished":"2021-01-13T14:31:40+00:00","dateModified":"2021-01-13T14:52:04+00:00","mainEntityOfPage":{"@id":"https:\/\/dicodusport.fr\/blog\/oberhof-johannes-boe-remporte-sprint-en-patron\/"},"wordCount":315,"commentCount":0,"publisher":{"@id":"https:\/\/dicodusport.fr\/blog\/#organization"},"image":{"@id":"https:\/\/dicodusport.fr\/blog\/oberhof-johannes-boe-remporte-sprint-en-patron\/#primaryimage"},"thumbnailUrl":"https:\/\/dicodusport.fr\/blog\/wp-content\/uploads\/2021\/01\/Oberhof-Johannes-Boe-remporte-le-sprint-en-patron.png","keywords":["Biathlon Oberhof","Oberhof"],"articleSection":["Coupe du monde de biathlon"],"inLanguage":"fr-FR","potentialAction":[{"@type":"CommentAction","name":"Comment","target":["https:\/\/dicodusport.fr\/blog\/oberhof-johannes-boe-remporte-sprint-en-patron\/#respond"]}],"copyrightYear":"2021","copyrightHolder":{"@id":"https:\/\/dicodusport.fr\/blog\/#organization"}},{"@type":"WebPage","@id":"https:\/\/dicodusport.fr\/blog\/oberhof-johannes-boe-remporte-sprint-en-patron\/","url":"https:\/\/dicodusport.fr\/blog\/oberhof-johannes-boe-remporte-sprint-en-patron\/","name":"Oberhof : Johannes Boe remporte le sprint en patron","isPartOf":{"@id":"https:\/\/dicodusport.fr\/blog\/#website"},"primaryImageOfPage":{"@id":"https:\/\/dicodusport.fr\/blog\/oberhof-johannes-boe-remporte-sprint-en-patron\/#primaryimage"},"image":{"@id":"https:\/\/dicodusport.fr\/blog\/oberhof-johannes-boe-remporte-sprint-en-patron\/#primaryimage"},"thumbnailUrl":"https:\/\/dicodusport.fr\/blog\/wp-content\/uploads\/2021\/01\/Oberhof-Johannes-Boe-remporte-le-sprint-en-patron.png","datePublished":"2021-01-13T14:31:40+00:00","dateModified":"2021-01-13T14:52:04+00:00","description":"COUPE DU MONDE DE BIATHLON - OBERHOF - Johannes Boe a \u00e9t\u00e9 imp\u00e9rial pour remporter le deuxi\u00e8me sprint d'Oberhof ce mercredi.","breadcrumb":{"@id":"https:\/\/dicodusport.fr\/blog\/oberhof-johannes-boe-remporte-sprint-en-patron\/#breadcrumb"},"inLanguage":"fr-FR","potentialAction":[{"@type":"ReadAction","target":["https:\/\/dicodusport.fr\/blog\/oberhof-johannes-boe-remporte-sprint-en-patron\/"]}]},{"@type":"ImageObject","inLanguage":"fr-FR","@id":"https:\/\/dicodusport.fr\/blog\/oberhof-johannes-boe-remporte-sprint-en-patron\/#primaryimage","url":"https:\/\/dicodusport.fr\/blog\/wp-content\/uploads\/2021\/01\/Oberhof-Johannes-Boe-remporte-le-sprint-en-patron.png","contentUrl":"https:\/\/dicodusport.fr\/blog\/wp-content\/uploads\/2021\/01\/Oberhof-Johannes-Boe-remporte-le-sprint-en-patron.png","width":800,"height":445,"caption":"Biathlon - Antholz-Anterselva : notre pronostic pour la mass start hommes"},{"@type":"BreadcrumbList","@id":"https:\/\/dicodusport.fr\/blog\/oberhof-johannes-boe-remporte-sprint-en-patron\/#breadcrumb","itemListElement":[{"@type":"ListItem","position":1,"name":"Accueil","item":"https:\/\/dicodusport.fr\/blog\/"},{"@type":"ListItem","position":2,"name":"Oberhof : Johannes Boe remporte le sprint en patron"}]},{"@type":"WebSite","@id":"https:\/\/dicodusport.fr\/blog\/#website","url":"https:\/\/dicodusport.fr\/blog\/","name":"Dicodusport","description":"L&#039;encyclop\u00e9die de l&#039;actualit\u00e9 sportive","publisher":{"@id":"https:\/\/dicodusport.fr\/blog\/#organization"},"potentialAction":[{"@type":"SearchAction","target":{"@type":"EntryPoint","urlTemplate":"https:\/\/dicodusport.fr\/blog\/?s={search_term_string}"},"query-input":{"@type":"PropertyValueSpecification","valueRequired":true,"valueName":"search_term_string"}}],"inLanguage":"fr-FR"},{"@type":"NewsMediaOrganization","@id":"https:\/\/dicodusport.fr\/blog\/#organization","name":"Dicodusport","url":"https:\/\/dicodusport.fr\/blog\/","logo":{"@type":"ImageObject","inLanguage":"fr-FR","@id":"https:\/\/dicodusport.fr\/blog\/#\/schema\/logo\/image\/","url":"https:\/\/dicodusport.fr\/blog\/wp-content\/uploads\/2020\/06\/cropped-LOGO-DICODUSPORT-2020-SANS-FOND-SANS-TEXTE.png","contentUrl":"https:\/\/dicodusport.fr\/blog\/wp-content\/uploads\/2020\/06\/cropped-LOGO-DICODUSPORT-2020-SANS-FOND-SANS-TEXTE.png","width":512,"height":512,"caption":"Dicodusport"},"image":{"@id":"https:\/\/dicodusport.fr\/blog\/#\/schema\/logo\/image\/"},"sameAs":["https:\/\/www.facebook.com\/dicodusport","https:\/\/x.com\/dicodusport","https:\/\/www.instagram.com\/dicodusport\/","https:\/\/www.youtube.com\/channel\/UC7V2KZ5sd3htJivAbA4ZG3w"],"description":"Dicodusport est l'encyclop\u00e9die de l'actualit\u00e9 sportive.","email":"bonjour@dicodusport.fr","legalName":"DICODUSPORT","foundingDate":"2018-01-14","vatID":"FR71834470973","taxID":"83447097300043","numberOfEmployees":{"@type":"QuantitativeValue","minValue":"1","maxValue":"10"}},{"@type":"Person","@id":"https:\/\/dicodusport.fr\/blog\/#\/schema\/person\/cb02af4c173ce4a653b55e9baf388d4a","name":"Flo Ostermann","image":{"@type":"ImageObject","inLanguage":"fr-FR","@id":"https:\/\/dicodusport.fr\/blog\/#\/schema\/person\/image\/","url":"https:\/\/dicodusport.fr\/blog\/wp-content\/uploads\/2021\/05\/Flo-Ostermann-150x150.jpg","contentUrl":"https:\/\/dicodusport.fr\/blog\/wp-content\/uploads\/2021\/05\/Flo-Ostermann-150x150.jpg","caption":"Flo Ostermann"},"description":"Journaliste\/R\u00e9dacteur depuis septembre 2015 - Mes premiers souvenirs dans le sport ? Les envol\u00e9es du Stade Toulousain et les duels Villeneuve-Schumacher et H\u00e4kkinen-Schumacher \u00e0 la fin des ann\u00e9es 90, la Coupe du monde de football en 1998, l\u2019exploit du XV de France face aux All Blacks en 1999, mais aussi Richard C\u0153ur de Lion qui vole sur les montagnes du Tour de France. Bien parti pour devenir professeur d\u2019EPS, les \u00e9v\u00e9nements de la vie (et la flemme d\u2019animer des s\u00e9ances de 3x500 m\u00e8tres toute ma vie) m\u2019ont conduit \u00e0 revoir mes plans. Me voil\u00e0 depuis fin 2017 sur Dicodusport, m\u00e9dia gr\u00e2ce (et pour) lequel je partage ma passion : le sport dans tous ses \u00e9tats. Le tout accompagn\u00e9 par les fous furieux et folles furieuses cit\u00e9s sur cette page !","sameAs":["https:\/\/www.facebook.com\/florent.ostermann","https:\/\/x.com\/https:\/\/twitter.com\/FlOstermann","admin"],"url":"https:\/\/dicodusport.fr\/blog\/author\/flo\/"}]}},"_links":{"self":[{"href":"https:\/\/dicodusport.fr\/blog\/wp-json\/wp\/v2\/posts\/98870","targetHints":{"allow":["GET"]}}],"collection":[{"href":"https:\/\/dicodusport.fr\/blog\/wp-json\/wp\/v2\/posts"}],"about":[{"href":"https:\/\/dicodusport.fr\/blog\/wp-json\/wp\/v2\/types\/post"}],"author":[{"embeddable":true,"href":"https:\/\/dicodusport.fr\/blog\/wp-json\/wp\/v2\/users\/4"}],"replies":[{"embeddable":true,"href":"https:\/\/dicodusport.fr\/blog\/wp-json\/wp\/v2\/comments?post=98870"}],"version-history":[{"count":0,"href":"https:\/\/dicodusport.fr\/blog\/wp-json\/wp\/v2\/posts\/98870\/revisions"}],"wp:featuredmedia":[{"embeddable":true,"href":"https:\/\/dicodusport.fr\/blog\/wp-json\/wp\/v2\/media\/98897"}],"wp:attachment":[{"href":"https:\/\/dicodusport.fr\/blog\/wp-json\/wp\/v2\/media?parent=98870"}],"wp:term":[{"taxonomy":"category","embeddable":true,"href":"https:\/\/dicodusport.fr\/blog\/wp-json\/wp\/v2\/categories?post=98870"},{"taxonomy":"post_tag","embeddable":true,"href":"https:\/\/dicodusport.fr\/blog\/wp-json\/wp\/v2\/tags?post=98870"}],"curies":[{"name":"wp","href":"https:\/\/api.w.org\/{rel}","templated":true}]}}