{"id":99235,"date":"2021-01-15T09:36:58","date_gmt":"2021-01-15T08:36:58","guid":{"rendered":"https:\/\/dicodusport.fr\/blog\/?p=99235&#038;preview=true&#038;preview_id=99235"},"modified":"2021-01-15T09:59:41","modified_gmt":"2021-01-15T08:59:41","slug":"dakar-2021-le-motard-pierre-cherpin-est-mort","status":"publish","type":"post","link":"https:\/\/dicodusport.fr\/blog\/dakar-2021-le-motard-pierre-cherpin-est-mort\/","title":{"rendered":"Dakar 2021 : le motard Pierre Cherpin est mort"},"content":{"rendered":"<p style=\"text-align: justify;\"><b><i><a href=\"https:\/\/dicodusport.fr\/blog\/actualites\/sports-mecaniques\/dakar\/\" target=\"_blank\" rel=\"noopener noreferrer\">DAKAR<\/a> &#8211; La famille du Dakar perd \u00e0 nouveau l&rsquo;un de ses membres. Le motard amateur Pierre Cherpin, 52 ans, est d\u00e9c\u00e9d\u00e9 lors de son rapatriement en France. C&rsquo;est sa famille qui a annonc\u00e9 la mauvaise nouvelle ce vendredi matin.<\/i><\/b><\/p>\n<p style=\"text-align: justify;\">Apr\u00e8s <a href=\"https:\/\/sport.francetvinfo.fr\/dakar\/hubert-auriol-legende-du-dakar-est-decede\" target=\"_blank\" rel=\"noopener noreferrer\"><strong>Hubert Auriol<\/strong><\/a>, c&rsquo;est un autre membre de la famille Dakar qui s&rsquo;est \u00e9teint. <strong>Pierre Cherpin<\/strong>, 52 ans, est en effet d\u00e9c\u00e9d\u00e9 dans la nuit de jeudi \u00e0 vendredi. Le pilote amateur, qui participait \u00e0 son 4\u00e8me Dakar apr\u00e8s avoir d\u00e9j\u00e0 particip\u00e9 au mythique rallye-raid en 2009, 2012 et 2015, avait subi une grosse chute dimanche dernier, lors de la 7\u00e8me \u00e9tape entre Ha&rsquo;il et Sakaka. Gravement bless\u00e9, op\u00e9r\u00e9 d&rsquo;urgence d&rsquo;un h\u00e9matome extra-dural, <strong>Pierre Cherpin<\/strong> souffrait d&rsquo;un traumatisme cr\u00e2nien mais aussi d&rsquo;un pneumothorax. Hospitalis\u00e9 en Arabie Saoudite depuis son accident, il \u00e9tait dans l&rsquo;avion m\u00e9dicalis\u00e9 pour l&rsquo;a\u00e9roport du Bourget au moment de son d\u00e9c\u00e8s. <em>\u00ab Pierre nous a quitt\u00e9 des suites d&rsquo;une fi\u00e8vre aig\u00fce probablement d&rsquo;origine c\u00e9r\u00e9brale dans l&rsquo;avion sanitaire qui l&rsquo;a d\u00e9pos\u00e9 au Bourget \u00bb<\/em>, a d\u00e9clar\u00e9 sa famille sur la page Facebook du pilote.<\/p>\n<p style=\"text-align: justify;\">Depuis sa cr\u00e9ation en 1979, <strong>Pierre Cherpin<\/strong> est le 22\u00e8me motard \u00e0 perdre la vie. Un nouveau d\u00e9c\u00e8s qui rappelle \u00e0 quel point le plus mythique des rallyes-raids est impitoyable. Toute l&rsquo;\u00e9quipe de Dicodusport adresse ses plus sinc\u00e8res condol\u00e9ances \u00e0 ses proches et sa famille.<\/p>\n<p><iframe loading=\"lazy\" style=\"border: none; overflow: hidden;\" src=\"https:\/\/www.facebook.com\/plugins\/post.php?href=https%3A%2F%2Fwww.facebook.com%2Fpermalink.php%3Fstory_fbid%3D3675302445884194%26id%3D737312449683223&amp;width=500&amp;show_text=true&amp;height=658&amp;appId\" width=\"500\" height=\"658\" frameborder=\"0\" scrolling=\"no\" allowfullscreen=\"allowfullscreen\"><\/iframe><\/p>\n<p><strong><em>Dicodusport<br \/>\n<a href=\"https:\/\/www.facebook.com\/dicodusport\/\" target=\"_blank\" rel=\"noopener noreferrer\"><img loading=\"lazy\" decoding=\"async\" class=\"alignnone wp-image-2909\" src=\"http:\/\/dicodusport.fr\/blog\/wp-content\/uploads\/2017\/07\/logo-facebook-150x150.png\" alt=\"\" width=\"40\" height=\"40\" \/><\/a><a href=\"https:\/\/twitter.com\/dicodusport\" target=\"_blank\" rel=\"noopener noreferrer\"><img loading=\"lazy\" decoding=\"async\" class=\"alignnone wp-image-2908\" src=\"http:\/\/dicodusport.fr\/blog\/wp-content\/uploads\/2017\/07\/logo-twitter-150x150.png\" alt=\"\" width=\"39\" height=\"39\" \/><\/a><\/em><\/strong><\/p>\n","protected":false},"excerpt":{"rendered":"<p>DAKAR &#8211; La famille du Dakar perd \u00e0 nouveau l&rsquo;un de ses membres. Le motard amateur Pierre Cherpin, 52 ans, est d\u00e9c\u00e9d\u00e9 lors de son rapatriement en France. C&rsquo;est sa famille qui a annonc\u00e9 la mauvaise nouvelle ce vendredi matin.<\/p>\n","protected":false},"author":4,"featured_media":99240,"comment_status":"open","ping_status":"closed","sticky":false,"template":"","format":"standard","meta":{"_acf_changed":false,"_daextam_enable_autolinks":"","footnotes":""},"categories":[12712,9493],"tags":[2736],"class_list":["post-99235","post","type-post","status-publish","format-standard","has-post-thumbnail","hentry","category-carnet-noir","category-dakar","tag-dakar"],"acf":[],"yoast_head":"<!-- This site is optimized with the Yoast SEO Premium plugin v26.7 (Yoast SEO v26.7) - https:\/\/yoast.com\/wordpress\/plugins\/seo\/ -->\n<title>Dakar 2021 : le motard Pierre Cherpin est mort<\/title>\n<meta name=\"description\" content=\"DAKAR - La famille du Dakar perd \u00e0 nouveau l&#039;un de ses membres. Le motard amateur Pierre Cherpin, 52 ans, est d\u00e9c\u00e9d\u00e9 lors de son rapatriement en France.\" \/>\n<meta name=\"robots\" content=\"index, follow, max-snippet:-1, max-image-preview:large, max-video-preview:-1\" \/>\n<link rel=\"canonical\" href=\"https:\/\/dicodusport.fr\/blog\/dakar-2021-le-motard-pierre-cherpin-est-mort\/\" \/>\n<meta property=\"og:locale\" content=\"fr_FR\" \/>\n<meta property=\"og:type\" content=\"article\" \/>\n<meta property=\"og:title\" content=\"Dakar 2021 : le motard Pierre Cherpin est mort\" \/>\n<meta property=\"og:description\" content=\"DAKAR - La famille du Dakar perd \u00e0 nouveau l&#039;un de ses membres. Le motard amateur Pierre Cherpin, 52 ans, est d\u00e9c\u00e9d\u00e9 lors de son rapatriement en France.\" \/>\n<meta property=\"og:url\" content=\"https:\/\/dicodusport.fr\/blog\/dakar-2021-le-motard-pierre-cherpin-est-mort\/\" \/>\n<meta property=\"og:site_name\" content=\"Dicodusport\" \/>\n<meta property=\"article:publisher\" content=\"https:\/\/www.facebook.com\/dicodusport\" \/>\n<meta property=\"article:author\" content=\"https:\/\/www.facebook.com\/florent.ostermann\" \/>\n<meta property=\"article:published_time\" content=\"2021-01-15T08:36:58+00:00\" \/>\n<meta property=\"article:modified_time\" content=\"2021-01-15T08:59:41+00:00\" \/>\n<meta property=\"og:image\" content=\"https:\/\/dicodusport.fr\/blog\/wp-content\/uploads\/2021\/01\/Dakar-2021-Le-motard-Pierre-Cherpin-est-mort-.png\" \/>\n\t<meta property=\"og:image:width\" content=\"800\" \/>\n\t<meta property=\"og:image:height\" content=\"445\" \/>\n\t<meta property=\"og:image:type\" content=\"image\/png\" \/>\n<meta name=\"author\" content=\"Flo Ostermann\" \/>\n<meta name=\"twitter:card\" content=\"summary_large_image\" \/>\n<meta name=\"twitter:title\" content=\"Dakar 2021 : le motard Pierre Cherpin est mort\" \/>\n<meta name=\"twitter:creator\" content=\"@https:\/\/twitter.com\/FlOstermann\" \/>\n<meta name=\"twitter:site\" content=\"@dicodusport\" \/>\n<script type=\"application\/ld+json\" class=\"yoast-schema-graph\">{\"@context\":\"https:\/\/schema.org\",\"@graph\":[{\"@type\":\"NewsArticle\",\"@id\":\"https:\/\/dicodusport.fr\/blog\/dakar-2021-le-motard-pierre-cherpin-est-mort\/#article\",\"isPartOf\":{\"@id\":\"https:\/\/dicodusport.fr\/blog\/dakar-2021-le-motard-pierre-cherpin-est-mort\/\"},\"author\":{\"name\":\"Flo Ostermann\",\"@id\":\"https:\/\/dicodusport.fr\/blog\/#\/schema\/person\/cb02af4c173ce4a653b55e9baf388d4a\"},\"headline\":\"Dakar 2021 : le motard Pierre Cherpin est mort\",\"datePublished\":\"2021-01-15T08:36:58+00:00\",\"dateModified\":\"2021-01-15T08:59:41+00:00\",\"mainEntityOfPage\":{\"@id\":\"https:\/\/dicodusport.fr\/blog\/dakar-2021-le-motard-pierre-cherpin-est-mort\/\"},\"wordCount\":256,\"commentCount\":1,\"publisher\":{\"@id\":\"https:\/\/dicodusport.fr\/blog\/#organization\"},\"image\":{\"@id\":\"https:\/\/dicodusport.fr\/blog\/dakar-2021-le-motard-pierre-cherpin-est-mort\/#primaryimage\"},\"thumbnailUrl\":\"https:\/\/dicodusport.fr\/blog\/wp-content\/uploads\/2021\/01\/Dakar-2021-Le-motard-Pierre-Cherpin-est-mort-.png\",\"keywords\":[\"dakar\"],\"articleSection\":[\"Carnet noir\",\"Dakar\"],\"inLanguage\":\"fr-FR\",\"potentialAction\":[{\"@type\":\"CommentAction\",\"name\":\"Comment\",\"target\":[\"https:\/\/dicodusport.fr\/blog\/dakar-2021-le-motard-pierre-cherpin-est-mort\/#respond\"]}],\"copyrightYear\":\"2021\",\"copyrightHolder\":{\"@id\":\"https:\/\/dicodusport.fr\/blog\/#organization\"}},{\"@type\":\"WebPage\",\"@id\":\"https:\/\/dicodusport.fr\/blog\/dakar-2021-le-motard-pierre-cherpin-est-mort\/\",\"url\":\"https:\/\/dicodusport.fr\/blog\/dakar-2021-le-motard-pierre-cherpin-est-mort\/\",\"name\":\"Dakar 2021 : le motard Pierre Cherpin est mort\",\"isPartOf\":{\"@id\":\"https:\/\/dicodusport.fr\/blog\/#website\"},\"primaryImageOfPage\":{\"@id\":\"https:\/\/dicodusport.fr\/blog\/dakar-2021-le-motard-pierre-cherpin-est-mort\/#primaryimage\"},\"image\":{\"@id\":\"https:\/\/dicodusport.fr\/blog\/dakar-2021-le-motard-pierre-cherpin-est-mort\/#primaryimage\"},\"thumbnailUrl\":\"https:\/\/dicodusport.fr\/blog\/wp-content\/uploads\/2021\/01\/Dakar-2021-Le-motard-Pierre-Cherpin-est-mort-.png\",\"datePublished\":\"2021-01-15T08:36:58+00:00\",\"dateModified\":\"2021-01-15T08:59:41+00:00\",\"description\":\"DAKAR - La famille du Dakar perd \u00e0 nouveau l'un de ses membres. Le motard amateur Pierre Cherpin, 52 ans, est d\u00e9c\u00e9d\u00e9 lors de son rapatriement en France.\",\"breadcrumb\":{\"@id\":\"https:\/\/dicodusport.fr\/blog\/dakar-2021-le-motard-pierre-cherpin-est-mort\/#breadcrumb\"},\"inLanguage\":\"fr-FR\",\"potentialAction\":[{\"@type\":\"ReadAction\",\"target\":[\"https:\/\/dicodusport.fr\/blog\/dakar-2021-le-motard-pierre-cherpin-est-mort\/\"]}]},{\"@type\":\"ImageObject\",\"inLanguage\":\"fr-FR\",\"@id\":\"https:\/\/dicodusport.fr\/blog\/dakar-2021-le-motard-pierre-cherpin-est-mort\/#primaryimage\",\"url\":\"https:\/\/dicodusport.fr\/blog\/wp-content\/uploads\/2021\/01\/Dakar-2021-Le-motard-Pierre-Cherpin-est-mort-.png\",\"contentUrl\":\"https:\/\/dicodusport.fr\/blog\/wp-content\/uploads\/2021\/01\/Dakar-2021-Le-motard-Pierre-Cherpin-est-mort-.png\",\"width\":800,\"height\":445,\"caption\":\"Dakar 2021 - Le motard Pierre Cherpin est mort\"},{\"@type\":\"BreadcrumbList\",\"@id\":\"https:\/\/dicodusport.fr\/blog\/dakar-2021-le-motard-pierre-cherpin-est-mort\/#breadcrumb\",\"itemListElement\":[{\"@type\":\"ListItem\",\"position\":1,\"name\":\"Accueil\",\"item\":\"https:\/\/dicodusport.fr\/blog\/\"},{\"@type\":\"ListItem\",\"position\":2,\"name\":\"Dakar 2021 : le motard Pierre Cherpin est mort\"}]},{\"@type\":\"WebSite\",\"@id\":\"https:\/\/dicodusport.fr\/blog\/#website\",\"url\":\"https:\/\/dicodusport.fr\/blog\/\",\"name\":\"Dicodusport\",\"description\":\"L&#039;encyclop\u00e9die de l&#039;actualit\u00e9 sportive\",\"publisher\":{\"@id\":\"https:\/\/dicodusport.fr\/blog\/#organization\"},\"potentialAction\":[{\"@type\":\"SearchAction\",\"target\":{\"@type\":\"EntryPoint\",\"urlTemplate\":\"https:\/\/dicodusport.fr\/blog\/?s={search_term_string}\"},\"query-input\":{\"@type\":\"PropertyValueSpecification\",\"valueRequired\":true,\"valueName\":\"search_term_string\"}}],\"inLanguage\":\"fr-FR\"},{\"@type\":\"NewsMediaOrganization\",\"@id\":\"https:\/\/dicodusport.fr\/blog\/#organization\",\"name\":\"Dicodusport\",\"url\":\"https:\/\/dicodusport.fr\/blog\/\",\"logo\":{\"@type\":\"ImageObject\",\"inLanguage\":\"fr-FR\",\"@id\":\"https:\/\/dicodusport.fr\/blog\/#\/schema\/logo\/image\/\",\"url\":\"https:\/\/dicodusport.fr\/blog\/wp-content\/uploads\/2020\/06\/cropped-LOGO-DICODUSPORT-2020-SANS-FOND-SANS-TEXTE.png\",\"contentUrl\":\"https:\/\/dicodusport.fr\/blog\/wp-content\/uploads\/2020\/06\/cropped-LOGO-DICODUSPORT-2020-SANS-FOND-SANS-TEXTE.png\",\"width\":512,\"height\":512,\"caption\":\"Dicodusport\"},\"image\":{\"@id\":\"https:\/\/dicodusport.fr\/blog\/#\/schema\/logo\/image\/\"},\"sameAs\":[\"https:\/\/www.facebook.com\/dicodusport\",\"https:\/\/x.com\/dicodusport\",\"https:\/\/www.instagram.com\/dicodusport\/\",\"https:\/\/www.youtube.com\/channel\/UC7V2KZ5sd3htJivAbA4ZG3w\"],\"description\":\"Dicodusport est l'encyclop\u00e9die de l'actualit\u00e9 sportive.\",\"email\":\"bonjour@dicodusport.fr\",\"legalName\":\"DICODUSPORT\",\"foundingDate\":\"2018-01-14\",\"vatID\":\"FR71834470973\",\"taxID\":\"83447097300043\",\"numberOfEmployees\":{\"@type\":\"QuantitativeValue\",\"minValue\":\"1\",\"maxValue\":\"10\"}},{\"@type\":\"Person\",\"@id\":\"https:\/\/dicodusport.fr\/blog\/#\/schema\/person\/cb02af4c173ce4a653b55e9baf388d4a\",\"name\":\"Flo Ostermann\",\"image\":{\"@type\":\"ImageObject\",\"inLanguage\":\"fr-FR\",\"@id\":\"https:\/\/dicodusport.fr\/blog\/#\/schema\/person\/image\/\",\"url\":\"https:\/\/dicodusport.fr\/blog\/wp-content\/uploads\/2021\/05\/Flo-Ostermann-150x150.jpg\",\"contentUrl\":\"https:\/\/dicodusport.fr\/blog\/wp-content\/uploads\/2021\/05\/Flo-Ostermann-150x150.jpg\",\"caption\":\"Flo Ostermann\"},\"description\":\"Journaliste\/R\u00e9dacteur depuis septembre 2015 - Mes premiers souvenirs dans le sport ? Les envol\u00e9es du Stade Toulousain et les duels Villeneuve-Schumacher et H\u00e4kkinen-Schumacher \u00e0 la fin des ann\u00e9es 90, la Coupe du monde de football en 1998, l\u2019exploit du XV de France face aux All Blacks en 1999, mais aussi Richard C\u0153ur de Lion qui vole sur les montagnes du Tour de France. Bien parti pour devenir professeur d\u2019EPS, les \u00e9v\u00e9nements de la vie (et la flemme d\u2019animer des s\u00e9ances de 3x500 m\u00e8tres toute ma vie) m\u2019ont conduit \u00e0 revoir mes plans. Me voil\u00e0 depuis fin 2017 sur Dicodusport, m\u00e9dia gr\u00e2ce (et pour) lequel je partage ma passion : le sport dans tous ses \u00e9tats. Le tout accompagn\u00e9 par les fous furieux et folles furieuses cit\u00e9s sur cette page !\",\"sameAs\":[\"https:\/\/www.facebook.com\/florent.ostermann\",\"https:\/\/x.com\/https:\/\/twitter.com\/FlOstermann\",\"admin\"],\"url\":\"https:\/\/dicodusport.fr\/blog\/author\/flo\/\"}]}<\/script>\n<!-- \/ Yoast SEO Premium plugin. -->","yoast_head_json":{"title":"Dakar 2021 : le motard Pierre Cherpin est mort","description":"DAKAR - La famille du Dakar perd \u00e0 nouveau l'un de ses membres. Le motard amateur Pierre Cherpin, 52 ans, est d\u00e9c\u00e9d\u00e9 lors de son rapatriement en France.","robots":{"index":"index","follow":"follow","max-snippet":"max-snippet:-1","max-image-preview":"max-image-preview:large","max-video-preview":"max-video-preview:-1"},"canonical":"https:\/\/dicodusport.fr\/blog\/dakar-2021-le-motard-pierre-cherpin-est-mort\/","og_locale":"fr_FR","og_type":"article","og_title":"Dakar 2021 : le motard Pierre Cherpin est mort","og_description":"DAKAR - La famille du Dakar perd \u00e0 nouveau l'un de ses membres. Le motard amateur Pierre Cherpin, 52 ans, est d\u00e9c\u00e9d\u00e9 lors de son rapatriement en France.","og_url":"https:\/\/dicodusport.fr\/blog\/dakar-2021-le-motard-pierre-cherpin-est-mort\/","og_site_name":"Dicodusport","article_publisher":"https:\/\/www.facebook.com\/dicodusport","article_author":"https:\/\/www.facebook.com\/florent.ostermann","article_published_time":"2021-01-15T08:36:58+00:00","article_modified_time":"2021-01-15T08:59:41+00:00","og_image":[{"width":800,"height":445,"url":"https:\/\/dicodusport.fr\/blog\/wp-content\/uploads\/2021\/01\/Dakar-2021-Le-motard-Pierre-Cherpin-est-mort-.png","type":"image\/png"}],"author":"Flo Ostermann","twitter_card":"summary_large_image","twitter_title":"Dakar 2021 : le motard Pierre Cherpin est mort","twitter_creator":"@https:\/\/twitter.com\/FlOstermann","twitter_site":"@dicodusport","schema":{"@context":"https:\/\/schema.org","@graph":[{"@type":"NewsArticle","@id":"https:\/\/dicodusport.fr\/blog\/dakar-2021-le-motard-pierre-cherpin-est-mort\/#article","isPartOf":{"@id":"https:\/\/dicodusport.fr\/blog\/dakar-2021-le-motard-pierre-cherpin-est-mort\/"},"author":{"name":"Flo Ostermann","@id":"https:\/\/dicodusport.fr\/blog\/#\/schema\/person\/cb02af4c173ce4a653b55e9baf388d4a"},"headline":"Dakar 2021 : le motard Pierre Cherpin est mort","datePublished":"2021-01-15T08:36:58+00:00","dateModified":"2021-01-15T08:59:41+00:00","mainEntityOfPage":{"@id":"https:\/\/dicodusport.fr\/blog\/dakar-2021-le-motard-pierre-cherpin-est-mort\/"},"wordCount":256,"commentCount":1,"publisher":{"@id":"https:\/\/dicodusport.fr\/blog\/#organization"},"image":{"@id":"https:\/\/dicodusport.fr\/blog\/dakar-2021-le-motard-pierre-cherpin-est-mort\/#primaryimage"},"thumbnailUrl":"https:\/\/dicodusport.fr\/blog\/wp-content\/uploads\/2021\/01\/Dakar-2021-Le-motard-Pierre-Cherpin-est-mort-.png","keywords":["dakar"],"articleSection":["Carnet noir","Dakar"],"inLanguage":"fr-FR","potentialAction":[{"@type":"CommentAction","name":"Comment","target":["https:\/\/dicodusport.fr\/blog\/dakar-2021-le-motard-pierre-cherpin-est-mort\/#respond"]}],"copyrightYear":"2021","copyrightHolder":{"@id":"https:\/\/dicodusport.fr\/blog\/#organization"}},{"@type":"WebPage","@id":"https:\/\/dicodusport.fr\/blog\/dakar-2021-le-motard-pierre-cherpin-est-mort\/","url":"https:\/\/dicodusport.fr\/blog\/dakar-2021-le-motard-pierre-cherpin-est-mort\/","name":"Dakar 2021 : le motard Pierre Cherpin est mort","isPartOf":{"@id":"https:\/\/dicodusport.fr\/blog\/#website"},"primaryImageOfPage":{"@id":"https:\/\/dicodusport.fr\/blog\/dakar-2021-le-motard-pierre-cherpin-est-mort\/#primaryimage"},"image":{"@id":"https:\/\/dicodusport.fr\/blog\/dakar-2021-le-motard-pierre-cherpin-est-mort\/#primaryimage"},"thumbnailUrl":"https:\/\/dicodusport.fr\/blog\/wp-content\/uploads\/2021\/01\/Dakar-2021-Le-motard-Pierre-Cherpin-est-mort-.png","datePublished":"2021-01-15T08:36:58+00:00","dateModified":"2021-01-15T08:59:41+00:00","description":"DAKAR - La famille du Dakar perd \u00e0 nouveau l'un de ses membres. Le motard amateur Pierre Cherpin, 52 ans, est d\u00e9c\u00e9d\u00e9 lors de son rapatriement en France.","breadcrumb":{"@id":"https:\/\/dicodusport.fr\/blog\/dakar-2021-le-motard-pierre-cherpin-est-mort\/#breadcrumb"},"inLanguage":"fr-FR","potentialAction":[{"@type":"ReadAction","target":["https:\/\/dicodusport.fr\/blog\/dakar-2021-le-motard-pierre-cherpin-est-mort\/"]}]},{"@type":"ImageObject","inLanguage":"fr-FR","@id":"https:\/\/dicodusport.fr\/blog\/dakar-2021-le-motard-pierre-cherpin-est-mort\/#primaryimage","url":"https:\/\/dicodusport.fr\/blog\/wp-content\/uploads\/2021\/01\/Dakar-2021-Le-motard-Pierre-Cherpin-est-mort-.png","contentUrl":"https:\/\/dicodusport.fr\/blog\/wp-content\/uploads\/2021\/01\/Dakar-2021-Le-motard-Pierre-Cherpin-est-mort-.png","width":800,"height":445,"caption":"Dakar 2021 - Le motard Pierre Cherpin est mort"},{"@type":"BreadcrumbList","@id":"https:\/\/dicodusport.fr\/blog\/dakar-2021-le-motard-pierre-cherpin-est-mort\/#breadcrumb","itemListElement":[{"@type":"ListItem","position":1,"name":"Accueil","item":"https:\/\/dicodusport.fr\/blog\/"},{"@type":"ListItem","position":2,"name":"Dakar 2021 : le motard Pierre Cherpin est mort"}]},{"@type":"WebSite","@id":"https:\/\/dicodusport.fr\/blog\/#website","url":"https:\/\/dicodusport.fr\/blog\/","name":"Dicodusport","description":"L&#039;encyclop\u00e9die de l&#039;actualit\u00e9 sportive","publisher":{"@id":"https:\/\/dicodusport.fr\/blog\/#organization"},"potentialAction":[{"@type":"SearchAction","target":{"@type":"EntryPoint","urlTemplate":"https:\/\/dicodusport.fr\/blog\/?s={search_term_string}"},"query-input":{"@type":"PropertyValueSpecification","valueRequired":true,"valueName":"search_term_string"}}],"inLanguage":"fr-FR"},{"@type":"NewsMediaOrganization","@id":"https:\/\/dicodusport.fr\/blog\/#organization","name":"Dicodusport","url":"https:\/\/dicodusport.fr\/blog\/","logo":{"@type":"ImageObject","inLanguage":"fr-FR","@id":"https:\/\/dicodusport.fr\/blog\/#\/schema\/logo\/image\/","url":"https:\/\/dicodusport.fr\/blog\/wp-content\/uploads\/2020\/06\/cropped-LOGO-DICODUSPORT-2020-SANS-FOND-SANS-TEXTE.png","contentUrl":"https:\/\/dicodusport.fr\/blog\/wp-content\/uploads\/2020\/06\/cropped-LOGO-DICODUSPORT-2020-SANS-FOND-SANS-TEXTE.png","width":512,"height":512,"caption":"Dicodusport"},"image":{"@id":"https:\/\/dicodusport.fr\/blog\/#\/schema\/logo\/image\/"},"sameAs":["https:\/\/www.facebook.com\/dicodusport","https:\/\/x.com\/dicodusport","https:\/\/www.instagram.com\/dicodusport\/","https:\/\/www.youtube.com\/channel\/UC7V2KZ5sd3htJivAbA4ZG3w"],"description":"Dicodusport est l'encyclop\u00e9die de l'actualit\u00e9 sportive.","email":"bonjour@dicodusport.fr","legalName":"DICODUSPORT","foundingDate":"2018-01-14","vatID":"FR71834470973","taxID":"83447097300043","numberOfEmployees":{"@type":"QuantitativeValue","minValue":"1","maxValue":"10"}},{"@type":"Person","@id":"https:\/\/dicodusport.fr\/blog\/#\/schema\/person\/cb02af4c173ce4a653b55e9baf388d4a","name":"Flo Ostermann","image":{"@type":"ImageObject","inLanguage":"fr-FR","@id":"https:\/\/dicodusport.fr\/blog\/#\/schema\/person\/image\/","url":"https:\/\/dicodusport.fr\/blog\/wp-content\/uploads\/2021\/05\/Flo-Ostermann-150x150.jpg","contentUrl":"https:\/\/dicodusport.fr\/blog\/wp-content\/uploads\/2021\/05\/Flo-Ostermann-150x150.jpg","caption":"Flo Ostermann"},"description":"Journaliste\/R\u00e9dacteur depuis septembre 2015 - Mes premiers souvenirs dans le sport ? Les envol\u00e9es du Stade Toulousain et les duels Villeneuve-Schumacher et H\u00e4kkinen-Schumacher \u00e0 la fin des ann\u00e9es 90, la Coupe du monde de football en 1998, l\u2019exploit du XV de France face aux All Blacks en 1999, mais aussi Richard C\u0153ur de Lion qui vole sur les montagnes du Tour de France. Bien parti pour devenir professeur d\u2019EPS, les \u00e9v\u00e9nements de la vie (et la flemme d\u2019animer des s\u00e9ances de 3x500 m\u00e8tres toute ma vie) m\u2019ont conduit \u00e0 revoir mes plans. Me voil\u00e0 depuis fin 2017 sur Dicodusport, m\u00e9dia gr\u00e2ce (et pour) lequel je partage ma passion : le sport dans tous ses \u00e9tats. Le tout accompagn\u00e9 par les fous furieux et folles furieuses cit\u00e9s sur cette page !","sameAs":["https:\/\/www.facebook.com\/florent.ostermann","https:\/\/x.com\/https:\/\/twitter.com\/FlOstermann","admin"],"url":"https:\/\/dicodusport.fr\/blog\/author\/flo\/"}]}},"_links":{"self":[{"href":"https:\/\/dicodusport.fr\/blog\/wp-json\/wp\/v2\/posts\/99235","targetHints":{"allow":["GET"]}}],"collection":[{"href":"https:\/\/dicodusport.fr\/blog\/wp-json\/wp\/v2\/posts"}],"about":[{"href":"https:\/\/dicodusport.fr\/blog\/wp-json\/wp\/v2\/types\/post"}],"author":[{"embeddable":true,"href":"https:\/\/dicodusport.fr\/blog\/wp-json\/wp\/v2\/users\/4"}],"replies":[{"embeddable":true,"href":"https:\/\/dicodusport.fr\/blog\/wp-json\/wp\/v2\/comments?post=99235"}],"version-history":[{"count":0,"href":"https:\/\/dicodusport.fr\/blog\/wp-json\/wp\/v2\/posts\/99235\/revisions"}],"wp:featuredmedia":[{"embeddable":true,"href":"https:\/\/dicodusport.fr\/blog\/wp-json\/wp\/v2\/media\/99240"}],"wp:attachment":[{"href":"https:\/\/dicodusport.fr\/blog\/wp-json\/wp\/v2\/media?parent=99235"}],"wp:term":[{"taxonomy":"category","embeddable":true,"href":"https:\/\/dicodusport.fr\/blog\/wp-json\/wp\/v2\/categories?post=99235"},{"taxonomy":"post_tag","embeddable":true,"href":"https:\/\/dicodusport.fr\/blog\/wp-json\/wp\/v2\/tags?post=99235"}],"curies":[{"name":"wp","href":"https:\/\/api.w.org\/{rel}","templated":true}]}}