{"id":99692,"date":"2021-01-17T10:48:47","date_gmt":"2021-01-17T09:48:47","guid":{"rendered":"https:\/\/dicodusport.fr\/blog\/?p=99692&#038;preview=true&#038;preview_id=99692"},"modified":"2021-01-17T11:10:42","modified_gmt":"2021-01-17T10:10:42","slug":"thibaut-pinot-ne-devrait-pas-etre-present-sur-tour-de-france-2021","status":"publish","type":"post","link":"https:\/\/dicodusport.fr\/blog\/thibaut-pinot-ne-devrait-pas-etre-present-sur-tour-de-france-2021\/","title":{"rendered":"Thibaut Pinot ne devrait pas \u00eatre pr\u00e9sent sur le Tour de France 2021"},"content":{"rendered":"<p style=\"text-align: justify;\"><em><b>Selon nos confr\u00e8res de <a href=\"https:\/\/rmcsport.bfmtv.com\/cyclisme\/thibaut-pinot-ne-prevoit-pas-de-faire-le-tour-de-france-en-2021-2029231.html\" target=\"_blank\" rel=\"noopener noreferrer\">RMC Sport<\/a>, Thibaut Pinot (Groupama-FDJ) ne devrait pas \u00eatre au d\u00e9part du Tour de France 2021. Le Franc-Comtois privil\u00e9gierait le Tour d&rsquo;Italie.<\/b><\/em><\/p>\n<p style=\"text-align: justify;\">Malheureux ces deux derni\u00e8res ann\u00e9es, avec d&rsquo;abord l&rsquo;abandon en 2019 alors qu&rsquo;il jouait la victoire finale puis une chute en 2020 qui a ruin\u00e9 ses espoirs d\u00e8s la premi\u00e8re \u00e9tape, <a href=\"https:\/\/dicodusport.fr\/blog\/tag\/thibaut-pinot\/\" target=\"_blank\" rel=\"noopener noreferrer\"><strong>Thibaut Pinot<\/strong><\/a> devrait faire l&rsquo;impasse sur le <a href=\"https:\/\/dicodusport.fr\/blog\/tour-de-france-2021-parcours-devoile-classique-et-deux-chronos\/\" target=\"_blank\" rel=\"noopener noreferrer\"><strong>Tour de France 2021<\/strong><\/a>. Alors que les fans fran\u00e7ais de la bicyclette esp\u00e8rent toujours que le coureur de la Groupama-FDJ puisse \u00eatre le successeur de Bernard Hinault, le natif de M\u00e9lisey devrait bien faire l&rsquo;impasse sur la Grande Boucle en 2021, \u00e0 moins d&rsquo;un retournement de situation de derni\u00e8re minute.<\/p>\n<h2 style=\"text-align: justify;\">D\u00e9mare et Gaudu sur le Tour ?<\/h2>\n<p style=\"text-align: justify;\">Le Picard <strong>Arnaud D\u00e9mare<\/strong>, coureur le plus prolifique du peloton en 2020, et le Breton <strong>David Gaudu<\/strong>, laur\u00e9at de deux \u00e9tapes sur la derni\u00e8re Vuelta, pourraient \u00eatre les leaders de l&rsquo;\u00e9quipe de <strong>Marc Madiot<\/strong> sur la prochaine Grande Boucle (26 juin &#8211; 18 juillet 2021). <strong>Thibaut Pinot<\/strong>, lui, devrait \u00eatre au d\u00e9part du 104\u00e8me Tour d&rsquo;Italie (8 au 30 mai 2021). Celui-ci pourrait \u00eatre, selon les derni\u00e8res rumeurs, plus montagneux que le Tour 2021 pr\u00e9sent\u00e9 en novembre dernier. Une donn\u00e9e qui a sans doute motiv\u00e9 le choix du Franc-Comtois. Pour rappel, Pinot avait pris la 4\u00e8me place du Giro en 2017, avant d&rsquo;abandonner la veille de l&rsquo;arriv\u00e9e en 2018, alors qu&rsquo;il occupait la 3\u00e8me place du g\u00e9n\u00e9ral.<\/p>\n<blockquote class=\"twitter-tweet\">\n<p dir=\"ltr\" lang=\"fr\">Selon RMC Sport, Thibaut Pinot se dirigerait vers le Tour d&rsquo;Italie en 2021, loupant ainsi le prochain Tour de France. Arnaud D\u00e9mare devrait lui faire son retour sur la Grande Boucle et \u00eatre la t\u00eate d&rsquo;affiche de la Groupama-FDJ. <a href=\"https:\/\/twitter.com\/hashtag\/TDF2021?src=hash&amp;ref_src=twsrc%5Etfw\">#TDF2021<\/a><a href=\"https:\/\/t.co\/RwOFByVuvr\">https:\/\/t.co\/RwOFByVuvr<\/a><\/p>\n<p>\u2014 Le Gruppetto (@LeGruppetto) <a href=\"https:\/\/twitter.com\/LeGruppetto\/status\/1350731380670476289?ref_src=twsrc%5Etfw\">January 17, 2021<\/a><\/p><\/blockquote>\n<p><script async src=\"https:\/\/platform.twitter.com\/widgets.js\" charset=\"utf-8\"><\/script><\/p>\n<p><strong><em>Dicodusport<br \/>\n<a href=\"https:\/\/www.facebook.com\/dicodusport\/\" target=\"_blank\" rel=\"noopener noreferrer\"><img loading=\"lazy\" decoding=\"async\" class=\"alignnone wp-image-2909\" src=\"http:\/\/dicodusport.fr\/blog\/wp-content\/uploads\/2017\/07\/logo-facebook-150x150.png\" alt=\"\" width=\"40\" height=\"40\" \/><\/a><a href=\"https:\/\/twitter.com\/dicodusport\" target=\"_blank\" rel=\"noopener noreferrer\"><img loading=\"lazy\" decoding=\"async\" class=\"alignnone wp-image-2908\" src=\"http:\/\/dicodusport.fr\/blog\/wp-content\/uploads\/2017\/07\/logo-twitter-150x150.png\" alt=\"\" width=\"39\" height=\"39\" \/><\/a><\/em><\/strong><\/p>\n","protected":false},"excerpt":{"rendered":"<p>Selon nos confr\u00e8res de RMC Sport, Thibaut Pinot (Groupama-FDJ) ne devrait pas \u00eatre au d\u00e9part du Tour de France 2021. Le Franc-Comtois privil\u00e9gierait le Tour d&rsquo;Italie.<\/p>\n","protected":false},"author":1,"featured_media":99695,"comment_status":"open","ping_status":"closed","sticky":false,"template":"","format":"standard","meta":{"_acf_changed":false,"_daextam_enable_autolinks":"","footnotes":""},"categories":[2307],"tags":[24,4839,1262],"class_list":["post-99692","post","type-post","status-publish","format-standard","has-post-thumbnail","hentry","category-cyclisme","tag-sport","tag-thibaut-pinot","tag-tour-de-france"],"acf":[],"yoast_head":"<!-- This site is optimized with the Yoast SEO Premium plugin v26.7 (Yoast SEO v26.7) - https:\/\/yoast.com\/wordpress\/plugins\/seo\/ -->\n<title>Thibaut Pinot ne devrait pas \u00eatre pr\u00e9sent sur le Tour de France 2021<\/title>\n<meta name=\"description\" content=\"Selon nos confr\u00e8res de RMC Sport, Thibaut Pinot (Groupama-FDJ) ne devrait pas \u00eatre au d\u00e9part du Tour de France 2021.\" \/>\n<meta name=\"robots\" content=\"index, follow, max-snippet:-1, max-image-preview:large, max-video-preview:-1\" \/>\n<link rel=\"canonical\" href=\"https:\/\/dicodusport.fr\/blog\/thibaut-pinot-ne-devrait-pas-etre-present-sur-tour-de-france-2021\/\" \/>\n<meta property=\"og:locale\" content=\"fr_FR\" \/>\n<meta property=\"og:type\" content=\"article\" \/>\n<meta property=\"og:title\" content=\"Thibaut Pinot ne devrait pas \u00eatre pr\u00e9sent sur le Tour de France 2021\" \/>\n<meta property=\"og:description\" content=\"Selon nos confr\u00e8res de RMC Sport, Thibaut Pinot (Groupama-FDJ) ne devrait pas \u00eatre au d\u00e9part du Tour de France 2021.\" \/>\n<meta property=\"og:url\" content=\"https:\/\/dicodusport.fr\/blog\/thibaut-pinot-ne-devrait-pas-etre-present-sur-tour-de-france-2021\/\" \/>\n<meta property=\"og:site_name\" content=\"Dicodusport\" \/>\n<meta property=\"article:publisher\" content=\"https:\/\/www.facebook.com\/dicodusport\" \/>\n<meta property=\"article:author\" content=\"https:\/\/www.facebook.com\/dicodusport\" \/>\n<meta property=\"article:published_time\" content=\"2021-01-17T09:48:47+00:00\" \/>\n<meta property=\"article:modified_time\" content=\"2021-01-17T10:10:42+00:00\" \/>\n<meta property=\"og:image\" content=\"https:\/\/dicodusport.fr\/blog\/wp-content\/uploads\/2021\/01\/Thibaut-Pinot-ne-devrait-pas-\u00eatre-pr\u00e9sent-sur-le-Tour-de-France-2021.png\" \/>\n\t<meta property=\"og:image:width\" content=\"800\" \/>\n\t<meta property=\"og:image:height\" content=\"445\" \/>\n\t<meta property=\"og:image:type\" content=\"image\/png\" \/>\n<meta name=\"author\" content=\"Nicolas Jacquemard\" \/>\n<meta name=\"twitter:card\" content=\"summary_large_image\" \/>\n<meta name=\"twitter:title\" content=\"Thibaut Pinot ne devrait pas \u00eatre pr\u00e9sent sur le Tour de France 2021\" \/>\n<meta name=\"twitter:creator\" content=\"@https:\/\/twitter.com\/Nico_Jacquemard\" \/>\n<meta name=\"twitter:site\" content=\"@dicodusport\" \/>\n<script type=\"application\/ld+json\" class=\"yoast-schema-graph\">{\"@context\":\"https:\/\/schema.org\",\"@graph\":[{\"@type\":\"NewsArticle\",\"@id\":\"https:\/\/dicodusport.fr\/blog\/thibaut-pinot-ne-devrait-pas-etre-present-sur-tour-de-france-2021\/#article\",\"isPartOf\":{\"@id\":\"https:\/\/dicodusport.fr\/blog\/thibaut-pinot-ne-devrait-pas-etre-present-sur-tour-de-france-2021\/\"},\"author\":{\"name\":\"Nicolas Jacquemard\",\"@id\":\"https:\/\/dicodusport.fr\/blog\/#\/schema\/person\/55dcb50ad410894e431ed812bbb70191\"},\"headline\":\"Thibaut Pinot ne devrait pas \u00eatre pr\u00e9sent sur le Tour de France 2021\",\"datePublished\":\"2021-01-17T09:48:47+00:00\",\"dateModified\":\"2021-01-17T10:10:42+00:00\",\"mainEntityOfPage\":{\"@id\":\"https:\/\/dicodusport.fr\/blog\/thibaut-pinot-ne-devrait-pas-etre-present-sur-tour-de-france-2021\/\"},\"wordCount\":319,\"commentCount\":0,\"publisher\":{\"@id\":\"https:\/\/dicodusport.fr\/blog\/#organization\"},\"image\":{\"@id\":\"https:\/\/dicodusport.fr\/blog\/thibaut-pinot-ne-devrait-pas-etre-present-sur-tour-de-france-2021\/#primaryimage\"},\"thumbnailUrl\":\"https:\/\/dicodusport.fr\/blog\/wp-content\/uploads\/2021\/01\/Thibaut-Pinot-ne-devrait-pas-\u00eatre-pr\u00e9sent-sur-le-Tour-de-France-2021.png\",\"keywords\":[\"sport\",\"Thibaut Pinot\",\"Tour de France\"],\"articleSection\":[\"Cyclisme\"],\"inLanguage\":\"fr-FR\",\"potentialAction\":[{\"@type\":\"CommentAction\",\"name\":\"Comment\",\"target\":[\"https:\/\/dicodusport.fr\/blog\/thibaut-pinot-ne-devrait-pas-etre-present-sur-tour-de-france-2021\/#respond\"]}],\"copyrightYear\":\"2021\",\"copyrightHolder\":{\"@id\":\"https:\/\/dicodusport.fr\/blog\/#organization\"}},{\"@type\":\"WebPage\",\"@id\":\"https:\/\/dicodusport.fr\/blog\/thibaut-pinot-ne-devrait-pas-etre-present-sur-tour-de-france-2021\/\",\"url\":\"https:\/\/dicodusport.fr\/blog\/thibaut-pinot-ne-devrait-pas-etre-present-sur-tour-de-france-2021\/\",\"name\":\"Thibaut Pinot ne devrait pas \u00eatre pr\u00e9sent sur le Tour de France 2021\",\"isPartOf\":{\"@id\":\"https:\/\/dicodusport.fr\/blog\/#website\"},\"primaryImageOfPage\":{\"@id\":\"https:\/\/dicodusport.fr\/blog\/thibaut-pinot-ne-devrait-pas-etre-present-sur-tour-de-france-2021\/#primaryimage\"},\"image\":{\"@id\":\"https:\/\/dicodusport.fr\/blog\/thibaut-pinot-ne-devrait-pas-etre-present-sur-tour-de-france-2021\/#primaryimage\"},\"thumbnailUrl\":\"https:\/\/dicodusport.fr\/blog\/wp-content\/uploads\/2021\/01\/Thibaut-Pinot-ne-devrait-pas-\u00eatre-pr\u00e9sent-sur-le-Tour-de-France-2021.png\",\"datePublished\":\"2021-01-17T09:48:47+00:00\",\"dateModified\":\"2021-01-17T10:10:42+00:00\",\"description\":\"Selon nos confr\u00e8res de RMC Sport, Thibaut Pinot (Groupama-FDJ) ne devrait pas \u00eatre au d\u00e9part du Tour de France 2021.\",\"breadcrumb\":{\"@id\":\"https:\/\/dicodusport.fr\/blog\/thibaut-pinot-ne-devrait-pas-etre-present-sur-tour-de-france-2021\/#breadcrumb\"},\"inLanguage\":\"fr-FR\",\"potentialAction\":[{\"@type\":\"ReadAction\",\"target\":[\"https:\/\/dicodusport.fr\/blog\/thibaut-pinot-ne-devrait-pas-etre-present-sur-tour-de-france-2021\/\"]}]},{\"@type\":\"ImageObject\",\"inLanguage\":\"fr-FR\",\"@id\":\"https:\/\/dicodusport.fr\/blog\/thibaut-pinot-ne-devrait-pas-etre-present-sur-tour-de-france-2021\/#primaryimage\",\"url\":\"https:\/\/dicodusport.fr\/blog\/wp-content\/uploads\/2021\/01\/Thibaut-Pinot-ne-devrait-pas-\u00eatre-pr\u00e9sent-sur-le-Tour-de-France-2021.png\",\"contentUrl\":\"https:\/\/dicodusport.fr\/blog\/wp-content\/uploads\/2021\/01\/Thibaut-Pinot-ne-devrait-pas-\u00eatre-pr\u00e9sent-sur-le-Tour-de-France-2021.png\",\"width\":800,\"height\":445,\"caption\":\"Thibaut Pinot ne devrait pas \u00eatre pr\u00e9sent sur le Tour de France 2021\"},{\"@type\":\"BreadcrumbList\",\"@id\":\"https:\/\/dicodusport.fr\/blog\/thibaut-pinot-ne-devrait-pas-etre-present-sur-tour-de-france-2021\/#breadcrumb\",\"itemListElement\":[{\"@type\":\"ListItem\",\"position\":1,\"name\":\"Accueil\",\"item\":\"https:\/\/dicodusport.fr\/blog\/\"},{\"@type\":\"ListItem\",\"position\":2,\"name\":\"Thibaut Pinot ne devrait pas \u00eatre pr\u00e9sent sur le Tour de France 2021\"}]},{\"@type\":\"WebSite\",\"@id\":\"https:\/\/dicodusport.fr\/blog\/#website\",\"url\":\"https:\/\/dicodusport.fr\/blog\/\",\"name\":\"Dicodusport\",\"description\":\"L&#039;encyclop\u00e9die de l&#039;actualit\u00e9 sportive\",\"publisher\":{\"@id\":\"https:\/\/dicodusport.fr\/blog\/#organization\"},\"potentialAction\":[{\"@type\":\"SearchAction\",\"target\":{\"@type\":\"EntryPoint\",\"urlTemplate\":\"https:\/\/dicodusport.fr\/blog\/?s={search_term_string}\"},\"query-input\":{\"@type\":\"PropertyValueSpecification\",\"valueRequired\":true,\"valueName\":\"search_term_string\"}}],\"inLanguage\":\"fr-FR\"},{\"@type\":\"NewsMediaOrganization\",\"@id\":\"https:\/\/dicodusport.fr\/blog\/#organization\",\"name\":\"Dicodusport\",\"url\":\"https:\/\/dicodusport.fr\/blog\/\",\"logo\":{\"@type\":\"ImageObject\",\"inLanguage\":\"fr-FR\",\"@id\":\"https:\/\/dicodusport.fr\/blog\/#\/schema\/logo\/image\/\",\"url\":\"https:\/\/dicodusport.fr\/blog\/wp-content\/uploads\/2020\/06\/cropped-LOGO-DICODUSPORT-2020-SANS-FOND-SANS-TEXTE.png\",\"contentUrl\":\"https:\/\/dicodusport.fr\/blog\/wp-content\/uploads\/2020\/06\/cropped-LOGO-DICODUSPORT-2020-SANS-FOND-SANS-TEXTE.png\",\"width\":512,\"height\":512,\"caption\":\"Dicodusport\"},\"image\":{\"@id\":\"https:\/\/dicodusport.fr\/blog\/#\/schema\/logo\/image\/\"},\"sameAs\":[\"https:\/\/www.facebook.com\/dicodusport\",\"https:\/\/x.com\/dicodusport\",\"https:\/\/www.instagram.com\/dicodusport\/\",\"https:\/\/www.youtube.com\/channel\/UC7V2KZ5sd3htJivAbA4ZG3w\"],\"description\":\"Dicodusport est l'encyclop\u00e9die de l'actualit\u00e9 sportive.\",\"email\":\"bonjour@dicodusport.fr\",\"legalName\":\"DICODUSPORT\",\"foundingDate\":\"2018-01-14\",\"vatID\":\"FR71834470973\",\"taxID\":\"83447097300043\",\"numberOfEmployees\":{\"@type\":\"QuantitativeValue\",\"minValue\":\"1\",\"maxValue\":\"10\"}},{\"@type\":\"Person\",\"@id\":\"https:\/\/dicodusport.fr\/blog\/#\/schema\/person\/55dcb50ad410894e431ed812bbb70191\",\"name\":\"Nicolas Jacquemard\",\"image\":{\"@type\":\"ImageObject\",\"inLanguage\":\"fr-FR\",\"@id\":\"https:\/\/dicodusport.fr\/blog\/#\/schema\/person\/image\/\",\"url\":\"https:\/\/dicodusport.fr\/blog\/wp-content\/uploads\/2021\/05\/Nicolas-Jacquemard-150x150.jpeg\",\"contentUrl\":\"https:\/\/dicodusport.fr\/blog\/wp-content\/uploads\/2021\/05\/Nicolas-Jacquemard-150x150.jpeg\",\"caption\":\"Nicolas Jacquemard\"},\"description\":\"Passionn\u00e9 de sport et entrepreneur depuis mes 18 ans, la cr\u00e9ation de Dicodusport m'a sembl\u00e9 \u00e9vidente pour participer \u00e0 la m\u00e9diatisation d'un plus grand nombre de sports. Le chemin est long mais avec une \u00e9quipe des plus motiv\u00e9es et les Jeux Olympiques de Paris 2024 en point de mire, nous y arriverons ! Journaliste dans le monde du sport depuis plus de 5 ans, je traite aussi bien de football, de rugby, de biathlon que de cyclisme.\",\"sameAs\":[\"https:\/\/www.facebook.com\/dicodusport\",\"https:\/\/x.com\/https:\/\/twitter.com\/Nico_Jacquemard\"],\"url\":\"https:\/\/dicodusport.fr\/blog\/author\/dicodusport\/\"}]}<\/script>\n<!-- \/ Yoast SEO Premium plugin. -->","yoast_head_json":{"title":"Thibaut Pinot ne devrait pas \u00eatre pr\u00e9sent sur le Tour de France 2021","description":"Selon nos confr\u00e8res de RMC Sport, Thibaut Pinot (Groupama-FDJ) ne devrait pas \u00eatre au d\u00e9part du Tour de France 2021.","robots":{"index":"index","follow":"follow","max-snippet":"max-snippet:-1","max-image-preview":"max-image-preview:large","max-video-preview":"max-video-preview:-1"},"canonical":"https:\/\/dicodusport.fr\/blog\/thibaut-pinot-ne-devrait-pas-etre-present-sur-tour-de-france-2021\/","og_locale":"fr_FR","og_type":"article","og_title":"Thibaut Pinot ne devrait pas \u00eatre pr\u00e9sent sur le Tour de France 2021","og_description":"Selon nos confr\u00e8res de RMC Sport, Thibaut Pinot (Groupama-FDJ) ne devrait pas \u00eatre au d\u00e9part du Tour de France 2021.","og_url":"https:\/\/dicodusport.fr\/blog\/thibaut-pinot-ne-devrait-pas-etre-present-sur-tour-de-france-2021\/","og_site_name":"Dicodusport","article_publisher":"https:\/\/www.facebook.com\/dicodusport","article_author":"https:\/\/www.facebook.com\/dicodusport","article_published_time":"2021-01-17T09:48:47+00:00","article_modified_time":"2021-01-17T10:10:42+00:00","og_image":[{"width":800,"height":445,"url":"https:\/\/dicodusport.fr\/blog\/wp-content\/uploads\/2021\/01\/Thibaut-Pinot-ne-devrait-pas-\u00eatre-pr\u00e9sent-sur-le-Tour-de-France-2021.png","type":"image\/png"}],"author":"Nicolas Jacquemard","twitter_card":"summary_large_image","twitter_title":"Thibaut Pinot ne devrait pas \u00eatre pr\u00e9sent sur le Tour de France 2021","twitter_creator":"@https:\/\/twitter.com\/Nico_Jacquemard","twitter_site":"@dicodusport","schema":{"@context":"https:\/\/schema.org","@graph":[{"@type":"NewsArticle","@id":"https:\/\/dicodusport.fr\/blog\/thibaut-pinot-ne-devrait-pas-etre-present-sur-tour-de-france-2021\/#article","isPartOf":{"@id":"https:\/\/dicodusport.fr\/blog\/thibaut-pinot-ne-devrait-pas-etre-present-sur-tour-de-france-2021\/"},"author":{"name":"Nicolas Jacquemard","@id":"https:\/\/dicodusport.fr\/blog\/#\/schema\/person\/55dcb50ad410894e431ed812bbb70191"},"headline":"Thibaut Pinot ne devrait pas \u00eatre pr\u00e9sent sur le Tour de France 2021","datePublished":"2021-01-17T09:48:47+00:00","dateModified":"2021-01-17T10:10:42+00:00","mainEntityOfPage":{"@id":"https:\/\/dicodusport.fr\/blog\/thibaut-pinot-ne-devrait-pas-etre-present-sur-tour-de-france-2021\/"},"wordCount":319,"commentCount":0,"publisher":{"@id":"https:\/\/dicodusport.fr\/blog\/#organization"},"image":{"@id":"https:\/\/dicodusport.fr\/blog\/thibaut-pinot-ne-devrait-pas-etre-present-sur-tour-de-france-2021\/#primaryimage"},"thumbnailUrl":"https:\/\/dicodusport.fr\/blog\/wp-content\/uploads\/2021\/01\/Thibaut-Pinot-ne-devrait-pas-\u00eatre-pr\u00e9sent-sur-le-Tour-de-France-2021.png","keywords":["sport","Thibaut Pinot","Tour de France"],"articleSection":["Cyclisme"],"inLanguage":"fr-FR","potentialAction":[{"@type":"CommentAction","name":"Comment","target":["https:\/\/dicodusport.fr\/blog\/thibaut-pinot-ne-devrait-pas-etre-present-sur-tour-de-france-2021\/#respond"]}],"copyrightYear":"2021","copyrightHolder":{"@id":"https:\/\/dicodusport.fr\/blog\/#organization"}},{"@type":"WebPage","@id":"https:\/\/dicodusport.fr\/blog\/thibaut-pinot-ne-devrait-pas-etre-present-sur-tour-de-france-2021\/","url":"https:\/\/dicodusport.fr\/blog\/thibaut-pinot-ne-devrait-pas-etre-present-sur-tour-de-france-2021\/","name":"Thibaut Pinot ne devrait pas \u00eatre pr\u00e9sent sur le Tour de France 2021","isPartOf":{"@id":"https:\/\/dicodusport.fr\/blog\/#website"},"primaryImageOfPage":{"@id":"https:\/\/dicodusport.fr\/blog\/thibaut-pinot-ne-devrait-pas-etre-present-sur-tour-de-france-2021\/#primaryimage"},"image":{"@id":"https:\/\/dicodusport.fr\/blog\/thibaut-pinot-ne-devrait-pas-etre-present-sur-tour-de-france-2021\/#primaryimage"},"thumbnailUrl":"https:\/\/dicodusport.fr\/blog\/wp-content\/uploads\/2021\/01\/Thibaut-Pinot-ne-devrait-pas-\u00eatre-pr\u00e9sent-sur-le-Tour-de-France-2021.png","datePublished":"2021-01-17T09:48:47+00:00","dateModified":"2021-01-17T10:10:42+00:00","description":"Selon nos confr\u00e8res de RMC Sport, Thibaut Pinot (Groupama-FDJ) ne devrait pas \u00eatre au d\u00e9part du Tour de France 2021.","breadcrumb":{"@id":"https:\/\/dicodusport.fr\/blog\/thibaut-pinot-ne-devrait-pas-etre-present-sur-tour-de-france-2021\/#breadcrumb"},"inLanguage":"fr-FR","potentialAction":[{"@type":"ReadAction","target":["https:\/\/dicodusport.fr\/blog\/thibaut-pinot-ne-devrait-pas-etre-present-sur-tour-de-france-2021\/"]}]},{"@type":"ImageObject","inLanguage":"fr-FR","@id":"https:\/\/dicodusport.fr\/blog\/thibaut-pinot-ne-devrait-pas-etre-present-sur-tour-de-france-2021\/#primaryimage","url":"https:\/\/dicodusport.fr\/blog\/wp-content\/uploads\/2021\/01\/Thibaut-Pinot-ne-devrait-pas-\u00eatre-pr\u00e9sent-sur-le-Tour-de-France-2021.png","contentUrl":"https:\/\/dicodusport.fr\/blog\/wp-content\/uploads\/2021\/01\/Thibaut-Pinot-ne-devrait-pas-\u00eatre-pr\u00e9sent-sur-le-Tour-de-France-2021.png","width":800,"height":445,"caption":"Thibaut Pinot ne devrait pas \u00eatre pr\u00e9sent sur le Tour de France 2021"},{"@type":"BreadcrumbList","@id":"https:\/\/dicodusport.fr\/blog\/thibaut-pinot-ne-devrait-pas-etre-present-sur-tour-de-france-2021\/#breadcrumb","itemListElement":[{"@type":"ListItem","position":1,"name":"Accueil","item":"https:\/\/dicodusport.fr\/blog\/"},{"@type":"ListItem","position":2,"name":"Thibaut Pinot ne devrait pas \u00eatre pr\u00e9sent sur le Tour de France 2021"}]},{"@type":"WebSite","@id":"https:\/\/dicodusport.fr\/blog\/#website","url":"https:\/\/dicodusport.fr\/blog\/","name":"Dicodusport","description":"L&#039;encyclop\u00e9die de l&#039;actualit\u00e9 sportive","publisher":{"@id":"https:\/\/dicodusport.fr\/blog\/#organization"},"potentialAction":[{"@type":"SearchAction","target":{"@type":"EntryPoint","urlTemplate":"https:\/\/dicodusport.fr\/blog\/?s={search_term_string}"},"query-input":{"@type":"PropertyValueSpecification","valueRequired":true,"valueName":"search_term_string"}}],"inLanguage":"fr-FR"},{"@type":"NewsMediaOrganization","@id":"https:\/\/dicodusport.fr\/blog\/#organization","name":"Dicodusport","url":"https:\/\/dicodusport.fr\/blog\/","logo":{"@type":"ImageObject","inLanguage":"fr-FR","@id":"https:\/\/dicodusport.fr\/blog\/#\/schema\/logo\/image\/","url":"https:\/\/dicodusport.fr\/blog\/wp-content\/uploads\/2020\/06\/cropped-LOGO-DICODUSPORT-2020-SANS-FOND-SANS-TEXTE.png","contentUrl":"https:\/\/dicodusport.fr\/blog\/wp-content\/uploads\/2020\/06\/cropped-LOGO-DICODUSPORT-2020-SANS-FOND-SANS-TEXTE.png","width":512,"height":512,"caption":"Dicodusport"},"image":{"@id":"https:\/\/dicodusport.fr\/blog\/#\/schema\/logo\/image\/"},"sameAs":["https:\/\/www.facebook.com\/dicodusport","https:\/\/x.com\/dicodusport","https:\/\/www.instagram.com\/dicodusport\/","https:\/\/www.youtube.com\/channel\/UC7V2KZ5sd3htJivAbA4ZG3w"],"description":"Dicodusport est l'encyclop\u00e9die de l'actualit\u00e9 sportive.","email":"bonjour@dicodusport.fr","legalName":"DICODUSPORT","foundingDate":"2018-01-14","vatID":"FR71834470973","taxID":"83447097300043","numberOfEmployees":{"@type":"QuantitativeValue","minValue":"1","maxValue":"10"}},{"@type":"Person","@id":"https:\/\/dicodusport.fr\/blog\/#\/schema\/person\/55dcb50ad410894e431ed812bbb70191","name":"Nicolas Jacquemard","image":{"@type":"ImageObject","inLanguage":"fr-FR","@id":"https:\/\/dicodusport.fr\/blog\/#\/schema\/person\/image\/","url":"https:\/\/dicodusport.fr\/blog\/wp-content\/uploads\/2021\/05\/Nicolas-Jacquemard-150x150.jpeg","contentUrl":"https:\/\/dicodusport.fr\/blog\/wp-content\/uploads\/2021\/05\/Nicolas-Jacquemard-150x150.jpeg","caption":"Nicolas Jacquemard"},"description":"Passionn\u00e9 de sport et entrepreneur depuis mes 18 ans, la cr\u00e9ation de Dicodusport m'a sembl\u00e9 \u00e9vidente pour participer \u00e0 la m\u00e9diatisation d'un plus grand nombre de sports. Le chemin est long mais avec une \u00e9quipe des plus motiv\u00e9es et les Jeux Olympiques de Paris 2024 en point de mire, nous y arriverons ! Journaliste dans le monde du sport depuis plus de 5 ans, je traite aussi bien de football, de rugby, de biathlon que de cyclisme.","sameAs":["https:\/\/www.facebook.com\/dicodusport","https:\/\/x.com\/https:\/\/twitter.com\/Nico_Jacquemard"],"url":"https:\/\/dicodusport.fr\/blog\/author\/dicodusport\/"}]}},"_links":{"self":[{"href":"https:\/\/dicodusport.fr\/blog\/wp-json\/wp\/v2\/posts\/99692","targetHints":{"allow":["GET"]}}],"collection":[{"href":"https:\/\/dicodusport.fr\/blog\/wp-json\/wp\/v2\/posts"}],"about":[{"href":"https:\/\/dicodusport.fr\/blog\/wp-json\/wp\/v2\/types\/post"}],"author":[{"embeddable":true,"href":"https:\/\/dicodusport.fr\/blog\/wp-json\/wp\/v2\/users\/1"}],"replies":[{"embeddable":true,"href":"https:\/\/dicodusport.fr\/blog\/wp-json\/wp\/v2\/comments?post=99692"}],"version-history":[{"count":0,"href":"https:\/\/dicodusport.fr\/blog\/wp-json\/wp\/v2\/posts\/99692\/revisions"}],"wp:featuredmedia":[{"embeddable":true,"href":"https:\/\/dicodusport.fr\/blog\/wp-json\/wp\/v2\/media\/99695"}],"wp:attachment":[{"href":"https:\/\/dicodusport.fr\/blog\/wp-json\/wp\/v2\/media?parent=99692"}],"wp:term":[{"taxonomy":"category","embeddable":true,"href":"https:\/\/dicodusport.fr\/blog\/wp-json\/wp\/v2\/categories?post=99692"},{"taxonomy":"post_tag","embeddable":true,"href":"https:\/\/dicodusport.fr\/blog\/wp-json\/wp\/v2\/tags?post=99692"}],"curies":[{"name":"wp","href":"https:\/\/api.w.org\/{rel}","templated":true}]}}