{"id":99755,"date":"2021-01-17T14:47:49","date_gmt":"2021-01-17T13:47:49","guid":{"rendered":"https:\/\/dicodusport.fr\/blog\/?p=99755&#038;preview=true&#038;preview_id=99755"},"modified":"2021-01-17T15:01:39","modified_gmt":"2021-01-17T14:01:39","slug":"slalom-de-flachau-alexis-pinturault-sur-podium-sebastian-foss-solevag-s-impose","status":"publish","type":"post","link":"https:\/\/dicodusport.fr\/blog\/slalom-de-flachau-alexis-pinturault-sur-podium-sebastian-foss-solevag-s-impose\/","title":{"rendered":"Slalom de Flachau : Alexis Pinturault sur le podium, Sebastian Foss Solevag s&rsquo;impose"},"content":{"rendered":"<p style=\"text-align: justify;\"><strong><em><a href=\"https:\/\/dicodusport.fr\/blog\/ski-alpin-coupe-du-monde-2020-2021-le-calendrier-complet\/\" target=\"_blank\" rel=\"noopener noreferrer\">SKI ALPIN 2020\/2021<\/a> &#8211; G\u00e9ant lors de la seconde manche, Alexis Pintutault a pris le troisi\u00e8me place du second slalom de Flachau (Autriche). Le Fran\u00e7ais a \u00e9t\u00e9 devanc\u00e9 par un exceptionnel Sebastian Foss Solevag, vainqueur, et l&rsquo;Autrichien Marco Schwarz.<\/em><\/strong><\/p>\n<p style=\"text-align: justify;\">Ce dimanche, le Norv\u00e9gien <strong>Sebastian Foss Solevag<\/strong> a \u00e9t\u00e9 exceptionnel. Vainqueur de sa premi\u00e8re course en Coupe du monde, il a surclass\u00e9 la concurrence sur le second slalom de Flachau (Autriche). Il rel\u00e8gue l&rsquo;Autrichien <strong>Marco Schwarz<\/strong> \u00e0 0.76 centi\u00e8mes, avec le meilleur temps lors des deux manches. Le Grand Chelem en somme.<\/p>\n<p style=\"text-align: justify;\">Troisi\u00e8me, <strong>Alexis Pinturault<\/strong> a lui \u00e9t\u00e9 grand sur le deuxi\u00e8me trac\u00e9 du jour : huiti\u00e8me apr\u00e8s le premier run, le skieur de Courchevel a r\u00e9alis\u00e9 le deuxi\u00e8me temps sur le second, le propulsant sur le podium du jour, son premier sur un slalom depuis plus d&rsquo;un an. Surtout, le natif de Mo\u00fbtiers engrange de pr\u00e9cieux points dans la course au gros globe, lui qui a vu son dauphin, <strong>Aleksander Kilde<\/strong>, <a href=\"https:\/\/dicodusport.fr\/blog\/saison-terminee-pour-aleksander-aamodt-kilde-dauphin-dalexis-pinturault-au-general\/\" target=\"_blank\" rel=\"noopener noreferrer\">mettre un terme \u00e0 sa saison ce samedi<\/a> apr\u00e8s une lourde chute \u00e0 l&rsquo;entra\u00eenement.<\/p>\n<blockquote class=\"twitter-tweet\">\n<p dir=\"ltr\" lang=\"fr\">La victoire pour <a href=\"https:\/\/twitter.com\/hashtag\/Foss?src=hash&amp;ref_src=twsrc%5Etfw\">#Foss<\/a>-Solevaag \u00e0 <a href=\"https:\/\/twitter.com\/hashtag\/Flachau?src=hash&amp;ref_src=twsrc%5Etfw\">#Flachau<\/a> devant <a href=\"https:\/\/twitter.com\/hashtag\/Schwartz?src=hash&amp;ref_src=twsrc%5Etfw\">#Schwartz<\/a> et <a href=\"https:\/\/twitter.com\/AlexPinturault?ref_src=twsrc%5Etfw\">@AlexPinturault<\/a> qui fait son retour sur le podium en slalom. Encore des points pr\u00e9cieux pour le g\u00e9n\u00e9ral de la Coupe du monde&#8230; <a href=\"https:\/\/twitter.com\/Eurosport_FR?ref_src=twsrc%5Etfw\">@Eurosport_FR<\/a> <a href=\"https:\/\/twitter.com\/FX_Rallet?ref_src=twsrc%5Etfw\">@FX_Rallet<\/a> <a href=\"https:\/\/twitter.com\/hashtag\/ChaletClub?src=hash&amp;ref_src=twsrc%5Etfw\">#ChaletClub<\/a> <a href=\"https:\/\/t.co\/enuUyLYtp9\">pic.twitter.com\/enuUyLYtp9<\/a><\/p>\n<p>\u2014 Chalet &#x2744;&#xfe0f; Club (@ChaletClub2021) <a href=\"https:\/\/twitter.com\/ChaletClub2021\/status\/1350802103275577346?ref_src=twsrc%5Etfw\">January 17, 2021<\/a><\/p><\/blockquote>\n<p><script async src=\"https:\/\/platform.twitter.com\/widgets.js\" charset=\"utf-8\"><\/script><\/p>\n<h2 style=\"text-align: justify;\">\u00c0 lire aussi<\/h2>\n<ul>\n<li><a href=\"https:\/\/dicodusport.fr\/blog\/ski-alpin-flachau-classement-deuxieme-slalom-hommes\/\" target=\"_blank\" rel=\"noopener noreferrer\"><strong>Ski alpin \u2013 Flachau : le classement du deuxi\u00e8me slalom hommes<\/strong><\/a><\/li>\n<li><a href=\"https:\/\/dicodusport.fr\/blog\/ski-alpin-coupe-du-monde-2020-2021-le-classement-general-hommes\/\" target=\"_blank\" rel=\"noopener noreferrer\"><strong>Ski alpin \u2013 Coupe du monde 2020\/2021 : le classement g\u00e9n\u00e9ral hommes<\/strong><\/a><\/li>\n<\/ul>\n<p><strong><em>Dicodusport<br \/>\n<a href=\"https:\/\/www.facebook.com\/dicodusport\/\" target=\"_blank\" rel=\"noopener noreferrer\"><img loading=\"lazy\" decoding=\"async\" class=\"alignnone wp-image-2909\" src=\"http:\/\/dicodusport.fr\/blog\/wp-content\/uploads\/2017\/07\/logo-facebook-150x150.png\" alt=\"\" width=\"40\" height=\"40\" \/><\/a><a href=\"https:\/\/twitter.com\/dicodusport\" target=\"_blank\" rel=\"noopener noreferrer\"><img loading=\"lazy\" decoding=\"async\" class=\"alignnone wp-image-2908\" src=\"http:\/\/dicodusport.fr\/blog\/wp-content\/uploads\/2017\/07\/logo-twitter-150x150.png\" alt=\"\" width=\"39\" height=\"39\" \/><\/a><\/em><\/strong><\/p>\n","protected":false},"excerpt":{"rendered":"<p>SKI ALPIN 2020\/2021 &#8211; G\u00e9ant lors de la seconde manche, Alexis Pintutault a pris le troisi\u00e8me place du second slalom de Flachau (Autriche). Le Fran\u00e7ais a \u00e9t\u00e9 devanc\u00e9 par un exceptionnel Sebastian Foss Solevag, vainqueur, et l&rsquo;Autrichien Marco Schwarz.<\/p>\n","protected":false},"author":4,"featured_media":99774,"comment_status":"open","ping_status":"closed","sticky":false,"template":"","format":"standard","meta":{"_acf_changed":false,"_daextam_enable_autolinks":"","footnotes":""},"categories":[9217],"tags":[676,2233],"class_list":["post-99755","post","type-post","status-publish","format-standard","has-post-thumbnail","hentry","category-ski","tag-ski","tag-ski-alpin"],"acf":[],"yoast_head":"<!-- This site is optimized with the Yoast SEO Premium plugin v26.7 (Yoast SEO v26.7) - https:\/\/yoast.com\/wordpress\/plugins\/seo\/ -->\n<title>Slalom de Flachau : Alexis Pinturault sur le podium, Sebastian Foss Solevag s&#039;impose<\/title>\n<meta name=\"description\" content=\"SKI ALPIN 2020\/2021 - G\u00e9ant lors de la seconde manche, Alexis Pintutault a pris le troisi\u00e8me place du second slalom de Flachau (Autriche).\" \/>\n<meta name=\"robots\" content=\"index, follow, max-snippet:-1, max-image-preview:large, max-video-preview:-1\" \/>\n<link rel=\"canonical\" href=\"https:\/\/dicodusport.fr\/blog\/slalom-de-flachau-alexis-pinturault-sur-podium-sebastian-foss-solevag-s-impose\/\" \/>\n<meta property=\"og:locale\" content=\"fr_FR\" \/>\n<meta property=\"og:type\" content=\"article\" \/>\n<meta property=\"og:title\" content=\"Slalom de Flachau : Alexis Pinturault sur le podium, Sebastian Foss Solevag s&#039;impose\" \/>\n<meta property=\"og:description\" content=\"SKI ALPIN 2020\/2021 - G\u00e9ant lors de la seconde manche, Alexis Pintutault a pris le troisi\u00e8me place du second slalom de Flachau (Autriche).\" \/>\n<meta property=\"og:url\" content=\"https:\/\/dicodusport.fr\/blog\/slalom-de-flachau-alexis-pinturault-sur-podium-sebastian-foss-solevag-s-impose\/\" \/>\n<meta property=\"og:site_name\" content=\"Dicodusport\" \/>\n<meta property=\"article:publisher\" content=\"https:\/\/www.facebook.com\/dicodusport\" \/>\n<meta property=\"article:author\" content=\"https:\/\/www.facebook.com\/florent.ostermann\" \/>\n<meta property=\"article:published_time\" content=\"2021-01-17T13:47:49+00:00\" \/>\n<meta property=\"article:modified_time\" content=\"2021-01-17T14:01:39+00:00\" \/>\n<meta property=\"og:image\" content=\"https:\/\/dicodusport.fr\/blog\/wp-content\/uploads\/2021\/01\/Slalom-de-Flachau-Alexis-Pinturault-sur-le-podium-Sebastian-Foss-Solevag-simpose.png\" \/>\n\t<meta property=\"og:image:width\" content=\"800\" \/>\n\t<meta property=\"og:image:height\" content=\"445\" \/>\n\t<meta property=\"og:image:type\" content=\"image\/png\" \/>\n<meta name=\"author\" content=\"Flo Ostermann\" \/>\n<meta name=\"twitter:card\" content=\"summary_large_image\" \/>\n<meta name=\"twitter:title\" content=\"Slalom de Flachau : Alexis Pinturault sur le podium, Sebastian Foss Solevag s&#039;impose\" \/>\n<meta name=\"twitter:creator\" content=\"@https:\/\/twitter.com\/FlOstermann\" \/>\n<meta name=\"twitter:site\" content=\"@dicodusport\" \/>\n<script type=\"application\/ld+json\" class=\"yoast-schema-graph\">{\"@context\":\"https:\/\/schema.org\",\"@graph\":[{\"@type\":\"NewsArticle\",\"@id\":\"https:\/\/dicodusport.fr\/blog\/slalom-de-flachau-alexis-pinturault-sur-podium-sebastian-foss-solevag-s-impose\/#article\",\"isPartOf\":{\"@id\":\"https:\/\/dicodusport.fr\/blog\/slalom-de-flachau-alexis-pinturault-sur-podium-sebastian-foss-solevag-s-impose\/\"},\"author\":{\"name\":\"Flo Ostermann\",\"@id\":\"https:\/\/dicodusport.fr\/blog\/#\/schema\/person\/cb02af4c173ce4a653b55e9baf388d4a\"},\"headline\":\"Slalom de Flachau : Alexis Pinturault sur le podium, Sebastian Foss Solevag s&rsquo;impose\",\"datePublished\":\"2021-01-17T13:47:49+00:00\",\"dateModified\":\"2021-01-17T14:01:39+00:00\",\"mainEntityOfPage\":{\"@id\":\"https:\/\/dicodusport.fr\/blog\/slalom-de-flachau-alexis-pinturault-sur-podium-sebastian-foss-solevag-s-impose\/\"},\"wordCount\":276,\"commentCount\":0,\"publisher\":{\"@id\":\"https:\/\/dicodusport.fr\/blog\/#organization\"},\"image\":{\"@id\":\"https:\/\/dicodusport.fr\/blog\/slalom-de-flachau-alexis-pinturault-sur-podium-sebastian-foss-solevag-s-impose\/#primaryimage\"},\"thumbnailUrl\":\"https:\/\/dicodusport.fr\/blog\/wp-content\/uploads\/2021\/01\/Slalom-de-Flachau-Alexis-Pinturault-sur-le-podium-Sebastian-Foss-Solevag-simpose.png\",\"keywords\":[\"ski\",\"Ski alpin\"],\"articleSection\":[\"Ski\"],\"inLanguage\":\"fr-FR\",\"potentialAction\":[{\"@type\":\"CommentAction\",\"name\":\"Comment\",\"target\":[\"https:\/\/dicodusport.fr\/blog\/slalom-de-flachau-alexis-pinturault-sur-podium-sebastian-foss-solevag-s-impose\/#respond\"]}],\"copyrightYear\":\"2021\",\"copyrightHolder\":{\"@id\":\"https:\/\/dicodusport.fr\/blog\/#organization\"}},{\"@type\":\"WebPage\",\"@id\":\"https:\/\/dicodusport.fr\/blog\/slalom-de-flachau-alexis-pinturault-sur-podium-sebastian-foss-solevag-s-impose\/\",\"url\":\"https:\/\/dicodusport.fr\/blog\/slalom-de-flachau-alexis-pinturault-sur-podium-sebastian-foss-solevag-s-impose\/\",\"name\":\"Slalom de Flachau : Alexis Pinturault sur le podium, Sebastian Foss Solevag s'impose\",\"isPartOf\":{\"@id\":\"https:\/\/dicodusport.fr\/blog\/#website\"},\"primaryImageOfPage\":{\"@id\":\"https:\/\/dicodusport.fr\/blog\/slalom-de-flachau-alexis-pinturault-sur-podium-sebastian-foss-solevag-s-impose\/#primaryimage\"},\"image\":{\"@id\":\"https:\/\/dicodusport.fr\/blog\/slalom-de-flachau-alexis-pinturault-sur-podium-sebastian-foss-solevag-s-impose\/#primaryimage\"},\"thumbnailUrl\":\"https:\/\/dicodusport.fr\/blog\/wp-content\/uploads\/2021\/01\/Slalom-de-Flachau-Alexis-Pinturault-sur-le-podium-Sebastian-Foss-Solevag-simpose.png\",\"datePublished\":\"2021-01-17T13:47:49+00:00\",\"dateModified\":\"2021-01-17T14:01:39+00:00\",\"description\":\"SKI ALPIN 2020\/2021 - G\u00e9ant lors de la seconde manche, Alexis Pintutault a pris le troisi\u00e8me place du second slalom de Flachau (Autriche).\",\"breadcrumb\":{\"@id\":\"https:\/\/dicodusport.fr\/blog\/slalom-de-flachau-alexis-pinturault-sur-podium-sebastian-foss-solevag-s-impose\/#breadcrumb\"},\"inLanguage\":\"fr-FR\",\"potentialAction\":[{\"@type\":\"ReadAction\",\"target\":[\"https:\/\/dicodusport.fr\/blog\/slalom-de-flachau-alexis-pinturault-sur-podium-sebastian-foss-solevag-s-impose\/\"]}]},{\"@type\":\"ImageObject\",\"inLanguage\":\"fr-FR\",\"@id\":\"https:\/\/dicodusport.fr\/blog\/slalom-de-flachau-alexis-pinturault-sur-podium-sebastian-foss-solevag-s-impose\/#primaryimage\",\"url\":\"https:\/\/dicodusport.fr\/blog\/wp-content\/uploads\/2021\/01\/Slalom-de-Flachau-Alexis-Pinturault-sur-le-podium-Sebastian-Foss-Solevag-simpose.png\",\"contentUrl\":\"https:\/\/dicodusport.fr\/blog\/wp-content\/uploads\/2021\/01\/Slalom-de-Flachau-Alexis-Pinturault-sur-le-podium-Sebastian-Foss-Solevag-simpose.png\",\"width\":800,\"height\":445,\"caption\":\"Alexis Pinturault - Joe Klamar \/ AFP\"},{\"@type\":\"BreadcrumbList\",\"@id\":\"https:\/\/dicodusport.fr\/blog\/slalom-de-flachau-alexis-pinturault-sur-podium-sebastian-foss-solevag-s-impose\/#breadcrumb\",\"itemListElement\":[{\"@type\":\"ListItem\",\"position\":1,\"name\":\"Accueil\",\"item\":\"https:\/\/dicodusport.fr\/blog\/\"},{\"@type\":\"ListItem\",\"position\":2,\"name\":\"Slalom de Flachau : Alexis Pinturault sur le podium, Sebastian Foss Solevag s&rsquo;impose\"}]},{\"@type\":\"WebSite\",\"@id\":\"https:\/\/dicodusport.fr\/blog\/#website\",\"url\":\"https:\/\/dicodusport.fr\/blog\/\",\"name\":\"Dicodusport\",\"description\":\"L&#039;encyclop\u00e9die de l&#039;actualit\u00e9 sportive\",\"publisher\":{\"@id\":\"https:\/\/dicodusport.fr\/blog\/#organization\"},\"potentialAction\":[{\"@type\":\"SearchAction\",\"target\":{\"@type\":\"EntryPoint\",\"urlTemplate\":\"https:\/\/dicodusport.fr\/blog\/?s={search_term_string}\"},\"query-input\":{\"@type\":\"PropertyValueSpecification\",\"valueRequired\":true,\"valueName\":\"search_term_string\"}}],\"inLanguage\":\"fr-FR\"},{\"@type\":\"NewsMediaOrganization\",\"@id\":\"https:\/\/dicodusport.fr\/blog\/#organization\",\"name\":\"Dicodusport\",\"url\":\"https:\/\/dicodusport.fr\/blog\/\",\"logo\":{\"@type\":\"ImageObject\",\"inLanguage\":\"fr-FR\",\"@id\":\"https:\/\/dicodusport.fr\/blog\/#\/schema\/logo\/image\/\",\"url\":\"https:\/\/dicodusport.fr\/blog\/wp-content\/uploads\/2020\/06\/cropped-LOGO-DICODUSPORT-2020-SANS-FOND-SANS-TEXTE.png\",\"contentUrl\":\"https:\/\/dicodusport.fr\/blog\/wp-content\/uploads\/2020\/06\/cropped-LOGO-DICODUSPORT-2020-SANS-FOND-SANS-TEXTE.png\",\"width\":512,\"height\":512,\"caption\":\"Dicodusport\"},\"image\":{\"@id\":\"https:\/\/dicodusport.fr\/blog\/#\/schema\/logo\/image\/\"},\"sameAs\":[\"https:\/\/www.facebook.com\/dicodusport\",\"https:\/\/x.com\/dicodusport\",\"https:\/\/www.instagram.com\/dicodusport\/\",\"https:\/\/www.youtube.com\/channel\/UC7V2KZ5sd3htJivAbA4ZG3w\"],\"description\":\"Dicodusport est l'encyclop\u00e9die de l'actualit\u00e9 sportive.\",\"email\":\"bonjour@dicodusport.fr\",\"legalName\":\"DICODUSPORT\",\"foundingDate\":\"2018-01-14\",\"vatID\":\"FR71834470973\",\"taxID\":\"83447097300043\",\"numberOfEmployees\":{\"@type\":\"QuantitativeValue\",\"minValue\":\"1\",\"maxValue\":\"10\"}},{\"@type\":\"Person\",\"@id\":\"https:\/\/dicodusport.fr\/blog\/#\/schema\/person\/cb02af4c173ce4a653b55e9baf388d4a\",\"name\":\"Flo Ostermann\",\"image\":{\"@type\":\"ImageObject\",\"inLanguage\":\"fr-FR\",\"@id\":\"https:\/\/dicodusport.fr\/blog\/#\/schema\/person\/image\/\",\"url\":\"https:\/\/dicodusport.fr\/blog\/wp-content\/uploads\/2021\/05\/Flo-Ostermann-150x150.jpg\",\"contentUrl\":\"https:\/\/dicodusport.fr\/blog\/wp-content\/uploads\/2021\/05\/Flo-Ostermann-150x150.jpg\",\"caption\":\"Flo Ostermann\"},\"description\":\"Journaliste\/R\u00e9dacteur depuis septembre 2015 - Mes premiers souvenirs dans le sport ? Les envol\u00e9es du Stade Toulousain et les duels Villeneuve-Schumacher et H\u00e4kkinen-Schumacher \u00e0 la fin des ann\u00e9es 90, la Coupe du monde de football en 1998, l\u2019exploit du XV de France face aux All Blacks en 1999, mais aussi Richard C\u0153ur de Lion qui vole sur les montagnes du Tour de France. Bien parti pour devenir professeur d\u2019EPS, les \u00e9v\u00e9nements de la vie (et la flemme d\u2019animer des s\u00e9ances de 3x500 m\u00e8tres toute ma vie) m\u2019ont conduit \u00e0 revoir mes plans. Me voil\u00e0 depuis fin 2017 sur Dicodusport, m\u00e9dia gr\u00e2ce (et pour) lequel je partage ma passion : le sport dans tous ses \u00e9tats. Le tout accompagn\u00e9 par les fous furieux et folles furieuses cit\u00e9s sur cette page !\",\"sameAs\":[\"https:\/\/www.facebook.com\/florent.ostermann\",\"https:\/\/x.com\/https:\/\/twitter.com\/FlOstermann\",\"admin\"],\"url\":\"https:\/\/dicodusport.fr\/blog\/author\/flo\/\"}]}<\/script>\n<!-- \/ Yoast SEO Premium plugin. -->","yoast_head_json":{"title":"Slalom de Flachau : Alexis Pinturault sur le podium, Sebastian Foss Solevag s'impose","description":"SKI ALPIN 2020\/2021 - G\u00e9ant lors de la seconde manche, Alexis Pintutault a pris le troisi\u00e8me place du second slalom de Flachau (Autriche).","robots":{"index":"index","follow":"follow","max-snippet":"max-snippet:-1","max-image-preview":"max-image-preview:large","max-video-preview":"max-video-preview:-1"},"canonical":"https:\/\/dicodusport.fr\/blog\/slalom-de-flachau-alexis-pinturault-sur-podium-sebastian-foss-solevag-s-impose\/","og_locale":"fr_FR","og_type":"article","og_title":"Slalom de Flachau : Alexis Pinturault sur le podium, Sebastian Foss Solevag s'impose","og_description":"SKI ALPIN 2020\/2021 - G\u00e9ant lors de la seconde manche, Alexis Pintutault a pris le troisi\u00e8me place du second slalom de Flachau (Autriche).","og_url":"https:\/\/dicodusport.fr\/blog\/slalom-de-flachau-alexis-pinturault-sur-podium-sebastian-foss-solevag-s-impose\/","og_site_name":"Dicodusport","article_publisher":"https:\/\/www.facebook.com\/dicodusport","article_author":"https:\/\/www.facebook.com\/florent.ostermann","article_published_time":"2021-01-17T13:47:49+00:00","article_modified_time":"2021-01-17T14:01:39+00:00","og_image":[{"width":800,"height":445,"url":"https:\/\/dicodusport.fr\/blog\/wp-content\/uploads\/2021\/01\/Slalom-de-Flachau-Alexis-Pinturault-sur-le-podium-Sebastian-Foss-Solevag-simpose.png","type":"image\/png"}],"author":"Flo Ostermann","twitter_card":"summary_large_image","twitter_title":"Slalom de Flachau : Alexis Pinturault sur le podium, Sebastian Foss Solevag s'impose","twitter_creator":"@https:\/\/twitter.com\/FlOstermann","twitter_site":"@dicodusport","schema":{"@context":"https:\/\/schema.org","@graph":[{"@type":"NewsArticle","@id":"https:\/\/dicodusport.fr\/blog\/slalom-de-flachau-alexis-pinturault-sur-podium-sebastian-foss-solevag-s-impose\/#article","isPartOf":{"@id":"https:\/\/dicodusport.fr\/blog\/slalom-de-flachau-alexis-pinturault-sur-podium-sebastian-foss-solevag-s-impose\/"},"author":{"name":"Flo Ostermann","@id":"https:\/\/dicodusport.fr\/blog\/#\/schema\/person\/cb02af4c173ce4a653b55e9baf388d4a"},"headline":"Slalom de Flachau : Alexis Pinturault sur le podium, Sebastian Foss Solevag s&rsquo;impose","datePublished":"2021-01-17T13:47:49+00:00","dateModified":"2021-01-17T14:01:39+00:00","mainEntityOfPage":{"@id":"https:\/\/dicodusport.fr\/blog\/slalom-de-flachau-alexis-pinturault-sur-podium-sebastian-foss-solevag-s-impose\/"},"wordCount":276,"commentCount":0,"publisher":{"@id":"https:\/\/dicodusport.fr\/blog\/#organization"},"image":{"@id":"https:\/\/dicodusport.fr\/blog\/slalom-de-flachau-alexis-pinturault-sur-podium-sebastian-foss-solevag-s-impose\/#primaryimage"},"thumbnailUrl":"https:\/\/dicodusport.fr\/blog\/wp-content\/uploads\/2021\/01\/Slalom-de-Flachau-Alexis-Pinturault-sur-le-podium-Sebastian-Foss-Solevag-simpose.png","keywords":["ski","Ski alpin"],"articleSection":["Ski"],"inLanguage":"fr-FR","potentialAction":[{"@type":"CommentAction","name":"Comment","target":["https:\/\/dicodusport.fr\/blog\/slalom-de-flachau-alexis-pinturault-sur-podium-sebastian-foss-solevag-s-impose\/#respond"]}],"copyrightYear":"2021","copyrightHolder":{"@id":"https:\/\/dicodusport.fr\/blog\/#organization"}},{"@type":"WebPage","@id":"https:\/\/dicodusport.fr\/blog\/slalom-de-flachau-alexis-pinturault-sur-podium-sebastian-foss-solevag-s-impose\/","url":"https:\/\/dicodusport.fr\/blog\/slalom-de-flachau-alexis-pinturault-sur-podium-sebastian-foss-solevag-s-impose\/","name":"Slalom de Flachau : Alexis Pinturault sur le podium, Sebastian Foss Solevag s'impose","isPartOf":{"@id":"https:\/\/dicodusport.fr\/blog\/#website"},"primaryImageOfPage":{"@id":"https:\/\/dicodusport.fr\/blog\/slalom-de-flachau-alexis-pinturault-sur-podium-sebastian-foss-solevag-s-impose\/#primaryimage"},"image":{"@id":"https:\/\/dicodusport.fr\/blog\/slalom-de-flachau-alexis-pinturault-sur-podium-sebastian-foss-solevag-s-impose\/#primaryimage"},"thumbnailUrl":"https:\/\/dicodusport.fr\/blog\/wp-content\/uploads\/2021\/01\/Slalom-de-Flachau-Alexis-Pinturault-sur-le-podium-Sebastian-Foss-Solevag-simpose.png","datePublished":"2021-01-17T13:47:49+00:00","dateModified":"2021-01-17T14:01:39+00:00","description":"SKI ALPIN 2020\/2021 - G\u00e9ant lors de la seconde manche, Alexis Pintutault a pris le troisi\u00e8me place du second slalom de Flachau (Autriche).","breadcrumb":{"@id":"https:\/\/dicodusport.fr\/blog\/slalom-de-flachau-alexis-pinturault-sur-podium-sebastian-foss-solevag-s-impose\/#breadcrumb"},"inLanguage":"fr-FR","potentialAction":[{"@type":"ReadAction","target":["https:\/\/dicodusport.fr\/blog\/slalom-de-flachau-alexis-pinturault-sur-podium-sebastian-foss-solevag-s-impose\/"]}]},{"@type":"ImageObject","inLanguage":"fr-FR","@id":"https:\/\/dicodusport.fr\/blog\/slalom-de-flachau-alexis-pinturault-sur-podium-sebastian-foss-solevag-s-impose\/#primaryimage","url":"https:\/\/dicodusport.fr\/blog\/wp-content\/uploads\/2021\/01\/Slalom-de-Flachau-Alexis-Pinturault-sur-le-podium-Sebastian-Foss-Solevag-simpose.png","contentUrl":"https:\/\/dicodusport.fr\/blog\/wp-content\/uploads\/2021\/01\/Slalom-de-Flachau-Alexis-Pinturault-sur-le-podium-Sebastian-Foss-Solevag-simpose.png","width":800,"height":445,"caption":"Alexis Pinturault - Joe Klamar \/ AFP"},{"@type":"BreadcrumbList","@id":"https:\/\/dicodusport.fr\/blog\/slalom-de-flachau-alexis-pinturault-sur-podium-sebastian-foss-solevag-s-impose\/#breadcrumb","itemListElement":[{"@type":"ListItem","position":1,"name":"Accueil","item":"https:\/\/dicodusport.fr\/blog\/"},{"@type":"ListItem","position":2,"name":"Slalom de Flachau : Alexis Pinturault sur le podium, Sebastian Foss Solevag s&rsquo;impose"}]},{"@type":"WebSite","@id":"https:\/\/dicodusport.fr\/blog\/#website","url":"https:\/\/dicodusport.fr\/blog\/","name":"Dicodusport","description":"L&#039;encyclop\u00e9die de l&#039;actualit\u00e9 sportive","publisher":{"@id":"https:\/\/dicodusport.fr\/blog\/#organization"},"potentialAction":[{"@type":"SearchAction","target":{"@type":"EntryPoint","urlTemplate":"https:\/\/dicodusport.fr\/blog\/?s={search_term_string}"},"query-input":{"@type":"PropertyValueSpecification","valueRequired":true,"valueName":"search_term_string"}}],"inLanguage":"fr-FR"},{"@type":"NewsMediaOrganization","@id":"https:\/\/dicodusport.fr\/blog\/#organization","name":"Dicodusport","url":"https:\/\/dicodusport.fr\/blog\/","logo":{"@type":"ImageObject","inLanguage":"fr-FR","@id":"https:\/\/dicodusport.fr\/blog\/#\/schema\/logo\/image\/","url":"https:\/\/dicodusport.fr\/blog\/wp-content\/uploads\/2020\/06\/cropped-LOGO-DICODUSPORT-2020-SANS-FOND-SANS-TEXTE.png","contentUrl":"https:\/\/dicodusport.fr\/blog\/wp-content\/uploads\/2020\/06\/cropped-LOGO-DICODUSPORT-2020-SANS-FOND-SANS-TEXTE.png","width":512,"height":512,"caption":"Dicodusport"},"image":{"@id":"https:\/\/dicodusport.fr\/blog\/#\/schema\/logo\/image\/"},"sameAs":["https:\/\/www.facebook.com\/dicodusport","https:\/\/x.com\/dicodusport","https:\/\/www.instagram.com\/dicodusport\/","https:\/\/www.youtube.com\/channel\/UC7V2KZ5sd3htJivAbA4ZG3w"],"description":"Dicodusport est l'encyclop\u00e9die de l'actualit\u00e9 sportive.","email":"bonjour@dicodusport.fr","legalName":"DICODUSPORT","foundingDate":"2018-01-14","vatID":"FR71834470973","taxID":"83447097300043","numberOfEmployees":{"@type":"QuantitativeValue","minValue":"1","maxValue":"10"}},{"@type":"Person","@id":"https:\/\/dicodusport.fr\/blog\/#\/schema\/person\/cb02af4c173ce4a653b55e9baf388d4a","name":"Flo Ostermann","image":{"@type":"ImageObject","inLanguage":"fr-FR","@id":"https:\/\/dicodusport.fr\/blog\/#\/schema\/person\/image\/","url":"https:\/\/dicodusport.fr\/blog\/wp-content\/uploads\/2021\/05\/Flo-Ostermann-150x150.jpg","contentUrl":"https:\/\/dicodusport.fr\/blog\/wp-content\/uploads\/2021\/05\/Flo-Ostermann-150x150.jpg","caption":"Flo Ostermann"},"description":"Journaliste\/R\u00e9dacteur depuis septembre 2015 - Mes premiers souvenirs dans le sport ? Les envol\u00e9es du Stade Toulousain et les duels Villeneuve-Schumacher et H\u00e4kkinen-Schumacher \u00e0 la fin des ann\u00e9es 90, la Coupe du monde de football en 1998, l\u2019exploit du XV de France face aux All Blacks en 1999, mais aussi Richard C\u0153ur de Lion qui vole sur les montagnes du Tour de France. Bien parti pour devenir professeur d\u2019EPS, les \u00e9v\u00e9nements de la vie (et la flemme d\u2019animer des s\u00e9ances de 3x500 m\u00e8tres toute ma vie) m\u2019ont conduit \u00e0 revoir mes plans. Me voil\u00e0 depuis fin 2017 sur Dicodusport, m\u00e9dia gr\u00e2ce (et pour) lequel je partage ma passion : le sport dans tous ses \u00e9tats. Le tout accompagn\u00e9 par les fous furieux et folles furieuses cit\u00e9s sur cette page !","sameAs":["https:\/\/www.facebook.com\/florent.ostermann","https:\/\/x.com\/https:\/\/twitter.com\/FlOstermann","admin"],"url":"https:\/\/dicodusport.fr\/blog\/author\/flo\/"}]}},"_links":{"self":[{"href":"https:\/\/dicodusport.fr\/blog\/wp-json\/wp\/v2\/posts\/99755","targetHints":{"allow":["GET"]}}],"collection":[{"href":"https:\/\/dicodusport.fr\/blog\/wp-json\/wp\/v2\/posts"}],"about":[{"href":"https:\/\/dicodusport.fr\/blog\/wp-json\/wp\/v2\/types\/post"}],"author":[{"embeddable":true,"href":"https:\/\/dicodusport.fr\/blog\/wp-json\/wp\/v2\/users\/4"}],"replies":[{"embeddable":true,"href":"https:\/\/dicodusport.fr\/blog\/wp-json\/wp\/v2\/comments?post=99755"}],"version-history":[{"count":0,"href":"https:\/\/dicodusport.fr\/blog\/wp-json\/wp\/v2\/posts\/99755\/revisions"}],"wp:featuredmedia":[{"embeddable":true,"href":"https:\/\/dicodusport.fr\/blog\/wp-json\/wp\/v2\/media\/99774"}],"wp:attachment":[{"href":"https:\/\/dicodusport.fr\/blog\/wp-json\/wp\/v2\/media?parent=99755"}],"wp:term":[{"taxonomy":"category","embeddable":true,"href":"https:\/\/dicodusport.fr\/blog\/wp-json\/wp\/v2\/categories?post=99755"},{"taxonomy":"post_tag","embeddable":true,"href":"https:\/\/dicodusport.fr\/blog\/wp-json\/wp\/v2\/tags?post=99755"}],"curies":[{"name":"wp","href":"https:\/\/api.w.org\/{rel}","templated":true}]}}